{"id":10007,"date":"2022-10-18T23:28:59","date_gmt":"2022-10-18T23:28:59","guid":{"rendered":"https:\/\/reflejodemichoacan.com\/?p=10007"},"modified":"2022-10-18T23:29:04","modified_gmt":"2022-10-18T23:29:04","slug":"75-legislatura-refrenda-su-compromiso-con-el-combate-a-la-inseguridad-julieta-garcia","status":"publish","type":"post","link":"https:\/\/reflejodemichoacan.com\/index.php\/2022\/10\/18\/75-legislatura-refrenda-su-compromiso-con-el-combate-a-la-inseguridad-julieta-garcia\/","title":{"rendered":"75 Legislatura refrenda su compromiso con el combate a la inseguridad: Julieta Garc\u00eda"},"content":{"rendered":"\n<p>*Congreso del Estado, fundamental en la creaci\u00f3n y el arranque del Fortapaz en Michoac\u00e1n, afirm\u00f3 la diputada presidenta\u00a0<br>Morelia, Michoac\u00e1n, a 18 de octubre del 2022.- La 75 Legislatura de Michoac\u00e1n refrend\u00f3 su compromiso con la lucha contra la inseguridad en Michoac\u00e1n, impulsando las acciones y programas necesarios, como el Fortapaz, aprobado por el Congreso del Estado y desplegado por el Ejecutivo, asent\u00f3 la diputada presidenta de la Mesa Directiva, Julieta Garc\u00eda Zepeda.<br>Al asistir a la primera entrega de patrullas y equipo a municipios beneficiados con el Fortapaz, la legisladora manifest\u00f3 que el fortalecimiento de las policias municipales es fundamental para la seguridad p\u00fablica en Michoac\u00e1n.<br>Este programa, dijo, dotar\u00e1 de equipamiento, patrullas, capacitacion y recursos a las Polic\u00edas Municipales, a la Polic\u00eda Auxiliar y a la Guardia Civil, en beneficio de las y los michoacanos.<br>Record\u00f3 entonces que fue la 75 Legislatura, la que aprob\u00f3 en el Presupuesto 2022 la creaci\u00f3n de este programa que hoy comienza a rendir frutos, el cual es, adem\u00e1s, \u00fanico a nivel nacional.<br>Agreg\u00f3 que, en una primera etapa, se distribuyeron 162.9 millones de pesos en patrullas, uniformes, prendas de protecci\u00f3n, chalecos t\u00e1cticos, equipo de tecnolog\u00eda y de gimnasio, muebles de oficina, servicios e infraestructura entre otros.<br>La presidenta del Poder Legislativo inform\u00f3 que, en una segunda etapa programada para el 17 de noviembre, ser\u00e1n 253.6 millones de pesos los que se repartir\u00e1n a los municipios en un proyecto C5i (Red de Telecomunicaciones y Monitoreo), patrullas, uniformes y complementos, prendas de protecci\u00f3n y equipo t\u00e1ctico, por mencionar algunos.<br>Julieta Garc\u00eda se dijo orgullosa del trabajo que se puede lograr en equipo, entre el Ejecutivo y el Legislativo, adem\u00e1s de la suma de las y los presidentes municipales que han firmado el convenio y han recibido de buena forma este nuevo programa , agreg\u00f3.<br>En ese sentido, finalmente coment\u00f3 que habr\u00e1 una tercera etapa, en donde se entregar\u00e1n recursos por el orden de los 282.8 millones de pesos para equipo, servicios, uniformes, muebles, accesorios m\u00e9dicos, mismos que ser\u00e1n entregados a las demarcaciones que participan en el Fortapaz.<br>En el acto, tambi\u00e9n estuvieron presentes la diputada Margarita L\u00f3pez P\u00e9rez, presidenta de la Comisi\u00f3n de Seguridad P\u00fablica y Protecci\u00f3n Civil; el diputado Roberto Reyes Cosari y la legisladora Er\u00e9ndira Isauro Hern\u00e1ndez, quienes coincidieron en la importancia de fortalecer, capacitar y equipar a las diferentes instituciones policiacas de la entidad.<\/p>\n","protected":false},"excerpt":{"rendered":"<p>*Congreso del Estado, fundamental en la creaci\u00f3n y el arranque del Fortapaz en Michoac\u00e1n, afirm\u00f3 la diputada presidenta\u00a0Morelia, Michoac\u00e1n, a 18 de octubre del 2022.- La 75 Legislatura de Michoac\u00e1n refrend\u00f3 su compromiso con la lucha contra la inseguridad en Michoac\u00e1n, impulsando las acciones y programas necesarios, como el Fortapaz, aprobado por el Congreso del [&hellip;]<\/p>\n","protected":false},"author":1,"featured_media":10008,"comment_status":"open","ping_status":"closed","sticky":false,"template":"","format":"standard","meta":[],"categories":[1],"tags":[],"yoast_head":"<!-- This site is optimized with the Yoast SEO plugin v17.9 - https:\/\/yoast.com\/wordpress\/plugins\/seo\/ -->\n<title>75 Legislatura refrenda su compromiso con el combate a la inseguridad: Julieta Garc\u00eda - Reflejo de Michoac\u00e1n<\/title>\n<meta name=\"robots\" content=\"index, follow, max-snippet:-1, max-image-preview:large, max-video-preview:-1\" \/>\n<link rel=\"canonical\" href=\"https:\/\/reflejodemichoacan.com\/index.php\/2022\/10\/18\/75-legislatura-refrenda-su-compromiso-con-el-combate-a-la-inseguridad-julieta-garcia\/\" \/>\n<meta property=\"og:locale\" content=\"es_MX\" \/>\n<meta property=\"og:type\" content=\"article\" \/>\n<meta property=\"og:title\" content=\"75 Legislatura refrenda su compromiso con el combate a la inseguridad: Julieta Garc\u00eda - Reflejo de Michoac\u00e1n\" \/>\n<meta property=\"og:description\" content=\"*Congreso del Estado, fundamental en la creaci\u00f3n y el arranque del Fortapaz en Michoac\u00e1n, afirm\u00f3 la diputada presidenta\u00a0Morelia, Michoac\u00e1n, a 18 de octubre del 2022.- La 75 Legislatura de Michoac\u00e1n refrend\u00f3 su compromiso con la lucha contra la inseguridad en Michoac\u00e1n, impulsando las acciones y programas necesarios, como el Fortapaz, aprobado por el Congreso del [&hellip;]\" \/>\n<meta property=\"og:url\" content=\"https:\/\/reflejodemichoacan.com\/index.php\/2022\/10\/18\/75-legislatura-refrenda-su-compromiso-con-el-combate-a-la-inseguridad-julieta-garcia\/\" \/>\n<meta property=\"og:site_name\" content=\"Reflejo de Michoac\u00e1n\" \/>\n<meta property=\"article:published_time\" content=\"2022-10-18T23:28:59+00:00\" \/>\n<meta property=\"article:modified_time\" content=\"2022-10-18T23:29:04+00:00\" \/>\n<meta property=\"og:image\" content=\"https:\/\/reflejodemichoacan.com\/wp-content\/uploads\/2022\/10\/julieta.jpg\" \/>\n\t<meta property=\"og:image:width\" content=\"1600\" \/>\n\t<meta property=\"og:image:height\" content=\"900\" \/>\n\t<meta property=\"og:image:type\" content=\"image\/jpeg\" \/>\n<meta name=\"twitter:card\" content=\"summary_large_image\" \/>\n<meta name=\"twitter:label1\" content=\"Escrito por\" \/>\n\t<meta name=\"twitter:data1\" content=\"Aurora\" \/>\n\t<meta name=\"twitter:label2\" content=\"Tiempo de lectura\" \/>\n\t<meta name=\"twitter:data2\" content=\"2 minutos\" \/>\n<script type=\"application\/ld+json\" class=\"yoast-schema-graph\">{\"@context\":\"https:\/\/schema.org\",\"@graph\":[{\"@type\":\"WebSite\",\"@id\":\"https:\/\/reflejodemichoacan.com\/#website\",\"url\":\"https:\/\/reflejodemichoacan.com\/\",\"name\":\"Reflejo de Michoac\\u00e1n\",\"description\":\"Medio de comunicaci\\u00f3n impreso y digital al servicio de la regi\\u00f3n lacustre y Michoac\\u00e1n.\",\"potentialAction\":[{\"@type\":\"SearchAction\",\"target\":{\"@type\":\"EntryPoint\",\"urlTemplate\":\"https:\/\/reflejodemichoacan.com\/?s={search_term_string}\"},\"query-input\":\"required name=search_term_string\"}],\"inLanguage\":\"es-MX\"},{\"@type\":\"ImageObject\",\"@id\":\"https:\/\/reflejodemichoacan.com\/index.php\/2022\/10\/18\/75-legislatura-refrenda-su-compromiso-con-el-combate-a-la-inseguridad-julieta-garcia\/#primaryimage\",\"inLanguage\":\"es-MX\",\"url\":\"https:\/\/reflejodemichoacan.com\/wp-content\/uploads\/2022\/10\/julieta.jpg\",\"contentUrl\":\"https:\/\/reflejodemichoacan.com\/wp-content\/uploads\/2022\/10\/julieta.jpg\",\"width\":1600,\"height\":900},{\"@type\":\"WebPage\",\"@id\":\"https:\/\/reflejodemichoacan.com\/index.php\/2022\/10\/18\/75-legislatura-refrenda-su-compromiso-con-el-combate-a-la-inseguridad-julieta-garcia\/#webpage\",\"url\":\"https:\/\/reflejodemichoacan.com\/index.php\/2022\/10\/18\/75-legislatura-refrenda-su-compromiso-con-el-combate-a-la-inseguridad-julieta-garcia\/\",\"name\":\"75 Legislatura refrenda su compromiso con el combate a la inseguridad: Julieta Garc\\u00eda - Reflejo de Michoac\\u00e1n\",\"isPartOf\":{\"@id\":\"https:\/\/reflejodemichoacan.com\/#website\"},\"primaryImageOfPage\":{\"@id\":\"https:\/\/reflejodemichoacan.com\/index.php\/2022\/10\/18\/75-legislatura-refrenda-su-compromiso-con-el-combate-a-la-inseguridad-julieta-garcia\/#primaryimage\"},\"datePublished\":\"2022-10-18T23:28:59+00:00\",\"dateModified\":\"2022-10-18T23:29:04+00:00\",\"author\":{\"@id\":\"https:\/\/reflejodemichoacan.com\/#\/schema\/person\/72d921e8fe99bd6e2e39bcde8995046f\"},\"breadcrumb\":{\"@id\":\"https:\/\/reflejodemichoacan.com\/index.php\/2022\/10\/18\/75-legislatura-refrenda-su-compromiso-con-el-combate-a-la-inseguridad-julieta-garcia\/#breadcrumb\"},\"inLanguage\":\"es-MX\",\"potentialAction\":[{\"@type\":\"ReadAction\",\"target\":[\"https:\/\/reflejodemichoacan.com\/index.php\/2022\/10\/18\/75-legislatura-refrenda-su-compromiso-con-el-combate-a-la-inseguridad-julieta-garcia\/\"]}]},{\"@type\":\"BreadcrumbList\",\"@id\":\"https:\/\/reflejodemichoacan.com\/index.php\/2022\/10\/18\/75-legislatura-refrenda-su-compromiso-con-el-combate-a-la-inseguridad-julieta-garcia\/#breadcrumb\",\"itemListElement\":[{\"@type\":\"ListItem\",\"position\":1,\"name\":\"Inicio\",\"item\":\"https:\/\/reflejodemichoacan.com\/\"},{\"@type\":\"ListItem\",\"position\":2,\"name\":\"75 Legislatura refrenda su compromiso con el combate a la inseguridad: Julieta Garc\\u00eda\"}]},{\"@type\":\"Person\",\"@id\":\"https:\/\/reflejodemichoacan.com\/#\/schema\/person\/72d921e8fe99bd6e2e39bcde8995046f\",\"name\":\"Aurora\",\"image\":{\"@type\":\"ImageObject\",\"@id\":\"https:\/\/reflejodemichoacan.com\/#personlogo\",\"inLanguage\":\"es-MX\",\"url\":\"https:\/\/secure.gravatar.com\/avatar\/df5ceb9b998be27b25dd258a6b4b0a95?s=96&d=mm&r=g\",\"contentUrl\":\"https:\/\/secure.gravatar.com\/avatar\/df5ceb9b998be27b25dd258a6b4b0a95?s=96&d=mm&r=g\",\"caption\":\"Aurora\"},\"sameAs\":[\"http:\/\/reflejodemichoacan.com\"],\"url\":\"https:\/\/reflejodemichoacan.com\/index.php\/author\/rixwm7qvsq\/\"}]}<\/script>\n<!-- \/ Yoast SEO plugin. -->","yoast_head_json":{"title":"75 Legislatura refrenda su compromiso con el combate a la inseguridad: Julieta Garc\u00eda - Reflejo de Michoac\u00e1n","robots":{"index":"index","follow":"follow","max-snippet":"max-snippet:-1","max-image-preview":"max-image-preview:large","max-video-preview":"max-video-preview:-1"},"canonical":"https:\/\/reflejodemichoacan.com\/index.php\/2022\/10\/18\/75-legislatura-refrenda-su-compromiso-con-el-combate-a-la-inseguridad-julieta-garcia\/","og_locale":"es_MX","og_type":"article","og_title":"75 Legislatura refrenda su compromiso con el combate a la inseguridad: Julieta Garc\u00eda - Reflejo de Michoac\u00e1n","og_description":"*Congreso del Estado, fundamental en la creaci\u00f3n y el arranque del Fortapaz en Michoac\u00e1n, afirm\u00f3 la diputada presidenta\u00a0Morelia, Michoac\u00e1n, a 18 de octubre del 2022.- La 75 Legislatura de Michoac\u00e1n refrend\u00f3 su compromiso con la lucha contra la inseguridad en Michoac\u00e1n, impulsando las acciones y programas necesarios, como el Fortapaz, aprobado por el Congreso del [&hellip;]","og_url":"https:\/\/reflejodemichoacan.com\/index.php\/2022\/10\/18\/75-legislatura-refrenda-su-compromiso-con-el-combate-a-la-inseguridad-julieta-garcia\/","og_site_name":"Reflejo de Michoac\u00e1n","article_published_time":"2022-10-18T23:28:59+00:00","article_modified_time":"2022-10-18T23:29:04+00:00","og_image":[{"width":1600,"height":900,"url":"https:\/\/reflejodemichoacan.com\/wp-content\/uploads\/2022\/10\/julieta.jpg","type":"image\/jpeg"}],"twitter_card":"summary_large_image","twitter_misc":{"Escrito por":"Aurora","Tiempo de lectura":"2 minutos"},"schema":{"@context":"https:\/\/schema.org","@graph":[{"@type":"WebSite","@id":"https:\/\/reflejodemichoacan.com\/#website","url":"https:\/\/reflejodemichoacan.com\/","name":"Reflejo de Michoac\u00e1n","description":"Medio de comunicaci\u00f3n impreso y digital al servicio de la regi\u00f3n lacustre y Michoac\u00e1n.","potentialAction":[{"@type":"SearchAction","target":{"@type":"EntryPoint","urlTemplate":"https:\/\/reflejodemichoacan.com\/?s={search_term_string}"},"query-input":"required name=search_term_string"}],"inLanguage":"es-MX"},{"@type":"ImageObject","@id":"https:\/\/reflejodemichoacan.com\/index.php\/2022\/10\/18\/75-legislatura-refrenda-su-compromiso-con-el-combate-a-la-inseguridad-julieta-garcia\/#primaryimage","inLanguage":"es-MX","url":"https:\/\/reflejodemichoacan.com\/wp-content\/uploads\/2022\/10\/julieta.jpg","contentUrl":"https:\/\/reflejodemichoacan.com\/wp-content\/uploads\/2022\/10\/julieta.jpg","width":1600,"height":900},{"@type":"WebPage","@id":"https:\/\/reflejodemichoacan.com\/index.php\/2022\/10\/18\/75-legislatura-refrenda-su-compromiso-con-el-combate-a-la-inseguridad-julieta-garcia\/#webpage","url":"https:\/\/reflejodemichoacan.com\/index.php\/2022\/10\/18\/75-legislatura-refrenda-su-compromiso-con-el-combate-a-la-inseguridad-julieta-garcia\/","name":"75 Legislatura refrenda su compromiso con el combate a la inseguridad: Julieta Garc\u00eda - Reflejo de Michoac\u00e1n","isPartOf":{"@id":"https:\/\/reflejodemichoacan.com\/#website"},"primaryImageOfPage":{"@id":"https:\/\/reflejodemichoacan.com\/index.php\/2022\/10\/18\/75-legislatura-refrenda-su-compromiso-con-el-combate-a-la-inseguridad-julieta-garcia\/#primaryimage"},"datePublished":"2022-10-18T23:28:59+00:00","dateModified":"2022-10-18T23:29:04+00:00","author":{"@id":"https:\/\/reflejodemichoacan.com\/#\/schema\/person\/72d921e8fe99bd6e2e39bcde8995046f"},"breadcrumb":{"@id":"https:\/\/reflejodemichoacan.com\/index.php\/2022\/10\/18\/75-legislatura-refrenda-su-compromiso-con-el-combate-a-la-inseguridad-julieta-garcia\/#breadcrumb"},"inLanguage":"es-MX","potentialAction":[{"@type":"ReadAction","target":["https:\/\/reflejodemichoacan.com\/index.php\/2022\/10\/18\/75-legislatura-refrenda-su-compromiso-con-el-combate-a-la-inseguridad-julieta-garcia\/"]}]},{"@type":"BreadcrumbList","@id":"https:\/\/reflejodemichoacan.com\/index.php\/2022\/10\/18\/75-legislatura-refrenda-su-compromiso-con-el-combate-a-la-inseguridad-julieta-garcia\/#breadcrumb","itemListElement":[{"@type":"ListItem","position":1,"name":"Inicio","item":"https:\/\/reflejodemichoacan.com\/"},{"@type":"ListItem","position":2,"name":"75 Legislatura refrenda su compromiso con el combate a la inseguridad: Julieta Garc\u00eda"}]},{"@type":"Person","@id":"https:\/\/reflejodemichoacan.com\/#\/schema\/person\/72d921e8fe99bd6e2e39bcde8995046f","name":"Aurora","image":{"@type":"ImageObject","@id":"https:\/\/reflejodemichoacan.com\/#personlogo","inLanguage":"es-MX","url":"https:\/\/secure.gravatar.com\/avatar\/df5ceb9b998be27b25dd258a6b4b0a95?s=96&d=mm&r=g","contentUrl":"https:\/\/secure.gravatar.com\/avatar\/df5ceb9b998be27b25dd258a6b4b0a95?s=96&d=mm&r=g","caption":"Aurora"},"sameAs":["http:\/\/reflejodemichoacan.com"],"url":"https:\/\/reflejodemichoacan.com\/index.php\/author\/rixwm7qvsq\/"}]}},"_links":{"self":[{"href":"https:\/\/reflejodemichoacan.com\/index.php\/wp-json\/wp\/v2\/posts\/10007"}],"collection":[{"href":"https:\/\/reflejodemichoacan.com\/index.php\/wp-json\/wp\/v2\/posts"}],"about":[{"href":"https:\/\/reflejodemichoacan.com\/index.php\/wp-json\/wp\/v2\/types\/post"}],"author":[{"embeddable":true,"href":"https:\/\/reflejodemichoacan.com\/index.php\/wp-json\/wp\/v2\/users\/1"}],"replies":[{"embeddable":true,"href":"https:\/\/reflejodemichoacan.com\/index.php\/wp-json\/wp\/v2\/comments?post=10007"}],"version-history":[{"count":1,"href":"https:\/\/reflejodemichoacan.com\/index.php\/wp-json\/wp\/v2\/posts\/10007\/revisions"}],"predecessor-version":[{"id":10009,"href":"https:\/\/reflejodemichoacan.com\/index.php\/wp-json\/wp\/v2\/posts\/10007\/revisions\/10009"}],"wp:featuredmedia":[{"embeddable":true,"href":"https:\/\/reflejodemichoacan.com\/index.php\/wp-json\/wp\/v2\/media\/10008"}],"wp:attachment":[{"href":"https:\/\/reflejodemichoacan.com\/index.php\/wp-json\/wp\/v2\/media?parent=10007"}],"wp:term":[{"taxonomy":"category","embeddable":true,"href":"https:\/\/reflejodemichoacan.com\/index.php\/wp-json\/wp\/v2\/categories?post=10007"},{"taxonomy":"post_tag","embeddable":true,"href":"https:\/\/reflejodemichoacan.com\/index.php\/wp-json\/wp\/v2\/tags?post=10007"}],"curies":[{"name":"wp","href":"https:\/\/api.w.org\/{rel}","templated":true}]}}