{"id":10023,"date":"2022-10-19T22:21:05","date_gmt":"2022-10-19T22:21:05","guid":{"rendered":"https:\/\/reflejodemichoacan.com\/?p=10023"},"modified":"2022-10-19T22:21:08","modified_gmt":"2022-10-19T22:21:08","slug":"contra-el-tren-maya-de-obrador","status":"publish","type":"post","link":"https:\/\/reflejodemichoacan.com\/index.php\/2022\/10\/19\/contra-el-tren-maya-de-obrador\/","title":{"rendered":"Contra el Tren Maya de Obrador"},"content":{"rendered":"\n<p>Fidel Rodr\u00edguez Ramos<\/p>\n\n\n\n<p>&nbsp;&nbsp;&nbsp; M\u00faltiples obst\u00e1culos ha encontrado la construcci\u00f3n del llamado tren maya del sureste, ecologistas, arque\u00f3logos, ambientalistas, hoteleros hicieron hasta lo imposible para que ese sistema de transporte no se materializara, y hoy el Presidente de M\u00e9xico anuncia que un tramo en la pen\u00ednsula yucateca no se construir\u00e1, el que ir\u00eda de Xpujil a Chetumal, sin embargo, pese a ello m\u00faltiples comunidades tendr\u00e1n acceso al mismo, habr\u00e1 un desarrollo econ\u00f3mico gracias al turismo nacional e internacional deseoso de conocer un legado natural, arquitect\u00f3nico maravilloso presente en Palenque, Chich\u00e9n Itz\u00e1, Uxmal, Tulum, Esc\u00e1rcega.<\/p>\n\n\n\n<p>&nbsp;&nbsp; Hubo una fuerte protesta, pues se alegaba la destrucci\u00f3n de m\u00faltiples ciudades, templos, edificios construidos antes de que llegaran los espa\u00f1oles en 1519, el tren los arruinar\u00eda, desafortunadamente en casi todo el territorio nacional hay esos vestigios ocultos a\u00fan, por sobre ellos atraviesan autopistas, sistemas ferroviarios, encima se construyen edificios modernos, negocios, oficinas. Los ecologistas alegaban la posibilidad de arruinar un delicado sistema ambiental, selvas, r\u00edos submarinos. Olvidando que el deterioro, contaminaci\u00f3n, destrucci\u00f3n de manglares, arrecifes es inocultable en toda esa \u00e1rea fabulosa.<\/p>\n\n\n\n<p>\u00a0\u00a0\u00a0 Lo econ\u00f3mico se olvida, importa m\u00e1s salvar la naturaleza, Obrador desea impulsar lo primero, crear empleos, alternativas en nuestro pa\u00eds que poco a poco va mostrando una creciente miseria, y claro es dif\u00edcil armonizar nuestra relaci\u00f3n con un entorno fr\u00e1gil, delicado. Ese escenario quiz\u00e1s no lo conocer\u00edamos, si hubi\u00e9semos tenido el coraje de defender todo un sistema ferroviario que nacionalizar\u00e1 L\u00e1zaro C\u00e1rdenas del R\u00edo, que un\u00eda a todo el pa\u00eds, nadie o muy pocos protestamos cuando el expresidente Ernesto Zedillo, absurdamente entrega veinte mil kil\u00f3metros de v\u00edas ferroviarias, privatiza, regala a empresarios nacionales y extranjeros (Kansas City Southern Industries-Mexican Pacific Tel Mex Railway) un medio de transporte estrat\u00e9gico, importante para generar riqueza. Los nuevos \u201cdue\u00f1os\u201d durante cien a\u00f1os aprovecharan las rutas, las conexiones que ten\u00edamos con los Estados Unidos de Am\u00e9rica para mover sus productos, minerales, contenedores. Estaciones, bodegas, rutas tienen en el Golfo de M\u00e9xico, en el Pac\u00edfico los que se beneficiaron con la p\u00e9sima administraci\u00f3n de priistas y panistas, a ellos se les entrega un recurso, propiedad nacional por una bicoca, despu\u00e9s de haber sido saneado, arreglado, despu\u00e9s de correr a m\u00e1s de 50 mil ferrocarrileros. Nuestro tren antes serv\u00eda para transportar gentes, alimentos, carga, petr\u00f3leo, agua, gasolina, mercanc\u00edas, ganado de una manera econ\u00f3mica. El tren fue importante en la Revoluci\u00f3n de 1910,\u00a0 en \u00e9l se movilizaron las tropas de Villa, Madero, Obreg\u00f3n, Carranza. <\/p>\n","protected":false},"excerpt":{"rendered":"<p>Fidel Rodr\u00edguez Ramos &nbsp;&nbsp;&nbsp; M\u00faltiples obst\u00e1culos ha encontrado la construcci\u00f3n del llamado tren maya del sureste, ecologistas, arque\u00f3logos, ambientalistas, hoteleros hicieron hasta lo imposible para que ese sistema de transporte no se materializara, y hoy el Presidente de M\u00e9xico anuncia que un tramo en la pen\u00ednsula yucateca no se construir\u00e1, el que ir\u00eda de Xpujil [&hellip;]<\/p>\n","protected":false},"author":1,"featured_media":10024,"comment_status":"open","ping_status":"closed","sticky":false,"template":"","format":"standard","meta":[],"categories":[1],"tags":[],"yoast_head":"<!-- This site is optimized with the Yoast SEO plugin v17.9 - https:\/\/yoast.com\/wordpress\/plugins\/seo\/ -->\n<title>Contra el Tren Maya de Obrador - Reflejo de Michoac\u00e1n<\/title>\n<meta name=\"robots\" content=\"index, follow, max-snippet:-1, max-image-preview:large, max-video-preview:-1\" \/>\n<link rel=\"canonical\" href=\"https:\/\/reflejodemichoacan.com\/index.php\/2022\/10\/19\/contra-el-tren-maya-de-obrador\/\" \/>\n<meta property=\"og:locale\" content=\"es_MX\" \/>\n<meta property=\"og:type\" content=\"article\" \/>\n<meta property=\"og:title\" content=\"Contra el Tren Maya de Obrador - Reflejo de Michoac\u00e1n\" \/>\n<meta property=\"og:description\" content=\"Fidel Rodr\u00edguez Ramos &nbsp;&nbsp;&nbsp; M\u00faltiples obst\u00e1culos ha encontrado la construcci\u00f3n del llamado tren maya del sureste, ecologistas, arque\u00f3logos, ambientalistas, hoteleros hicieron hasta lo imposible para que ese sistema de transporte no se materializara, y hoy el Presidente de M\u00e9xico anuncia que un tramo en la pen\u00ednsula yucateca no se construir\u00e1, el que ir\u00eda de Xpujil [&hellip;]\" \/>\n<meta property=\"og:url\" content=\"https:\/\/reflejodemichoacan.com\/index.php\/2022\/10\/19\/contra-el-tren-maya-de-obrador\/\" \/>\n<meta property=\"og:site_name\" content=\"Reflejo de Michoac\u00e1n\" \/>\n<meta property=\"article:published_time\" content=\"2022-10-19T22:21:05+00:00\" \/>\n<meta property=\"article:modified_time\" content=\"2022-10-19T22:21:08+00:00\" \/>\n<meta property=\"og:image\" content=\"https:\/\/reflejodemichoacan.com\/wp-content\/uploads\/2022\/10\/tren-1024x576.png\" \/>\n\t<meta property=\"og:image:width\" content=\"1024\" \/>\n\t<meta property=\"og:image:height\" content=\"576\" \/>\n\t<meta property=\"og:image:type\" content=\"image\/png\" \/>\n<meta name=\"twitter:card\" content=\"summary_large_image\" \/>\n<meta name=\"twitter:label1\" content=\"Escrito por\" \/>\n\t<meta name=\"twitter:data1\" content=\"Aurora\" \/>\n\t<meta name=\"twitter:label2\" content=\"Tiempo de lectura\" \/>\n\t<meta name=\"twitter:data2\" content=\"2 minutos\" \/>\n<script type=\"application\/ld+json\" class=\"yoast-schema-graph\">{\"@context\":\"https:\/\/schema.org\",\"@graph\":[{\"@type\":\"WebSite\",\"@id\":\"https:\/\/reflejodemichoacan.com\/#website\",\"url\":\"https:\/\/reflejodemichoacan.com\/\",\"name\":\"Reflejo de Michoac\\u00e1n\",\"description\":\"Medio de comunicaci\\u00f3n impreso y digital al servicio de la regi\\u00f3n lacustre y Michoac\\u00e1n.\",\"potentialAction\":[{\"@type\":\"SearchAction\",\"target\":{\"@type\":\"EntryPoint\",\"urlTemplate\":\"https:\/\/reflejodemichoacan.com\/?s={search_term_string}\"},\"query-input\":\"required name=search_term_string\"}],\"inLanguage\":\"es-MX\"},{\"@type\":\"ImageObject\",\"@id\":\"https:\/\/reflejodemichoacan.com\/index.php\/2022\/10\/19\/contra-el-tren-maya-de-obrador\/#primaryimage\",\"inLanguage\":\"es-MX\",\"url\":\"https:\/\/reflejodemichoacan.com\/wp-content\/uploads\/2022\/10\/tren.png\",\"contentUrl\":\"https:\/\/reflejodemichoacan.com\/wp-content\/uploads\/2022\/10\/tren.png\",\"width\":2000,\"height\":1125},{\"@type\":\"WebPage\",\"@id\":\"https:\/\/reflejodemichoacan.com\/index.php\/2022\/10\/19\/contra-el-tren-maya-de-obrador\/#webpage\",\"url\":\"https:\/\/reflejodemichoacan.com\/index.php\/2022\/10\/19\/contra-el-tren-maya-de-obrador\/\",\"name\":\"Contra el Tren Maya de Obrador - Reflejo de Michoac\\u00e1n\",\"isPartOf\":{\"@id\":\"https:\/\/reflejodemichoacan.com\/#website\"},\"primaryImageOfPage\":{\"@id\":\"https:\/\/reflejodemichoacan.com\/index.php\/2022\/10\/19\/contra-el-tren-maya-de-obrador\/#primaryimage\"},\"datePublished\":\"2022-10-19T22:21:05+00:00\",\"dateModified\":\"2022-10-19T22:21:08+00:00\",\"author\":{\"@id\":\"https:\/\/reflejodemichoacan.com\/#\/schema\/person\/72d921e8fe99bd6e2e39bcde8995046f\"},\"breadcrumb\":{\"@id\":\"https:\/\/reflejodemichoacan.com\/index.php\/2022\/10\/19\/contra-el-tren-maya-de-obrador\/#breadcrumb\"},\"inLanguage\":\"es-MX\",\"potentialAction\":[{\"@type\":\"ReadAction\",\"target\":[\"https:\/\/reflejodemichoacan.com\/index.php\/2022\/10\/19\/contra-el-tren-maya-de-obrador\/\"]}]},{\"@type\":\"BreadcrumbList\",\"@id\":\"https:\/\/reflejodemichoacan.com\/index.php\/2022\/10\/19\/contra-el-tren-maya-de-obrador\/#breadcrumb\",\"itemListElement\":[{\"@type\":\"ListItem\",\"position\":1,\"name\":\"Inicio\",\"item\":\"https:\/\/reflejodemichoacan.com\/\"},{\"@type\":\"ListItem\",\"position\":2,\"name\":\"Contra el Tren Maya de Obrador\"}]},{\"@type\":\"Person\",\"@id\":\"https:\/\/reflejodemichoacan.com\/#\/schema\/person\/72d921e8fe99bd6e2e39bcde8995046f\",\"name\":\"Aurora\",\"image\":{\"@type\":\"ImageObject\",\"@id\":\"https:\/\/reflejodemichoacan.com\/#personlogo\",\"inLanguage\":\"es-MX\",\"url\":\"https:\/\/secure.gravatar.com\/avatar\/df5ceb9b998be27b25dd258a6b4b0a95?s=96&d=mm&r=g\",\"contentUrl\":\"https:\/\/secure.gravatar.com\/avatar\/df5ceb9b998be27b25dd258a6b4b0a95?s=96&d=mm&r=g\",\"caption\":\"Aurora\"},\"sameAs\":[\"http:\/\/reflejodemichoacan.com\"],\"url\":\"https:\/\/reflejodemichoacan.com\/index.php\/author\/rixwm7qvsq\/\"}]}<\/script>\n<!-- \/ Yoast SEO plugin. -->","yoast_head_json":{"title":"Contra el Tren Maya de Obrador - Reflejo de Michoac\u00e1n","robots":{"index":"index","follow":"follow","max-snippet":"max-snippet:-1","max-image-preview":"max-image-preview:large","max-video-preview":"max-video-preview:-1"},"canonical":"https:\/\/reflejodemichoacan.com\/index.php\/2022\/10\/19\/contra-el-tren-maya-de-obrador\/","og_locale":"es_MX","og_type":"article","og_title":"Contra el Tren Maya de Obrador - Reflejo de Michoac\u00e1n","og_description":"Fidel Rodr\u00edguez Ramos &nbsp;&nbsp;&nbsp; M\u00faltiples obst\u00e1culos ha encontrado la construcci\u00f3n del llamado tren maya del sureste, ecologistas, arque\u00f3logos, ambientalistas, hoteleros hicieron hasta lo imposible para que ese sistema de transporte no se materializara, y hoy el Presidente de M\u00e9xico anuncia que un tramo en la pen\u00ednsula yucateca no se construir\u00e1, el que ir\u00eda de Xpujil [&hellip;]","og_url":"https:\/\/reflejodemichoacan.com\/index.php\/2022\/10\/19\/contra-el-tren-maya-de-obrador\/","og_site_name":"Reflejo de Michoac\u00e1n","article_published_time":"2022-10-19T22:21:05+00:00","article_modified_time":"2022-10-19T22:21:08+00:00","og_image":[{"width":1024,"height":576,"url":"https:\/\/reflejodemichoacan.com\/wp-content\/uploads\/2022\/10\/tren-1024x576.png","type":"image\/png"}],"twitter_card":"summary_large_image","twitter_misc":{"Escrito por":"Aurora","Tiempo de lectura":"2 minutos"},"schema":{"@context":"https:\/\/schema.org","@graph":[{"@type":"WebSite","@id":"https:\/\/reflejodemichoacan.com\/#website","url":"https:\/\/reflejodemichoacan.com\/","name":"Reflejo de Michoac\u00e1n","description":"Medio de comunicaci\u00f3n impreso y digital al servicio de la regi\u00f3n lacustre y Michoac\u00e1n.","potentialAction":[{"@type":"SearchAction","target":{"@type":"EntryPoint","urlTemplate":"https:\/\/reflejodemichoacan.com\/?s={search_term_string}"},"query-input":"required name=search_term_string"}],"inLanguage":"es-MX"},{"@type":"ImageObject","@id":"https:\/\/reflejodemichoacan.com\/index.php\/2022\/10\/19\/contra-el-tren-maya-de-obrador\/#primaryimage","inLanguage":"es-MX","url":"https:\/\/reflejodemichoacan.com\/wp-content\/uploads\/2022\/10\/tren.png","contentUrl":"https:\/\/reflejodemichoacan.com\/wp-content\/uploads\/2022\/10\/tren.png","width":2000,"height":1125},{"@type":"WebPage","@id":"https:\/\/reflejodemichoacan.com\/index.php\/2022\/10\/19\/contra-el-tren-maya-de-obrador\/#webpage","url":"https:\/\/reflejodemichoacan.com\/index.php\/2022\/10\/19\/contra-el-tren-maya-de-obrador\/","name":"Contra el Tren Maya de Obrador - Reflejo de Michoac\u00e1n","isPartOf":{"@id":"https:\/\/reflejodemichoacan.com\/#website"},"primaryImageOfPage":{"@id":"https:\/\/reflejodemichoacan.com\/index.php\/2022\/10\/19\/contra-el-tren-maya-de-obrador\/#primaryimage"},"datePublished":"2022-10-19T22:21:05+00:00","dateModified":"2022-10-19T22:21:08+00:00","author":{"@id":"https:\/\/reflejodemichoacan.com\/#\/schema\/person\/72d921e8fe99bd6e2e39bcde8995046f"},"breadcrumb":{"@id":"https:\/\/reflejodemichoacan.com\/index.php\/2022\/10\/19\/contra-el-tren-maya-de-obrador\/#breadcrumb"},"inLanguage":"es-MX","potentialAction":[{"@type":"ReadAction","target":["https:\/\/reflejodemichoacan.com\/index.php\/2022\/10\/19\/contra-el-tren-maya-de-obrador\/"]}]},{"@type":"BreadcrumbList","@id":"https:\/\/reflejodemichoacan.com\/index.php\/2022\/10\/19\/contra-el-tren-maya-de-obrador\/#breadcrumb","itemListElement":[{"@type":"ListItem","position":1,"name":"Inicio","item":"https:\/\/reflejodemichoacan.com\/"},{"@type":"ListItem","position":2,"name":"Contra el Tren Maya de Obrador"}]},{"@type":"Person","@id":"https:\/\/reflejodemichoacan.com\/#\/schema\/person\/72d921e8fe99bd6e2e39bcde8995046f","name":"Aurora","image":{"@type":"ImageObject","@id":"https:\/\/reflejodemichoacan.com\/#personlogo","inLanguage":"es-MX","url":"https:\/\/secure.gravatar.com\/avatar\/df5ceb9b998be27b25dd258a6b4b0a95?s=96&d=mm&r=g","contentUrl":"https:\/\/secure.gravatar.com\/avatar\/df5ceb9b998be27b25dd258a6b4b0a95?s=96&d=mm&r=g","caption":"Aurora"},"sameAs":["http:\/\/reflejodemichoacan.com"],"url":"https:\/\/reflejodemichoacan.com\/index.php\/author\/rixwm7qvsq\/"}]}},"_links":{"self":[{"href":"https:\/\/reflejodemichoacan.com\/index.php\/wp-json\/wp\/v2\/posts\/10023"}],"collection":[{"href":"https:\/\/reflejodemichoacan.com\/index.php\/wp-json\/wp\/v2\/posts"}],"about":[{"href":"https:\/\/reflejodemichoacan.com\/index.php\/wp-json\/wp\/v2\/types\/post"}],"author":[{"embeddable":true,"href":"https:\/\/reflejodemichoacan.com\/index.php\/wp-json\/wp\/v2\/users\/1"}],"replies":[{"embeddable":true,"href":"https:\/\/reflejodemichoacan.com\/index.php\/wp-json\/wp\/v2\/comments?post=10023"}],"version-history":[{"count":1,"href":"https:\/\/reflejodemichoacan.com\/index.php\/wp-json\/wp\/v2\/posts\/10023\/revisions"}],"predecessor-version":[{"id":10025,"href":"https:\/\/reflejodemichoacan.com\/index.php\/wp-json\/wp\/v2\/posts\/10023\/revisions\/10025"}],"wp:featuredmedia":[{"embeddable":true,"href":"https:\/\/reflejodemichoacan.com\/index.php\/wp-json\/wp\/v2\/media\/10024"}],"wp:attachment":[{"href":"https:\/\/reflejodemichoacan.com\/index.php\/wp-json\/wp\/v2\/media?parent=10023"}],"wp:term":[{"taxonomy":"category","embeddable":true,"href":"https:\/\/reflejodemichoacan.com\/index.php\/wp-json\/wp\/v2\/categories?post=10023"},{"taxonomy":"post_tag","embeddable":true,"href":"https:\/\/reflejodemichoacan.com\/index.php\/wp-json\/wp\/v2\/tags?post=10023"}],"curies":[{"name":"wp","href":"https:\/\/api.w.org\/{rel}","templated":true}]}}