{"id":10339,"date":"2022-11-18T23:25:02","date_gmt":"2022-11-18T23:25:02","guid":{"rendered":"https:\/\/reflejodemichoacan.com\/?p=10339"},"modified":"2022-11-18T23:25:12","modified_gmt":"2022-11-18T23:25:12","slug":"comite-de-comunicacion-del-congreso-y-smrtv-signaran-convenio-en-breve","status":"publish","type":"post","link":"https:\/\/reflejodemichoacan.com\/index.php\/2022\/11\/18\/comite-de-comunicacion-del-congreso-y-smrtv-signaran-convenio-en-breve\/","title":{"rendered":"Comit\u00e9 de Comunicaci\u00f3n del Congreso y SMRTV signar\u00e1n convenio en breve"},"content":{"rendered":"\n<p>Morelia, Mich., 17 de noviembre de 2022.- El reuni\u00f3n de trabajo el Comit\u00e9 de Comunicaci\u00f3n de la 75 legislatura local dio seguimiento al proyecto de convenio con el Sistema Michoacano de Radio y Televisi\u00f3n.<br>Los legisladores Daniela de los Santos Torres, V\u00edctor Zurita Ort\u00edz, \u00d3scar Escobar Ledesma, V\u00edctor Manuel Manr\u00edquez, Mayela del Carmen Salas avanzaron en este importante acuerdo que ser\u00e1 en beneficio del Poder Legislativo y de la ciudadan\u00eda para garantizar su derecho a estar bien informados.<br>En otro tema, tambi\u00e9n se dio seguimiento al estatus de las 44 iniciativas ciudadanas que se han presentado durante el desarrollo de los 5 Foros de \u201cEl Congreso te Escucha\u201d que este Comit\u00e9 ha organizado.<br>Se inform\u00f3 que 23 ya han sido turnadas a Comisiones y las dem\u00e1s se encuentran listas para firmas.<br>Daniela de los Santos adelant\u00f3 que en breve ser\u00e1 discutido ante el Pleno la aprobaci\u00f3n del proyecto de Iniciativa en contra de la Violencia Vicaria y celebr\u00f3 las disposici\u00f3n de sus compa\u00f1eros y compa\u00f1eras diputadas para acompa\u00f1ar las iniciativas ciudadanas y no se queden en letra muerta.<\/p>\n","protected":false},"excerpt":{"rendered":"<p>Morelia, Mich., 17 de noviembre de 2022.- El reuni\u00f3n de trabajo el Comit\u00e9 de Comunicaci\u00f3n de la 75 legislatura local dio seguimiento al proyecto de convenio con el Sistema Michoacano de Radio y Televisi\u00f3n.Los legisladores Daniela de los Santos Torres, V\u00edctor Zurita Ort\u00edz, \u00d3scar Escobar Ledesma, V\u00edctor Manuel Manr\u00edquez, Mayela del Carmen Salas avanzaron en [&hellip;]<\/p>\n","protected":false},"author":1,"featured_media":10340,"comment_status":"open","ping_status":"closed","sticky":false,"template":"","format":"standard","meta":[],"categories":[1],"tags":[],"yoast_head":"<!-- This site is optimized with the Yoast SEO plugin v17.9 - https:\/\/yoast.com\/wordpress\/plugins\/seo\/ -->\n<title>Comit\u00e9 de Comunicaci\u00f3n del Congreso y SMRTV signar\u00e1n convenio en breve - Reflejo de Michoac\u00e1n<\/title>\n<meta name=\"robots\" content=\"index, follow, max-snippet:-1, max-image-preview:large, max-video-preview:-1\" \/>\n<link rel=\"canonical\" href=\"https:\/\/reflejodemichoacan.com\/index.php\/2022\/11\/18\/comite-de-comunicacion-del-congreso-y-smrtv-signaran-convenio-en-breve\/\" \/>\n<meta property=\"og:locale\" content=\"es_MX\" \/>\n<meta property=\"og:type\" content=\"article\" \/>\n<meta property=\"og:title\" content=\"Comit\u00e9 de Comunicaci\u00f3n del Congreso y SMRTV signar\u00e1n convenio en breve - Reflejo de Michoac\u00e1n\" \/>\n<meta property=\"og:description\" content=\"Morelia, Mich., 17 de noviembre de 2022.- El reuni\u00f3n de trabajo el Comit\u00e9 de Comunicaci\u00f3n de la 75 legislatura local dio seguimiento al proyecto de convenio con el Sistema Michoacano de Radio y Televisi\u00f3n.Los legisladores Daniela de los Santos Torres, V\u00edctor Zurita Ort\u00edz, \u00d3scar Escobar Ledesma, V\u00edctor Manuel Manr\u00edquez, Mayela del Carmen Salas avanzaron en [&hellip;]\" \/>\n<meta property=\"og:url\" content=\"https:\/\/reflejodemichoacan.com\/index.php\/2022\/11\/18\/comite-de-comunicacion-del-congreso-y-smrtv-signaran-convenio-en-breve\/\" \/>\n<meta property=\"og:site_name\" content=\"Reflejo de Michoac\u00e1n\" \/>\n<meta property=\"article:published_time\" content=\"2022-11-18T23:25:02+00:00\" \/>\n<meta property=\"article:modified_time\" content=\"2022-11-18T23:25:12+00:00\" \/>\n<meta property=\"og:image\" content=\"https:\/\/reflejodemichoacan.com\/wp-content\/uploads\/2022\/11\/comite.jpg\" \/>\n\t<meta property=\"og:image:width\" content=\"960\" \/>\n\t<meta property=\"og:image:height\" content=\"640\" \/>\n\t<meta property=\"og:image:type\" content=\"image\/jpeg\" \/>\n<meta name=\"twitter:card\" content=\"summary_large_image\" \/>\n<meta name=\"twitter:label1\" content=\"Escrito por\" \/>\n\t<meta name=\"twitter:data1\" content=\"Aurora\" \/>\n\t<meta name=\"twitter:label2\" content=\"Tiempo de lectura\" \/>\n\t<meta name=\"twitter:data2\" content=\"1 minuto\" \/>\n<script type=\"application\/ld+json\" class=\"yoast-schema-graph\">{\"@context\":\"https:\/\/schema.org\",\"@graph\":[{\"@type\":\"WebSite\",\"@id\":\"https:\/\/reflejodemichoacan.com\/#website\",\"url\":\"https:\/\/reflejodemichoacan.com\/\",\"name\":\"Reflejo de Michoac\\u00e1n\",\"description\":\"Medio de comunicaci\\u00f3n impreso y digital al servicio de la regi\\u00f3n lacustre y Michoac\\u00e1n.\",\"potentialAction\":[{\"@type\":\"SearchAction\",\"target\":{\"@type\":\"EntryPoint\",\"urlTemplate\":\"https:\/\/reflejodemichoacan.com\/?s={search_term_string}\"},\"query-input\":\"required name=search_term_string\"}],\"inLanguage\":\"es-MX\"},{\"@type\":\"ImageObject\",\"@id\":\"https:\/\/reflejodemichoacan.com\/index.php\/2022\/11\/18\/comite-de-comunicacion-del-congreso-y-smrtv-signaran-convenio-en-breve\/#primaryimage\",\"inLanguage\":\"es-MX\",\"url\":\"https:\/\/reflejodemichoacan.com\/wp-content\/uploads\/2022\/11\/comite.jpg\",\"contentUrl\":\"https:\/\/reflejodemichoacan.com\/wp-content\/uploads\/2022\/11\/comite.jpg\",\"width\":960,\"height\":640},{\"@type\":\"WebPage\",\"@id\":\"https:\/\/reflejodemichoacan.com\/index.php\/2022\/11\/18\/comite-de-comunicacion-del-congreso-y-smrtv-signaran-convenio-en-breve\/#webpage\",\"url\":\"https:\/\/reflejodemichoacan.com\/index.php\/2022\/11\/18\/comite-de-comunicacion-del-congreso-y-smrtv-signaran-convenio-en-breve\/\",\"name\":\"Comit\\u00e9 de Comunicaci\\u00f3n del Congreso y SMRTV signar\\u00e1n convenio en breve - Reflejo de Michoac\\u00e1n\",\"isPartOf\":{\"@id\":\"https:\/\/reflejodemichoacan.com\/#website\"},\"primaryImageOfPage\":{\"@id\":\"https:\/\/reflejodemichoacan.com\/index.php\/2022\/11\/18\/comite-de-comunicacion-del-congreso-y-smrtv-signaran-convenio-en-breve\/#primaryimage\"},\"datePublished\":\"2022-11-18T23:25:02+00:00\",\"dateModified\":\"2022-11-18T23:25:12+00:00\",\"author\":{\"@id\":\"https:\/\/reflejodemichoacan.com\/#\/schema\/person\/72d921e8fe99bd6e2e39bcde8995046f\"},\"breadcrumb\":{\"@id\":\"https:\/\/reflejodemichoacan.com\/index.php\/2022\/11\/18\/comite-de-comunicacion-del-congreso-y-smrtv-signaran-convenio-en-breve\/#breadcrumb\"},\"inLanguage\":\"es-MX\",\"potentialAction\":[{\"@type\":\"ReadAction\",\"target\":[\"https:\/\/reflejodemichoacan.com\/index.php\/2022\/11\/18\/comite-de-comunicacion-del-congreso-y-smrtv-signaran-convenio-en-breve\/\"]}]},{\"@type\":\"BreadcrumbList\",\"@id\":\"https:\/\/reflejodemichoacan.com\/index.php\/2022\/11\/18\/comite-de-comunicacion-del-congreso-y-smrtv-signaran-convenio-en-breve\/#breadcrumb\",\"itemListElement\":[{\"@type\":\"ListItem\",\"position\":1,\"name\":\"Inicio\",\"item\":\"https:\/\/reflejodemichoacan.com\/\"},{\"@type\":\"ListItem\",\"position\":2,\"name\":\"Comit\\u00e9 de Comunicaci\\u00f3n del Congreso y SMRTV signar\\u00e1n convenio en breve\"}]},{\"@type\":\"Person\",\"@id\":\"https:\/\/reflejodemichoacan.com\/#\/schema\/person\/72d921e8fe99bd6e2e39bcde8995046f\",\"name\":\"Aurora\",\"image\":{\"@type\":\"ImageObject\",\"@id\":\"https:\/\/reflejodemichoacan.com\/#personlogo\",\"inLanguage\":\"es-MX\",\"url\":\"https:\/\/secure.gravatar.com\/avatar\/df5ceb9b998be27b25dd258a6b4b0a95?s=96&d=mm&r=g\",\"contentUrl\":\"https:\/\/secure.gravatar.com\/avatar\/df5ceb9b998be27b25dd258a6b4b0a95?s=96&d=mm&r=g\",\"caption\":\"Aurora\"},\"sameAs\":[\"http:\/\/reflejodemichoacan.com\"],\"url\":\"https:\/\/reflejodemichoacan.com\/index.php\/author\/rixwm7qvsq\/\"}]}<\/script>\n<!-- \/ Yoast SEO plugin. -->","yoast_head_json":{"title":"Comit\u00e9 de Comunicaci\u00f3n del Congreso y SMRTV signar\u00e1n convenio en breve - Reflejo de Michoac\u00e1n","robots":{"index":"index","follow":"follow","max-snippet":"max-snippet:-1","max-image-preview":"max-image-preview:large","max-video-preview":"max-video-preview:-1"},"canonical":"https:\/\/reflejodemichoacan.com\/index.php\/2022\/11\/18\/comite-de-comunicacion-del-congreso-y-smrtv-signaran-convenio-en-breve\/","og_locale":"es_MX","og_type":"article","og_title":"Comit\u00e9 de Comunicaci\u00f3n del Congreso y SMRTV signar\u00e1n convenio en breve - Reflejo de Michoac\u00e1n","og_description":"Morelia, Mich., 17 de noviembre de 2022.- El reuni\u00f3n de trabajo el Comit\u00e9 de Comunicaci\u00f3n de la 75 legislatura local dio seguimiento al proyecto de convenio con el Sistema Michoacano de Radio y Televisi\u00f3n.Los legisladores Daniela de los Santos Torres, V\u00edctor Zurita Ort\u00edz, \u00d3scar Escobar Ledesma, V\u00edctor Manuel Manr\u00edquez, Mayela del Carmen Salas avanzaron en [&hellip;]","og_url":"https:\/\/reflejodemichoacan.com\/index.php\/2022\/11\/18\/comite-de-comunicacion-del-congreso-y-smrtv-signaran-convenio-en-breve\/","og_site_name":"Reflejo de Michoac\u00e1n","article_published_time":"2022-11-18T23:25:02+00:00","article_modified_time":"2022-11-18T23:25:12+00:00","og_image":[{"width":960,"height":640,"url":"https:\/\/reflejodemichoacan.com\/wp-content\/uploads\/2022\/11\/comite.jpg","type":"image\/jpeg"}],"twitter_card":"summary_large_image","twitter_misc":{"Escrito por":"Aurora","Tiempo de lectura":"1 minuto"},"schema":{"@context":"https:\/\/schema.org","@graph":[{"@type":"WebSite","@id":"https:\/\/reflejodemichoacan.com\/#website","url":"https:\/\/reflejodemichoacan.com\/","name":"Reflejo de Michoac\u00e1n","description":"Medio de comunicaci\u00f3n impreso y digital al servicio de la regi\u00f3n lacustre y Michoac\u00e1n.","potentialAction":[{"@type":"SearchAction","target":{"@type":"EntryPoint","urlTemplate":"https:\/\/reflejodemichoacan.com\/?s={search_term_string}"},"query-input":"required name=search_term_string"}],"inLanguage":"es-MX"},{"@type":"ImageObject","@id":"https:\/\/reflejodemichoacan.com\/index.php\/2022\/11\/18\/comite-de-comunicacion-del-congreso-y-smrtv-signaran-convenio-en-breve\/#primaryimage","inLanguage":"es-MX","url":"https:\/\/reflejodemichoacan.com\/wp-content\/uploads\/2022\/11\/comite.jpg","contentUrl":"https:\/\/reflejodemichoacan.com\/wp-content\/uploads\/2022\/11\/comite.jpg","width":960,"height":640},{"@type":"WebPage","@id":"https:\/\/reflejodemichoacan.com\/index.php\/2022\/11\/18\/comite-de-comunicacion-del-congreso-y-smrtv-signaran-convenio-en-breve\/#webpage","url":"https:\/\/reflejodemichoacan.com\/index.php\/2022\/11\/18\/comite-de-comunicacion-del-congreso-y-smrtv-signaran-convenio-en-breve\/","name":"Comit\u00e9 de Comunicaci\u00f3n del Congreso y SMRTV signar\u00e1n convenio en breve - Reflejo de Michoac\u00e1n","isPartOf":{"@id":"https:\/\/reflejodemichoacan.com\/#website"},"primaryImageOfPage":{"@id":"https:\/\/reflejodemichoacan.com\/index.php\/2022\/11\/18\/comite-de-comunicacion-del-congreso-y-smrtv-signaran-convenio-en-breve\/#primaryimage"},"datePublished":"2022-11-18T23:25:02+00:00","dateModified":"2022-11-18T23:25:12+00:00","author":{"@id":"https:\/\/reflejodemichoacan.com\/#\/schema\/person\/72d921e8fe99bd6e2e39bcde8995046f"},"breadcrumb":{"@id":"https:\/\/reflejodemichoacan.com\/index.php\/2022\/11\/18\/comite-de-comunicacion-del-congreso-y-smrtv-signaran-convenio-en-breve\/#breadcrumb"},"inLanguage":"es-MX","potentialAction":[{"@type":"ReadAction","target":["https:\/\/reflejodemichoacan.com\/index.php\/2022\/11\/18\/comite-de-comunicacion-del-congreso-y-smrtv-signaran-convenio-en-breve\/"]}]},{"@type":"BreadcrumbList","@id":"https:\/\/reflejodemichoacan.com\/index.php\/2022\/11\/18\/comite-de-comunicacion-del-congreso-y-smrtv-signaran-convenio-en-breve\/#breadcrumb","itemListElement":[{"@type":"ListItem","position":1,"name":"Inicio","item":"https:\/\/reflejodemichoacan.com\/"},{"@type":"ListItem","position":2,"name":"Comit\u00e9 de Comunicaci\u00f3n del Congreso y SMRTV signar\u00e1n convenio en breve"}]},{"@type":"Person","@id":"https:\/\/reflejodemichoacan.com\/#\/schema\/person\/72d921e8fe99bd6e2e39bcde8995046f","name":"Aurora","image":{"@type":"ImageObject","@id":"https:\/\/reflejodemichoacan.com\/#personlogo","inLanguage":"es-MX","url":"https:\/\/secure.gravatar.com\/avatar\/df5ceb9b998be27b25dd258a6b4b0a95?s=96&d=mm&r=g","contentUrl":"https:\/\/secure.gravatar.com\/avatar\/df5ceb9b998be27b25dd258a6b4b0a95?s=96&d=mm&r=g","caption":"Aurora"},"sameAs":["http:\/\/reflejodemichoacan.com"],"url":"https:\/\/reflejodemichoacan.com\/index.php\/author\/rixwm7qvsq\/"}]}},"_links":{"self":[{"href":"https:\/\/reflejodemichoacan.com\/index.php\/wp-json\/wp\/v2\/posts\/10339"}],"collection":[{"href":"https:\/\/reflejodemichoacan.com\/index.php\/wp-json\/wp\/v2\/posts"}],"about":[{"href":"https:\/\/reflejodemichoacan.com\/index.php\/wp-json\/wp\/v2\/types\/post"}],"author":[{"embeddable":true,"href":"https:\/\/reflejodemichoacan.com\/index.php\/wp-json\/wp\/v2\/users\/1"}],"replies":[{"embeddable":true,"href":"https:\/\/reflejodemichoacan.com\/index.php\/wp-json\/wp\/v2\/comments?post=10339"}],"version-history":[{"count":1,"href":"https:\/\/reflejodemichoacan.com\/index.php\/wp-json\/wp\/v2\/posts\/10339\/revisions"}],"predecessor-version":[{"id":10341,"href":"https:\/\/reflejodemichoacan.com\/index.php\/wp-json\/wp\/v2\/posts\/10339\/revisions\/10341"}],"wp:featuredmedia":[{"embeddable":true,"href":"https:\/\/reflejodemichoacan.com\/index.php\/wp-json\/wp\/v2\/media\/10340"}],"wp:attachment":[{"href":"https:\/\/reflejodemichoacan.com\/index.php\/wp-json\/wp\/v2\/media?parent=10339"}],"wp:term":[{"taxonomy":"category","embeddable":true,"href":"https:\/\/reflejodemichoacan.com\/index.php\/wp-json\/wp\/v2\/categories?post=10339"},{"taxonomy":"post_tag","embeddable":true,"href":"https:\/\/reflejodemichoacan.com\/index.php\/wp-json\/wp\/v2\/tags?post=10339"}],"curies":[{"name":"wp","href":"https:\/\/api.w.org\/{rel}","templated":true}]}}