{"id":10351,"date":"2022-11-18T23:44:52","date_gmt":"2022-11-18T23:44:52","guid":{"rendered":"https:\/\/reflejodemichoacan.com\/?p=10351"},"modified":"2022-11-18T23:44:55","modified_gmt":"2022-11-18T23:44:55","slug":"hacer-cumplir-la-ley-para-la-inclusion-de-las-personas-con-discapacidad-el-exhorto-de-la-75-legislatura-a-municipios","status":"publish","type":"post","link":"https:\/\/reflejodemichoacan.com\/index.php\/2022\/11\/18\/hacer-cumplir-la-ley-para-la-inclusion-de-las-personas-con-discapacidad-el-exhorto-de-la-75-legislatura-a-municipios\/","title":{"rendered":"Hacer cumplir la Ley para la Inclusi\u00f3n de las Personas con Discapacidad, el exhorto de la 75 Legislatura a municipios"},"content":{"rendered":"\n<p>Morelia, Michoac\u00e1n, 17 de noviembre de 2022.- El Pleno de la 75 Legislatura aprob\u00f3 un exhorto dirigido a los ayuntamientos y al Consejo Mayor de Cher\u00e1n, para que, dentro de sus facultades, den cumplimiento en el \u00e1mbito educativo a las disposiciones que marca la Ley para la Inclusi\u00f3n de las Personas con Discapacidad.<br>De igual forma, para que, en su caso, informen al Poder Legislativo sobre las medidas y programas que han implementado para el cumplimento de esta norma.<br>Ello, en cuanto a la obligaci\u00f3n de brindar atenci\u00f3n, inclusi\u00f3n y no discriminaci\u00f3n en materia educativa, a ni\u00f1as y ni\u00f1os con discapacidad, dentro de sus municipios.<br>El exhorto fue propuesto por la diputada Mayela S\u00e1enz, quien en su exposici\u00f3n de motivos destac\u00f3 que, de acuerdo con informaci\u00f3n publicada por el Consejo Estatal de Poblaci\u00f3n (Coespo), el 8.6% de la poblaci\u00f3n de Michoac\u00e1n, tiene una discapacidad marginal y el 18% cuenta con una limitaci\u00f3n f\u00edsica que condiciona su existencia en un \u00e1mbito no incluyente.<br>Agreg\u00f3 que, a pesar de que esta Ley contempla todos los aspectos para satisfacer las necesidades b\u00e1sicas y de esparcimiento de ese grupo social, en el ejercicio diario institucional no se prestan servicios incluyentes y, por el contrario, pr\u00e1cticamente se desalienta a las personas que necesitan inclusi\u00f3n, atenci\u00f3n y acompa\u00f1amiento en sus gestiones.<br>Asimismo, la legisladora hizo \u00e9nfasis en que las instalaciones de atenci\u00f3n al ciudadano con alg\u00fan tipo de discapacidad, que mantienen los tres niveles de gobierno, son nulas, ya que, en el DIF Estatal, en el CREE y en la Secretar\u00eda de Educaci\u00f3n, no existen protocolos y certificaciones a nivel pr\u00e1ctico.<br>\u201cLas personas con discapacidad no tienen un lugar para ser escuchadas y no son incluidas ni social, laboral o institucionalmente; en ning\u00fan \u00e1mbito fuera de la familia son tomadas en cuenta y, en muchos casos, all\u00ed tampoco\u201d, coment\u00f3.\u00a0<br>Por lo tanto, consider\u00f3 urgente hacer un llamado a las autoridades municipales para que atiendan las disposiciones que dicta la Ley, y que sean consideradas como eje de inclusi\u00f3n y calidad en los servicios p\u00fablicos.<\/p>\n","protected":false},"excerpt":{"rendered":"<p>Morelia, Michoac\u00e1n, 17 de noviembre de 2022.- El Pleno de la 75 Legislatura aprob\u00f3 un exhorto dirigido a los ayuntamientos y al Consejo Mayor de Cher\u00e1n, para que, dentro de sus facultades, den cumplimiento en el \u00e1mbito educativo a las disposiciones que marca la Ley para la Inclusi\u00f3n de las Personas con Discapacidad.De igual forma, [&hellip;]<\/p>\n","protected":false},"author":1,"featured_media":10352,"comment_status":"open","ping_status":"closed","sticky":false,"template":"","format":"standard","meta":[],"categories":[1],"tags":[],"yoast_head":"<!-- This site is optimized with the Yoast SEO plugin v17.9 - https:\/\/yoast.com\/wordpress\/plugins\/seo\/ -->\n<title>Hacer cumplir la Ley para la Inclusi\u00f3n de las Personas con Discapacidad, el exhorto de la 75 Legislatura a municipios - Reflejo de Michoac\u00e1n<\/title>\n<meta name=\"robots\" content=\"index, follow, max-snippet:-1, max-image-preview:large, max-video-preview:-1\" \/>\n<link rel=\"canonical\" href=\"https:\/\/reflejodemichoacan.com\/index.php\/2022\/11\/18\/hacer-cumplir-la-ley-para-la-inclusion-de-las-personas-con-discapacidad-el-exhorto-de-la-75-legislatura-a-municipios\/\" \/>\n<meta property=\"og:locale\" content=\"es_MX\" \/>\n<meta property=\"og:type\" content=\"article\" \/>\n<meta property=\"og:title\" content=\"Hacer cumplir la Ley para la Inclusi\u00f3n de las Personas con Discapacidad, el exhorto de la 75 Legislatura a municipios - Reflejo de Michoac\u00e1n\" \/>\n<meta property=\"og:description\" content=\"Morelia, Michoac\u00e1n, 17 de noviembre de 2022.- El Pleno de la 75 Legislatura aprob\u00f3 un exhorto dirigido a los ayuntamientos y al Consejo Mayor de Cher\u00e1n, para que, dentro de sus facultades, den cumplimiento en el \u00e1mbito educativo a las disposiciones que marca la Ley para la Inclusi\u00f3n de las Personas con Discapacidad.De igual forma, [&hellip;]\" \/>\n<meta property=\"og:url\" content=\"https:\/\/reflejodemichoacan.com\/index.php\/2022\/11\/18\/hacer-cumplir-la-ley-para-la-inclusion-de-las-personas-con-discapacidad-el-exhorto-de-la-75-legislatura-a-municipios\/\" \/>\n<meta property=\"og:site_name\" content=\"Reflejo de Michoac\u00e1n\" \/>\n<meta property=\"article:published_time\" content=\"2022-11-18T23:44:52+00:00\" \/>\n<meta property=\"article:modified_time\" content=\"2022-11-18T23:44:55+00:00\" \/>\n<meta property=\"og:image\" content=\"https:\/\/reflejodemichoacan.com\/wp-content\/uploads\/2022\/11\/hacer-cumplir.jpg\" \/>\n\t<meta property=\"og:image:width\" content=\"1280\" \/>\n\t<meta property=\"og:image:height\" content=\"853\" \/>\n\t<meta property=\"og:image:type\" content=\"image\/jpeg\" \/>\n<meta name=\"twitter:card\" content=\"summary_large_image\" \/>\n<meta name=\"twitter:label1\" content=\"Escrito por\" \/>\n\t<meta name=\"twitter:data1\" content=\"Aurora\" \/>\n\t<meta name=\"twitter:label2\" content=\"Tiempo de lectura\" \/>\n\t<meta name=\"twitter:data2\" content=\"2 minutos\" \/>\n<script type=\"application\/ld+json\" class=\"yoast-schema-graph\">{\"@context\":\"https:\/\/schema.org\",\"@graph\":[{\"@type\":\"WebSite\",\"@id\":\"https:\/\/reflejodemichoacan.com\/#website\",\"url\":\"https:\/\/reflejodemichoacan.com\/\",\"name\":\"Reflejo de Michoac\\u00e1n\",\"description\":\"Medio de comunicaci\\u00f3n impreso y digital al servicio de la regi\\u00f3n lacustre y Michoac\\u00e1n.\",\"potentialAction\":[{\"@type\":\"SearchAction\",\"target\":{\"@type\":\"EntryPoint\",\"urlTemplate\":\"https:\/\/reflejodemichoacan.com\/?s={search_term_string}\"},\"query-input\":\"required name=search_term_string\"}],\"inLanguage\":\"es-MX\"},{\"@type\":\"ImageObject\",\"@id\":\"https:\/\/reflejodemichoacan.com\/index.php\/2022\/11\/18\/hacer-cumplir-la-ley-para-la-inclusion-de-las-personas-con-discapacidad-el-exhorto-de-la-75-legislatura-a-municipios\/#primaryimage\",\"inLanguage\":\"es-MX\",\"url\":\"https:\/\/reflejodemichoacan.com\/wp-content\/uploads\/2022\/11\/hacer-cumplir.jpg\",\"contentUrl\":\"https:\/\/reflejodemichoacan.com\/wp-content\/uploads\/2022\/11\/hacer-cumplir.jpg\",\"width\":1280,\"height\":853},{\"@type\":\"WebPage\",\"@id\":\"https:\/\/reflejodemichoacan.com\/index.php\/2022\/11\/18\/hacer-cumplir-la-ley-para-la-inclusion-de-las-personas-con-discapacidad-el-exhorto-de-la-75-legislatura-a-municipios\/#webpage\",\"url\":\"https:\/\/reflejodemichoacan.com\/index.php\/2022\/11\/18\/hacer-cumplir-la-ley-para-la-inclusion-de-las-personas-con-discapacidad-el-exhorto-de-la-75-legislatura-a-municipios\/\",\"name\":\"Hacer cumplir la Ley para la Inclusi\\u00f3n de las Personas con Discapacidad, el exhorto de la 75 Legislatura a municipios - Reflejo de Michoac\\u00e1n\",\"isPartOf\":{\"@id\":\"https:\/\/reflejodemichoacan.com\/#website\"},\"primaryImageOfPage\":{\"@id\":\"https:\/\/reflejodemichoacan.com\/index.php\/2022\/11\/18\/hacer-cumplir-la-ley-para-la-inclusion-de-las-personas-con-discapacidad-el-exhorto-de-la-75-legislatura-a-municipios\/#primaryimage\"},\"datePublished\":\"2022-11-18T23:44:52+00:00\",\"dateModified\":\"2022-11-18T23:44:55+00:00\",\"author\":{\"@id\":\"https:\/\/reflejodemichoacan.com\/#\/schema\/person\/72d921e8fe99bd6e2e39bcde8995046f\"},\"breadcrumb\":{\"@id\":\"https:\/\/reflejodemichoacan.com\/index.php\/2022\/11\/18\/hacer-cumplir-la-ley-para-la-inclusion-de-las-personas-con-discapacidad-el-exhorto-de-la-75-legislatura-a-municipios\/#breadcrumb\"},\"inLanguage\":\"es-MX\",\"potentialAction\":[{\"@type\":\"ReadAction\",\"target\":[\"https:\/\/reflejodemichoacan.com\/index.php\/2022\/11\/18\/hacer-cumplir-la-ley-para-la-inclusion-de-las-personas-con-discapacidad-el-exhorto-de-la-75-legislatura-a-municipios\/\"]}]},{\"@type\":\"BreadcrumbList\",\"@id\":\"https:\/\/reflejodemichoacan.com\/index.php\/2022\/11\/18\/hacer-cumplir-la-ley-para-la-inclusion-de-las-personas-con-discapacidad-el-exhorto-de-la-75-legislatura-a-municipios\/#breadcrumb\",\"itemListElement\":[{\"@type\":\"ListItem\",\"position\":1,\"name\":\"Inicio\",\"item\":\"https:\/\/reflejodemichoacan.com\/\"},{\"@type\":\"ListItem\",\"position\":2,\"name\":\"Hacer cumplir la Ley para la Inclusi\\u00f3n de las Personas con Discapacidad, el exhorto de la 75 Legislatura a municipios\"}]},{\"@type\":\"Person\",\"@id\":\"https:\/\/reflejodemichoacan.com\/#\/schema\/person\/72d921e8fe99bd6e2e39bcde8995046f\",\"name\":\"Aurora\",\"image\":{\"@type\":\"ImageObject\",\"@id\":\"https:\/\/reflejodemichoacan.com\/#personlogo\",\"inLanguage\":\"es-MX\",\"url\":\"https:\/\/secure.gravatar.com\/avatar\/df5ceb9b998be27b25dd258a6b4b0a95?s=96&d=mm&r=g\",\"contentUrl\":\"https:\/\/secure.gravatar.com\/avatar\/df5ceb9b998be27b25dd258a6b4b0a95?s=96&d=mm&r=g\",\"caption\":\"Aurora\"},\"sameAs\":[\"http:\/\/reflejodemichoacan.com\"],\"url\":\"https:\/\/reflejodemichoacan.com\/index.php\/author\/rixwm7qvsq\/\"}]}<\/script>\n<!-- \/ Yoast SEO plugin. -->","yoast_head_json":{"title":"Hacer cumplir la Ley para la Inclusi\u00f3n de las Personas con Discapacidad, el exhorto de la 75 Legislatura a municipios - Reflejo de Michoac\u00e1n","robots":{"index":"index","follow":"follow","max-snippet":"max-snippet:-1","max-image-preview":"max-image-preview:large","max-video-preview":"max-video-preview:-1"},"canonical":"https:\/\/reflejodemichoacan.com\/index.php\/2022\/11\/18\/hacer-cumplir-la-ley-para-la-inclusion-de-las-personas-con-discapacidad-el-exhorto-de-la-75-legislatura-a-municipios\/","og_locale":"es_MX","og_type":"article","og_title":"Hacer cumplir la Ley para la Inclusi\u00f3n de las Personas con Discapacidad, el exhorto de la 75 Legislatura a municipios - Reflejo de Michoac\u00e1n","og_description":"Morelia, Michoac\u00e1n, 17 de noviembre de 2022.- El Pleno de la 75 Legislatura aprob\u00f3 un exhorto dirigido a los ayuntamientos y al Consejo Mayor de Cher\u00e1n, para que, dentro de sus facultades, den cumplimiento en el \u00e1mbito educativo a las disposiciones que marca la Ley para la Inclusi\u00f3n de las Personas con Discapacidad.De igual forma, [&hellip;]","og_url":"https:\/\/reflejodemichoacan.com\/index.php\/2022\/11\/18\/hacer-cumplir-la-ley-para-la-inclusion-de-las-personas-con-discapacidad-el-exhorto-de-la-75-legislatura-a-municipios\/","og_site_name":"Reflejo de Michoac\u00e1n","article_published_time":"2022-11-18T23:44:52+00:00","article_modified_time":"2022-11-18T23:44:55+00:00","og_image":[{"width":1280,"height":853,"url":"https:\/\/reflejodemichoacan.com\/wp-content\/uploads\/2022\/11\/hacer-cumplir.jpg","type":"image\/jpeg"}],"twitter_card":"summary_large_image","twitter_misc":{"Escrito por":"Aurora","Tiempo de lectura":"2 minutos"},"schema":{"@context":"https:\/\/schema.org","@graph":[{"@type":"WebSite","@id":"https:\/\/reflejodemichoacan.com\/#website","url":"https:\/\/reflejodemichoacan.com\/","name":"Reflejo de Michoac\u00e1n","description":"Medio de comunicaci\u00f3n impreso y digital al servicio de la regi\u00f3n lacustre y Michoac\u00e1n.","potentialAction":[{"@type":"SearchAction","target":{"@type":"EntryPoint","urlTemplate":"https:\/\/reflejodemichoacan.com\/?s={search_term_string}"},"query-input":"required name=search_term_string"}],"inLanguage":"es-MX"},{"@type":"ImageObject","@id":"https:\/\/reflejodemichoacan.com\/index.php\/2022\/11\/18\/hacer-cumplir-la-ley-para-la-inclusion-de-las-personas-con-discapacidad-el-exhorto-de-la-75-legislatura-a-municipios\/#primaryimage","inLanguage":"es-MX","url":"https:\/\/reflejodemichoacan.com\/wp-content\/uploads\/2022\/11\/hacer-cumplir.jpg","contentUrl":"https:\/\/reflejodemichoacan.com\/wp-content\/uploads\/2022\/11\/hacer-cumplir.jpg","width":1280,"height":853},{"@type":"WebPage","@id":"https:\/\/reflejodemichoacan.com\/index.php\/2022\/11\/18\/hacer-cumplir-la-ley-para-la-inclusion-de-las-personas-con-discapacidad-el-exhorto-de-la-75-legislatura-a-municipios\/#webpage","url":"https:\/\/reflejodemichoacan.com\/index.php\/2022\/11\/18\/hacer-cumplir-la-ley-para-la-inclusion-de-las-personas-con-discapacidad-el-exhorto-de-la-75-legislatura-a-municipios\/","name":"Hacer cumplir la Ley para la Inclusi\u00f3n de las Personas con Discapacidad, el exhorto de la 75 Legislatura a municipios - Reflejo de Michoac\u00e1n","isPartOf":{"@id":"https:\/\/reflejodemichoacan.com\/#website"},"primaryImageOfPage":{"@id":"https:\/\/reflejodemichoacan.com\/index.php\/2022\/11\/18\/hacer-cumplir-la-ley-para-la-inclusion-de-las-personas-con-discapacidad-el-exhorto-de-la-75-legislatura-a-municipios\/#primaryimage"},"datePublished":"2022-11-18T23:44:52+00:00","dateModified":"2022-11-18T23:44:55+00:00","author":{"@id":"https:\/\/reflejodemichoacan.com\/#\/schema\/person\/72d921e8fe99bd6e2e39bcde8995046f"},"breadcrumb":{"@id":"https:\/\/reflejodemichoacan.com\/index.php\/2022\/11\/18\/hacer-cumplir-la-ley-para-la-inclusion-de-las-personas-con-discapacidad-el-exhorto-de-la-75-legislatura-a-municipios\/#breadcrumb"},"inLanguage":"es-MX","potentialAction":[{"@type":"ReadAction","target":["https:\/\/reflejodemichoacan.com\/index.php\/2022\/11\/18\/hacer-cumplir-la-ley-para-la-inclusion-de-las-personas-con-discapacidad-el-exhorto-de-la-75-legislatura-a-municipios\/"]}]},{"@type":"BreadcrumbList","@id":"https:\/\/reflejodemichoacan.com\/index.php\/2022\/11\/18\/hacer-cumplir-la-ley-para-la-inclusion-de-las-personas-con-discapacidad-el-exhorto-de-la-75-legislatura-a-municipios\/#breadcrumb","itemListElement":[{"@type":"ListItem","position":1,"name":"Inicio","item":"https:\/\/reflejodemichoacan.com\/"},{"@type":"ListItem","position":2,"name":"Hacer cumplir la Ley para la Inclusi\u00f3n de las Personas con Discapacidad, el exhorto de la 75 Legislatura a municipios"}]},{"@type":"Person","@id":"https:\/\/reflejodemichoacan.com\/#\/schema\/person\/72d921e8fe99bd6e2e39bcde8995046f","name":"Aurora","image":{"@type":"ImageObject","@id":"https:\/\/reflejodemichoacan.com\/#personlogo","inLanguage":"es-MX","url":"https:\/\/secure.gravatar.com\/avatar\/df5ceb9b998be27b25dd258a6b4b0a95?s=96&d=mm&r=g","contentUrl":"https:\/\/secure.gravatar.com\/avatar\/df5ceb9b998be27b25dd258a6b4b0a95?s=96&d=mm&r=g","caption":"Aurora"},"sameAs":["http:\/\/reflejodemichoacan.com"],"url":"https:\/\/reflejodemichoacan.com\/index.php\/author\/rixwm7qvsq\/"}]}},"_links":{"self":[{"href":"https:\/\/reflejodemichoacan.com\/index.php\/wp-json\/wp\/v2\/posts\/10351"}],"collection":[{"href":"https:\/\/reflejodemichoacan.com\/index.php\/wp-json\/wp\/v2\/posts"}],"about":[{"href":"https:\/\/reflejodemichoacan.com\/index.php\/wp-json\/wp\/v2\/types\/post"}],"author":[{"embeddable":true,"href":"https:\/\/reflejodemichoacan.com\/index.php\/wp-json\/wp\/v2\/users\/1"}],"replies":[{"embeddable":true,"href":"https:\/\/reflejodemichoacan.com\/index.php\/wp-json\/wp\/v2\/comments?post=10351"}],"version-history":[{"count":1,"href":"https:\/\/reflejodemichoacan.com\/index.php\/wp-json\/wp\/v2\/posts\/10351\/revisions"}],"predecessor-version":[{"id":10353,"href":"https:\/\/reflejodemichoacan.com\/index.php\/wp-json\/wp\/v2\/posts\/10351\/revisions\/10353"}],"wp:featuredmedia":[{"embeddable":true,"href":"https:\/\/reflejodemichoacan.com\/index.php\/wp-json\/wp\/v2\/media\/10352"}],"wp:attachment":[{"href":"https:\/\/reflejodemichoacan.com\/index.php\/wp-json\/wp\/v2\/media?parent=10351"}],"wp:term":[{"taxonomy":"category","embeddable":true,"href":"https:\/\/reflejodemichoacan.com\/index.php\/wp-json\/wp\/v2\/categories?post=10351"},{"taxonomy":"post_tag","embeddable":true,"href":"https:\/\/reflejodemichoacan.com\/index.php\/wp-json\/wp\/v2\/tags?post=10351"}],"curies":[{"name":"wp","href":"https:\/\/api.w.org\/{rel}","templated":true}]}}