{"id":10361,"date":"2022-11-19T00:01:58","date_gmt":"2022-11-19T00:01:58","guid":{"rendered":"https:\/\/reflejodemichoacan.com\/?p=10361"},"modified":"2022-11-19T00:02:00","modified_gmt":"2022-11-19T00:02:00","slug":"acceso-a-estancias-infantiles-para-las-familias-mas-vulnerables-dip-lariza-perez","status":"publish","type":"post","link":"https:\/\/reflejodemichoacan.com\/index.php\/2022\/11\/19\/acceso-a-estancias-infantiles-para-las-familias-mas-vulnerables-dip-lariza-perez\/","title":{"rendered":"Acceso a Estancias Infantiles para las familias m\u00e1s vulnerables: Dip. Lariza P\u00e9rez"},"content":{"rendered":"\n<p>Morelia, Michoac\u00e1n, 17 de noviembre de 2022.- Con el fin de garantizar a las familias en situaci\u00f3n de pobreza el acceso a servicios de cuidado y atenci\u00f3n infantil, mediante esquemas de seguridad social que protejan su bienestar socioecon\u00f3mico, este mi\u00e9rcoles Lariza P\u00e9rez Campos Diputada Local por el Partido Acci\u00f3n Nacional (PAN) present\u00f3 ante el Congreso de Michoac\u00e1n una iniciativa de reforma a la Ley para la Prestaci\u00f3n de Servicios de Atenci\u00f3n, Cuidado y Desarrollo Integral Infantil en el Estado de Michoac\u00e1n de Ocampo.<br>La propuesta de la Coordinadora del Grupo Parlamentario del PAN, tiene por objeto que el Estado reconozca y garantice el financiamiento a los prestadores del servicio de aseo, alimentaci\u00f3n, cuidados de la salud, educaci\u00f3n y recreaci\u00f3n a ni\u00f1os de 43 d\u00edas de nacidos a los cuatro a\u00f1os de edad o Estancias Infantiles.<br>&#8220;Que cumplan eficazmente con la Ley General de Prestaci\u00f3n de Servicios para la Atenci\u00f3n, Cuidado y Desarrollo Infantil, as\u00ed como con las normas vigentes y rector\u00eda del Estado de Michoac\u00e1n correspondientes a los servicios para la atenci\u00f3n, cuidado y desarrollo integral infantil, y de que, toda vez reconocidas dichas Estancias Infantiles dentro del proyecto de Presupuesto de Egresos del Estado de Michoac\u00e1n, no sea posible asignarles menores recursos en cada ejercicio fiscal que en el anterior&#8221;, present\u00f3 en Tribuna.<br>La diputada Lariza explic\u00f3 que es necesaria una estrategia del Estado que dote de esquemas de seguridad social a las familias, proteja su bienestar socioecon\u00f3mico y garantice su acceso y permanencia en el mercado laboral de las madres y padres, tanto solteros como casados, as\u00ed como de los tutores que trabajan o estudian para que puedan acceder a servicios de cuidado y atenci\u00f3n infantil.<br>&#8220;Solicito, se considere oportuno legislar en favor de los grupos m\u00e1s necesitados como es para el caso, en beneficio de las mujeres, madres que por separaci\u00f3n, viudez, divorcio, abandono, solter\u00eda u otro asumen en solitario las funciones de proveedoras de familia; as\u00ed como las tareas dom\u00e9sticas, las responsabilidades en la educaci\u00f3n y de manera compartida o bien \u00fanica, de ser la fuente principal de ingresos de la familia&#8221;, expuso.<br>Finalmente, Lariza P\u00e9rez recalc\u00f3 que las actuales condiciones econ\u00f3micas y sociales convierten el servicio de guarder\u00edas y estancias para menores, en una necesidad indispensable &#8220;a fin de poder cumplir las madres y padres de familia con las obligaciones y exigencias laborales actuales, existiendo en este sentido, adem\u00e1s un fen\u00f3meno social que tampoco podemos ignorar, referente a la diversidad de familias que existen hoy en d\u00eda&#8221;, enfatiz\u00f3.<\/p>\n","protected":false},"excerpt":{"rendered":"<p>Morelia, Michoac\u00e1n, 17 de noviembre de 2022.- Con el fin de garantizar a las familias en situaci\u00f3n de pobreza el acceso a servicios de cuidado y atenci\u00f3n infantil, mediante esquemas de seguridad social que protejan su bienestar socioecon\u00f3mico, este mi\u00e9rcoles Lariza P\u00e9rez Campos Diputada Local por el Partido Acci\u00f3n Nacional (PAN) present\u00f3 ante el Congreso [&hellip;]<\/p>\n","protected":false},"author":1,"featured_media":10362,"comment_status":"open","ping_status":"closed","sticky":false,"template":"","format":"standard","meta":[],"categories":[1],"tags":[],"yoast_head":"<!-- This site is optimized with the Yoast SEO plugin v17.9 - https:\/\/yoast.com\/wordpress\/plugins\/seo\/ -->\n<title>Acceso a Estancias Infantiles para las familias m\u00e1s vulnerables: Dip. Lariza P\u00e9rez - Reflejo de Michoac\u00e1n<\/title>\n<meta name=\"robots\" content=\"index, follow, max-snippet:-1, max-image-preview:large, max-video-preview:-1\" \/>\n<link rel=\"canonical\" href=\"https:\/\/reflejodemichoacan.com\/index.php\/2022\/11\/19\/acceso-a-estancias-infantiles-para-las-familias-mas-vulnerables-dip-lariza-perez\/\" \/>\n<meta property=\"og:locale\" content=\"es_MX\" \/>\n<meta property=\"og:type\" content=\"article\" \/>\n<meta property=\"og:title\" content=\"Acceso a Estancias Infantiles para las familias m\u00e1s vulnerables: Dip. Lariza P\u00e9rez - Reflejo de Michoac\u00e1n\" \/>\n<meta property=\"og:description\" content=\"Morelia, Michoac\u00e1n, 17 de noviembre de 2022.- Con el fin de garantizar a las familias en situaci\u00f3n de pobreza el acceso a servicios de cuidado y atenci\u00f3n infantil, mediante esquemas de seguridad social que protejan su bienestar socioecon\u00f3mico, este mi\u00e9rcoles Lariza P\u00e9rez Campos Diputada Local por el Partido Acci\u00f3n Nacional (PAN) present\u00f3 ante el Congreso [&hellip;]\" \/>\n<meta property=\"og:url\" content=\"https:\/\/reflejodemichoacan.com\/index.php\/2022\/11\/19\/acceso-a-estancias-infantiles-para-las-familias-mas-vulnerables-dip-lariza-perez\/\" \/>\n<meta property=\"og:site_name\" content=\"Reflejo de Michoac\u00e1n\" \/>\n<meta property=\"article:published_time\" content=\"2022-11-19T00:01:58+00:00\" \/>\n<meta property=\"article:modified_time\" content=\"2022-11-19T00:02:00+00:00\" \/>\n<meta property=\"og:image\" content=\"https:\/\/reflejodemichoacan.com\/wp-content\/uploads\/2022\/11\/acceso.jpg\" \/>\n\t<meta property=\"og:image:width\" content=\"1280\" \/>\n\t<meta property=\"og:image:height\" content=\"853\" \/>\n\t<meta property=\"og:image:type\" content=\"image\/jpeg\" \/>\n<meta name=\"twitter:card\" content=\"summary_large_image\" \/>\n<meta name=\"twitter:label1\" content=\"Escrito por\" \/>\n\t<meta name=\"twitter:data1\" content=\"Aurora\" \/>\n\t<meta name=\"twitter:label2\" content=\"Tiempo de lectura\" \/>\n\t<meta name=\"twitter:data2\" content=\"2 minutos\" \/>\n<script type=\"application\/ld+json\" class=\"yoast-schema-graph\">{\"@context\":\"https:\/\/schema.org\",\"@graph\":[{\"@type\":\"WebSite\",\"@id\":\"https:\/\/reflejodemichoacan.com\/#website\",\"url\":\"https:\/\/reflejodemichoacan.com\/\",\"name\":\"Reflejo de Michoac\\u00e1n\",\"description\":\"Medio de comunicaci\\u00f3n impreso y digital al servicio de la regi\\u00f3n lacustre y Michoac\\u00e1n.\",\"potentialAction\":[{\"@type\":\"SearchAction\",\"target\":{\"@type\":\"EntryPoint\",\"urlTemplate\":\"https:\/\/reflejodemichoacan.com\/?s={search_term_string}\"},\"query-input\":\"required name=search_term_string\"}],\"inLanguage\":\"es-MX\"},{\"@type\":\"ImageObject\",\"@id\":\"https:\/\/reflejodemichoacan.com\/index.php\/2022\/11\/19\/acceso-a-estancias-infantiles-para-las-familias-mas-vulnerables-dip-lariza-perez\/#primaryimage\",\"inLanguage\":\"es-MX\",\"url\":\"https:\/\/reflejodemichoacan.com\/wp-content\/uploads\/2022\/11\/acceso.jpg\",\"contentUrl\":\"https:\/\/reflejodemichoacan.com\/wp-content\/uploads\/2022\/11\/acceso.jpg\",\"width\":1280,\"height\":853},{\"@type\":\"WebPage\",\"@id\":\"https:\/\/reflejodemichoacan.com\/index.php\/2022\/11\/19\/acceso-a-estancias-infantiles-para-las-familias-mas-vulnerables-dip-lariza-perez\/#webpage\",\"url\":\"https:\/\/reflejodemichoacan.com\/index.php\/2022\/11\/19\/acceso-a-estancias-infantiles-para-las-familias-mas-vulnerables-dip-lariza-perez\/\",\"name\":\"Acceso a Estancias Infantiles para las familias m\\u00e1s vulnerables: Dip. Lariza P\\u00e9rez - Reflejo de Michoac\\u00e1n\",\"isPartOf\":{\"@id\":\"https:\/\/reflejodemichoacan.com\/#website\"},\"primaryImageOfPage\":{\"@id\":\"https:\/\/reflejodemichoacan.com\/index.php\/2022\/11\/19\/acceso-a-estancias-infantiles-para-las-familias-mas-vulnerables-dip-lariza-perez\/#primaryimage\"},\"datePublished\":\"2022-11-19T00:01:58+00:00\",\"dateModified\":\"2022-11-19T00:02:00+00:00\",\"author\":{\"@id\":\"https:\/\/reflejodemichoacan.com\/#\/schema\/person\/72d921e8fe99bd6e2e39bcde8995046f\"},\"breadcrumb\":{\"@id\":\"https:\/\/reflejodemichoacan.com\/index.php\/2022\/11\/19\/acceso-a-estancias-infantiles-para-las-familias-mas-vulnerables-dip-lariza-perez\/#breadcrumb\"},\"inLanguage\":\"es-MX\",\"potentialAction\":[{\"@type\":\"ReadAction\",\"target\":[\"https:\/\/reflejodemichoacan.com\/index.php\/2022\/11\/19\/acceso-a-estancias-infantiles-para-las-familias-mas-vulnerables-dip-lariza-perez\/\"]}]},{\"@type\":\"BreadcrumbList\",\"@id\":\"https:\/\/reflejodemichoacan.com\/index.php\/2022\/11\/19\/acceso-a-estancias-infantiles-para-las-familias-mas-vulnerables-dip-lariza-perez\/#breadcrumb\",\"itemListElement\":[{\"@type\":\"ListItem\",\"position\":1,\"name\":\"Inicio\",\"item\":\"https:\/\/reflejodemichoacan.com\/\"},{\"@type\":\"ListItem\",\"position\":2,\"name\":\"Acceso a Estancias Infantiles para las familias m\\u00e1s vulnerables: Dip. Lariza P\\u00e9rez\"}]},{\"@type\":\"Person\",\"@id\":\"https:\/\/reflejodemichoacan.com\/#\/schema\/person\/72d921e8fe99bd6e2e39bcde8995046f\",\"name\":\"Aurora\",\"image\":{\"@type\":\"ImageObject\",\"@id\":\"https:\/\/reflejodemichoacan.com\/#personlogo\",\"inLanguage\":\"es-MX\",\"url\":\"https:\/\/secure.gravatar.com\/avatar\/df5ceb9b998be27b25dd258a6b4b0a95?s=96&d=mm&r=g\",\"contentUrl\":\"https:\/\/secure.gravatar.com\/avatar\/df5ceb9b998be27b25dd258a6b4b0a95?s=96&d=mm&r=g\",\"caption\":\"Aurora\"},\"sameAs\":[\"http:\/\/reflejodemichoacan.com\"],\"url\":\"https:\/\/reflejodemichoacan.com\/index.php\/author\/rixwm7qvsq\/\"}]}<\/script>\n<!-- \/ Yoast SEO plugin. -->","yoast_head_json":{"title":"Acceso a Estancias Infantiles para las familias m\u00e1s vulnerables: Dip. Lariza P\u00e9rez - Reflejo de Michoac\u00e1n","robots":{"index":"index","follow":"follow","max-snippet":"max-snippet:-1","max-image-preview":"max-image-preview:large","max-video-preview":"max-video-preview:-1"},"canonical":"https:\/\/reflejodemichoacan.com\/index.php\/2022\/11\/19\/acceso-a-estancias-infantiles-para-las-familias-mas-vulnerables-dip-lariza-perez\/","og_locale":"es_MX","og_type":"article","og_title":"Acceso a Estancias Infantiles para las familias m\u00e1s vulnerables: Dip. Lariza P\u00e9rez - Reflejo de Michoac\u00e1n","og_description":"Morelia, Michoac\u00e1n, 17 de noviembre de 2022.- Con el fin de garantizar a las familias en situaci\u00f3n de pobreza el acceso a servicios de cuidado y atenci\u00f3n infantil, mediante esquemas de seguridad social que protejan su bienestar socioecon\u00f3mico, este mi\u00e9rcoles Lariza P\u00e9rez Campos Diputada Local por el Partido Acci\u00f3n Nacional (PAN) present\u00f3 ante el Congreso [&hellip;]","og_url":"https:\/\/reflejodemichoacan.com\/index.php\/2022\/11\/19\/acceso-a-estancias-infantiles-para-las-familias-mas-vulnerables-dip-lariza-perez\/","og_site_name":"Reflejo de Michoac\u00e1n","article_published_time":"2022-11-19T00:01:58+00:00","article_modified_time":"2022-11-19T00:02:00+00:00","og_image":[{"width":1280,"height":853,"url":"https:\/\/reflejodemichoacan.com\/wp-content\/uploads\/2022\/11\/acceso.jpg","type":"image\/jpeg"}],"twitter_card":"summary_large_image","twitter_misc":{"Escrito por":"Aurora","Tiempo de lectura":"2 minutos"},"schema":{"@context":"https:\/\/schema.org","@graph":[{"@type":"WebSite","@id":"https:\/\/reflejodemichoacan.com\/#website","url":"https:\/\/reflejodemichoacan.com\/","name":"Reflejo de Michoac\u00e1n","description":"Medio de comunicaci\u00f3n impreso y digital al servicio de la regi\u00f3n lacustre y Michoac\u00e1n.","potentialAction":[{"@type":"SearchAction","target":{"@type":"EntryPoint","urlTemplate":"https:\/\/reflejodemichoacan.com\/?s={search_term_string}"},"query-input":"required name=search_term_string"}],"inLanguage":"es-MX"},{"@type":"ImageObject","@id":"https:\/\/reflejodemichoacan.com\/index.php\/2022\/11\/19\/acceso-a-estancias-infantiles-para-las-familias-mas-vulnerables-dip-lariza-perez\/#primaryimage","inLanguage":"es-MX","url":"https:\/\/reflejodemichoacan.com\/wp-content\/uploads\/2022\/11\/acceso.jpg","contentUrl":"https:\/\/reflejodemichoacan.com\/wp-content\/uploads\/2022\/11\/acceso.jpg","width":1280,"height":853},{"@type":"WebPage","@id":"https:\/\/reflejodemichoacan.com\/index.php\/2022\/11\/19\/acceso-a-estancias-infantiles-para-las-familias-mas-vulnerables-dip-lariza-perez\/#webpage","url":"https:\/\/reflejodemichoacan.com\/index.php\/2022\/11\/19\/acceso-a-estancias-infantiles-para-las-familias-mas-vulnerables-dip-lariza-perez\/","name":"Acceso a Estancias Infantiles para las familias m\u00e1s vulnerables: Dip. Lariza P\u00e9rez - Reflejo de Michoac\u00e1n","isPartOf":{"@id":"https:\/\/reflejodemichoacan.com\/#website"},"primaryImageOfPage":{"@id":"https:\/\/reflejodemichoacan.com\/index.php\/2022\/11\/19\/acceso-a-estancias-infantiles-para-las-familias-mas-vulnerables-dip-lariza-perez\/#primaryimage"},"datePublished":"2022-11-19T00:01:58+00:00","dateModified":"2022-11-19T00:02:00+00:00","author":{"@id":"https:\/\/reflejodemichoacan.com\/#\/schema\/person\/72d921e8fe99bd6e2e39bcde8995046f"},"breadcrumb":{"@id":"https:\/\/reflejodemichoacan.com\/index.php\/2022\/11\/19\/acceso-a-estancias-infantiles-para-las-familias-mas-vulnerables-dip-lariza-perez\/#breadcrumb"},"inLanguage":"es-MX","potentialAction":[{"@type":"ReadAction","target":["https:\/\/reflejodemichoacan.com\/index.php\/2022\/11\/19\/acceso-a-estancias-infantiles-para-las-familias-mas-vulnerables-dip-lariza-perez\/"]}]},{"@type":"BreadcrumbList","@id":"https:\/\/reflejodemichoacan.com\/index.php\/2022\/11\/19\/acceso-a-estancias-infantiles-para-las-familias-mas-vulnerables-dip-lariza-perez\/#breadcrumb","itemListElement":[{"@type":"ListItem","position":1,"name":"Inicio","item":"https:\/\/reflejodemichoacan.com\/"},{"@type":"ListItem","position":2,"name":"Acceso a Estancias Infantiles para las familias m\u00e1s vulnerables: Dip. Lariza P\u00e9rez"}]},{"@type":"Person","@id":"https:\/\/reflejodemichoacan.com\/#\/schema\/person\/72d921e8fe99bd6e2e39bcde8995046f","name":"Aurora","image":{"@type":"ImageObject","@id":"https:\/\/reflejodemichoacan.com\/#personlogo","inLanguage":"es-MX","url":"https:\/\/secure.gravatar.com\/avatar\/df5ceb9b998be27b25dd258a6b4b0a95?s=96&d=mm&r=g","contentUrl":"https:\/\/secure.gravatar.com\/avatar\/df5ceb9b998be27b25dd258a6b4b0a95?s=96&d=mm&r=g","caption":"Aurora"},"sameAs":["http:\/\/reflejodemichoacan.com"],"url":"https:\/\/reflejodemichoacan.com\/index.php\/author\/rixwm7qvsq\/"}]}},"_links":{"self":[{"href":"https:\/\/reflejodemichoacan.com\/index.php\/wp-json\/wp\/v2\/posts\/10361"}],"collection":[{"href":"https:\/\/reflejodemichoacan.com\/index.php\/wp-json\/wp\/v2\/posts"}],"about":[{"href":"https:\/\/reflejodemichoacan.com\/index.php\/wp-json\/wp\/v2\/types\/post"}],"author":[{"embeddable":true,"href":"https:\/\/reflejodemichoacan.com\/index.php\/wp-json\/wp\/v2\/users\/1"}],"replies":[{"embeddable":true,"href":"https:\/\/reflejodemichoacan.com\/index.php\/wp-json\/wp\/v2\/comments?post=10361"}],"version-history":[{"count":1,"href":"https:\/\/reflejodemichoacan.com\/index.php\/wp-json\/wp\/v2\/posts\/10361\/revisions"}],"predecessor-version":[{"id":10363,"href":"https:\/\/reflejodemichoacan.com\/index.php\/wp-json\/wp\/v2\/posts\/10361\/revisions\/10363"}],"wp:featuredmedia":[{"embeddable":true,"href":"https:\/\/reflejodemichoacan.com\/index.php\/wp-json\/wp\/v2\/media\/10362"}],"wp:attachment":[{"href":"https:\/\/reflejodemichoacan.com\/index.php\/wp-json\/wp\/v2\/media?parent=10361"}],"wp:term":[{"taxonomy":"category","embeddable":true,"href":"https:\/\/reflejodemichoacan.com\/index.php\/wp-json\/wp\/v2\/categories?post=10361"},{"taxonomy":"post_tag","embeddable":true,"href":"https:\/\/reflejodemichoacan.com\/index.php\/wp-json\/wp\/v2\/tags?post=10361"}],"curies":[{"name":"wp","href":"https:\/\/api.w.org\/{rel}","templated":true}]}}