{"id":10368,"date":"2022-11-20T22:01:27","date_gmt":"2022-11-20T22:01:27","guid":{"rendered":"https:\/\/reflejodemichoacan.com\/?p=10368"},"modified":"2022-11-20T22:01:29","modified_gmt":"2022-11-20T22:01:29","slug":"congreso-abre-dialogo-historico-con-sector-educativo-y-escucha-sus-necesidades-erendira-isauro","status":"publish","type":"post","link":"https:\/\/reflejodemichoacan.com\/index.php\/2022\/11\/20\/congreso-abre-dialogo-historico-con-sector-educativo-y-escucha-sus-necesidades-erendira-isauro\/","title":{"rendered":"Congreso abre di\u00e1logo hist\u00f3rico con sector educativo y escucha sus necesidades: Er\u00e9ndira Isauro"},"content":{"rendered":"\n<p>Morelia, Mich., 19 de noviembre del 2022. La educaci\u00f3n es una prioridad en el an\u00e1lisis del ejercicio presupuestal 2023, afirm\u00f3 la diputada coordinadora de la Representaci\u00f3n Parlamentaria en la 75 Legislatura, Erendira Isauro Hern\u00e1ndez, al destacar los ejercicios que desde las comisiones de Programaci\u00f3n, Presupuesto y Cuenta P\u00fablica; y Hacienda y Cuenta P\u00fablica, se hacen para escuchar a representantes de sistemas y subsistemas de educaci\u00f3n es hist\u00f3rico y sirve para conocer sus necesidades.<br>La legisladora enfatiz\u00f3 que previ\u00f3 a la entrega del presupuesto 2023 por el Gobierno Estatal y que se espera arribe la pr\u00f3xima semana; desde el Poder Legislativo a trav\u00e9s de las comisiones se escucha a quienes as\u00ed lo soliciten, para que se informe sobre las necesidades que tienen y atender en la medida de lo posible sus necesidades.<br>\u201cEste ha sido un ejercicio hist\u00f3rico, que nos ayuda establecer la viabilidad de los recursos que se les asignar\u00e1 desde el Congreso de Michoac\u00e1n\u201d, dijo Er\u00e9ndira Isauro, que record\u00f3 que, por primera vez en el Congreso del Estado, se abren estos espacios de di\u00e1logo entre los integrantes de las instituciones educativas y representantes populares.<br>\u201cEs un ejercicio democr\u00e1tico que contribuye a un presupuesto acorde a la realidad que enfrenta cada instituci\u00f3n\u201d, expres\u00f3 al recordar que en d\u00edas pasados se recibi\u00f3 a los representantes del Colegio de Bachilleres del Estado de Michoac\u00e1n (COBAEM) y del Instituto de Ciencia, Tecnolog\u00eda e Innovaci\u00f3n (ICTI), este \u00faltimo requerir\u00e1 de mayores recursos, pues ser\u00e1 el responsable de la transici\u00f3n del Gobierno Estatal a Gobierno Digital.<br>Asimismo, record\u00f3 que adem\u00e1s de estas instituciones tambi\u00e9n se ha escuchado a integrantes del magisterio michoacano de diferentes corrientes sindicales, a los integrantes de la extinta Junta de Caminos, en este \u00faltimo caso se hizo el compromiso de analizar la viabilidad de establecer una partida presupuestal para liquidar lo que se les adeuda desde el 2019 con motivo de la extinci\u00f3n de este organismo.<br>La diputada refrend\u00f3 su compromiso como integrante de comisiones unidas para garantizar que los recursos que se asignen al rubro educativo sean con un alto sentido de justicia social y beneficien a los sectores m\u00e1s desprotegidos, para garantizar el acceso a la educaci\u00f3n a todos y todas las michoacanas.<\/p>\n","protected":false},"excerpt":{"rendered":"<p>Morelia, Mich., 19 de noviembre del 2022. La educaci\u00f3n es una prioridad en el an\u00e1lisis del ejercicio presupuestal 2023, afirm\u00f3 la diputada coordinadora de la Representaci\u00f3n Parlamentaria en la 75 Legislatura, Erendira Isauro Hern\u00e1ndez, al destacar los ejercicios que desde las comisiones de Programaci\u00f3n, Presupuesto y Cuenta P\u00fablica; y Hacienda y Cuenta P\u00fablica, se hacen [&hellip;]<\/p>\n","protected":false},"author":1,"featured_media":10369,"comment_status":"open","ping_status":"closed","sticky":false,"template":"","format":"standard","meta":[],"categories":[1],"tags":[],"yoast_head":"<!-- This site is optimized with the Yoast SEO plugin v17.9 - https:\/\/yoast.com\/wordpress\/plugins\/seo\/ -->\n<title>Congreso abre di\u00e1logo hist\u00f3rico con sector educativo y escucha sus necesidades: Er\u00e9ndira Isauro - Reflejo de Michoac\u00e1n<\/title>\n<meta name=\"robots\" content=\"index, follow, max-snippet:-1, max-image-preview:large, max-video-preview:-1\" \/>\n<link rel=\"canonical\" href=\"https:\/\/reflejodemichoacan.com\/index.php\/2022\/11\/20\/congreso-abre-dialogo-historico-con-sector-educativo-y-escucha-sus-necesidades-erendira-isauro\/\" \/>\n<meta property=\"og:locale\" content=\"es_MX\" \/>\n<meta property=\"og:type\" content=\"article\" \/>\n<meta property=\"og:title\" content=\"Congreso abre di\u00e1logo hist\u00f3rico con sector educativo y escucha sus necesidades: Er\u00e9ndira Isauro - Reflejo de Michoac\u00e1n\" \/>\n<meta property=\"og:description\" content=\"Morelia, Mich., 19 de noviembre del 2022. La educaci\u00f3n es una prioridad en el an\u00e1lisis del ejercicio presupuestal 2023, afirm\u00f3 la diputada coordinadora de la Representaci\u00f3n Parlamentaria en la 75 Legislatura, Erendira Isauro Hern\u00e1ndez, al destacar los ejercicios que desde las comisiones de Programaci\u00f3n, Presupuesto y Cuenta P\u00fablica; y Hacienda y Cuenta P\u00fablica, se hacen [&hellip;]\" \/>\n<meta property=\"og:url\" content=\"https:\/\/reflejodemichoacan.com\/index.php\/2022\/11\/20\/congreso-abre-dialogo-historico-con-sector-educativo-y-escucha-sus-necesidades-erendira-isauro\/\" \/>\n<meta property=\"og:site_name\" content=\"Reflejo de Michoac\u00e1n\" \/>\n<meta property=\"article:published_time\" content=\"2022-11-20T22:01:27+00:00\" \/>\n<meta property=\"article:modified_time\" content=\"2022-11-20T22:01:29+00:00\" \/>\n<meta property=\"og:image\" content=\"https:\/\/reflejodemichoacan.com\/wp-content\/uploads\/2022\/11\/congreso-abre1.jpg\" \/>\n\t<meta property=\"og:image:width\" content=\"1280\" \/>\n\t<meta property=\"og:image:height\" content=\"852\" \/>\n\t<meta property=\"og:image:type\" content=\"image\/jpeg\" \/>\n<meta name=\"twitter:card\" content=\"summary_large_image\" \/>\n<meta name=\"twitter:label1\" content=\"Escrito por\" \/>\n\t<meta name=\"twitter:data1\" content=\"Aurora\" \/>\n\t<meta name=\"twitter:label2\" content=\"Tiempo de lectura\" \/>\n\t<meta name=\"twitter:data2\" content=\"2 minutos\" \/>\n<script type=\"application\/ld+json\" class=\"yoast-schema-graph\">{\"@context\":\"https:\/\/schema.org\",\"@graph\":[{\"@type\":\"WebSite\",\"@id\":\"https:\/\/reflejodemichoacan.com\/#website\",\"url\":\"https:\/\/reflejodemichoacan.com\/\",\"name\":\"Reflejo de Michoac\\u00e1n\",\"description\":\"Medio de comunicaci\\u00f3n impreso y digital al servicio de la regi\\u00f3n lacustre y Michoac\\u00e1n.\",\"potentialAction\":[{\"@type\":\"SearchAction\",\"target\":{\"@type\":\"EntryPoint\",\"urlTemplate\":\"https:\/\/reflejodemichoacan.com\/?s={search_term_string}\"},\"query-input\":\"required name=search_term_string\"}],\"inLanguage\":\"es-MX\"},{\"@type\":\"ImageObject\",\"@id\":\"https:\/\/reflejodemichoacan.com\/index.php\/2022\/11\/20\/congreso-abre-dialogo-historico-con-sector-educativo-y-escucha-sus-necesidades-erendira-isauro\/#primaryimage\",\"inLanguage\":\"es-MX\",\"url\":\"https:\/\/reflejodemichoacan.com\/wp-content\/uploads\/2022\/11\/congreso-abre1.jpg\",\"contentUrl\":\"https:\/\/reflejodemichoacan.com\/wp-content\/uploads\/2022\/11\/congreso-abre1.jpg\",\"width\":1280,\"height\":852},{\"@type\":\"WebPage\",\"@id\":\"https:\/\/reflejodemichoacan.com\/index.php\/2022\/11\/20\/congreso-abre-dialogo-historico-con-sector-educativo-y-escucha-sus-necesidades-erendira-isauro\/#webpage\",\"url\":\"https:\/\/reflejodemichoacan.com\/index.php\/2022\/11\/20\/congreso-abre-dialogo-historico-con-sector-educativo-y-escucha-sus-necesidades-erendira-isauro\/\",\"name\":\"Congreso abre di\\u00e1logo hist\\u00f3rico con sector educativo y escucha sus necesidades: Er\\u00e9ndira Isauro - Reflejo de Michoac\\u00e1n\",\"isPartOf\":{\"@id\":\"https:\/\/reflejodemichoacan.com\/#website\"},\"primaryImageOfPage\":{\"@id\":\"https:\/\/reflejodemichoacan.com\/index.php\/2022\/11\/20\/congreso-abre-dialogo-historico-con-sector-educativo-y-escucha-sus-necesidades-erendira-isauro\/#primaryimage\"},\"datePublished\":\"2022-11-20T22:01:27+00:00\",\"dateModified\":\"2022-11-20T22:01:29+00:00\",\"author\":{\"@id\":\"https:\/\/reflejodemichoacan.com\/#\/schema\/person\/72d921e8fe99bd6e2e39bcde8995046f\"},\"breadcrumb\":{\"@id\":\"https:\/\/reflejodemichoacan.com\/index.php\/2022\/11\/20\/congreso-abre-dialogo-historico-con-sector-educativo-y-escucha-sus-necesidades-erendira-isauro\/#breadcrumb\"},\"inLanguage\":\"es-MX\",\"potentialAction\":[{\"@type\":\"ReadAction\",\"target\":[\"https:\/\/reflejodemichoacan.com\/index.php\/2022\/11\/20\/congreso-abre-dialogo-historico-con-sector-educativo-y-escucha-sus-necesidades-erendira-isauro\/\"]}]},{\"@type\":\"BreadcrumbList\",\"@id\":\"https:\/\/reflejodemichoacan.com\/index.php\/2022\/11\/20\/congreso-abre-dialogo-historico-con-sector-educativo-y-escucha-sus-necesidades-erendira-isauro\/#breadcrumb\",\"itemListElement\":[{\"@type\":\"ListItem\",\"position\":1,\"name\":\"Inicio\",\"item\":\"https:\/\/reflejodemichoacan.com\/\"},{\"@type\":\"ListItem\",\"position\":2,\"name\":\"Congreso abre di\\u00e1logo hist\\u00f3rico con sector educativo y escucha sus necesidades: Er\\u00e9ndira Isauro\"}]},{\"@type\":\"Person\",\"@id\":\"https:\/\/reflejodemichoacan.com\/#\/schema\/person\/72d921e8fe99bd6e2e39bcde8995046f\",\"name\":\"Aurora\",\"image\":{\"@type\":\"ImageObject\",\"@id\":\"https:\/\/reflejodemichoacan.com\/#personlogo\",\"inLanguage\":\"es-MX\",\"url\":\"https:\/\/secure.gravatar.com\/avatar\/df5ceb9b998be27b25dd258a6b4b0a95?s=96&d=mm&r=g\",\"contentUrl\":\"https:\/\/secure.gravatar.com\/avatar\/df5ceb9b998be27b25dd258a6b4b0a95?s=96&d=mm&r=g\",\"caption\":\"Aurora\"},\"sameAs\":[\"http:\/\/reflejodemichoacan.com\"],\"url\":\"https:\/\/reflejodemichoacan.com\/index.php\/author\/rixwm7qvsq\/\"}]}<\/script>\n<!-- \/ Yoast SEO plugin. -->","yoast_head_json":{"title":"Congreso abre di\u00e1logo hist\u00f3rico con sector educativo y escucha sus necesidades: Er\u00e9ndira Isauro - Reflejo de Michoac\u00e1n","robots":{"index":"index","follow":"follow","max-snippet":"max-snippet:-1","max-image-preview":"max-image-preview:large","max-video-preview":"max-video-preview:-1"},"canonical":"https:\/\/reflejodemichoacan.com\/index.php\/2022\/11\/20\/congreso-abre-dialogo-historico-con-sector-educativo-y-escucha-sus-necesidades-erendira-isauro\/","og_locale":"es_MX","og_type":"article","og_title":"Congreso abre di\u00e1logo hist\u00f3rico con sector educativo y escucha sus necesidades: Er\u00e9ndira Isauro - Reflejo de Michoac\u00e1n","og_description":"Morelia, Mich., 19 de noviembre del 2022. La educaci\u00f3n es una prioridad en el an\u00e1lisis del ejercicio presupuestal 2023, afirm\u00f3 la diputada coordinadora de la Representaci\u00f3n Parlamentaria en la 75 Legislatura, Erendira Isauro Hern\u00e1ndez, al destacar los ejercicios que desde las comisiones de Programaci\u00f3n, Presupuesto y Cuenta P\u00fablica; y Hacienda y Cuenta P\u00fablica, se hacen [&hellip;]","og_url":"https:\/\/reflejodemichoacan.com\/index.php\/2022\/11\/20\/congreso-abre-dialogo-historico-con-sector-educativo-y-escucha-sus-necesidades-erendira-isauro\/","og_site_name":"Reflejo de Michoac\u00e1n","article_published_time":"2022-11-20T22:01:27+00:00","article_modified_time":"2022-11-20T22:01:29+00:00","og_image":[{"width":1280,"height":852,"url":"https:\/\/reflejodemichoacan.com\/wp-content\/uploads\/2022\/11\/congreso-abre1.jpg","type":"image\/jpeg"}],"twitter_card":"summary_large_image","twitter_misc":{"Escrito por":"Aurora","Tiempo de lectura":"2 minutos"},"schema":{"@context":"https:\/\/schema.org","@graph":[{"@type":"WebSite","@id":"https:\/\/reflejodemichoacan.com\/#website","url":"https:\/\/reflejodemichoacan.com\/","name":"Reflejo de Michoac\u00e1n","description":"Medio de comunicaci\u00f3n impreso y digital al servicio de la regi\u00f3n lacustre y Michoac\u00e1n.","potentialAction":[{"@type":"SearchAction","target":{"@type":"EntryPoint","urlTemplate":"https:\/\/reflejodemichoacan.com\/?s={search_term_string}"},"query-input":"required name=search_term_string"}],"inLanguage":"es-MX"},{"@type":"ImageObject","@id":"https:\/\/reflejodemichoacan.com\/index.php\/2022\/11\/20\/congreso-abre-dialogo-historico-con-sector-educativo-y-escucha-sus-necesidades-erendira-isauro\/#primaryimage","inLanguage":"es-MX","url":"https:\/\/reflejodemichoacan.com\/wp-content\/uploads\/2022\/11\/congreso-abre1.jpg","contentUrl":"https:\/\/reflejodemichoacan.com\/wp-content\/uploads\/2022\/11\/congreso-abre1.jpg","width":1280,"height":852},{"@type":"WebPage","@id":"https:\/\/reflejodemichoacan.com\/index.php\/2022\/11\/20\/congreso-abre-dialogo-historico-con-sector-educativo-y-escucha-sus-necesidades-erendira-isauro\/#webpage","url":"https:\/\/reflejodemichoacan.com\/index.php\/2022\/11\/20\/congreso-abre-dialogo-historico-con-sector-educativo-y-escucha-sus-necesidades-erendira-isauro\/","name":"Congreso abre di\u00e1logo hist\u00f3rico con sector educativo y escucha sus necesidades: Er\u00e9ndira Isauro - Reflejo de Michoac\u00e1n","isPartOf":{"@id":"https:\/\/reflejodemichoacan.com\/#website"},"primaryImageOfPage":{"@id":"https:\/\/reflejodemichoacan.com\/index.php\/2022\/11\/20\/congreso-abre-dialogo-historico-con-sector-educativo-y-escucha-sus-necesidades-erendira-isauro\/#primaryimage"},"datePublished":"2022-11-20T22:01:27+00:00","dateModified":"2022-11-20T22:01:29+00:00","author":{"@id":"https:\/\/reflejodemichoacan.com\/#\/schema\/person\/72d921e8fe99bd6e2e39bcde8995046f"},"breadcrumb":{"@id":"https:\/\/reflejodemichoacan.com\/index.php\/2022\/11\/20\/congreso-abre-dialogo-historico-con-sector-educativo-y-escucha-sus-necesidades-erendira-isauro\/#breadcrumb"},"inLanguage":"es-MX","potentialAction":[{"@type":"ReadAction","target":["https:\/\/reflejodemichoacan.com\/index.php\/2022\/11\/20\/congreso-abre-dialogo-historico-con-sector-educativo-y-escucha-sus-necesidades-erendira-isauro\/"]}]},{"@type":"BreadcrumbList","@id":"https:\/\/reflejodemichoacan.com\/index.php\/2022\/11\/20\/congreso-abre-dialogo-historico-con-sector-educativo-y-escucha-sus-necesidades-erendira-isauro\/#breadcrumb","itemListElement":[{"@type":"ListItem","position":1,"name":"Inicio","item":"https:\/\/reflejodemichoacan.com\/"},{"@type":"ListItem","position":2,"name":"Congreso abre di\u00e1logo hist\u00f3rico con sector educativo y escucha sus necesidades: Er\u00e9ndira Isauro"}]},{"@type":"Person","@id":"https:\/\/reflejodemichoacan.com\/#\/schema\/person\/72d921e8fe99bd6e2e39bcde8995046f","name":"Aurora","image":{"@type":"ImageObject","@id":"https:\/\/reflejodemichoacan.com\/#personlogo","inLanguage":"es-MX","url":"https:\/\/secure.gravatar.com\/avatar\/df5ceb9b998be27b25dd258a6b4b0a95?s=96&d=mm&r=g","contentUrl":"https:\/\/secure.gravatar.com\/avatar\/df5ceb9b998be27b25dd258a6b4b0a95?s=96&d=mm&r=g","caption":"Aurora"},"sameAs":["http:\/\/reflejodemichoacan.com"],"url":"https:\/\/reflejodemichoacan.com\/index.php\/author\/rixwm7qvsq\/"}]}},"_links":{"self":[{"href":"https:\/\/reflejodemichoacan.com\/index.php\/wp-json\/wp\/v2\/posts\/10368"}],"collection":[{"href":"https:\/\/reflejodemichoacan.com\/index.php\/wp-json\/wp\/v2\/posts"}],"about":[{"href":"https:\/\/reflejodemichoacan.com\/index.php\/wp-json\/wp\/v2\/types\/post"}],"author":[{"embeddable":true,"href":"https:\/\/reflejodemichoacan.com\/index.php\/wp-json\/wp\/v2\/users\/1"}],"replies":[{"embeddable":true,"href":"https:\/\/reflejodemichoacan.com\/index.php\/wp-json\/wp\/v2\/comments?post=10368"}],"version-history":[{"count":1,"href":"https:\/\/reflejodemichoacan.com\/index.php\/wp-json\/wp\/v2\/posts\/10368\/revisions"}],"predecessor-version":[{"id":10370,"href":"https:\/\/reflejodemichoacan.com\/index.php\/wp-json\/wp\/v2\/posts\/10368\/revisions\/10370"}],"wp:featuredmedia":[{"embeddable":true,"href":"https:\/\/reflejodemichoacan.com\/index.php\/wp-json\/wp\/v2\/media\/10369"}],"wp:attachment":[{"href":"https:\/\/reflejodemichoacan.com\/index.php\/wp-json\/wp\/v2\/media?parent=10368"}],"wp:term":[{"taxonomy":"category","embeddable":true,"href":"https:\/\/reflejodemichoacan.com\/index.php\/wp-json\/wp\/v2\/categories?post=10368"},{"taxonomy":"post_tag","embeddable":true,"href":"https:\/\/reflejodemichoacan.com\/index.php\/wp-json\/wp\/v2\/tags?post=10368"}],"curies":[{"name":"wp","href":"https:\/\/api.w.org\/{rel}","templated":true}]}}