{"id":10371,"date":"2022-11-21T19:32:55","date_gmt":"2022-11-21T19:32:55","guid":{"rendered":"https:\/\/reflejodemichoacan.com\/?p=10371"},"modified":"2022-11-21T19:32:57","modified_gmt":"2022-11-21T19:32:57","slug":"con-exito-se-realiza-el-lxv-aniversario-del-azteca-de-oro-en-patzcuaro","status":"publish","type":"post","link":"https:\/\/reflejodemichoacan.com\/index.php\/2022\/11\/21\/con-exito-se-realiza-el-lxv-aniversario-del-azteca-de-oro-en-patzcuaro\/","title":{"rendered":"CON \u00c9XITO SE REALIZA EL LXV ANIVERSARIO DEL AZTECA DE ORO EN P\u00c1TZCUARO"},"content":{"rendered":"\n<p>Fidel Rodr\u00edguez Ramos<\/p>\n\n\n\n<p>&nbsp;&nbsp;&nbsp; Puntualmente, a las nueve de la ma\u00f1ana se iniciaron los festejos del club de fut-bol \u201cAzteca de Oro\u201d, en la antigua tenencia de Ibarra, &nbsp;presididos por el presidente municipal, acompa\u00f1ado de buena parte de su gabinete. La ceremonia c\u00edvica corri\u00f3 a cargo de la escuela primaria federal \u201cPedro Antonio de Ibarra\u201d, la excelencia de la formaci\u00f3n que reciben las ni\u00f1as y ni\u00f1os en ese centro, donde muchos de los deportistas del balompi\u00e9 se formaron, queda evidenciada por la escolta y banda de guerra.<\/p>\n\n\n\n<p>&nbsp; Despu\u00e9s se da paso al aspecto social donde brevemente se narra la formaci\u00f3n del club, que se asegur\u00f3, es orgullo de las colonias Ibarra, San Jos\u00e9, Viveros y Morelos, en ese nuevo proyecto destaca el concurso de los sacerdotes Patricio Carranza Carranza y Antonio Cervantes P\u00e9rez, quienes realizan diversas acciones para que la nueva formaci\u00f3n participe en la liga municipal. Las cosas por s\u00ed solas no marchan, por eso se agradeci\u00f3 el esfuerzo de Clemente Trinidad Huanosta, Gabriel Calder\u00f3n Paz, Jorge Heredia Sanabria, Jos\u00e9 Claudio Castillo V\u00e1zquez, Manuel Rojas Magall\u00e1n. Hoy el club es dirigido por Ram\u00f3n Cira Ayala como presidente y funge como delegado H\u00e9ctor Madrigal Aguilar.<\/p>\n\n\n\n<p>\u00a0 \u00a0\u00a0En el evento se nota nerviosismo, y como no si la celebraci\u00f3n no fue un acto cualquiera, pues se trataba de recordar a los cientos, miles de jugadores participantes en m\u00e1s de seis d\u00e9cadas. Afortunadamente parte de esa sensaci\u00f3n se alivia con la presencia, comprensi\u00f3n de Rafael Orozco Bola\u00f1os \u201cLa Yata\u201d; para el libro del recuerdo queda la asistencia de Salvador Carranza Navarrete (sobrino de Patricio Carranza). Planear ese festejo ocupa a diversas comisiones m\u00e1s de tres meses, pero la compensaci\u00f3n al final fue buena, pues muchos celebraron con mucho contento el llegar al t\u00e9rmino de un programa que por supuesto debi\u00f3 modificarse en varias ocasiones. F\u00edsicamente no estuvieron en el acto, pero si en el coraz\u00f3n de los asistentes los amigos: Luis Manuel Ramos Torres (Nelos), Francisco Ortiz Gama, Alejandro Hern\u00e1ndez Alba, con todo respeto al excelente defensa \u201cLa Peyoya\u201d, \u00a0Miguel Ramos Cuin, Salvador Escobar Gonz\u00e1lez, Jos\u00e9 Luis Alc\u00e1ntar Arellano, Jos\u00e9 Mar\u00eda Ramos Hern\u00e1ndez (Barras), Antonio Avalos Ramos, con respeto al \u201cChaka\u201d. La directiva, por este generoso medio, profundamente agradece a todas y todos que pusieron su granito de arena para esta conmemoraci\u00f3n, y de manera muy especial a los medios de comunicaci\u00f3n patzcuarenses que dieron cobertura a ese sincero acto de recordaci\u00f3n de quienes hicieron posible un equipo que ayuda a forjar unidad, identidad, orgullo y buena sociabilidad. Todas y todos, dijo la dirigencia escribimos un pedacito de historia deportiva en este apreciado P\u00e1tzcuaro. <\/p>\n","protected":false},"excerpt":{"rendered":"<p>Fidel Rodr\u00edguez Ramos &nbsp;&nbsp;&nbsp; Puntualmente, a las nueve de la ma\u00f1ana se iniciaron los festejos del club de fut-bol \u201cAzteca de Oro\u201d, en la antigua tenencia de Ibarra, &nbsp;presididos por el presidente municipal, acompa\u00f1ado de buena parte de su gabinete. La ceremonia c\u00edvica corri\u00f3 a cargo de la escuela primaria federal \u201cPedro Antonio de Ibarra\u201d, [&hellip;]<\/p>\n","protected":false},"author":1,"featured_media":10372,"comment_status":"open","ping_status":"closed","sticky":false,"template":"","format":"standard","meta":[],"categories":[1],"tags":[],"yoast_head":"<!-- This site is optimized with the Yoast SEO plugin v17.9 - https:\/\/yoast.com\/wordpress\/plugins\/seo\/ -->\n<title>CON \u00c9XITO SE REALIZA EL LXV ANIVERSARIO DEL AZTECA DE ORO EN P\u00c1TZCUARO - Reflejo de Michoac\u00e1n<\/title>\n<meta name=\"robots\" content=\"index, follow, max-snippet:-1, max-image-preview:large, max-video-preview:-1\" \/>\n<link rel=\"canonical\" href=\"https:\/\/reflejodemichoacan.com\/index.php\/2022\/11\/21\/con-exito-se-realiza-el-lxv-aniversario-del-azteca-de-oro-en-patzcuaro\/\" \/>\n<meta property=\"og:locale\" content=\"es_MX\" \/>\n<meta property=\"og:type\" content=\"article\" \/>\n<meta property=\"og:title\" content=\"CON \u00c9XITO SE REALIZA EL LXV ANIVERSARIO DEL AZTECA DE ORO EN P\u00c1TZCUARO - Reflejo de Michoac\u00e1n\" \/>\n<meta property=\"og:description\" content=\"Fidel Rodr\u00edguez Ramos &nbsp;&nbsp;&nbsp; Puntualmente, a las nueve de la ma\u00f1ana se iniciaron los festejos del club de fut-bol \u201cAzteca de Oro\u201d, en la antigua tenencia de Ibarra, &nbsp;presididos por el presidente municipal, acompa\u00f1ado de buena parte de su gabinete. La ceremonia c\u00edvica corri\u00f3 a cargo de la escuela primaria federal \u201cPedro Antonio de Ibarra\u201d, [&hellip;]\" \/>\n<meta property=\"og:url\" content=\"https:\/\/reflejodemichoacan.com\/index.php\/2022\/11\/21\/con-exito-se-realiza-el-lxv-aniversario-del-azteca-de-oro-en-patzcuaro\/\" \/>\n<meta property=\"og:site_name\" content=\"Reflejo de Michoac\u00e1n\" \/>\n<meta property=\"article:published_time\" content=\"2022-11-21T19:32:55+00:00\" \/>\n<meta property=\"article:modified_time\" content=\"2022-11-21T19:32:57+00:00\" \/>\n<meta property=\"og:image\" content=\"https:\/\/reflejodemichoacan.com\/wp-content\/uploads\/2022\/11\/club-scaled.jpg\" \/>\n\t<meta property=\"og:image:width\" content=\"2560\" \/>\n\t<meta property=\"og:image:height\" content=\"1920\" \/>\n\t<meta property=\"og:image:type\" content=\"image\/jpeg\" \/>\n<meta name=\"twitter:card\" content=\"summary_large_image\" \/>\n<meta name=\"twitter:label1\" content=\"Escrito por\" \/>\n\t<meta name=\"twitter:data1\" content=\"Aurora\" \/>\n\t<meta name=\"twitter:label2\" content=\"Tiempo de lectura\" \/>\n\t<meta name=\"twitter:data2\" content=\"2 minutos\" \/>\n<script type=\"application\/ld+json\" class=\"yoast-schema-graph\">{\"@context\":\"https:\/\/schema.org\",\"@graph\":[{\"@type\":\"WebSite\",\"@id\":\"https:\/\/reflejodemichoacan.com\/#website\",\"url\":\"https:\/\/reflejodemichoacan.com\/\",\"name\":\"Reflejo de Michoac\\u00e1n\",\"description\":\"Medio de comunicaci\\u00f3n impreso y digital al servicio de la regi\\u00f3n lacustre y Michoac\\u00e1n.\",\"potentialAction\":[{\"@type\":\"SearchAction\",\"target\":{\"@type\":\"EntryPoint\",\"urlTemplate\":\"https:\/\/reflejodemichoacan.com\/?s={search_term_string}\"},\"query-input\":\"required name=search_term_string\"}],\"inLanguage\":\"es-MX\"},{\"@type\":\"ImageObject\",\"@id\":\"https:\/\/reflejodemichoacan.com\/index.php\/2022\/11\/21\/con-exito-se-realiza-el-lxv-aniversario-del-azteca-de-oro-en-patzcuaro\/#primaryimage\",\"inLanguage\":\"es-MX\",\"url\":\"https:\/\/reflejodemichoacan.com\/wp-content\/uploads\/2022\/11\/club-scaled.jpg\",\"contentUrl\":\"https:\/\/reflejodemichoacan.com\/wp-content\/uploads\/2022\/11\/club-scaled.jpg\",\"width\":2560,\"height\":1920},{\"@type\":\"WebPage\",\"@id\":\"https:\/\/reflejodemichoacan.com\/index.php\/2022\/11\/21\/con-exito-se-realiza-el-lxv-aniversario-del-azteca-de-oro-en-patzcuaro\/#webpage\",\"url\":\"https:\/\/reflejodemichoacan.com\/index.php\/2022\/11\/21\/con-exito-se-realiza-el-lxv-aniversario-del-azteca-de-oro-en-patzcuaro\/\",\"name\":\"CON \\u00c9XITO SE REALIZA EL LXV ANIVERSARIO DEL AZTECA DE ORO EN P\\u00c1TZCUARO - Reflejo de Michoac\\u00e1n\",\"isPartOf\":{\"@id\":\"https:\/\/reflejodemichoacan.com\/#website\"},\"primaryImageOfPage\":{\"@id\":\"https:\/\/reflejodemichoacan.com\/index.php\/2022\/11\/21\/con-exito-se-realiza-el-lxv-aniversario-del-azteca-de-oro-en-patzcuaro\/#primaryimage\"},\"datePublished\":\"2022-11-21T19:32:55+00:00\",\"dateModified\":\"2022-11-21T19:32:57+00:00\",\"author\":{\"@id\":\"https:\/\/reflejodemichoacan.com\/#\/schema\/person\/72d921e8fe99bd6e2e39bcde8995046f\"},\"breadcrumb\":{\"@id\":\"https:\/\/reflejodemichoacan.com\/index.php\/2022\/11\/21\/con-exito-se-realiza-el-lxv-aniversario-del-azteca-de-oro-en-patzcuaro\/#breadcrumb\"},\"inLanguage\":\"es-MX\",\"potentialAction\":[{\"@type\":\"ReadAction\",\"target\":[\"https:\/\/reflejodemichoacan.com\/index.php\/2022\/11\/21\/con-exito-se-realiza-el-lxv-aniversario-del-azteca-de-oro-en-patzcuaro\/\"]}]},{\"@type\":\"BreadcrumbList\",\"@id\":\"https:\/\/reflejodemichoacan.com\/index.php\/2022\/11\/21\/con-exito-se-realiza-el-lxv-aniversario-del-azteca-de-oro-en-patzcuaro\/#breadcrumb\",\"itemListElement\":[{\"@type\":\"ListItem\",\"position\":1,\"name\":\"Inicio\",\"item\":\"https:\/\/reflejodemichoacan.com\/\"},{\"@type\":\"ListItem\",\"position\":2,\"name\":\"CON \\u00c9XITO SE REALIZA EL LXV ANIVERSARIO DEL AZTECA DE ORO EN P\\u00c1TZCUARO\"}]},{\"@type\":\"Person\",\"@id\":\"https:\/\/reflejodemichoacan.com\/#\/schema\/person\/72d921e8fe99bd6e2e39bcde8995046f\",\"name\":\"Aurora\",\"image\":{\"@type\":\"ImageObject\",\"@id\":\"https:\/\/reflejodemichoacan.com\/#personlogo\",\"inLanguage\":\"es-MX\",\"url\":\"https:\/\/secure.gravatar.com\/avatar\/df5ceb9b998be27b25dd258a6b4b0a95?s=96&d=mm&r=g\",\"contentUrl\":\"https:\/\/secure.gravatar.com\/avatar\/df5ceb9b998be27b25dd258a6b4b0a95?s=96&d=mm&r=g\",\"caption\":\"Aurora\"},\"sameAs\":[\"http:\/\/reflejodemichoacan.com\"],\"url\":\"https:\/\/reflejodemichoacan.com\/index.php\/author\/rixwm7qvsq\/\"}]}<\/script>\n<!-- \/ Yoast SEO plugin. -->","yoast_head_json":{"title":"CON \u00c9XITO SE REALIZA EL LXV ANIVERSARIO DEL AZTECA DE ORO EN P\u00c1TZCUARO - Reflejo de Michoac\u00e1n","robots":{"index":"index","follow":"follow","max-snippet":"max-snippet:-1","max-image-preview":"max-image-preview:large","max-video-preview":"max-video-preview:-1"},"canonical":"https:\/\/reflejodemichoacan.com\/index.php\/2022\/11\/21\/con-exito-se-realiza-el-lxv-aniversario-del-azteca-de-oro-en-patzcuaro\/","og_locale":"es_MX","og_type":"article","og_title":"CON \u00c9XITO SE REALIZA EL LXV ANIVERSARIO DEL AZTECA DE ORO EN P\u00c1TZCUARO - Reflejo de Michoac\u00e1n","og_description":"Fidel Rodr\u00edguez Ramos &nbsp;&nbsp;&nbsp; Puntualmente, a las nueve de la ma\u00f1ana se iniciaron los festejos del club de fut-bol \u201cAzteca de Oro\u201d, en la antigua tenencia de Ibarra, &nbsp;presididos por el presidente municipal, acompa\u00f1ado de buena parte de su gabinete. La ceremonia c\u00edvica corri\u00f3 a cargo de la escuela primaria federal \u201cPedro Antonio de Ibarra\u201d, [&hellip;]","og_url":"https:\/\/reflejodemichoacan.com\/index.php\/2022\/11\/21\/con-exito-se-realiza-el-lxv-aniversario-del-azteca-de-oro-en-patzcuaro\/","og_site_name":"Reflejo de Michoac\u00e1n","article_published_time":"2022-11-21T19:32:55+00:00","article_modified_time":"2022-11-21T19:32:57+00:00","og_image":[{"width":2560,"height":1920,"url":"https:\/\/reflejodemichoacan.com\/wp-content\/uploads\/2022\/11\/club-scaled.jpg","type":"image\/jpeg"}],"twitter_card":"summary_large_image","twitter_misc":{"Escrito por":"Aurora","Tiempo de lectura":"2 minutos"},"schema":{"@context":"https:\/\/schema.org","@graph":[{"@type":"WebSite","@id":"https:\/\/reflejodemichoacan.com\/#website","url":"https:\/\/reflejodemichoacan.com\/","name":"Reflejo de Michoac\u00e1n","description":"Medio de comunicaci\u00f3n impreso y digital al servicio de la regi\u00f3n lacustre y Michoac\u00e1n.","potentialAction":[{"@type":"SearchAction","target":{"@type":"EntryPoint","urlTemplate":"https:\/\/reflejodemichoacan.com\/?s={search_term_string}"},"query-input":"required name=search_term_string"}],"inLanguage":"es-MX"},{"@type":"ImageObject","@id":"https:\/\/reflejodemichoacan.com\/index.php\/2022\/11\/21\/con-exito-se-realiza-el-lxv-aniversario-del-azteca-de-oro-en-patzcuaro\/#primaryimage","inLanguage":"es-MX","url":"https:\/\/reflejodemichoacan.com\/wp-content\/uploads\/2022\/11\/club-scaled.jpg","contentUrl":"https:\/\/reflejodemichoacan.com\/wp-content\/uploads\/2022\/11\/club-scaled.jpg","width":2560,"height":1920},{"@type":"WebPage","@id":"https:\/\/reflejodemichoacan.com\/index.php\/2022\/11\/21\/con-exito-se-realiza-el-lxv-aniversario-del-azteca-de-oro-en-patzcuaro\/#webpage","url":"https:\/\/reflejodemichoacan.com\/index.php\/2022\/11\/21\/con-exito-se-realiza-el-lxv-aniversario-del-azteca-de-oro-en-patzcuaro\/","name":"CON \u00c9XITO SE REALIZA EL LXV ANIVERSARIO DEL AZTECA DE ORO EN P\u00c1TZCUARO - Reflejo de Michoac\u00e1n","isPartOf":{"@id":"https:\/\/reflejodemichoacan.com\/#website"},"primaryImageOfPage":{"@id":"https:\/\/reflejodemichoacan.com\/index.php\/2022\/11\/21\/con-exito-se-realiza-el-lxv-aniversario-del-azteca-de-oro-en-patzcuaro\/#primaryimage"},"datePublished":"2022-11-21T19:32:55+00:00","dateModified":"2022-11-21T19:32:57+00:00","author":{"@id":"https:\/\/reflejodemichoacan.com\/#\/schema\/person\/72d921e8fe99bd6e2e39bcde8995046f"},"breadcrumb":{"@id":"https:\/\/reflejodemichoacan.com\/index.php\/2022\/11\/21\/con-exito-se-realiza-el-lxv-aniversario-del-azteca-de-oro-en-patzcuaro\/#breadcrumb"},"inLanguage":"es-MX","potentialAction":[{"@type":"ReadAction","target":["https:\/\/reflejodemichoacan.com\/index.php\/2022\/11\/21\/con-exito-se-realiza-el-lxv-aniversario-del-azteca-de-oro-en-patzcuaro\/"]}]},{"@type":"BreadcrumbList","@id":"https:\/\/reflejodemichoacan.com\/index.php\/2022\/11\/21\/con-exito-se-realiza-el-lxv-aniversario-del-azteca-de-oro-en-patzcuaro\/#breadcrumb","itemListElement":[{"@type":"ListItem","position":1,"name":"Inicio","item":"https:\/\/reflejodemichoacan.com\/"},{"@type":"ListItem","position":2,"name":"CON \u00c9XITO SE REALIZA EL LXV ANIVERSARIO DEL AZTECA DE ORO EN P\u00c1TZCUARO"}]},{"@type":"Person","@id":"https:\/\/reflejodemichoacan.com\/#\/schema\/person\/72d921e8fe99bd6e2e39bcde8995046f","name":"Aurora","image":{"@type":"ImageObject","@id":"https:\/\/reflejodemichoacan.com\/#personlogo","inLanguage":"es-MX","url":"https:\/\/secure.gravatar.com\/avatar\/df5ceb9b998be27b25dd258a6b4b0a95?s=96&d=mm&r=g","contentUrl":"https:\/\/secure.gravatar.com\/avatar\/df5ceb9b998be27b25dd258a6b4b0a95?s=96&d=mm&r=g","caption":"Aurora"},"sameAs":["http:\/\/reflejodemichoacan.com"],"url":"https:\/\/reflejodemichoacan.com\/index.php\/author\/rixwm7qvsq\/"}]}},"_links":{"self":[{"href":"https:\/\/reflejodemichoacan.com\/index.php\/wp-json\/wp\/v2\/posts\/10371"}],"collection":[{"href":"https:\/\/reflejodemichoacan.com\/index.php\/wp-json\/wp\/v2\/posts"}],"about":[{"href":"https:\/\/reflejodemichoacan.com\/index.php\/wp-json\/wp\/v2\/types\/post"}],"author":[{"embeddable":true,"href":"https:\/\/reflejodemichoacan.com\/index.php\/wp-json\/wp\/v2\/users\/1"}],"replies":[{"embeddable":true,"href":"https:\/\/reflejodemichoacan.com\/index.php\/wp-json\/wp\/v2\/comments?post=10371"}],"version-history":[{"count":1,"href":"https:\/\/reflejodemichoacan.com\/index.php\/wp-json\/wp\/v2\/posts\/10371\/revisions"}],"predecessor-version":[{"id":10373,"href":"https:\/\/reflejodemichoacan.com\/index.php\/wp-json\/wp\/v2\/posts\/10371\/revisions\/10373"}],"wp:featuredmedia":[{"embeddable":true,"href":"https:\/\/reflejodemichoacan.com\/index.php\/wp-json\/wp\/v2\/media\/10372"}],"wp:attachment":[{"href":"https:\/\/reflejodemichoacan.com\/index.php\/wp-json\/wp\/v2\/media?parent=10371"}],"wp:term":[{"taxonomy":"category","embeddable":true,"href":"https:\/\/reflejodemichoacan.com\/index.php\/wp-json\/wp\/v2\/categories?post=10371"},{"taxonomy":"post_tag","embeddable":true,"href":"https:\/\/reflejodemichoacan.com\/index.php\/wp-json\/wp\/v2\/tags?post=10371"}],"curies":[{"name":"wp","href":"https:\/\/api.w.org\/{rel}","templated":true}]}}