{"id":10374,"date":"2022-11-21T20:01:13","date_gmt":"2022-11-21T20:01:13","guid":{"rendered":"https:\/\/reflejodemichoacan.com\/?p=10374"},"modified":"2022-11-21T20:01:17","modified_gmt":"2022-11-21T20:01:17","slug":"el-camino-inagotable-hacia-la-salud","status":"publish","type":"post","link":"https:\/\/reflejodemichoacan.com\/index.php\/2022\/11\/21\/el-camino-inagotable-hacia-la-salud\/","title":{"rendered":"EL CAMINO INAGOTABLE HACIA LA SALUD."},"content":{"rendered":"\n<p>\u00a0\u00a0\u00a0\u00a0\u00a0\u00a0\u00a0\u00a0\u00a0\u00a0\u00a0\u00a0\u00a0\u00a0\u00a0\u00a0\u00a0\u00a0\u00a0\u00a0\u00a0\u00a0\u00a0\u00a0\u00a0\u00a0\u00a0\u00a0\u00a0\u00a0\u00a0\u00a0\u00a0\u00a0 \u00a0\u00a0\u00a0\u00a0\u00a0\u00a0\u00a0\u00a0\u00a0\u00a0\u00a0\u00a0\u00a0\u00a0\u00a0\u00a0\u00a0\u00a0\u00a0\u00a0\u00a0\u00a0 Alma Gloria Ch\u00e1vez.\u00a0\u00a0\u00a0\u00a0\u00a0\u00a0 <\/p>\n\n\n\n<p>Doy inicio, haciendo referencia a lo que Arnoldo Kraus (M\u00e9dico, profesor del posgrado de la Facultad de Medicina de la UNAM y miembro distinguido del Colegio de Bio\u00e9tica en M\u00e9xico), escribi\u00f3 en su libro titulado \u201cUna Receta para no Morir\u201d (Ed. Alfaguara, 2005): \u201cLas enfermedades son libros abiertos, cuyas p\u00e1ginas permiten buscar formas de vida y relaci\u00f3n distintas a las anteriores\u2026\u201d\u00a0 Y personalmente, cada vez m\u00e1s me encuentro convencida de esta afirmaci\u00f3n.<\/p>\n\n\n\n<p>&nbsp;&nbsp;&nbsp;&nbsp;&nbsp;&nbsp; Mi inter\u00e9s por los temas de salud, no es reciente.&nbsp; Seguramente comenz\u00f3 cuando fui capaz de entender c\u00f3mo, alg\u00fan m\u00e9dico sin escr\u00fapulos, practic\u00f3 dos ces\u00e1reas a mi madre, vali\u00e9ndose de la juventud e inexperiencia de mis progenitores, que hab\u00edan esperado tres largos a\u00f1os antes de mi concepci\u00f3n y siete m\u00e1s para que llegara mi siguiente hermano.&nbsp; Afortunadamente, dado el da\u00f1o f\u00edsico sufrido por mi madre (con repercusiones tambi\u00e9n para su hijo) y buscando otra opini\u00f3n para el restablecimiento de su organismo, \u201ccayeron en las manos\u201d de un aut\u00e9ntico profesional de la medicina, cuya valiosa atenci\u00f3n ayud\u00f3 a que viniera al mundo mi segundo hermano\u2026 y sin necesidad de cirug\u00eda para mi madre.<\/p>\n\n\n\n<p>&nbsp;&nbsp;&nbsp;&nbsp;&nbsp;&nbsp; Muchos a\u00f1os despu\u00e9s, trabajando ya en el Museo de P\u00e1tzcuaro y por una rinofaringitis recurrente (que nunca se atribuy\u00f3 a que el edificio colonial se encuentra asentado en zona de manantiales, con un alto grado de humedad durante el a\u00f1o), fui sometida a una serie de tratamientos tan agresivos por parte de \u201cotorrinos\u201d, que literalmente, mi sistema inmunitario \u201ccay\u00f3 en la lona\u201d.&nbsp; Sorprendentemente,&nbsp; fue un m\u00e9dico familiar quien me sugiri\u00f3 acudir con alg\u00fan especialista en alergias y, para mi disgusto, luego de los estudios conducentes, pudo determinar que mi problema era de tipo al\u00e9rgico, pudi\u00e9ndose atender con tratamientos no agresivos, pero que el exceso de antibi\u00f3ticos en mi organismo me hab\u00eda provocado una notable baja de defensas y una severa intoxicaci\u00f3n\u2026 de la que logr\u00e9 sobreponerme, lentamente y con apoyos externos a la Instituci\u00f3n de Salud de la que recib\u00ed un diagn\u00f3stico err\u00f3neo.<\/p>\n\n\n\n<p>&nbsp;&nbsp;&nbsp;&nbsp;&nbsp;&nbsp; Ya comprender\u00e1 entones usted, amable lector\/a, conociendo esta parte de mi historia, por qu\u00e9 me atrevo incluso, a promover actividades (y actitudes) que nos permitan conocer mejor nuestro ser integral (no s\u00f3lo el f\u00edsico) y nos conduzcan a crear responsabilidad para con nosotrxs mismxs en cuestiones de salud.<\/p>\n\n\n\n<p>&nbsp;&nbsp;&nbsp;&nbsp;&nbsp;&nbsp;&nbsp; Esta b\u00fasqueda tan personal, me ha llevado a conocer a personajes tan sobresalientes en el mundo de la medicina, como el doctor Edward Bach, quien naci\u00f3 a finales del siglo XIX, llegando a ser un pensador y terapeuta que revolucion\u00f3 la pr\u00e1ctica curativa, despu\u00e9s de transitar destacadamente por el campo de la bacteriolog\u00eda y luego por la homeopat\u00eda.&nbsp; En los a\u00f1os 30 del siglo XX, el doctor Bach cre\u00f3 un sistema natural, eficaz y sencillo para combatir el dolor, el sufrimiento y la enfermedad, partiendo del principio de que \u201cla enfermedad no es material en su origen y las razones de su aparici\u00f3n deben buscarse en el complejo mundo emocional del sujeto\u201d.<\/p>\n\n\n\n<p>&nbsp;&nbsp;&nbsp;&nbsp;&nbsp;&nbsp; Actualmente, muchas personas en todo el mundo conocen o han tenido referencia de las Flores de Bach o las terapias florales, cuya autor\u00eda se debe, precisamente, al doctor Edward Bach.&nbsp; Por una amiga y compa\u00f1era de aventuras, que lleva a\u00f1os practicando este m\u00e9todo curativo y que adem\u00e1s vive en un peque\u00f1o poblado lacustre, rodeada de bellos parajes a\u00fan cubiertos de la flora caracter\u00edstica de la regi\u00f3n, tuve por primera vez un acercamiento a los 38 remedios provenientes de flores que son utilizados para los estados de \u00e1nimo que puede experimentar un paciente: temor, incertidumbre, desinter\u00e9s, soledad, hipersensibilidad, desaliento o excesiva preocupaci\u00f3n por el bien ajeno.&nbsp; Lo interesante de esta terapia es que todas las flores y plantas utilizadas para remedios son absolutamente no t\u00f3xicas; no existe contraindicaci\u00f3n alguna en tomarlas en exceso o con demasiada frecuencia y ninguno de los remedios que proporcionan puede causar da\u00f1o.<\/p>\n\n\n\n<p>&nbsp;&nbsp;&nbsp;&nbsp;&nbsp;&nbsp;&nbsp; Posteriormente, pude leer las Obras Completas del Doctor Bach, quien adem\u00e1s de profundizar en la ciencia, lo hizo tambi\u00e9n en el terreno filos\u00f3fico y social.&nbsp; Entonces comprend\u00ed, por qu\u00e9 quienes proponen terapias naturales, no son aceptadxs dentro del mundo de la medicina institucional o privada, que se encuentra, mayoritariamente, en franco contubernio con las industrias farmac\u00e9uticas\u2026 como lo han venido denunciando organismos internacionales, sobre todo luego de estos dos a\u00f1os de crisis de salud en el mundo. Pero el doctor Bach tambi\u00e9n afirmaba que \u201cno hay curaci\u00f3n real, a menos que haya un cambio en la perspectiva con la cual el hombre (y la mujer, obvio) ve al mundo, que da el logro de la paz y de la felicidad interna\u201d.<\/p>\n\n\n\n<p>&nbsp;&nbsp;&nbsp;&nbsp;&nbsp;&nbsp; Arnoldo Kraus, otro m\u00e9dico al que mucho admiro, menciona en el libro inicialmente citado: \u201cEnfermar es un asunto siempre inacabado, siempre esperanzador, con frecuencia doloroso y que deviene modificaciones en nuestro ser; al enfermar, se vive distinto, se escucha de otra forma, se inquiere en otras cosas, se contempla lo propio y lo diferente como si lo ajeno fuera propio y lo propio m\u00e1s propio.&nbsp; Dentro del cuerpo y del alma se nace otra vez.&nbsp; Podr\u00edamos decir que el conflicto entre el alma y la personalidad, es la causa de la enfermedad, y el di\u00e1logo entre ambas, es la salud\u201d.<\/p>\n\n\n\n<p>&nbsp;&nbsp;&nbsp;&nbsp;&nbsp;&nbsp; Hace muchas d\u00e9cadas que la medicina institucional rompi\u00f3 el di\u00e1logo con sus pacientes.&nbsp; Son muy pocas las instituciones p\u00fablicas que atienden a las personas.&nbsp; Atienden y curan las enfermedades, pero no a la persona.&nbsp; El mismo doctor Kraus refiere que alguna vez alg\u00fan conocido le dijo: \u201cyo desconf\u00edo del m\u00e9dico que no sabe, o no quiere enterarse de lo yo leo\u201d.&nbsp; Porque, efectivamente, lo que consumimos (no s\u00f3lo los alimentos) ofrece una \u201clectura\u201d de nuestra personalidad\u2026 y de los posibles males que nos aquejan.&nbsp; Entonces, \u00bfc\u00f3mo confiar en un m\u00e9dico que no muestra ning\u00fan inter\u00e9s por la persona?&nbsp; Yo afirmar\u00eda que \u201cpodr\u00e1 curar la enfermedad, pero aniquilar\u00e1 al paciente\u201d.<\/p>\n\n\n\n<p>&nbsp;&nbsp;&nbsp;&nbsp;&nbsp;&nbsp; Pienso que un buen m\u00e9dico es el que abre las puertas de los enfermos y se convierte en receptor de sus historias y de sus vidas.&nbsp; Al pie de la cama, en la cl\u00ednica, el buen doctor ofrecer\u00e1 su escucha atenta, para palpar la voz y las \u201centrel\u00edneas\u201d de quien abre su coraz\u00f3n, contribuyendo as\u00ed a su propia mejor\u00eda.<\/p>\n\n\n\n<p>&nbsp;&nbsp;&nbsp;&nbsp;&nbsp;&nbsp; \u201cLa enfermedad es la madre de la modestia; nos recuerda que somos mortales; y al encontrarnos en medio de la pompa y la alegr\u00eda de este mundo, nos da un tir\u00f3n de orejas para que nos conozcamos a nosotros mismos\u201d, cita el doctor Kraus.&nbsp; Han sido mis propias enfermedades las que me han dado oportunidad de \u201cllegar\u201d al doctor Bach, a Arnoldo Kraus, a Louise Hay, a Jean Shinoda Bolen, al maestro y buen amigo Benjam\u00edn, o al doctor F\u00e9lix Trigo, quienes, junto a otras valiosas amistades, van indic\u00e1ndome la ruta a seguir\u2026 ayud\u00e1ndome adem\u00e1s a entender que este camino resulta inagotable\u2026 afortunadamente.<\/p>\n","protected":false},"excerpt":{"rendered":"<p>\u00a0\u00a0\u00a0\u00a0\u00a0\u00a0\u00a0\u00a0\u00a0\u00a0\u00a0\u00a0\u00a0\u00a0\u00a0\u00a0\u00a0\u00a0\u00a0\u00a0\u00a0\u00a0\u00a0\u00a0\u00a0\u00a0\u00a0\u00a0\u00a0\u00a0\u00a0\u00a0\u00a0\u00a0 \u00a0\u00a0\u00a0\u00a0\u00a0\u00a0\u00a0\u00a0\u00a0\u00a0\u00a0\u00a0\u00a0\u00a0\u00a0\u00a0\u00a0\u00a0\u00a0\u00a0\u00a0\u00a0 Alma Gloria Ch\u00e1vez.\u00a0\u00a0\u00a0\u00a0\u00a0\u00a0 Doy inicio, haciendo referencia a lo que Arnoldo Kraus (M\u00e9dico, profesor del posgrado de la Facultad de Medicina de la UNAM y miembro distinguido del Colegio de Bio\u00e9tica en M\u00e9xico), escribi\u00f3 en su libro titulado \u201cUna Receta para no Morir\u201d (Ed. Alfaguara, 2005): \u201cLas enfermedades son libros abiertos, cuyas p\u00e1ginas [&hellip;]<\/p>\n","protected":false},"author":1,"featured_media":10375,"comment_status":"open","ping_status":"closed","sticky":false,"template":"","format":"standard","meta":[],"categories":[1],"tags":[],"yoast_head":"<!-- This site is optimized with the Yoast SEO plugin v17.9 - https:\/\/yoast.com\/wordpress\/plugins\/seo\/ -->\n<title>EL CAMINO INAGOTABLE HACIA LA SALUD. - Reflejo de Michoac\u00e1n<\/title>\n<meta name=\"robots\" content=\"index, follow, max-snippet:-1, max-image-preview:large, max-video-preview:-1\" \/>\n<link rel=\"canonical\" href=\"https:\/\/reflejodemichoacan.com\/index.php\/2022\/11\/21\/el-camino-inagotable-hacia-la-salud\/\" \/>\n<meta property=\"og:locale\" content=\"es_MX\" \/>\n<meta property=\"og:type\" content=\"article\" \/>\n<meta property=\"og:title\" content=\"EL CAMINO INAGOTABLE HACIA LA SALUD. - Reflejo de Michoac\u00e1n\" \/>\n<meta property=\"og:description\" content=\"\u00a0\u00a0\u00a0\u00a0\u00a0\u00a0\u00a0\u00a0\u00a0\u00a0\u00a0\u00a0\u00a0\u00a0\u00a0\u00a0\u00a0\u00a0\u00a0\u00a0\u00a0\u00a0\u00a0\u00a0\u00a0\u00a0\u00a0\u00a0\u00a0\u00a0\u00a0\u00a0\u00a0\u00a0 \u00a0\u00a0\u00a0\u00a0\u00a0\u00a0\u00a0\u00a0\u00a0\u00a0\u00a0\u00a0\u00a0\u00a0\u00a0\u00a0\u00a0\u00a0\u00a0\u00a0\u00a0\u00a0 Alma Gloria Ch\u00e1vez.\u00a0\u00a0\u00a0\u00a0\u00a0\u00a0 Doy inicio, haciendo referencia a lo que Arnoldo Kraus (M\u00e9dico, profesor del posgrado de la Facultad de Medicina de la UNAM y miembro distinguido del Colegio de Bio\u00e9tica en M\u00e9xico), escribi\u00f3 en su libro titulado \u201cUna Receta para no Morir\u201d (Ed. Alfaguara, 2005): \u201cLas enfermedades son libros abiertos, cuyas p\u00e1ginas [&hellip;]\" \/>\n<meta property=\"og:url\" content=\"https:\/\/reflejodemichoacan.com\/index.php\/2022\/11\/21\/el-camino-inagotable-hacia-la-salud\/\" \/>\n<meta property=\"og:site_name\" content=\"Reflejo de Michoac\u00e1n\" \/>\n<meta property=\"article:published_time\" content=\"2022-11-21T20:01:13+00:00\" \/>\n<meta property=\"article:modified_time\" content=\"2022-11-21T20:01:17+00:00\" \/>\n<meta property=\"og:image\" content=\"https:\/\/reflejodemichoacan.com\/wp-content\/uploads\/2022\/11\/bach1.jpg\" \/>\n\t<meta property=\"og:image:width\" content=\"700\" \/>\n\t<meta property=\"og:image:height\" content=\"538\" \/>\n\t<meta property=\"og:image:type\" content=\"image\/jpeg\" \/>\n<meta name=\"twitter:card\" content=\"summary_large_image\" \/>\n<meta name=\"twitter:label1\" content=\"Escrito por\" \/>\n\t<meta name=\"twitter:data1\" content=\"Aurora\" \/>\n\t<meta name=\"twitter:label2\" content=\"Tiempo de lectura\" \/>\n\t<meta name=\"twitter:data2\" content=\"6 minutos\" \/>\n<script type=\"application\/ld+json\" class=\"yoast-schema-graph\">{\"@context\":\"https:\/\/schema.org\",\"@graph\":[{\"@type\":\"WebSite\",\"@id\":\"https:\/\/reflejodemichoacan.com\/#website\",\"url\":\"https:\/\/reflejodemichoacan.com\/\",\"name\":\"Reflejo de Michoac\\u00e1n\",\"description\":\"Medio de comunicaci\\u00f3n impreso y digital al servicio de la regi\\u00f3n lacustre y Michoac\\u00e1n.\",\"potentialAction\":[{\"@type\":\"SearchAction\",\"target\":{\"@type\":\"EntryPoint\",\"urlTemplate\":\"https:\/\/reflejodemichoacan.com\/?s={search_term_string}\"},\"query-input\":\"required name=search_term_string\"}],\"inLanguage\":\"es-MX\"},{\"@type\":\"ImageObject\",\"@id\":\"https:\/\/reflejodemichoacan.com\/index.php\/2022\/11\/21\/el-camino-inagotable-hacia-la-salud\/#primaryimage\",\"inLanguage\":\"es-MX\",\"url\":\"https:\/\/reflejodemichoacan.com\/wp-content\/uploads\/2022\/11\/bach1.jpg\",\"contentUrl\":\"https:\/\/reflejodemichoacan.com\/wp-content\/uploads\/2022\/11\/bach1.jpg\",\"width\":700,\"height\":538},{\"@type\":\"WebPage\",\"@id\":\"https:\/\/reflejodemichoacan.com\/index.php\/2022\/11\/21\/el-camino-inagotable-hacia-la-salud\/#webpage\",\"url\":\"https:\/\/reflejodemichoacan.com\/index.php\/2022\/11\/21\/el-camino-inagotable-hacia-la-salud\/\",\"name\":\"EL CAMINO INAGOTABLE HACIA LA SALUD. - Reflejo de Michoac\\u00e1n\",\"isPartOf\":{\"@id\":\"https:\/\/reflejodemichoacan.com\/#website\"},\"primaryImageOfPage\":{\"@id\":\"https:\/\/reflejodemichoacan.com\/index.php\/2022\/11\/21\/el-camino-inagotable-hacia-la-salud\/#primaryimage\"},\"datePublished\":\"2022-11-21T20:01:13+00:00\",\"dateModified\":\"2022-11-21T20:01:17+00:00\",\"author\":{\"@id\":\"https:\/\/reflejodemichoacan.com\/#\/schema\/person\/72d921e8fe99bd6e2e39bcde8995046f\"},\"breadcrumb\":{\"@id\":\"https:\/\/reflejodemichoacan.com\/index.php\/2022\/11\/21\/el-camino-inagotable-hacia-la-salud\/#breadcrumb\"},\"inLanguage\":\"es-MX\",\"potentialAction\":[{\"@type\":\"ReadAction\",\"target\":[\"https:\/\/reflejodemichoacan.com\/index.php\/2022\/11\/21\/el-camino-inagotable-hacia-la-salud\/\"]}]},{\"@type\":\"BreadcrumbList\",\"@id\":\"https:\/\/reflejodemichoacan.com\/index.php\/2022\/11\/21\/el-camino-inagotable-hacia-la-salud\/#breadcrumb\",\"itemListElement\":[{\"@type\":\"ListItem\",\"position\":1,\"name\":\"Inicio\",\"item\":\"https:\/\/reflejodemichoacan.com\/\"},{\"@type\":\"ListItem\",\"position\":2,\"name\":\"EL CAMINO INAGOTABLE HACIA LA SALUD.\"}]},{\"@type\":\"Person\",\"@id\":\"https:\/\/reflejodemichoacan.com\/#\/schema\/person\/72d921e8fe99bd6e2e39bcde8995046f\",\"name\":\"Aurora\",\"image\":{\"@type\":\"ImageObject\",\"@id\":\"https:\/\/reflejodemichoacan.com\/#personlogo\",\"inLanguage\":\"es-MX\",\"url\":\"https:\/\/secure.gravatar.com\/avatar\/df5ceb9b998be27b25dd258a6b4b0a95?s=96&d=mm&r=g\",\"contentUrl\":\"https:\/\/secure.gravatar.com\/avatar\/df5ceb9b998be27b25dd258a6b4b0a95?s=96&d=mm&r=g\",\"caption\":\"Aurora\"},\"sameAs\":[\"http:\/\/reflejodemichoacan.com\"],\"url\":\"https:\/\/reflejodemichoacan.com\/index.php\/author\/rixwm7qvsq\/\"}]}<\/script>\n<!-- \/ Yoast SEO plugin. -->","yoast_head_json":{"title":"EL CAMINO INAGOTABLE HACIA LA SALUD. - Reflejo de Michoac\u00e1n","robots":{"index":"index","follow":"follow","max-snippet":"max-snippet:-1","max-image-preview":"max-image-preview:large","max-video-preview":"max-video-preview:-1"},"canonical":"https:\/\/reflejodemichoacan.com\/index.php\/2022\/11\/21\/el-camino-inagotable-hacia-la-salud\/","og_locale":"es_MX","og_type":"article","og_title":"EL CAMINO INAGOTABLE HACIA LA SALUD. - Reflejo de Michoac\u00e1n","og_description":"\u00a0\u00a0\u00a0\u00a0\u00a0\u00a0\u00a0\u00a0\u00a0\u00a0\u00a0\u00a0\u00a0\u00a0\u00a0\u00a0\u00a0\u00a0\u00a0\u00a0\u00a0\u00a0\u00a0\u00a0\u00a0\u00a0\u00a0\u00a0\u00a0\u00a0\u00a0\u00a0\u00a0\u00a0 \u00a0\u00a0\u00a0\u00a0\u00a0\u00a0\u00a0\u00a0\u00a0\u00a0\u00a0\u00a0\u00a0\u00a0\u00a0\u00a0\u00a0\u00a0\u00a0\u00a0\u00a0\u00a0 Alma Gloria Ch\u00e1vez.\u00a0\u00a0\u00a0\u00a0\u00a0\u00a0 Doy inicio, haciendo referencia a lo que Arnoldo Kraus (M\u00e9dico, profesor del posgrado de la Facultad de Medicina de la UNAM y miembro distinguido del Colegio de Bio\u00e9tica en M\u00e9xico), escribi\u00f3 en su libro titulado \u201cUna Receta para no Morir\u201d (Ed. Alfaguara, 2005): \u201cLas enfermedades son libros abiertos, cuyas p\u00e1ginas [&hellip;]","og_url":"https:\/\/reflejodemichoacan.com\/index.php\/2022\/11\/21\/el-camino-inagotable-hacia-la-salud\/","og_site_name":"Reflejo de Michoac\u00e1n","article_published_time":"2022-11-21T20:01:13+00:00","article_modified_time":"2022-11-21T20:01:17+00:00","og_image":[{"width":700,"height":538,"url":"https:\/\/reflejodemichoacan.com\/wp-content\/uploads\/2022\/11\/bach1.jpg","type":"image\/jpeg"}],"twitter_card":"summary_large_image","twitter_misc":{"Escrito por":"Aurora","Tiempo de lectura":"6 minutos"},"schema":{"@context":"https:\/\/schema.org","@graph":[{"@type":"WebSite","@id":"https:\/\/reflejodemichoacan.com\/#website","url":"https:\/\/reflejodemichoacan.com\/","name":"Reflejo de Michoac\u00e1n","description":"Medio de comunicaci\u00f3n impreso y digital al servicio de la regi\u00f3n lacustre y Michoac\u00e1n.","potentialAction":[{"@type":"SearchAction","target":{"@type":"EntryPoint","urlTemplate":"https:\/\/reflejodemichoacan.com\/?s={search_term_string}"},"query-input":"required name=search_term_string"}],"inLanguage":"es-MX"},{"@type":"ImageObject","@id":"https:\/\/reflejodemichoacan.com\/index.php\/2022\/11\/21\/el-camino-inagotable-hacia-la-salud\/#primaryimage","inLanguage":"es-MX","url":"https:\/\/reflejodemichoacan.com\/wp-content\/uploads\/2022\/11\/bach1.jpg","contentUrl":"https:\/\/reflejodemichoacan.com\/wp-content\/uploads\/2022\/11\/bach1.jpg","width":700,"height":538},{"@type":"WebPage","@id":"https:\/\/reflejodemichoacan.com\/index.php\/2022\/11\/21\/el-camino-inagotable-hacia-la-salud\/#webpage","url":"https:\/\/reflejodemichoacan.com\/index.php\/2022\/11\/21\/el-camino-inagotable-hacia-la-salud\/","name":"EL CAMINO INAGOTABLE HACIA LA SALUD. - Reflejo de Michoac\u00e1n","isPartOf":{"@id":"https:\/\/reflejodemichoacan.com\/#website"},"primaryImageOfPage":{"@id":"https:\/\/reflejodemichoacan.com\/index.php\/2022\/11\/21\/el-camino-inagotable-hacia-la-salud\/#primaryimage"},"datePublished":"2022-11-21T20:01:13+00:00","dateModified":"2022-11-21T20:01:17+00:00","author":{"@id":"https:\/\/reflejodemichoacan.com\/#\/schema\/person\/72d921e8fe99bd6e2e39bcde8995046f"},"breadcrumb":{"@id":"https:\/\/reflejodemichoacan.com\/index.php\/2022\/11\/21\/el-camino-inagotable-hacia-la-salud\/#breadcrumb"},"inLanguage":"es-MX","potentialAction":[{"@type":"ReadAction","target":["https:\/\/reflejodemichoacan.com\/index.php\/2022\/11\/21\/el-camino-inagotable-hacia-la-salud\/"]}]},{"@type":"BreadcrumbList","@id":"https:\/\/reflejodemichoacan.com\/index.php\/2022\/11\/21\/el-camino-inagotable-hacia-la-salud\/#breadcrumb","itemListElement":[{"@type":"ListItem","position":1,"name":"Inicio","item":"https:\/\/reflejodemichoacan.com\/"},{"@type":"ListItem","position":2,"name":"EL CAMINO INAGOTABLE HACIA LA SALUD."}]},{"@type":"Person","@id":"https:\/\/reflejodemichoacan.com\/#\/schema\/person\/72d921e8fe99bd6e2e39bcde8995046f","name":"Aurora","image":{"@type":"ImageObject","@id":"https:\/\/reflejodemichoacan.com\/#personlogo","inLanguage":"es-MX","url":"https:\/\/secure.gravatar.com\/avatar\/df5ceb9b998be27b25dd258a6b4b0a95?s=96&d=mm&r=g","contentUrl":"https:\/\/secure.gravatar.com\/avatar\/df5ceb9b998be27b25dd258a6b4b0a95?s=96&d=mm&r=g","caption":"Aurora"},"sameAs":["http:\/\/reflejodemichoacan.com"],"url":"https:\/\/reflejodemichoacan.com\/index.php\/author\/rixwm7qvsq\/"}]}},"_links":{"self":[{"href":"https:\/\/reflejodemichoacan.com\/index.php\/wp-json\/wp\/v2\/posts\/10374"}],"collection":[{"href":"https:\/\/reflejodemichoacan.com\/index.php\/wp-json\/wp\/v2\/posts"}],"about":[{"href":"https:\/\/reflejodemichoacan.com\/index.php\/wp-json\/wp\/v2\/types\/post"}],"author":[{"embeddable":true,"href":"https:\/\/reflejodemichoacan.com\/index.php\/wp-json\/wp\/v2\/users\/1"}],"replies":[{"embeddable":true,"href":"https:\/\/reflejodemichoacan.com\/index.php\/wp-json\/wp\/v2\/comments?post=10374"}],"version-history":[{"count":1,"href":"https:\/\/reflejodemichoacan.com\/index.php\/wp-json\/wp\/v2\/posts\/10374\/revisions"}],"predecessor-version":[{"id":10376,"href":"https:\/\/reflejodemichoacan.com\/index.php\/wp-json\/wp\/v2\/posts\/10374\/revisions\/10376"}],"wp:featuredmedia":[{"embeddable":true,"href":"https:\/\/reflejodemichoacan.com\/index.php\/wp-json\/wp\/v2\/media\/10375"}],"wp:attachment":[{"href":"https:\/\/reflejodemichoacan.com\/index.php\/wp-json\/wp\/v2\/media?parent=10374"}],"wp:term":[{"taxonomy":"category","embeddable":true,"href":"https:\/\/reflejodemichoacan.com\/index.php\/wp-json\/wp\/v2\/categories?post=10374"},{"taxonomy":"post_tag","embeddable":true,"href":"https:\/\/reflejodemichoacan.com\/index.php\/wp-json\/wp\/v2\/tags?post=10374"}],"curies":[{"name":"wp","href":"https:\/\/api.w.org\/{rel}","templated":true}]}}