{"id":10382,"date":"2022-11-23T02:51:00","date_gmt":"2022-11-23T02:51:00","guid":{"rendered":"https:\/\/reflejodemichoacan.com\/?p=10382"},"modified":"2022-11-23T02:51:02","modified_gmt":"2022-11-23T02:51:02","slug":"en-patzcuaro-concierto-de-la-saxofonista-elena-rios-el-27-de-noviembre","status":"publish","type":"post","link":"https:\/\/reflejodemichoacan.com\/index.php\/2022\/11\/23\/en-patzcuaro-concierto-de-la-saxofonista-elena-rios-el-27-de-noviembre\/","title":{"rendered":"En P\u00e1tzcuaro, concierto de la saxofonista Elena R\u00edos el 27 de noviembre"},"content":{"rendered":"\n<p>*<strong>M\u00fasica y sensibilizaci\u00f3n con la saxofonista.\u00a0<\/strong><br><em>\u2022 La tambi\u00e9n activista oaxaque\u00f1a Elena R\u00edos se presentar\u00e1 en P\u00e1tzcuaro y Uruapan, en el marco del Dia Internacional de la Eliminaci\u00f3n de la Violencia Contra las Mujeres.\u00a0<\/em><\/p>\n\n\n\n<p><strong>Morelia, Michoac\u00e1n, 18 de noviembre se 2022.-<\/strong>\u00a0Un evento para reflexionar y disfrutar de la m\u00fasica es el fin del concierto de la saxofonista Mar\u00eda Elena R\u00edos que se realizar\u00e1 en Morelia, el pr\u00f3ximo 25 de noviembre a las 18:30, en el Teatro Morelos con entrada gratuita, en el marco del D\u00eda Internacional de la Eliminaci\u00f3n de la Violencia contra las Mujeres.\u00a0<\/p>\n\n\n\n<p>En rueda de prensa, la titular de la Secretar\u00eda de Igualdad Sustantiva y Desarrollo de las Mujeres Michoacanas (Seimujer), Tamara Sosa Alan\u00eds, celebr\u00f3 la coordinaci\u00f3n con la Secretar\u00eda de Cultura del Estado (Secum) y la diputada local Gabriela C\u00e1zares Blanco para hacer posible el evento del 25N con el concierto gratuito de la saxofonista oaxaque\u00f1a Elena R\u00edos &#8220;Male&#8221;.&nbsp;<\/p>\n\n\n\n<p>Sosa Alan\u00eds mencion\u00f3 que es importante hablar sobre los casos como el que lamentablemente vivi\u00f3 la tambi\u00e9n activista,&nbsp;&nbsp;as\u00ed como de todo los tipo de violencias que sufren las mujeres, para visibilizar las problem\u00e1ticas y reforzar las estrategias gubernamentales que competen a cada dependencia y los poderes legislativo y judicial.&nbsp;<\/p>\n\n\n\n<p>Por su parte, la secretaria de Cultura en la entidad, Gabriela Molina, dijo que es primordial tambi\u00e9n darle una mirada cultural, art\u00edstica y creativa a esta fecha y adelant\u00f3 que se espera la asistencia de alrededor de mil 500 personas en el teatro Morelos, por lo que recomend\u00f3 a la poblaci\u00f3n arribar con anticipaci\u00f3n para ser parte de este evento de una gran luchadora social.&nbsp;<\/p>\n\n\n\n<p>La diputada&nbsp;&nbsp;Gabriela C\u00e1zares reiter\u00f3 que este tipo de eventos abren la oportunidad al di\u00e1logo entre los tres poderes para tratar y coordinar acciones que coadyuven a la eliminaci\u00f3n de la violencia contra las mujeres.&nbsp;<\/p>\n\n\n\n<p>Hizo menci\u00f3n que el concierto de la saxofonista tambi\u00e9n se realizar\u00e1 en Uruapan y P\u00e1tzcuaro, los d\u00edas 26 y 27 de noviembre, respectivamente.&nbsp;<\/p>\n\n\n\n<p>El Teatro Morelos se localiza en la capital michoacana sobre avenida Ventura Puente s\/n, en la colonia F\u00e9lix Ireta, a un costado del Centro de Convenciones y Exposiciones de Morelia (Ceconexpo).<\/p>\n","protected":false},"excerpt":{"rendered":"<p>*M\u00fasica y sensibilizaci\u00f3n con la saxofonista.\u00a0\u2022 La tambi\u00e9n activista oaxaque\u00f1a Elena R\u00edos se presentar\u00e1 en P\u00e1tzcuaro y Uruapan, en el marco del Dia Internacional de la Eliminaci\u00f3n de la Violencia Contra las Mujeres.\u00a0 Morelia, Michoac\u00e1n, 18 de noviembre se 2022.-\u00a0Un evento para reflexionar y disfrutar de la m\u00fasica es el fin del concierto de la [&hellip;]<\/p>\n","protected":false},"author":1,"featured_media":10383,"comment_status":"open","ping_status":"closed","sticky":false,"template":"","format":"standard","meta":[],"categories":[1],"tags":[],"yoast_head":"<!-- This site is optimized with the Yoast SEO plugin v17.9 - https:\/\/yoast.com\/wordpress\/plugins\/seo\/ -->\n<title>En P\u00e1tzcuaro, concierto de la saxofonista Elena R\u00edos el 27 de noviembre - Reflejo de Michoac\u00e1n<\/title>\n<meta name=\"robots\" content=\"index, follow, max-snippet:-1, max-image-preview:large, max-video-preview:-1\" \/>\n<link rel=\"canonical\" href=\"https:\/\/reflejodemichoacan.com\/index.php\/2022\/11\/23\/en-patzcuaro-concierto-de-la-saxofonista-elena-rios-el-27-de-noviembre\/\" \/>\n<meta property=\"og:locale\" content=\"es_MX\" \/>\n<meta property=\"og:type\" content=\"article\" \/>\n<meta property=\"og:title\" content=\"En P\u00e1tzcuaro, concierto de la saxofonista Elena R\u00edos el 27 de noviembre - Reflejo de Michoac\u00e1n\" \/>\n<meta property=\"og:description\" content=\"*M\u00fasica y sensibilizaci\u00f3n con la saxofonista.\u00a0\u2022 La tambi\u00e9n activista oaxaque\u00f1a Elena R\u00edos se presentar\u00e1 en P\u00e1tzcuaro y Uruapan, en el marco del Dia Internacional de la Eliminaci\u00f3n de la Violencia Contra las Mujeres.\u00a0 Morelia, Michoac\u00e1n, 18 de noviembre se 2022.-\u00a0Un evento para reflexionar y disfrutar de la m\u00fasica es el fin del concierto de la [&hellip;]\" \/>\n<meta property=\"og:url\" content=\"https:\/\/reflejodemichoacan.com\/index.php\/2022\/11\/23\/en-patzcuaro-concierto-de-la-saxofonista-elena-rios-el-27-de-noviembre\/\" \/>\n<meta property=\"og:site_name\" content=\"Reflejo de Michoac\u00e1n\" \/>\n<meta property=\"article:published_time\" content=\"2022-11-23T02:51:00+00:00\" \/>\n<meta property=\"article:modified_time\" content=\"2022-11-23T02:51:02+00:00\" \/>\n<meta property=\"og:image\" content=\"https:\/\/reflejodemichoacan.com\/wp-content\/uploads\/2022\/11\/elena.jpg\" \/>\n\t<meta property=\"og:image:width\" content=\"1500\" \/>\n\t<meta property=\"og:image:height\" content=\"1000\" \/>\n\t<meta property=\"og:image:type\" content=\"image\/jpeg\" \/>\n<meta name=\"twitter:card\" content=\"summary_large_image\" \/>\n<meta name=\"twitter:label1\" content=\"Escrito por\" \/>\n\t<meta name=\"twitter:data1\" content=\"Aurora\" \/>\n\t<meta name=\"twitter:label2\" content=\"Tiempo de lectura\" \/>\n\t<meta name=\"twitter:data2\" content=\"2 minutos\" \/>\n<script type=\"application\/ld+json\" class=\"yoast-schema-graph\">{\"@context\":\"https:\/\/schema.org\",\"@graph\":[{\"@type\":\"WebSite\",\"@id\":\"https:\/\/reflejodemichoacan.com\/#website\",\"url\":\"https:\/\/reflejodemichoacan.com\/\",\"name\":\"Reflejo de Michoac\\u00e1n\",\"description\":\"Medio de comunicaci\\u00f3n impreso y digital al servicio de la regi\\u00f3n lacustre y Michoac\\u00e1n.\",\"potentialAction\":[{\"@type\":\"SearchAction\",\"target\":{\"@type\":\"EntryPoint\",\"urlTemplate\":\"https:\/\/reflejodemichoacan.com\/?s={search_term_string}\"},\"query-input\":\"required name=search_term_string\"}],\"inLanguage\":\"es-MX\"},{\"@type\":\"ImageObject\",\"@id\":\"https:\/\/reflejodemichoacan.com\/index.php\/2022\/11\/23\/en-patzcuaro-concierto-de-la-saxofonista-elena-rios-el-27-de-noviembre\/#primaryimage\",\"inLanguage\":\"es-MX\",\"url\":\"https:\/\/reflejodemichoacan.com\/wp-content\/uploads\/2022\/11\/elena.jpg\",\"contentUrl\":\"https:\/\/reflejodemichoacan.com\/wp-content\/uploads\/2022\/11\/elena.jpg\",\"width\":1500,\"height\":1000},{\"@type\":\"WebPage\",\"@id\":\"https:\/\/reflejodemichoacan.com\/index.php\/2022\/11\/23\/en-patzcuaro-concierto-de-la-saxofonista-elena-rios-el-27-de-noviembre\/#webpage\",\"url\":\"https:\/\/reflejodemichoacan.com\/index.php\/2022\/11\/23\/en-patzcuaro-concierto-de-la-saxofonista-elena-rios-el-27-de-noviembre\/\",\"name\":\"En P\\u00e1tzcuaro, concierto de la saxofonista Elena R\\u00edos el 27 de noviembre - Reflejo de Michoac\\u00e1n\",\"isPartOf\":{\"@id\":\"https:\/\/reflejodemichoacan.com\/#website\"},\"primaryImageOfPage\":{\"@id\":\"https:\/\/reflejodemichoacan.com\/index.php\/2022\/11\/23\/en-patzcuaro-concierto-de-la-saxofonista-elena-rios-el-27-de-noviembre\/#primaryimage\"},\"datePublished\":\"2022-11-23T02:51:00+00:00\",\"dateModified\":\"2022-11-23T02:51:02+00:00\",\"author\":{\"@id\":\"https:\/\/reflejodemichoacan.com\/#\/schema\/person\/72d921e8fe99bd6e2e39bcde8995046f\"},\"breadcrumb\":{\"@id\":\"https:\/\/reflejodemichoacan.com\/index.php\/2022\/11\/23\/en-patzcuaro-concierto-de-la-saxofonista-elena-rios-el-27-de-noviembre\/#breadcrumb\"},\"inLanguage\":\"es-MX\",\"potentialAction\":[{\"@type\":\"ReadAction\",\"target\":[\"https:\/\/reflejodemichoacan.com\/index.php\/2022\/11\/23\/en-patzcuaro-concierto-de-la-saxofonista-elena-rios-el-27-de-noviembre\/\"]}]},{\"@type\":\"BreadcrumbList\",\"@id\":\"https:\/\/reflejodemichoacan.com\/index.php\/2022\/11\/23\/en-patzcuaro-concierto-de-la-saxofonista-elena-rios-el-27-de-noviembre\/#breadcrumb\",\"itemListElement\":[{\"@type\":\"ListItem\",\"position\":1,\"name\":\"Inicio\",\"item\":\"https:\/\/reflejodemichoacan.com\/\"},{\"@type\":\"ListItem\",\"position\":2,\"name\":\"En P\\u00e1tzcuaro, concierto de la saxofonista Elena R\\u00edos el 27 de noviembre\"}]},{\"@type\":\"Person\",\"@id\":\"https:\/\/reflejodemichoacan.com\/#\/schema\/person\/72d921e8fe99bd6e2e39bcde8995046f\",\"name\":\"Aurora\",\"image\":{\"@type\":\"ImageObject\",\"@id\":\"https:\/\/reflejodemichoacan.com\/#personlogo\",\"inLanguage\":\"es-MX\",\"url\":\"https:\/\/secure.gravatar.com\/avatar\/df5ceb9b998be27b25dd258a6b4b0a95?s=96&d=mm&r=g\",\"contentUrl\":\"https:\/\/secure.gravatar.com\/avatar\/df5ceb9b998be27b25dd258a6b4b0a95?s=96&d=mm&r=g\",\"caption\":\"Aurora\"},\"sameAs\":[\"http:\/\/reflejodemichoacan.com\"],\"url\":\"https:\/\/reflejodemichoacan.com\/index.php\/author\/rixwm7qvsq\/\"}]}<\/script>\n<!-- \/ Yoast SEO plugin. -->","yoast_head_json":{"title":"En P\u00e1tzcuaro, concierto de la saxofonista Elena R\u00edos el 27 de noviembre - Reflejo de Michoac\u00e1n","robots":{"index":"index","follow":"follow","max-snippet":"max-snippet:-1","max-image-preview":"max-image-preview:large","max-video-preview":"max-video-preview:-1"},"canonical":"https:\/\/reflejodemichoacan.com\/index.php\/2022\/11\/23\/en-patzcuaro-concierto-de-la-saxofonista-elena-rios-el-27-de-noviembre\/","og_locale":"es_MX","og_type":"article","og_title":"En P\u00e1tzcuaro, concierto de la saxofonista Elena R\u00edos el 27 de noviembre - Reflejo de Michoac\u00e1n","og_description":"*M\u00fasica y sensibilizaci\u00f3n con la saxofonista.\u00a0\u2022 La tambi\u00e9n activista oaxaque\u00f1a Elena R\u00edos se presentar\u00e1 en P\u00e1tzcuaro y Uruapan, en el marco del Dia Internacional de la Eliminaci\u00f3n de la Violencia Contra las Mujeres.\u00a0 Morelia, Michoac\u00e1n, 18 de noviembre se 2022.-\u00a0Un evento para reflexionar y disfrutar de la m\u00fasica es el fin del concierto de la [&hellip;]","og_url":"https:\/\/reflejodemichoacan.com\/index.php\/2022\/11\/23\/en-patzcuaro-concierto-de-la-saxofonista-elena-rios-el-27-de-noviembre\/","og_site_name":"Reflejo de Michoac\u00e1n","article_published_time":"2022-11-23T02:51:00+00:00","article_modified_time":"2022-11-23T02:51:02+00:00","og_image":[{"width":1500,"height":1000,"url":"https:\/\/reflejodemichoacan.com\/wp-content\/uploads\/2022\/11\/elena.jpg","type":"image\/jpeg"}],"twitter_card":"summary_large_image","twitter_misc":{"Escrito por":"Aurora","Tiempo de lectura":"2 minutos"},"schema":{"@context":"https:\/\/schema.org","@graph":[{"@type":"WebSite","@id":"https:\/\/reflejodemichoacan.com\/#website","url":"https:\/\/reflejodemichoacan.com\/","name":"Reflejo de Michoac\u00e1n","description":"Medio de comunicaci\u00f3n impreso y digital al servicio de la regi\u00f3n lacustre y Michoac\u00e1n.","potentialAction":[{"@type":"SearchAction","target":{"@type":"EntryPoint","urlTemplate":"https:\/\/reflejodemichoacan.com\/?s={search_term_string}"},"query-input":"required name=search_term_string"}],"inLanguage":"es-MX"},{"@type":"ImageObject","@id":"https:\/\/reflejodemichoacan.com\/index.php\/2022\/11\/23\/en-patzcuaro-concierto-de-la-saxofonista-elena-rios-el-27-de-noviembre\/#primaryimage","inLanguage":"es-MX","url":"https:\/\/reflejodemichoacan.com\/wp-content\/uploads\/2022\/11\/elena.jpg","contentUrl":"https:\/\/reflejodemichoacan.com\/wp-content\/uploads\/2022\/11\/elena.jpg","width":1500,"height":1000},{"@type":"WebPage","@id":"https:\/\/reflejodemichoacan.com\/index.php\/2022\/11\/23\/en-patzcuaro-concierto-de-la-saxofonista-elena-rios-el-27-de-noviembre\/#webpage","url":"https:\/\/reflejodemichoacan.com\/index.php\/2022\/11\/23\/en-patzcuaro-concierto-de-la-saxofonista-elena-rios-el-27-de-noviembre\/","name":"En P\u00e1tzcuaro, concierto de la saxofonista Elena R\u00edos el 27 de noviembre - Reflejo de Michoac\u00e1n","isPartOf":{"@id":"https:\/\/reflejodemichoacan.com\/#website"},"primaryImageOfPage":{"@id":"https:\/\/reflejodemichoacan.com\/index.php\/2022\/11\/23\/en-patzcuaro-concierto-de-la-saxofonista-elena-rios-el-27-de-noviembre\/#primaryimage"},"datePublished":"2022-11-23T02:51:00+00:00","dateModified":"2022-11-23T02:51:02+00:00","author":{"@id":"https:\/\/reflejodemichoacan.com\/#\/schema\/person\/72d921e8fe99bd6e2e39bcde8995046f"},"breadcrumb":{"@id":"https:\/\/reflejodemichoacan.com\/index.php\/2022\/11\/23\/en-patzcuaro-concierto-de-la-saxofonista-elena-rios-el-27-de-noviembre\/#breadcrumb"},"inLanguage":"es-MX","potentialAction":[{"@type":"ReadAction","target":["https:\/\/reflejodemichoacan.com\/index.php\/2022\/11\/23\/en-patzcuaro-concierto-de-la-saxofonista-elena-rios-el-27-de-noviembre\/"]}]},{"@type":"BreadcrumbList","@id":"https:\/\/reflejodemichoacan.com\/index.php\/2022\/11\/23\/en-patzcuaro-concierto-de-la-saxofonista-elena-rios-el-27-de-noviembre\/#breadcrumb","itemListElement":[{"@type":"ListItem","position":1,"name":"Inicio","item":"https:\/\/reflejodemichoacan.com\/"},{"@type":"ListItem","position":2,"name":"En P\u00e1tzcuaro, concierto de la saxofonista Elena R\u00edos el 27 de noviembre"}]},{"@type":"Person","@id":"https:\/\/reflejodemichoacan.com\/#\/schema\/person\/72d921e8fe99bd6e2e39bcde8995046f","name":"Aurora","image":{"@type":"ImageObject","@id":"https:\/\/reflejodemichoacan.com\/#personlogo","inLanguage":"es-MX","url":"https:\/\/secure.gravatar.com\/avatar\/df5ceb9b998be27b25dd258a6b4b0a95?s=96&d=mm&r=g","contentUrl":"https:\/\/secure.gravatar.com\/avatar\/df5ceb9b998be27b25dd258a6b4b0a95?s=96&d=mm&r=g","caption":"Aurora"},"sameAs":["http:\/\/reflejodemichoacan.com"],"url":"https:\/\/reflejodemichoacan.com\/index.php\/author\/rixwm7qvsq\/"}]}},"_links":{"self":[{"href":"https:\/\/reflejodemichoacan.com\/index.php\/wp-json\/wp\/v2\/posts\/10382"}],"collection":[{"href":"https:\/\/reflejodemichoacan.com\/index.php\/wp-json\/wp\/v2\/posts"}],"about":[{"href":"https:\/\/reflejodemichoacan.com\/index.php\/wp-json\/wp\/v2\/types\/post"}],"author":[{"embeddable":true,"href":"https:\/\/reflejodemichoacan.com\/index.php\/wp-json\/wp\/v2\/users\/1"}],"replies":[{"embeddable":true,"href":"https:\/\/reflejodemichoacan.com\/index.php\/wp-json\/wp\/v2\/comments?post=10382"}],"version-history":[{"count":1,"href":"https:\/\/reflejodemichoacan.com\/index.php\/wp-json\/wp\/v2\/posts\/10382\/revisions"}],"predecessor-version":[{"id":10384,"href":"https:\/\/reflejodemichoacan.com\/index.php\/wp-json\/wp\/v2\/posts\/10382\/revisions\/10384"}],"wp:featuredmedia":[{"embeddable":true,"href":"https:\/\/reflejodemichoacan.com\/index.php\/wp-json\/wp\/v2\/media\/10383"}],"wp:attachment":[{"href":"https:\/\/reflejodemichoacan.com\/index.php\/wp-json\/wp\/v2\/media?parent=10382"}],"wp:term":[{"taxonomy":"category","embeddable":true,"href":"https:\/\/reflejodemichoacan.com\/index.php\/wp-json\/wp\/v2\/categories?post=10382"},{"taxonomy":"post_tag","embeddable":true,"href":"https:\/\/reflejodemichoacan.com\/index.php\/wp-json\/wp\/v2\/tags?post=10382"}],"curies":[{"name":"wp","href":"https:\/\/api.w.org\/{rel}","templated":true}]}}