{"id":10391,"date":"2022-11-24T02:20:19","date_gmt":"2022-11-24T02:20:19","guid":{"rendered":"https:\/\/reflejodemichoacan.com\/?p=10391"},"modified":"2022-11-24T02:20:21","modified_gmt":"2022-11-24T02:20:21","slug":"el-congreso-del-estado-recibio-el-paquete-economico-para-el-ejercicio-fiscal-2023","status":"publish","type":"post","link":"https:\/\/reflejodemichoacan.com\/index.php\/2022\/11\/24\/el-congreso-del-estado-recibio-el-paquete-economico-para-el-ejercicio-fiscal-2023\/","title":{"rendered":"El Congreso del Estado recibi\u00f3 el Paquete Econ\u00f3mico para el Ejercicio Fiscal 2023."},"content":{"rendered":"\n<p>Morelia, Mich., a 21 de noviembre del 2022.- La presidenta de la Mesa Directiva del Congreso del Estado, Julieta Garc\u00eda Zepeda, recibi\u00f3 el Paquete de Presupuesto de Ingresos y Egresos para el Ejercicio Fiscal 2023 por parte del Gobierno del Estado de Michoac\u00e1n, el mismo fue entregado por el titular de la Secretar\u00eda de Finanzas y Administraci\u00f3n, Luis Navarro Garc\u00eda.<br>La diputada Julieta Garc\u00eda, aplaudi\u00f3 la responsabilidad del Ejecutivo Estatal para entregar en tiempo y forma el Paquete de Presupuesto de Ingresos y Egresos para el Ejercicio Fiscal 2023, adem\u00e1s destac\u00f3 que este es un acto democr\u00e1tico en el que debe de prevalecer y preponderar el bien para las y los michoacanos.<br>Este paquete que recibi\u00f3 la presidencia de la Mesa Directiva del Congreso del Estado, ser\u00e1 turnado a las Comisi\u00f3n Unidas de Programaci\u00f3n, Presupuesto y Cuenta P\u00fablica, as\u00ed como de Hacienda y Deuda P\u00fablica, para su estudio, an\u00e1lisis y dictamen, donde seguramente ser\u00e1n escuchadas las opiniones de todas fuerzas pol\u00edticas que representan la pluralidad de este Congreso.<br>Es importante resaltar que estas comisiones ya han iniciado una serie de reuniones previas con diferentes sectores de la sociedad, esto con la finalidad de escuchar y atender las peticiones de la ciudadan\u00eda de cara al an\u00e1lisis, dictamen y aprobaci\u00f3n de este Paquete Fiscal 2023.<br>Cabe destacar que el Paquete de Presupuesto de Ingresos y Egresos para el Ejercicio Fiscal 2023, estima un presupuesto por un monto mayor a los 91 mil millones de pesos, es decir un incremento por al rededor de los nueve mil millones de pesos con respecto al presupuesto del a\u00f1o anterior.<br>En este acto tambi\u00e9n estuvo presente el diputado J. Reyes Galindo Pedraza, coordinador parlamentario del PT; la diputada Seyra Anah\u00ed Alem\u00e1n Sierra, presidenta de la Comisi\u00f3n de Hacienda y Deuda P\u00fablica; la diputada Er\u00e9ndira Isauro H\u00e9rn\u00e1ndez, integrante de la Comisi\u00f3n de Hacienda y Deuda P\u00fablica, el legislador Baltazar Gaona Garc\u00eda, integrante de las comisiones de Programaci\u00f3n, Presupuesto y Cuenta P\u00fablica y de Hacienda y Deuda P\u00fablica; adem\u00e1s de la diputada Ana Belinda Hurtado Mar\u00edn, presidenta de la Comisi\u00f3n de Educaci\u00f3n.<\/p>\n","protected":false},"excerpt":{"rendered":"<p>Morelia, Mich., a 21 de noviembre del 2022.- La presidenta de la Mesa Directiva del Congreso del Estado, Julieta Garc\u00eda Zepeda, recibi\u00f3 el Paquete de Presupuesto de Ingresos y Egresos para el Ejercicio Fiscal 2023 por parte del Gobierno del Estado de Michoac\u00e1n, el mismo fue entregado por el titular de la Secretar\u00eda de Finanzas [&hellip;]<\/p>\n","protected":false},"author":1,"featured_media":10392,"comment_status":"open","ping_status":"closed","sticky":false,"template":"","format":"standard","meta":[],"categories":[1],"tags":[],"yoast_head":"<!-- This site is optimized with the Yoast SEO plugin v17.9 - https:\/\/yoast.com\/wordpress\/plugins\/seo\/ -->\n<title>El Congreso del Estado recibi\u00f3 el Paquete Econ\u00f3mico para el Ejercicio Fiscal 2023. - Reflejo de Michoac\u00e1n<\/title>\n<meta name=\"robots\" content=\"index, follow, max-snippet:-1, max-image-preview:large, max-video-preview:-1\" \/>\n<link rel=\"canonical\" href=\"https:\/\/reflejodemichoacan.com\/index.php\/2022\/11\/24\/el-congreso-del-estado-recibio-el-paquete-economico-para-el-ejercicio-fiscal-2023\/\" \/>\n<meta property=\"og:locale\" content=\"es_MX\" \/>\n<meta property=\"og:type\" content=\"article\" \/>\n<meta property=\"og:title\" content=\"El Congreso del Estado recibi\u00f3 el Paquete Econ\u00f3mico para el Ejercicio Fiscal 2023. - Reflejo de Michoac\u00e1n\" \/>\n<meta property=\"og:description\" content=\"Morelia, Mich., a 21 de noviembre del 2022.- La presidenta de la Mesa Directiva del Congreso del Estado, Julieta Garc\u00eda Zepeda, recibi\u00f3 el Paquete de Presupuesto de Ingresos y Egresos para el Ejercicio Fiscal 2023 por parte del Gobierno del Estado de Michoac\u00e1n, el mismo fue entregado por el titular de la Secretar\u00eda de Finanzas [&hellip;]\" \/>\n<meta property=\"og:url\" content=\"https:\/\/reflejodemichoacan.com\/index.php\/2022\/11\/24\/el-congreso-del-estado-recibio-el-paquete-economico-para-el-ejercicio-fiscal-2023\/\" \/>\n<meta property=\"og:site_name\" content=\"Reflejo de Michoac\u00e1n\" \/>\n<meta property=\"article:published_time\" content=\"2022-11-24T02:20:19+00:00\" \/>\n<meta property=\"article:modified_time\" content=\"2022-11-24T02:20:21+00:00\" \/>\n<meta property=\"og:image\" content=\"https:\/\/reflejodemichoacan.com\/wp-content\/uploads\/2022\/11\/paquete.jpg\" \/>\n\t<meta property=\"og:image:width\" content=\"1024\" \/>\n\t<meta property=\"og:image:height\" content=\"683\" \/>\n\t<meta property=\"og:image:type\" content=\"image\/jpeg\" \/>\n<meta name=\"twitter:card\" content=\"summary_large_image\" \/>\n<meta name=\"twitter:label1\" content=\"Escrito por\" \/>\n\t<meta name=\"twitter:data1\" content=\"Aurora\" \/>\n\t<meta name=\"twitter:label2\" content=\"Tiempo de lectura\" \/>\n\t<meta name=\"twitter:data2\" content=\"2 minutos\" \/>\n<script type=\"application\/ld+json\" class=\"yoast-schema-graph\">{\"@context\":\"https:\/\/schema.org\",\"@graph\":[{\"@type\":\"WebSite\",\"@id\":\"https:\/\/reflejodemichoacan.com\/#website\",\"url\":\"https:\/\/reflejodemichoacan.com\/\",\"name\":\"Reflejo de Michoac\\u00e1n\",\"description\":\"Medio de comunicaci\\u00f3n impreso y digital al servicio de la regi\\u00f3n lacustre y Michoac\\u00e1n.\",\"potentialAction\":[{\"@type\":\"SearchAction\",\"target\":{\"@type\":\"EntryPoint\",\"urlTemplate\":\"https:\/\/reflejodemichoacan.com\/?s={search_term_string}\"},\"query-input\":\"required name=search_term_string\"}],\"inLanguage\":\"es-MX\"},{\"@type\":\"ImageObject\",\"@id\":\"https:\/\/reflejodemichoacan.com\/index.php\/2022\/11\/24\/el-congreso-del-estado-recibio-el-paquete-economico-para-el-ejercicio-fiscal-2023\/#primaryimage\",\"inLanguage\":\"es-MX\",\"url\":\"https:\/\/reflejodemichoacan.com\/wp-content\/uploads\/2022\/11\/paquete.jpg\",\"contentUrl\":\"https:\/\/reflejodemichoacan.com\/wp-content\/uploads\/2022\/11\/paquete.jpg\",\"width\":1024,\"height\":683},{\"@type\":\"WebPage\",\"@id\":\"https:\/\/reflejodemichoacan.com\/index.php\/2022\/11\/24\/el-congreso-del-estado-recibio-el-paquete-economico-para-el-ejercicio-fiscal-2023\/#webpage\",\"url\":\"https:\/\/reflejodemichoacan.com\/index.php\/2022\/11\/24\/el-congreso-del-estado-recibio-el-paquete-economico-para-el-ejercicio-fiscal-2023\/\",\"name\":\"El Congreso del Estado recibi\\u00f3 el Paquete Econ\\u00f3mico para el Ejercicio Fiscal 2023. - Reflejo de Michoac\\u00e1n\",\"isPartOf\":{\"@id\":\"https:\/\/reflejodemichoacan.com\/#website\"},\"primaryImageOfPage\":{\"@id\":\"https:\/\/reflejodemichoacan.com\/index.php\/2022\/11\/24\/el-congreso-del-estado-recibio-el-paquete-economico-para-el-ejercicio-fiscal-2023\/#primaryimage\"},\"datePublished\":\"2022-11-24T02:20:19+00:00\",\"dateModified\":\"2022-11-24T02:20:21+00:00\",\"author\":{\"@id\":\"https:\/\/reflejodemichoacan.com\/#\/schema\/person\/72d921e8fe99bd6e2e39bcde8995046f\"},\"breadcrumb\":{\"@id\":\"https:\/\/reflejodemichoacan.com\/index.php\/2022\/11\/24\/el-congreso-del-estado-recibio-el-paquete-economico-para-el-ejercicio-fiscal-2023\/#breadcrumb\"},\"inLanguage\":\"es-MX\",\"potentialAction\":[{\"@type\":\"ReadAction\",\"target\":[\"https:\/\/reflejodemichoacan.com\/index.php\/2022\/11\/24\/el-congreso-del-estado-recibio-el-paquete-economico-para-el-ejercicio-fiscal-2023\/\"]}]},{\"@type\":\"BreadcrumbList\",\"@id\":\"https:\/\/reflejodemichoacan.com\/index.php\/2022\/11\/24\/el-congreso-del-estado-recibio-el-paquete-economico-para-el-ejercicio-fiscal-2023\/#breadcrumb\",\"itemListElement\":[{\"@type\":\"ListItem\",\"position\":1,\"name\":\"Inicio\",\"item\":\"https:\/\/reflejodemichoacan.com\/\"},{\"@type\":\"ListItem\",\"position\":2,\"name\":\"El Congreso del Estado recibi\\u00f3 el Paquete Econ\\u00f3mico para el Ejercicio Fiscal 2023.\"}]},{\"@type\":\"Person\",\"@id\":\"https:\/\/reflejodemichoacan.com\/#\/schema\/person\/72d921e8fe99bd6e2e39bcde8995046f\",\"name\":\"Aurora\",\"image\":{\"@type\":\"ImageObject\",\"@id\":\"https:\/\/reflejodemichoacan.com\/#personlogo\",\"inLanguage\":\"es-MX\",\"url\":\"https:\/\/secure.gravatar.com\/avatar\/df5ceb9b998be27b25dd258a6b4b0a95?s=96&d=mm&r=g\",\"contentUrl\":\"https:\/\/secure.gravatar.com\/avatar\/df5ceb9b998be27b25dd258a6b4b0a95?s=96&d=mm&r=g\",\"caption\":\"Aurora\"},\"sameAs\":[\"http:\/\/reflejodemichoacan.com\"],\"url\":\"https:\/\/reflejodemichoacan.com\/index.php\/author\/rixwm7qvsq\/\"}]}<\/script>\n<!-- \/ Yoast SEO plugin. -->","yoast_head_json":{"title":"El Congreso del Estado recibi\u00f3 el Paquete Econ\u00f3mico para el Ejercicio Fiscal 2023. - Reflejo de Michoac\u00e1n","robots":{"index":"index","follow":"follow","max-snippet":"max-snippet:-1","max-image-preview":"max-image-preview:large","max-video-preview":"max-video-preview:-1"},"canonical":"https:\/\/reflejodemichoacan.com\/index.php\/2022\/11\/24\/el-congreso-del-estado-recibio-el-paquete-economico-para-el-ejercicio-fiscal-2023\/","og_locale":"es_MX","og_type":"article","og_title":"El Congreso del Estado recibi\u00f3 el Paquete Econ\u00f3mico para el Ejercicio Fiscal 2023. - Reflejo de Michoac\u00e1n","og_description":"Morelia, Mich., a 21 de noviembre del 2022.- La presidenta de la Mesa Directiva del Congreso del Estado, Julieta Garc\u00eda Zepeda, recibi\u00f3 el Paquete de Presupuesto de Ingresos y Egresos para el Ejercicio Fiscal 2023 por parte del Gobierno del Estado de Michoac\u00e1n, el mismo fue entregado por el titular de la Secretar\u00eda de Finanzas [&hellip;]","og_url":"https:\/\/reflejodemichoacan.com\/index.php\/2022\/11\/24\/el-congreso-del-estado-recibio-el-paquete-economico-para-el-ejercicio-fiscal-2023\/","og_site_name":"Reflejo de Michoac\u00e1n","article_published_time":"2022-11-24T02:20:19+00:00","article_modified_time":"2022-11-24T02:20:21+00:00","og_image":[{"width":1024,"height":683,"url":"https:\/\/reflejodemichoacan.com\/wp-content\/uploads\/2022\/11\/paquete.jpg","type":"image\/jpeg"}],"twitter_card":"summary_large_image","twitter_misc":{"Escrito por":"Aurora","Tiempo de lectura":"2 minutos"},"schema":{"@context":"https:\/\/schema.org","@graph":[{"@type":"WebSite","@id":"https:\/\/reflejodemichoacan.com\/#website","url":"https:\/\/reflejodemichoacan.com\/","name":"Reflejo de Michoac\u00e1n","description":"Medio de comunicaci\u00f3n impreso y digital al servicio de la regi\u00f3n lacustre y Michoac\u00e1n.","potentialAction":[{"@type":"SearchAction","target":{"@type":"EntryPoint","urlTemplate":"https:\/\/reflejodemichoacan.com\/?s={search_term_string}"},"query-input":"required name=search_term_string"}],"inLanguage":"es-MX"},{"@type":"ImageObject","@id":"https:\/\/reflejodemichoacan.com\/index.php\/2022\/11\/24\/el-congreso-del-estado-recibio-el-paquete-economico-para-el-ejercicio-fiscal-2023\/#primaryimage","inLanguage":"es-MX","url":"https:\/\/reflejodemichoacan.com\/wp-content\/uploads\/2022\/11\/paquete.jpg","contentUrl":"https:\/\/reflejodemichoacan.com\/wp-content\/uploads\/2022\/11\/paquete.jpg","width":1024,"height":683},{"@type":"WebPage","@id":"https:\/\/reflejodemichoacan.com\/index.php\/2022\/11\/24\/el-congreso-del-estado-recibio-el-paquete-economico-para-el-ejercicio-fiscal-2023\/#webpage","url":"https:\/\/reflejodemichoacan.com\/index.php\/2022\/11\/24\/el-congreso-del-estado-recibio-el-paquete-economico-para-el-ejercicio-fiscal-2023\/","name":"El Congreso del Estado recibi\u00f3 el Paquete Econ\u00f3mico para el Ejercicio Fiscal 2023. - Reflejo de Michoac\u00e1n","isPartOf":{"@id":"https:\/\/reflejodemichoacan.com\/#website"},"primaryImageOfPage":{"@id":"https:\/\/reflejodemichoacan.com\/index.php\/2022\/11\/24\/el-congreso-del-estado-recibio-el-paquete-economico-para-el-ejercicio-fiscal-2023\/#primaryimage"},"datePublished":"2022-11-24T02:20:19+00:00","dateModified":"2022-11-24T02:20:21+00:00","author":{"@id":"https:\/\/reflejodemichoacan.com\/#\/schema\/person\/72d921e8fe99bd6e2e39bcde8995046f"},"breadcrumb":{"@id":"https:\/\/reflejodemichoacan.com\/index.php\/2022\/11\/24\/el-congreso-del-estado-recibio-el-paquete-economico-para-el-ejercicio-fiscal-2023\/#breadcrumb"},"inLanguage":"es-MX","potentialAction":[{"@type":"ReadAction","target":["https:\/\/reflejodemichoacan.com\/index.php\/2022\/11\/24\/el-congreso-del-estado-recibio-el-paquete-economico-para-el-ejercicio-fiscal-2023\/"]}]},{"@type":"BreadcrumbList","@id":"https:\/\/reflejodemichoacan.com\/index.php\/2022\/11\/24\/el-congreso-del-estado-recibio-el-paquete-economico-para-el-ejercicio-fiscal-2023\/#breadcrumb","itemListElement":[{"@type":"ListItem","position":1,"name":"Inicio","item":"https:\/\/reflejodemichoacan.com\/"},{"@type":"ListItem","position":2,"name":"El Congreso del Estado recibi\u00f3 el Paquete Econ\u00f3mico para el Ejercicio Fiscal 2023."}]},{"@type":"Person","@id":"https:\/\/reflejodemichoacan.com\/#\/schema\/person\/72d921e8fe99bd6e2e39bcde8995046f","name":"Aurora","image":{"@type":"ImageObject","@id":"https:\/\/reflejodemichoacan.com\/#personlogo","inLanguage":"es-MX","url":"https:\/\/secure.gravatar.com\/avatar\/df5ceb9b998be27b25dd258a6b4b0a95?s=96&d=mm&r=g","contentUrl":"https:\/\/secure.gravatar.com\/avatar\/df5ceb9b998be27b25dd258a6b4b0a95?s=96&d=mm&r=g","caption":"Aurora"},"sameAs":["http:\/\/reflejodemichoacan.com"],"url":"https:\/\/reflejodemichoacan.com\/index.php\/author\/rixwm7qvsq\/"}]}},"_links":{"self":[{"href":"https:\/\/reflejodemichoacan.com\/index.php\/wp-json\/wp\/v2\/posts\/10391"}],"collection":[{"href":"https:\/\/reflejodemichoacan.com\/index.php\/wp-json\/wp\/v2\/posts"}],"about":[{"href":"https:\/\/reflejodemichoacan.com\/index.php\/wp-json\/wp\/v2\/types\/post"}],"author":[{"embeddable":true,"href":"https:\/\/reflejodemichoacan.com\/index.php\/wp-json\/wp\/v2\/users\/1"}],"replies":[{"embeddable":true,"href":"https:\/\/reflejodemichoacan.com\/index.php\/wp-json\/wp\/v2\/comments?post=10391"}],"version-history":[{"count":1,"href":"https:\/\/reflejodemichoacan.com\/index.php\/wp-json\/wp\/v2\/posts\/10391\/revisions"}],"predecessor-version":[{"id":10393,"href":"https:\/\/reflejodemichoacan.com\/index.php\/wp-json\/wp\/v2\/posts\/10391\/revisions\/10393"}],"wp:featuredmedia":[{"embeddable":true,"href":"https:\/\/reflejodemichoacan.com\/index.php\/wp-json\/wp\/v2\/media\/10392"}],"wp:attachment":[{"href":"https:\/\/reflejodemichoacan.com\/index.php\/wp-json\/wp\/v2\/media?parent=10391"}],"wp:term":[{"taxonomy":"category","embeddable":true,"href":"https:\/\/reflejodemichoacan.com\/index.php\/wp-json\/wp\/v2\/categories?post=10391"},{"taxonomy":"post_tag","embeddable":true,"href":"https:\/\/reflejodemichoacan.com\/index.php\/wp-json\/wp\/v2\/tags?post=10391"}],"curies":[{"name":"wp","href":"https:\/\/api.w.org\/{rel}","templated":true}]}}