{"id":10472,"date":"2022-11-30T01:49:47","date_gmt":"2022-11-30T01:49:47","guid":{"rendered":"https:\/\/reflejodemichoacan.com\/?p=10472"},"modified":"2022-11-30T01:50:36","modified_gmt":"2022-11-30T01:50:36","slug":"2024-construir-la-victoria","status":"publish","type":"post","link":"https:\/\/reflejodemichoacan.com\/index.php\/2022\/11\/30\/2024-construir-la-victoria\/","title":{"rendered":"2024: CONSTRUIR LA VICTORIA"},"content":{"rendered":"\n<p>Fidel Rodr\u00edguez Ramos<\/p>\n\n\n\n<p>&nbsp;&nbsp; Desde hace tiempo, en este espacio, coment\u00e1bamos que un serio peligro, para repetir en el gobierno en el 2024 ser\u00eda la divisi\u00f3n, y hoy en las filas de Morena el hecho se hace presente con el actuar de Ricardo Monreal quien ha apostado, pol\u00edticamente, a tratar de conciliar todos los intereses, ello es dif\u00edcil dado que una minor\u00eda, desde hace treinta a\u00f1os, ha buscado la manera de apropiarse de toda una riqueza, que legal, constitucionalmente pertenec\u00eda a una inmensa mayor\u00eda, que fuera sorprendida, al cambiar ya 700 veces la Constituci\u00f3n de 1917.<\/p>\n\n\n\n<p>&nbsp;&nbsp; Esa minor\u00eda, rechaza por ejemplo la propuesta de brindar el servicio de energ\u00eda el\u00e9ctrica a 50 millones de mexicanos, como sabemos eso era imposible de imaginar en 1990, porque tal actividad era monopolio del Estado, una actividad que le generaba muchos recursos econ\u00f3micos para brindar educaci\u00f3n, salud. Este escenario es prohibido en los Estados Unidos de Am\u00e9rica, porque consideran dicho rengl\u00f3n como algo estrat\u00e9gico, que les asegura una independencia econ\u00f3mica. Hoy en M\u00e9xico eso no se observa, porque la Carta Magna ha sido cambiada no s\u00f3lo para beneficio de empresarios locales, sino tambi\u00e9n de sus pares de EUA, Espa\u00f1a, Italia, Jap\u00f3n, China, Inglaterra.<\/p>\n\n\n\n<p>&nbsp;&nbsp; No es tanto el odio contra la actual administraci\u00f3n, nacida en el 2018, sino la lamentaci\u00f3n de no seguir ya enriqueci\u00e9ndose de una manera inimaginable, a costillas de un pobre tesoro nacional. A pesar de ello, esa minor\u00eda tiene un valioso apoyo, en la Suprema Corte de Justicia de la Naci\u00f3n (SCJN) que ampar\u00f3 a las compa\u00f1\u00edas extranjeras, cuando se trat\u00f3 de poner un l\u00edmite a sus desbocadas ambiciones. Esa misma Corte hoy establece que no es delito el da\u00f1o que se hace a la naci\u00f3n, a trav\u00e9s, por medio de la evasi\u00f3n del pago de impuestos, obligaciones presentando notas, facturas, declaraciones falsas, por montos que se asegura rebasan un bill\u00f3n de pesos (un mill\u00f3n de millones de pesos), eso lo hacen quienes tienen bancos, empresas, negocios comerciales, mineros.<\/p>\n\n\n\n<p>&nbsp;&nbsp; Lo anterior dificultar\u00e1 el nuevo acceso al gobierno federal de los morenistas, a pesar de que m\u00e1s de veinte millones de mexicanos reciben alguna ayuda de la administraci\u00f3n obradorista, dicho est\u00edmulo se perder\u00e1 si recuperan el r\u00e9gimen los panistas, priistas y perredistas, pues inmediatamente cambiaran el libro m\u00e1ximo de leyes. Ellos hasta hoy le han sacado un m\u00e1ximo jugo, a la alternativa que descubrieran los enemigos de los pueblos en Am\u00e9rica del Sur, controlando, a pesar de perder elecciones presidenciales a los poderes legislativo y judicial, pues por medio de los mismos han tumbado gobiernos en Bolivia, Honduras y hoy lo pretenden en Per\u00fa donde gobierna un maestro; llevado a la c\u00e1rcel a los mismos presidentes, como sucede con Ignacio Lula da Silva &nbsp;en Brasil.<\/p>\n\n\n\n<p>\u00a0\u00a0 Hoy no se puede castigar a los delincuentes, tener nuevas leyes que beneficien a todos los mexican@s por la seria oposici\u00f3n que hay en los jueces, diputados, senadores contra Morena. Repetir la victoria del 2018 ser\u00e1 dif\u00edcil por la falta de acompa\u00f1amiento de los maestros, ind\u00edgenas, universitarios, obreros, de quienes sufren la violencia, los desempleados con Obrador, de los movimientos populares, y a \u00e9l no le compete la tarea sino al mismo partido Morena, a quienes no tuvimos la decisi\u00f3n de aprovechar un momento \u00fanico para iniciar una seria transformaci\u00f3n que nos beneficiara a todas y todos. Obrador lo dijo: Morena es poco partido para un inmenso pueblo. Hoy se debe decir, no s\u00f3lo la clase media lleva al triunfo a Obrador, sino una multitud empobrecida que diariamente debe conseguir su sustento en dif\u00edciles condiciones, ella ser\u00e1 pieza clave en 2024.  \u00a0\u00a0\u00a0<\/p>\n\n\n\n<p>foto: The New York Times<\/p>\n","protected":false},"excerpt":{"rendered":"<p>Fidel Rodr\u00edguez Ramos &nbsp;&nbsp; Desde hace tiempo, en este espacio, coment\u00e1bamos que un serio peligro, para repetir en el gobierno en el 2024 ser\u00eda la divisi\u00f3n, y hoy en las filas de Morena el hecho se hace presente con el actuar de Ricardo Monreal quien ha apostado, pol\u00edticamente, a tratar de conciliar todos los intereses, [&hellip;]<\/p>\n","protected":false},"author":1,"featured_media":10473,"comment_status":"open","ping_status":"closed","sticky":false,"template":"","format":"standard","meta":[],"categories":[1],"tags":[],"yoast_head":"<!-- This site is optimized with the Yoast SEO plugin v17.9 - https:\/\/yoast.com\/wordpress\/plugins\/seo\/ -->\n<title>2024: CONSTRUIR LA VICTORIA - Reflejo de Michoac\u00e1n<\/title>\n<meta name=\"robots\" content=\"index, follow, max-snippet:-1, max-image-preview:large, max-video-preview:-1\" \/>\n<link rel=\"canonical\" href=\"https:\/\/reflejodemichoacan.com\/index.php\/2022\/11\/30\/2024-construir-la-victoria\/\" \/>\n<meta property=\"og:locale\" content=\"es_MX\" \/>\n<meta property=\"og:type\" content=\"article\" \/>\n<meta property=\"og:title\" content=\"2024: CONSTRUIR LA VICTORIA - Reflejo de Michoac\u00e1n\" \/>\n<meta property=\"og:description\" content=\"Fidel Rodr\u00edguez Ramos &nbsp;&nbsp; Desde hace tiempo, en este espacio, coment\u00e1bamos que un serio peligro, para repetir en el gobierno en el 2024 ser\u00eda la divisi\u00f3n, y hoy en las filas de Morena el hecho se hace presente con el actuar de Ricardo Monreal quien ha apostado, pol\u00edticamente, a tratar de conciliar todos los intereses, [&hellip;]\" \/>\n<meta property=\"og:url\" content=\"https:\/\/reflejodemichoacan.com\/index.php\/2022\/11\/30\/2024-construir-la-victoria\/\" \/>\n<meta property=\"og:site_name\" content=\"Reflejo de Michoac\u00e1n\" \/>\n<meta property=\"article:published_time\" content=\"2022-11-30T01:49:47+00:00\" \/>\n<meta property=\"article:modified_time\" content=\"2022-11-30T01:50:36+00:00\" \/>\n<meta name=\"twitter:card\" content=\"summary_large_image\" \/>\n<meta name=\"twitter:image\" content=\"https:\/\/reflejodemichoacan.com\/wp-content\/uploads\/2022\/11\/amlo-marcha.webp\" \/>\n<meta name=\"twitter:label1\" content=\"Escrito por\" \/>\n\t<meta name=\"twitter:data1\" content=\"Aurora\" \/>\n\t<meta name=\"twitter:label2\" content=\"Tiempo de lectura\" \/>\n\t<meta name=\"twitter:data2\" content=\"3 minutos\" \/>\n<script type=\"application\/ld+json\" class=\"yoast-schema-graph\">{\"@context\":\"https:\/\/schema.org\",\"@graph\":[{\"@type\":\"WebSite\",\"@id\":\"https:\/\/reflejodemichoacan.com\/#website\",\"url\":\"https:\/\/reflejodemichoacan.com\/\",\"name\":\"Reflejo de Michoac\\u00e1n\",\"description\":\"Medio de comunicaci\\u00f3n impreso y digital al servicio de la regi\\u00f3n lacustre y Michoac\\u00e1n.\",\"potentialAction\":[{\"@type\":\"SearchAction\",\"target\":{\"@type\":\"EntryPoint\",\"urlTemplate\":\"https:\/\/reflejodemichoacan.com\/?s={search_term_string}\"},\"query-input\":\"required name=search_term_string\"}],\"inLanguage\":\"es-MX\"},{\"@type\":\"ImageObject\",\"@id\":\"https:\/\/reflejodemichoacan.com\/index.php\/2022\/11\/30\/2024-construir-la-victoria\/#primaryimage\",\"inLanguage\":\"es-MX\",\"url\":\"https:\/\/reflejodemichoacan.com\/wp-content\/uploads\/2022\/11\/amlo-marcha.webp\",\"contentUrl\":\"https:\/\/reflejodemichoacan.com\/wp-content\/uploads\/2022\/11\/amlo-marcha.webp\",\"width\":600,\"height\":400},{\"@type\":\"WebPage\",\"@id\":\"https:\/\/reflejodemichoacan.com\/index.php\/2022\/11\/30\/2024-construir-la-victoria\/#webpage\",\"url\":\"https:\/\/reflejodemichoacan.com\/index.php\/2022\/11\/30\/2024-construir-la-victoria\/\",\"name\":\"2024: CONSTRUIR LA VICTORIA - Reflejo de Michoac\\u00e1n\",\"isPartOf\":{\"@id\":\"https:\/\/reflejodemichoacan.com\/#website\"},\"primaryImageOfPage\":{\"@id\":\"https:\/\/reflejodemichoacan.com\/index.php\/2022\/11\/30\/2024-construir-la-victoria\/#primaryimage\"},\"datePublished\":\"2022-11-30T01:49:47+00:00\",\"dateModified\":\"2022-11-30T01:50:36+00:00\",\"author\":{\"@id\":\"https:\/\/reflejodemichoacan.com\/#\/schema\/person\/72d921e8fe99bd6e2e39bcde8995046f\"},\"breadcrumb\":{\"@id\":\"https:\/\/reflejodemichoacan.com\/index.php\/2022\/11\/30\/2024-construir-la-victoria\/#breadcrumb\"},\"inLanguage\":\"es-MX\",\"potentialAction\":[{\"@type\":\"ReadAction\",\"target\":[\"https:\/\/reflejodemichoacan.com\/index.php\/2022\/11\/30\/2024-construir-la-victoria\/\"]}]},{\"@type\":\"BreadcrumbList\",\"@id\":\"https:\/\/reflejodemichoacan.com\/index.php\/2022\/11\/30\/2024-construir-la-victoria\/#breadcrumb\",\"itemListElement\":[{\"@type\":\"ListItem\",\"position\":1,\"name\":\"Inicio\",\"item\":\"https:\/\/reflejodemichoacan.com\/\"},{\"@type\":\"ListItem\",\"position\":2,\"name\":\"2024: CONSTRUIR LA VICTORIA\"}]},{\"@type\":\"Person\",\"@id\":\"https:\/\/reflejodemichoacan.com\/#\/schema\/person\/72d921e8fe99bd6e2e39bcde8995046f\",\"name\":\"Aurora\",\"image\":{\"@type\":\"ImageObject\",\"@id\":\"https:\/\/reflejodemichoacan.com\/#personlogo\",\"inLanguage\":\"es-MX\",\"url\":\"https:\/\/secure.gravatar.com\/avatar\/df5ceb9b998be27b25dd258a6b4b0a95?s=96&d=mm&r=g\",\"contentUrl\":\"https:\/\/secure.gravatar.com\/avatar\/df5ceb9b998be27b25dd258a6b4b0a95?s=96&d=mm&r=g\",\"caption\":\"Aurora\"},\"sameAs\":[\"http:\/\/reflejodemichoacan.com\"],\"url\":\"https:\/\/reflejodemichoacan.com\/index.php\/author\/rixwm7qvsq\/\"}]}<\/script>\n<!-- \/ Yoast SEO plugin. -->","yoast_head_json":{"title":"2024: CONSTRUIR LA VICTORIA - Reflejo de Michoac\u00e1n","robots":{"index":"index","follow":"follow","max-snippet":"max-snippet:-1","max-image-preview":"max-image-preview:large","max-video-preview":"max-video-preview:-1"},"canonical":"https:\/\/reflejodemichoacan.com\/index.php\/2022\/11\/30\/2024-construir-la-victoria\/","og_locale":"es_MX","og_type":"article","og_title":"2024: CONSTRUIR LA VICTORIA - Reflejo de Michoac\u00e1n","og_description":"Fidel Rodr\u00edguez Ramos &nbsp;&nbsp; Desde hace tiempo, en este espacio, coment\u00e1bamos que un serio peligro, para repetir en el gobierno en el 2024 ser\u00eda la divisi\u00f3n, y hoy en las filas de Morena el hecho se hace presente con el actuar de Ricardo Monreal quien ha apostado, pol\u00edticamente, a tratar de conciliar todos los intereses, [&hellip;]","og_url":"https:\/\/reflejodemichoacan.com\/index.php\/2022\/11\/30\/2024-construir-la-victoria\/","og_site_name":"Reflejo de Michoac\u00e1n","article_published_time":"2022-11-30T01:49:47+00:00","article_modified_time":"2022-11-30T01:50:36+00:00","twitter_card":"summary_large_image","twitter_image":"https:\/\/reflejodemichoacan.com\/wp-content\/uploads\/2022\/11\/amlo-marcha.webp","twitter_misc":{"Escrito por":"Aurora","Tiempo de lectura":"3 minutos"},"schema":{"@context":"https:\/\/schema.org","@graph":[{"@type":"WebSite","@id":"https:\/\/reflejodemichoacan.com\/#website","url":"https:\/\/reflejodemichoacan.com\/","name":"Reflejo de Michoac\u00e1n","description":"Medio de comunicaci\u00f3n impreso y digital al servicio de la regi\u00f3n lacustre y Michoac\u00e1n.","potentialAction":[{"@type":"SearchAction","target":{"@type":"EntryPoint","urlTemplate":"https:\/\/reflejodemichoacan.com\/?s={search_term_string}"},"query-input":"required name=search_term_string"}],"inLanguage":"es-MX"},{"@type":"ImageObject","@id":"https:\/\/reflejodemichoacan.com\/index.php\/2022\/11\/30\/2024-construir-la-victoria\/#primaryimage","inLanguage":"es-MX","url":"https:\/\/reflejodemichoacan.com\/wp-content\/uploads\/2022\/11\/amlo-marcha.webp","contentUrl":"https:\/\/reflejodemichoacan.com\/wp-content\/uploads\/2022\/11\/amlo-marcha.webp","width":600,"height":400},{"@type":"WebPage","@id":"https:\/\/reflejodemichoacan.com\/index.php\/2022\/11\/30\/2024-construir-la-victoria\/#webpage","url":"https:\/\/reflejodemichoacan.com\/index.php\/2022\/11\/30\/2024-construir-la-victoria\/","name":"2024: CONSTRUIR LA VICTORIA - Reflejo de Michoac\u00e1n","isPartOf":{"@id":"https:\/\/reflejodemichoacan.com\/#website"},"primaryImageOfPage":{"@id":"https:\/\/reflejodemichoacan.com\/index.php\/2022\/11\/30\/2024-construir-la-victoria\/#primaryimage"},"datePublished":"2022-11-30T01:49:47+00:00","dateModified":"2022-11-30T01:50:36+00:00","author":{"@id":"https:\/\/reflejodemichoacan.com\/#\/schema\/person\/72d921e8fe99bd6e2e39bcde8995046f"},"breadcrumb":{"@id":"https:\/\/reflejodemichoacan.com\/index.php\/2022\/11\/30\/2024-construir-la-victoria\/#breadcrumb"},"inLanguage":"es-MX","potentialAction":[{"@type":"ReadAction","target":["https:\/\/reflejodemichoacan.com\/index.php\/2022\/11\/30\/2024-construir-la-victoria\/"]}]},{"@type":"BreadcrumbList","@id":"https:\/\/reflejodemichoacan.com\/index.php\/2022\/11\/30\/2024-construir-la-victoria\/#breadcrumb","itemListElement":[{"@type":"ListItem","position":1,"name":"Inicio","item":"https:\/\/reflejodemichoacan.com\/"},{"@type":"ListItem","position":2,"name":"2024: CONSTRUIR LA VICTORIA"}]},{"@type":"Person","@id":"https:\/\/reflejodemichoacan.com\/#\/schema\/person\/72d921e8fe99bd6e2e39bcde8995046f","name":"Aurora","image":{"@type":"ImageObject","@id":"https:\/\/reflejodemichoacan.com\/#personlogo","inLanguage":"es-MX","url":"https:\/\/secure.gravatar.com\/avatar\/df5ceb9b998be27b25dd258a6b4b0a95?s=96&d=mm&r=g","contentUrl":"https:\/\/secure.gravatar.com\/avatar\/df5ceb9b998be27b25dd258a6b4b0a95?s=96&d=mm&r=g","caption":"Aurora"},"sameAs":["http:\/\/reflejodemichoacan.com"],"url":"https:\/\/reflejodemichoacan.com\/index.php\/author\/rixwm7qvsq\/"}]}},"_links":{"self":[{"href":"https:\/\/reflejodemichoacan.com\/index.php\/wp-json\/wp\/v2\/posts\/10472"}],"collection":[{"href":"https:\/\/reflejodemichoacan.com\/index.php\/wp-json\/wp\/v2\/posts"}],"about":[{"href":"https:\/\/reflejodemichoacan.com\/index.php\/wp-json\/wp\/v2\/types\/post"}],"author":[{"embeddable":true,"href":"https:\/\/reflejodemichoacan.com\/index.php\/wp-json\/wp\/v2\/users\/1"}],"replies":[{"embeddable":true,"href":"https:\/\/reflejodemichoacan.com\/index.php\/wp-json\/wp\/v2\/comments?post=10472"}],"version-history":[{"count":2,"href":"https:\/\/reflejodemichoacan.com\/index.php\/wp-json\/wp\/v2\/posts\/10472\/revisions"}],"predecessor-version":[{"id":10476,"href":"https:\/\/reflejodemichoacan.com\/index.php\/wp-json\/wp\/v2\/posts\/10472\/revisions\/10476"}],"wp:featuredmedia":[{"embeddable":true,"href":"https:\/\/reflejodemichoacan.com\/index.php\/wp-json\/wp\/v2\/media\/10473"}],"wp:attachment":[{"href":"https:\/\/reflejodemichoacan.com\/index.php\/wp-json\/wp\/v2\/media?parent=10472"}],"wp:term":[{"taxonomy":"category","embeddable":true,"href":"https:\/\/reflejodemichoacan.com\/index.php\/wp-json\/wp\/v2\/categories?post=10472"},{"taxonomy":"post_tag","embeddable":true,"href":"https:\/\/reflejodemichoacan.com\/index.php\/wp-json\/wp\/v2\/tags?post=10472"}],"curies":[{"name":"wp","href":"https:\/\/api.w.org\/{rel}","templated":true}]}}