{"id":10477,"date":"2022-11-30T01:58:25","date_gmt":"2022-11-30T01:58:25","guid":{"rendered":"https:\/\/reflejodemichoacan.com\/?p=10477"},"modified":"2022-11-30T01:58:36","modified_gmt":"2022-11-30T01:58:36","slug":"la-escuela-secundaria-federal-lazaro-cardenas-se-prepara-rumbo-a-su-80-aniversario","status":"publish","type":"post","link":"https:\/\/reflejodemichoacan.com\/index.php\/2022\/11\/30\/la-escuela-secundaria-federal-lazaro-cardenas-se-prepara-rumbo-a-su-80-aniversario\/","title":{"rendered":"La Escuela Secundaria Federal L\u00e1zaro C\u00e1rdenas se prepara rumbo a su 80 aniversario."},"content":{"rendered":"\n<p>*Ser\u00e1 conmemorado el 8 de marzo del pr\u00f3ximo a\u00f1o.<\/p>\n\n\n\n<p>* \u201cUno de los compromisos que tenemos con la sociedad es ser mejores cada d\u00eda\u201d: maestro Filadelfo Vel\u00e1zquez Ju\u00e1rez.<\/p>\n\n\n\n<p>Aurora L\u00f3pez Nambo<\/p>\n\n\n\n<p>P\u00e1zcuaro, Mich., noviembre del 2022.- La Escuela Secundaria Federal L\u00e1zaro C\u00e1rdenas, ya se prepara rumbo a su 80 aniversario, que celebrar\u00e1 el 8 de marzo del pr\u00f3ximo a\u00f1o, as\u00ed lo inform\u00f3 el maestro Filadelfo Vel\u00e1zquez Ju\u00e1rez, director de la instituci\u00f3n educativa.<\/p>\n\n\n\n<p>En entrevista con Reflejo de Michoac\u00e1n, nos comparte que desde ahora se ha comenzado con los preparativos: \u201cestamos muy contentos porque la escuela secundaria es una escuela de tradici\u00f3n en la sociedad de P\u00e1tzcuaro, y vamos a cumplir ochenta a\u00f1os de servicio a la sociedad\u201d.<\/p>\n\n\n\n<p>Anunci\u00f3 que se tiene previsto llevar a cabo las actividades tradicionales de aniversario, como es la coronaci\u00f3n de la reina, el acto central, la carrera atl\u00e9tica, el desfile, as\u00ed como reunir a las generaciones pasadas, a efecto de que tambi\u00e9n participen en las actividades.<\/p>\n\n\n\n<p>Indic\u00f3 que uno de los objetivos es que las personas que han pasado por la escuela, sientan propio este evento, \u201csabemos que hay gente que ha salido de aqu\u00ed en gran parte del mundo y el pa\u00eds, ojal\u00e1 que ellos pudieran sentir todav\u00eda el orgullo de haber pertenecido y pertenecer todav\u00eda como ex alumnos a esta instituci\u00f3n educativa\u201d.<\/p>\n\n\n\n<p>Por otra parte, manifest\u00f3 que una de las premisas de hoy en d\u00eda, es que esta escuela siga siendo la instituci\u00f3n educativa de confianza de la sociedad de P\u00e1tzcuaro, \u201csabemos que todas las escuelas cumplen con su trabajo y lo hacen bien, pero caracter\u00edstica de la federal es esmerarnos en entregarles calidad, confianza y el \u00e9xito del estudiante, que aprenda lo que requiera, y que siga siendo una de las mejores escuelas de la regi\u00f3n\u201d.<\/p>\n\n\n\n<p>El maestro Filadelfo Vel\u00e1zquez, dio a conocer que actualmente la escuela atiende a 1,400 estudiantes, divididos en 36 grupos en los dos turnos, adem\u00e1s cuenta con una plata de personal de 105 trabajadores \u201csomos una escuela que tenemos servicio m\u00e9dico, trabajo social y los diferentes talleres, los maestros siguen actualiz\u00e1ndose, tenemos docentes que cuentan con licenciatura, maestr\u00eda y doctores\u201d.<\/p>\n\n\n\n<p>A pregunta expresa, destac\u00f3 que de esta instituci\u00f3n han egresado estudiantes que hoy en d\u00eda se desenvuelven en diversos \u00e1mbitos de la vida laboral, social y pol\u00edtica \u201chay personas que han sobresalido, tenemos alumnos que est\u00e1n en empresas produciendo materiales, incluso para la Nasa, destacados en otros pa\u00edses, en el 75 aniversario vino como ex alumno distinguido una persona del gobierno federal, el a\u00f1o pasado como alumno distinguido estuvo el ingeniero Julio Arreola\u201d.<\/p>\n\n\n\n<p>De la misma forma, el maestro Filadelfo destac\u00f3 que la escuela siempre se ha esmerado por ser mejor cada d\u00eda, no obstante que en ocasiones ha habido campa\u00f1as en contra, \u201cpero el compromiso de los maestros es ser mejores cada d\u00eda, el empe\u00f1o de su servidor es dialogar con los maestros buscando la superaci\u00f3n, el trabajo y el mejor cumplimiento, y es uno de los compromisos que tenemos con la sociedad, ser mejores cada d\u00eda\u201d.<\/p>\n","protected":false},"excerpt":{"rendered":"<p>*Ser\u00e1 conmemorado el 8 de marzo del pr\u00f3ximo a\u00f1o. * \u201cUno de los compromisos que tenemos con la sociedad es ser mejores cada d\u00eda\u201d: maestro Filadelfo Vel\u00e1zquez Ju\u00e1rez. Aurora L\u00f3pez Nambo P\u00e1zcuaro, Mich., noviembre del 2022.- La Escuela Secundaria Federal L\u00e1zaro C\u00e1rdenas, ya se prepara rumbo a su 80 aniversario, que celebrar\u00e1 el 8 de [&hellip;]<\/p>\n","protected":false},"author":1,"featured_media":10478,"comment_status":"open","ping_status":"closed","sticky":false,"template":"","format":"standard","meta":[],"categories":[1],"tags":[],"yoast_head":"<!-- This site is optimized with the Yoast SEO plugin v17.9 - https:\/\/yoast.com\/wordpress\/plugins\/seo\/ -->\n<title>La Escuela Secundaria Federal L\u00e1zaro C\u00e1rdenas se prepara rumbo a su 80 aniversario. - Reflejo de Michoac\u00e1n<\/title>\n<meta name=\"robots\" content=\"index, follow, max-snippet:-1, max-image-preview:large, max-video-preview:-1\" \/>\n<link rel=\"canonical\" href=\"https:\/\/reflejodemichoacan.com\/index.php\/2022\/11\/30\/la-escuela-secundaria-federal-lazaro-cardenas-se-prepara-rumbo-a-su-80-aniversario\/\" \/>\n<meta property=\"og:locale\" content=\"es_MX\" \/>\n<meta property=\"og:type\" content=\"article\" \/>\n<meta property=\"og:title\" content=\"La Escuela Secundaria Federal L\u00e1zaro C\u00e1rdenas se prepara rumbo a su 80 aniversario. - Reflejo de Michoac\u00e1n\" \/>\n<meta property=\"og:description\" content=\"*Ser\u00e1 conmemorado el 8 de marzo del pr\u00f3ximo a\u00f1o. * \u201cUno de los compromisos que tenemos con la sociedad es ser mejores cada d\u00eda\u201d: maestro Filadelfo Vel\u00e1zquez Ju\u00e1rez. Aurora L\u00f3pez Nambo P\u00e1zcuaro, Mich., noviembre del 2022.- La Escuela Secundaria Federal L\u00e1zaro C\u00e1rdenas, ya se prepara rumbo a su 80 aniversario, que celebrar\u00e1 el 8 de [&hellip;]\" \/>\n<meta property=\"og:url\" content=\"https:\/\/reflejodemichoacan.com\/index.php\/2022\/11\/30\/la-escuela-secundaria-federal-lazaro-cardenas-se-prepara-rumbo-a-su-80-aniversario\/\" \/>\n<meta property=\"og:site_name\" content=\"Reflejo de Michoac\u00e1n\" \/>\n<meta property=\"article:published_time\" content=\"2022-11-30T01:58:25+00:00\" \/>\n<meta property=\"article:modified_time\" content=\"2022-11-30T01:58:36+00:00\" \/>\n<meta property=\"og:image\" content=\"https:\/\/reflejodemichoacan.com\/wp-content\/uploads\/2022\/11\/filadelfo-scaled.jpg\" \/>\n\t<meta property=\"og:image:width\" content=\"2560\" \/>\n\t<meta property=\"og:image:height\" content=\"1920\" \/>\n\t<meta property=\"og:image:type\" content=\"image\/jpeg\" \/>\n<meta name=\"twitter:card\" content=\"summary_large_image\" \/>\n<meta name=\"twitter:label1\" content=\"Escrito por\" \/>\n\t<meta name=\"twitter:data1\" content=\"Aurora\" \/>\n\t<meta name=\"twitter:label2\" content=\"Tiempo de lectura\" \/>\n\t<meta name=\"twitter:data2\" content=\"3 minutos\" \/>\n<script type=\"application\/ld+json\" class=\"yoast-schema-graph\">{\"@context\":\"https:\/\/schema.org\",\"@graph\":[{\"@type\":\"WebSite\",\"@id\":\"https:\/\/reflejodemichoacan.com\/#website\",\"url\":\"https:\/\/reflejodemichoacan.com\/\",\"name\":\"Reflejo de Michoac\\u00e1n\",\"description\":\"Medio de comunicaci\\u00f3n impreso y digital al servicio de la regi\\u00f3n lacustre y Michoac\\u00e1n.\",\"potentialAction\":[{\"@type\":\"SearchAction\",\"target\":{\"@type\":\"EntryPoint\",\"urlTemplate\":\"https:\/\/reflejodemichoacan.com\/?s={search_term_string}\"},\"query-input\":\"required name=search_term_string\"}],\"inLanguage\":\"es-MX\"},{\"@type\":\"ImageObject\",\"@id\":\"https:\/\/reflejodemichoacan.com\/index.php\/2022\/11\/30\/la-escuela-secundaria-federal-lazaro-cardenas-se-prepara-rumbo-a-su-80-aniversario\/#primaryimage\",\"inLanguage\":\"es-MX\",\"url\":\"https:\/\/reflejodemichoacan.com\/wp-content\/uploads\/2022\/11\/filadelfo-scaled.jpg\",\"contentUrl\":\"https:\/\/reflejodemichoacan.com\/wp-content\/uploads\/2022\/11\/filadelfo-scaled.jpg\",\"width\":2560,\"height\":1920},{\"@type\":\"WebPage\",\"@id\":\"https:\/\/reflejodemichoacan.com\/index.php\/2022\/11\/30\/la-escuela-secundaria-federal-lazaro-cardenas-se-prepara-rumbo-a-su-80-aniversario\/#webpage\",\"url\":\"https:\/\/reflejodemichoacan.com\/index.php\/2022\/11\/30\/la-escuela-secundaria-federal-lazaro-cardenas-se-prepara-rumbo-a-su-80-aniversario\/\",\"name\":\"La Escuela Secundaria Federal L\\u00e1zaro C\\u00e1rdenas se prepara rumbo a su 80 aniversario. - Reflejo de Michoac\\u00e1n\",\"isPartOf\":{\"@id\":\"https:\/\/reflejodemichoacan.com\/#website\"},\"primaryImageOfPage\":{\"@id\":\"https:\/\/reflejodemichoacan.com\/index.php\/2022\/11\/30\/la-escuela-secundaria-federal-lazaro-cardenas-se-prepara-rumbo-a-su-80-aniversario\/#primaryimage\"},\"datePublished\":\"2022-11-30T01:58:25+00:00\",\"dateModified\":\"2022-11-30T01:58:36+00:00\",\"author\":{\"@id\":\"https:\/\/reflejodemichoacan.com\/#\/schema\/person\/72d921e8fe99bd6e2e39bcde8995046f\"},\"breadcrumb\":{\"@id\":\"https:\/\/reflejodemichoacan.com\/index.php\/2022\/11\/30\/la-escuela-secundaria-federal-lazaro-cardenas-se-prepara-rumbo-a-su-80-aniversario\/#breadcrumb\"},\"inLanguage\":\"es-MX\",\"potentialAction\":[{\"@type\":\"ReadAction\",\"target\":[\"https:\/\/reflejodemichoacan.com\/index.php\/2022\/11\/30\/la-escuela-secundaria-federal-lazaro-cardenas-se-prepara-rumbo-a-su-80-aniversario\/\"]}]},{\"@type\":\"BreadcrumbList\",\"@id\":\"https:\/\/reflejodemichoacan.com\/index.php\/2022\/11\/30\/la-escuela-secundaria-federal-lazaro-cardenas-se-prepara-rumbo-a-su-80-aniversario\/#breadcrumb\",\"itemListElement\":[{\"@type\":\"ListItem\",\"position\":1,\"name\":\"Inicio\",\"item\":\"https:\/\/reflejodemichoacan.com\/\"},{\"@type\":\"ListItem\",\"position\":2,\"name\":\"La Escuela Secundaria Federal L\\u00e1zaro C\\u00e1rdenas se prepara rumbo a su 80 aniversario.\"}]},{\"@type\":\"Person\",\"@id\":\"https:\/\/reflejodemichoacan.com\/#\/schema\/person\/72d921e8fe99bd6e2e39bcde8995046f\",\"name\":\"Aurora\",\"image\":{\"@type\":\"ImageObject\",\"@id\":\"https:\/\/reflejodemichoacan.com\/#personlogo\",\"inLanguage\":\"es-MX\",\"url\":\"https:\/\/secure.gravatar.com\/avatar\/df5ceb9b998be27b25dd258a6b4b0a95?s=96&d=mm&r=g\",\"contentUrl\":\"https:\/\/secure.gravatar.com\/avatar\/df5ceb9b998be27b25dd258a6b4b0a95?s=96&d=mm&r=g\",\"caption\":\"Aurora\"},\"sameAs\":[\"http:\/\/reflejodemichoacan.com\"],\"url\":\"https:\/\/reflejodemichoacan.com\/index.php\/author\/rixwm7qvsq\/\"}]}<\/script>\n<!-- \/ Yoast SEO plugin. -->","yoast_head_json":{"title":"La Escuela Secundaria Federal L\u00e1zaro C\u00e1rdenas se prepara rumbo a su 80 aniversario. - Reflejo de Michoac\u00e1n","robots":{"index":"index","follow":"follow","max-snippet":"max-snippet:-1","max-image-preview":"max-image-preview:large","max-video-preview":"max-video-preview:-1"},"canonical":"https:\/\/reflejodemichoacan.com\/index.php\/2022\/11\/30\/la-escuela-secundaria-federal-lazaro-cardenas-se-prepara-rumbo-a-su-80-aniversario\/","og_locale":"es_MX","og_type":"article","og_title":"La Escuela Secundaria Federal L\u00e1zaro C\u00e1rdenas se prepara rumbo a su 80 aniversario. - Reflejo de Michoac\u00e1n","og_description":"*Ser\u00e1 conmemorado el 8 de marzo del pr\u00f3ximo a\u00f1o. * \u201cUno de los compromisos que tenemos con la sociedad es ser mejores cada d\u00eda\u201d: maestro Filadelfo Vel\u00e1zquez Ju\u00e1rez. Aurora L\u00f3pez Nambo P\u00e1zcuaro, Mich., noviembre del 2022.- La Escuela Secundaria Federal L\u00e1zaro C\u00e1rdenas, ya se prepara rumbo a su 80 aniversario, que celebrar\u00e1 el 8 de [&hellip;]","og_url":"https:\/\/reflejodemichoacan.com\/index.php\/2022\/11\/30\/la-escuela-secundaria-federal-lazaro-cardenas-se-prepara-rumbo-a-su-80-aniversario\/","og_site_name":"Reflejo de Michoac\u00e1n","article_published_time":"2022-11-30T01:58:25+00:00","article_modified_time":"2022-11-30T01:58:36+00:00","og_image":[{"width":2560,"height":1920,"url":"https:\/\/reflejodemichoacan.com\/wp-content\/uploads\/2022\/11\/filadelfo-scaled.jpg","type":"image\/jpeg"}],"twitter_card":"summary_large_image","twitter_misc":{"Escrito por":"Aurora","Tiempo de lectura":"3 minutos"},"schema":{"@context":"https:\/\/schema.org","@graph":[{"@type":"WebSite","@id":"https:\/\/reflejodemichoacan.com\/#website","url":"https:\/\/reflejodemichoacan.com\/","name":"Reflejo de Michoac\u00e1n","description":"Medio de comunicaci\u00f3n impreso y digital al servicio de la regi\u00f3n lacustre y Michoac\u00e1n.","potentialAction":[{"@type":"SearchAction","target":{"@type":"EntryPoint","urlTemplate":"https:\/\/reflejodemichoacan.com\/?s={search_term_string}"},"query-input":"required name=search_term_string"}],"inLanguage":"es-MX"},{"@type":"ImageObject","@id":"https:\/\/reflejodemichoacan.com\/index.php\/2022\/11\/30\/la-escuela-secundaria-federal-lazaro-cardenas-se-prepara-rumbo-a-su-80-aniversario\/#primaryimage","inLanguage":"es-MX","url":"https:\/\/reflejodemichoacan.com\/wp-content\/uploads\/2022\/11\/filadelfo-scaled.jpg","contentUrl":"https:\/\/reflejodemichoacan.com\/wp-content\/uploads\/2022\/11\/filadelfo-scaled.jpg","width":2560,"height":1920},{"@type":"WebPage","@id":"https:\/\/reflejodemichoacan.com\/index.php\/2022\/11\/30\/la-escuela-secundaria-federal-lazaro-cardenas-se-prepara-rumbo-a-su-80-aniversario\/#webpage","url":"https:\/\/reflejodemichoacan.com\/index.php\/2022\/11\/30\/la-escuela-secundaria-federal-lazaro-cardenas-se-prepara-rumbo-a-su-80-aniversario\/","name":"La Escuela Secundaria Federal L\u00e1zaro C\u00e1rdenas se prepara rumbo a su 80 aniversario. - Reflejo de Michoac\u00e1n","isPartOf":{"@id":"https:\/\/reflejodemichoacan.com\/#website"},"primaryImageOfPage":{"@id":"https:\/\/reflejodemichoacan.com\/index.php\/2022\/11\/30\/la-escuela-secundaria-federal-lazaro-cardenas-se-prepara-rumbo-a-su-80-aniversario\/#primaryimage"},"datePublished":"2022-11-30T01:58:25+00:00","dateModified":"2022-11-30T01:58:36+00:00","author":{"@id":"https:\/\/reflejodemichoacan.com\/#\/schema\/person\/72d921e8fe99bd6e2e39bcde8995046f"},"breadcrumb":{"@id":"https:\/\/reflejodemichoacan.com\/index.php\/2022\/11\/30\/la-escuela-secundaria-federal-lazaro-cardenas-se-prepara-rumbo-a-su-80-aniversario\/#breadcrumb"},"inLanguage":"es-MX","potentialAction":[{"@type":"ReadAction","target":["https:\/\/reflejodemichoacan.com\/index.php\/2022\/11\/30\/la-escuela-secundaria-federal-lazaro-cardenas-se-prepara-rumbo-a-su-80-aniversario\/"]}]},{"@type":"BreadcrumbList","@id":"https:\/\/reflejodemichoacan.com\/index.php\/2022\/11\/30\/la-escuela-secundaria-federal-lazaro-cardenas-se-prepara-rumbo-a-su-80-aniversario\/#breadcrumb","itemListElement":[{"@type":"ListItem","position":1,"name":"Inicio","item":"https:\/\/reflejodemichoacan.com\/"},{"@type":"ListItem","position":2,"name":"La Escuela Secundaria Federal L\u00e1zaro C\u00e1rdenas se prepara rumbo a su 80 aniversario."}]},{"@type":"Person","@id":"https:\/\/reflejodemichoacan.com\/#\/schema\/person\/72d921e8fe99bd6e2e39bcde8995046f","name":"Aurora","image":{"@type":"ImageObject","@id":"https:\/\/reflejodemichoacan.com\/#personlogo","inLanguage":"es-MX","url":"https:\/\/secure.gravatar.com\/avatar\/df5ceb9b998be27b25dd258a6b4b0a95?s=96&d=mm&r=g","contentUrl":"https:\/\/secure.gravatar.com\/avatar\/df5ceb9b998be27b25dd258a6b4b0a95?s=96&d=mm&r=g","caption":"Aurora"},"sameAs":["http:\/\/reflejodemichoacan.com"],"url":"https:\/\/reflejodemichoacan.com\/index.php\/author\/rixwm7qvsq\/"}]}},"_links":{"self":[{"href":"https:\/\/reflejodemichoacan.com\/index.php\/wp-json\/wp\/v2\/posts\/10477"}],"collection":[{"href":"https:\/\/reflejodemichoacan.com\/index.php\/wp-json\/wp\/v2\/posts"}],"about":[{"href":"https:\/\/reflejodemichoacan.com\/index.php\/wp-json\/wp\/v2\/types\/post"}],"author":[{"embeddable":true,"href":"https:\/\/reflejodemichoacan.com\/index.php\/wp-json\/wp\/v2\/users\/1"}],"replies":[{"embeddable":true,"href":"https:\/\/reflejodemichoacan.com\/index.php\/wp-json\/wp\/v2\/comments?post=10477"}],"version-history":[{"count":1,"href":"https:\/\/reflejodemichoacan.com\/index.php\/wp-json\/wp\/v2\/posts\/10477\/revisions"}],"predecessor-version":[{"id":10479,"href":"https:\/\/reflejodemichoacan.com\/index.php\/wp-json\/wp\/v2\/posts\/10477\/revisions\/10479"}],"wp:featuredmedia":[{"embeddable":true,"href":"https:\/\/reflejodemichoacan.com\/index.php\/wp-json\/wp\/v2\/media\/10478"}],"wp:attachment":[{"href":"https:\/\/reflejodemichoacan.com\/index.php\/wp-json\/wp\/v2\/media?parent=10477"}],"wp:term":[{"taxonomy":"category","embeddable":true,"href":"https:\/\/reflejodemichoacan.com\/index.php\/wp-json\/wp\/v2\/categories?post=10477"},{"taxonomy":"post_tag","embeddable":true,"href":"https:\/\/reflejodemichoacan.com\/index.php\/wp-json\/wp\/v2\/tags?post=10477"}],"curies":[{"name":"wp","href":"https:\/\/api.w.org\/{rel}","templated":true}]}}