{"id":10480,"date":"2022-11-30T23:30:36","date_gmt":"2022-11-30T23:30:36","guid":{"rendered":"https:\/\/reflejodemichoacan.com\/?p=10480"},"modified":"2022-11-30T23:30:40","modified_gmt":"2022-11-30T23:30:40","slug":"aprendizaje-educativo-para-personas-con-discapacidad-debe-ser-acorde-a-sus-necesidades-victor-zurita","status":"publish","type":"post","link":"https:\/\/reflejodemichoacan.com\/index.php\/2022\/11\/30\/aprendizaje-educativo-para-personas-con-discapacidad-debe-ser-acorde-a-sus-necesidades-victor-zurita\/","title":{"rendered":"Aprendizaje educativo para personas con discapacidad debe ser acorde a sus necesidades: V\u00edctor Zurita"},"content":{"rendered":"\n<p>Morelia, Michoac\u00e1n, a 30 de noviembre de 2022.- El aprendizaje educativo que se emplea para las personas con discapacidad debe ser acorde a sus necesidades, asegurando para ello los materiales y estrategias metodol\u00f3gicas concretas, destac\u00f3 el diputado V\u00edctor Zurita Ortiz, presidente de la Comisi\u00f3n Especial de Atenci\u00f3n a Personas con Discapacidad de la LXXV Legislatura del Congreso del Estado.<br>El diputado integrante del Grupo Parlamentario de Morena, present\u00f3 este mi\u00e9rcoles una iniciativa para reformar la Constituci\u00f3n del Estado, con la intenci\u00f3n de garantizar que la educaci\u00f3n a personas con discapacidad sea en su propia lengua, incluyendo la Lengua de Se\u00f1as Mexicana y el Sistema Braille.<br>\u201cDe acuerdo con los datos del INEGI, en M\u00e9xico, al menos 3.5 millones de ni\u00f1as, ni\u00f1os y adolescentes de entre 0 y 17 a\u00f1os viven con discapacidad, lo que representa el 9.2 por ciento de la poblaci\u00f3n infantil en ese rango de edad; adem\u00e1s, s\u00f3lo el 75.3% de ni\u00f1as, ni\u00f1os y adolescentes con discapacidad, en una edad de entre 5 y 17 a\u00f1os reciben educaci\u00f3n b\u00e1sica\u201d.<br>V\u00edctor Zurita abund\u00f3 que del total de los adolescentes con discapacidad de entre 15 y 17 a\u00f1os, el 41.1% no cuenta con la educaci\u00f3n b\u00e1sica completa, ello al no existir la estructura de accesibilidad ni una ense\u00f1anza acorde a su realidad social.<br>\u201cAl igual que con las personas sordas, es necesario que el aprendizaje educativo que se emplea para las personas con limitaci\u00f3n o discapacidad visual sea acorde a sus necesidades, es decir, asegurando en ellos los materiales y estrategias metodol\u00f3gicas concretas para que los alumnos puedan alcanzar el grado de aprendizaje que corresponda seg\u00fan el nivel educativo en el que se encuentren\u201d.<br>Recalc\u00f3 que de aprobarse esta iniciativa, Michoac\u00e1n se unir\u00e1 a las Entidades Federativas de Campeche y Ciudad de M\u00e9xico en su inter\u00e9s por reconocer a la Lengua de Se\u00f1as Mexicana como parte de su patrimonio ling\u00fc\u00edstico, adem\u00e1s contribuir\u00e1 de manera favorable al desarrollo integral de las personas con discapacidad visual y auditiva, a trav\u00e9s de la construcci\u00f3n de un marco normativo que reconozca, procure y garantice un efectivo acceso a la educaci\u00f3n inclusiva.<\/p>\n","protected":false},"excerpt":{"rendered":"<p>Morelia, Michoac\u00e1n, a 30 de noviembre de 2022.- El aprendizaje educativo que se emplea para las personas con discapacidad debe ser acorde a sus necesidades, asegurando para ello los materiales y estrategias metodol\u00f3gicas concretas, destac\u00f3 el diputado V\u00edctor Zurita Ortiz, presidente de la Comisi\u00f3n Especial de Atenci\u00f3n a Personas con Discapacidad de la LXXV Legislatura [&hellip;]<\/p>\n","protected":false},"author":1,"featured_media":10481,"comment_status":"open","ping_status":"closed","sticky":false,"template":"","format":"standard","meta":[],"categories":[1],"tags":[],"yoast_head":"<!-- This site is optimized with the Yoast SEO plugin v17.9 - https:\/\/yoast.com\/wordpress\/plugins\/seo\/ -->\n<title>Aprendizaje educativo para personas con discapacidad debe ser acorde a sus necesidades: V\u00edctor Zurita - Reflejo de Michoac\u00e1n<\/title>\n<meta name=\"robots\" content=\"index, follow, max-snippet:-1, max-image-preview:large, max-video-preview:-1\" \/>\n<link rel=\"canonical\" href=\"https:\/\/reflejodemichoacan.com\/index.php\/2022\/11\/30\/aprendizaje-educativo-para-personas-con-discapacidad-debe-ser-acorde-a-sus-necesidades-victor-zurita\/\" \/>\n<meta property=\"og:locale\" content=\"es_MX\" \/>\n<meta property=\"og:type\" content=\"article\" \/>\n<meta property=\"og:title\" content=\"Aprendizaje educativo para personas con discapacidad debe ser acorde a sus necesidades: V\u00edctor Zurita - Reflejo de Michoac\u00e1n\" \/>\n<meta property=\"og:description\" content=\"Morelia, Michoac\u00e1n, a 30 de noviembre de 2022.- El aprendizaje educativo que se emplea para las personas con discapacidad debe ser acorde a sus necesidades, asegurando para ello los materiales y estrategias metodol\u00f3gicas concretas, destac\u00f3 el diputado V\u00edctor Zurita Ortiz, presidente de la Comisi\u00f3n Especial de Atenci\u00f3n a Personas con Discapacidad de la LXXV Legislatura [&hellip;]\" \/>\n<meta property=\"og:url\" content=\"https:\/\/reflejodemichoacan.com\/index.php\/2022\/11\/30\/aprendizaje-educativo-para-personas-con-discapacidad-debe-ser-acorde-a-sus-necesidades-victor-zurita\/\" \/>\n<meta property=\"og:site_name\" content=\"Reflejo de Michoac\u00e1n\" \/>\n<meta property=\"article:published_time\" content=\"2022-11-30T23:30:36+00:00\" \/>\n<meta property=\"article:modified_time\" content=\"2022-11-30T23:30:40+00:00\" \/>\n<meta property=\"og:image\" content=\"https:\/\/reflejodemichoacan.com\/wp-content\/uploads\/2022\/11\/aprendizaje.jpg\" \/>\n\t<meta property=\"og:image:width\" content=\"1280\" \/>\n\t<meta property=\"og:image:height\" content=\"853\" \/>\n\t<meta property=\"og:image:type\" content=\"image\/jpeg\" \/>\n<meta name=\"twitter:card\" content=\"summary_large_image\" \/>\n<meta name=\"twitter:label1\" content=\"Escrito por\" \/>\n\t<meta name=\"twitter:data1\" content=\"Aurora\" \/>\n\t<meta name=\"twitter:label2\" content=\"Tiempo de lectura\" \/>\n\t<meta name=\"twitter:data2\" content=\"2 minutos\" \/>\n<script type=\"application\/ld+json\" class=\"yoast-schema-graph\">{\"@context\":\"https:\/\/schema.org\",\"@graph\":[{\"@type\":\"WebSite\",\"@id\":\"https:\/\/reflejodemichoacan.com\/#website\",\"url\":\"https:\/\/reflejodemichoacan.com\/\",\"name\":\"Reflejo de Michoac\\u00e1n\",\"description\":\"Medio de comunicaci\\u00f3n impreso y digital al servicio de la regi\\u00f3n lacustre y Michoac\\u00e1n.\",\"potentialAction\":[{\"@type\":\"SearchAction\",\"target\":{\"@type\":\"EntryPoint\",\"urlTemplate\":\"https:\/\/reflejodemichoacan.com\/?s={search_term_string}\"},\"query-input\":\"required name=search_term_string\"}],\"inLanguage\":\"es-MX\"},{\"@type\":\"ImageObject\",\"@id\":\"https:\/\/reflejodemichoacan.com\/index.php\/2022\/11\/30\/aprendizaje-educativo-para-personas-con-discapacidad-debe-ser-acorde-a-sus-necesidades-victor-zurita\/#primaryimage\",\"inLanguage\":\"es-MX\",\"url\":\"https:\/\/reflejodemichoacan.com\/wp-content\/uploads\/2022\/11\/aprendizaje.jpg\",\"contentUrl\":\"https:\/\/reflejodemichoacan.com\/wp-content\/uploads\/2022\/11\/aprendizaje.jpg\",\"width\":1280,\"height\":853},{\"@type\":\"WebPage\",\"@id\":\"https:\/\/reflejodemichoacan.com\/index.php\/2022\/11\/30\/aprendizaje-educativo-para-personas-con-discapacidad-debe-ser-acorde-a-sus-necesidades-victor-zurita\/#webpage\",\"url\":\"https:\/\/reflejodemichoacan.com\/index.php\/2022\/11\/30\/aprendizaje-educativo-para-personas-con-discapacidad-debe-ser-acorde-a-sus-necesidades-victor-zurita\/\",\"name\":\"Aprendizaje educativo para personas con discapacidad debe ser acorde a sus necesidades: V\\u00edctor Zurita - Reflejo de Michoac\\u00e1n\",\"isPartOf\":{\"@id\":\"https:\/\/reflejodemichoacan.com\/#website\"},\"primaryImageOfPage\":{\"@id\":\"https:\/\/reflejodemichoacan.com\/index.php\/2022\/11\/30\/aprendizaje-educativo-para-personas-con-discapacidad-debe-ser-acorde-a-sus-necesidades-victor-zurita\/#primaryimage\"},\"datePublished\":\"2022-11-30T23:30:36+00:00\",\"dateModified\":\"2022-11-30T23:30:40+00:00\",\"author\":{\"@id\":\"https:\/\/reflejodemichoacan.com\/#\/schema\/person\/72d921e8fe99bd6e2e39bcde8995046f\"},\"breadcrumb\":{\"@id\":\"https:\/\/reflejodemichoacan.com\/index.php\/2022\/11\/30\/aprendizaje-educativo-para-personas-con-discapacidad-debe-ser-acorde-a-sus-necesidades-victor-zurita\/#breadcrumb\"},\"inLanguage\":\"es-MX\",\"potentialAction\":[{\"@type\":\"ReadAction\",\"target\":[\"https:\/\/reflejodemichoacan.com\/index.php\/2022\/11\/30\/aprendizaje-educativo-para-personas-con-discapacidad-debe-ser-acorde-a-sus-necesidades-victor-zurita\/\"]}]},{\"@type\":\"BreadcrumbList\",\"@id\":\"https:\/\/reflejodemichoacan.com\/index.php\/2022\/11\/30\/aprendizaje-educativo-para-personas-con-discapacidad-debe-ser-acorde-a-sus-necesidades-victor-zurita\/#breadcrumb\",\"itemListElement\":[{\"@type\":\"ListItem\",\"position\":1,\"name\":\"Inicio\",\"item\":\"https:\/\/reflejodemichoacan.com\/\"},{\"@type\":\"ListItem\",\"position\":2,\"name\":\"Aprendizaje educativo para personas con discapacidad debe ser acorde a sus necesidades: V\\u00edctor Zurita\"}]},{\"@type\":\"Person\",\"@id\":\"https:\/\/reflejodemichoacan.com\/#\/schema\/person\/72d921e8fe99bd6e2e39bcde8995046f\",\"name\":\"Aurora\",\"image\":{\"@type\":\"ImageObject\",\"@id\":\"https:\/\/reflejodemichoacan.com\/#personlogo\",\"inLanguage\":\"es-MX\",\"url\":\"https:\/\/secure.gravatar.com\/avatar\/df5ceb9b998be27b25dd258a6b4b0a95?s=96&d=mm&r=g\",\"contentUrl\":\"https:\/\/secure.gravatar.com\/avatar\/df5ceb9b998be27b25dd258a6b4b0a95?s=96&d=mm&r=g\",\"caption\":\"Aurora\"},\"sameAs\":[\"http:\/\/reflejodemichoacan.com\"],\"url\":\"https:\/\/reflejodemichoacan.com\/index.php\/author\/rixwm7qvsq\/\"}]}<\/script>\n<!-- \/ Yoast SEO plugin. -->","yoast_head_json":{"title":"Aprendizaje educativo para personas con discapacidad debe ser acorde a sus necesidades: V\u00edctor Zurita - Reflejo de Michoac\u00e1n","robots":{"index":"index","follow":"follow","max-snippet":"max-snippet:-1","max-image-preview":"max-image-preview:large","max-video-preview":"max-video-preview:-1"},"canonical":"https:\/\/reflejodemichoacan.com\/index.php\/2022\/11\/30\/aprendizaje-educativo-para-personas-con-discapacidad-debe-ser-acorde-a-sus-necesidades-victor-zurita\/","og_locale":"es_MX","og_type":"article","og_title":"Aprendizaje educativo para personas con discapacidad debe ser acorde a sus necesidades: V\u00edctor Zurita - Reflejo de Michoac\u00e1n","og_description":"Morelia, Michoac\u00e1n, a 30 de noviembre de 2022.- El aprendizaje educativo que se emplea para las personas con discapacidad debe ser acorde a sus necesidades, asegurando para ello los materiales y estrategias metodol\u00f3gicas concretas, destac\u00f3 el diputado V\u00edctor Zurita Ortiz, presidente de la Comisi\u00f3n Especial de Atenci\u00f3n a Personas con Discapacidad de la LXXV Legislatura [&hellip;]","og_url":"https:\/\/reflejodemichoacan.com\/index.php\/2022\/11\/30\/aprendizaje-educativo-para-personas-con-discapacidad-debe-ser-acorde-a-sus-necesidades-victor-zurita\/","og_site_name":"Reflejo de Michoac\u00e1n","article_published_time":"2022-11-30T23:30:36+00:00","article_modified_time":"2022-11-30T23:30:40+00:00","og_image":[{"width":1280,"height":853,"url":"https:\/\/reflejodemichoacan.com\/wp-content\/uploads\/2022\/11\/aprendizaje.jpg","type":"image\/jpeg"}],"twitter_card":"summary_large_image","twitter_misc":{"Escrito por":"Aurora","Tiempo de lectura":"2 minutos"},"schema":{"@context":"https:\/\/schema.org","@graph":[{"@type":"WebSite","@id":"https:\/\/reflejodemichoacan.com\/#website","url":"https:\/\/reflejodemichoacan.com\/","name":"Reflejo de Michoac\u00e1n","description":"Medio de comunicaci\u00f3n impreso y digital al servicio de la regi\u00f3n lacustre y Michoac\u00e1n.","potentialAction":[{"@type":"SearchAction","target":{"@type":"EntryPoint","urlTemplate":"https:\/\/reflejodemichoacan.com\/?s={search_term_string}"},"query-input":"required name=search_term_string"}],"inLanguage":"es-MX"},{"@type":"ImageObject","@id":"https:\/\/reflejodemichoacan.com\/index.php\/2022\/11\/30\/aprendizaje-educativo-para-personas-con-discapacidad-debe-ser-acorde-a-sus-necesidades-victor-zurita\/#primaryimage","inLanguage":"es-MX","url":"https:\/\/reflejodemichoacan.com\/wp-content\/uploads\/2022\/11\/aprendizaje.jpg","contentUrl":"https:\/\/reflejodemichoacan.com\/wp-content\/uploads\/2022\/11\/aprendizaje.jpg","width":1280,"height":853},{"@type":"WebPage","@id":"https:\/\/reflejodemichoacan.com\/index.php\/2022\/11\/30\/aprendizaje-educativo-para-personas-con-discapacidad-debe-ser-acorde-a-sus-necesidades-victor-zurita\/#webpage","url":"https:\/\/reflejodemichoacan.com\/index.php\/2022\/11\/30\/aprendizaje-educativo-para-personas-con-discapacidad-debe-ser-acorde-a-sus-necesidades-victor-zurita\/","name":"Aprendizaje educativo para personas con discapacidad debe ser acorde a sus necesidades: V\u00edctor Zurita - Reflejo de Michoac\u00e1n","isPartOf":{"@id":"https:\/\/reflejodemichoacan.com\/#website"},"primaryImageOfPage":{"@id":"https:\/\/reflejodemichoacan.com\/index.php\/2022\/11\/30\/aprendizaje-educativo-para-personas-con-discapacidad-debe-ser-acorde-a-sus-necesidades-victor-zurita\/#primaryimage"},"datePublished":"2022-11-30T23:30:36+00:00","dateModified":"2022-11-30T23:30:40+00:00","author":{"@id":"https:\/\/reflejodemichoacan.com\/#\/schema\/person\/72d921e8fe99bd6e2e39bcde8995046f"},"breadcrumb":{"@id":"https:\/\/reflejodemichoacan.com\/index.php\/2022\/11\/30\/aprendizaje-educativo-para-personas-con-discapacidad-debe-ser-acorde-a-sus-necesidades-victor-zurita\/#breadcrumb"},"inLanguage":"es-MX","potentialAction":[{"@type":"ReadAction","target":["https:\/\/reflejodemichoacan.com\/index.php\/2022\/11\/30\/aprendizaje-educativo-para-personas-con-discapacidad-debe-ser-acorde-a-sus-necesidades-victor-zurita\/"]}]},{"@type":"BreadcrumbList","@id":"https:\/\/reflejodemichoacan.com\/index.php\/2022\/11\/30\/aprendizaje-educativo-para-personas-con-discapacidad-debe-ser-acorde-a-sus-necesidades-victor-zurita\/#breadcrumb","itemListElement":[{"@type":"ListItem","position":1,"name":"Inicio","item":"https:\/\/reflejodemichoacan.com\/"},{"@type":"ListItem","position":2,"name":"Aprendizaje educativo para personas con discapacidad debe ser acorde a sus necesidades: V\u00edctor Zurita"}]},{"@type":"Person","@id":"https:\/\/reflejodemichoacan.com\/#\/schema\/person\/72d921e8fe99bd6e2e39bcde8995046f","name":"Aurora","image":{"@type":"ImageObject","@id":"https:\/\/reflejodemichoacan.com\/#personlogo","inLanguage":"es-MX","url":"https:\/\/secure.gravatar.com\/avatar\/df5ceb9b998be27b25dd258a6b4b0a95?s=96&d=mm&r=g","contentUrl":"https:\/\/secure.gravatar.com\/avatar\/df5ceb9b998be27b25dd258a6b4b0a95?s=96&d=mm&r=g","caption":"Aurora"},"sameAs":["http:\/\/reflejodemichoacan.com"],"url":"https:\/\/reflejodemichoacan.com\/index.php\/author\/rixwm7qvsq\/"}]}},"_links":{"self":[{"href":"https:\/\/reflejodemichoacan.com\/index.php\/wp-json\/wp\/v2\/posts\/10480"}],"collection":[{"href":"https:\/\/reflejodemichoacan.com\/index.php\/wp-json\/wp\/v2\/posts"}],"about":[{"href":"https:\/\/reflejodemichoacan.com\/index.php\/wp-json\/wp\/v2\/types\/post"}],"author":[{"embeddable":true,"href":"https:\/\/reflejodemichoacan.com\/index.php\/wp-json\/wp\/v2\/users\/1"}],"replies":[{"embeddable":true,"href":"https:\/\/reflejodemichoacan.com\/index.php\/wp-json\/wp\/v2\/comments?post=10480"}],"version-history":[{"count":1,"href":"https:\/\/reflejodemichoacan.com\/index.php\/wp-json\/wp\/v2\/posts\/10480\/revisions"}],"predecessor-version":[{"id":10482,"href":"https:\/\/reflejodemichoacan.com\/index.php\/wp-json\/wp\/v2\/posts\/10480\/revisions\/10482"}],"wp:featuredmedia":[{"embeddable":true,"href":"https:\/\/reflejodemichoacan.com\/index.php\/wp-json\/wp\/v2\/media\/10481"}],"wp:attachment":[{"href":"https:\/\/reflejodemichoacan.com\/index.php\/wp-json\/wp\/v2\/media?parent=10480"}],"wp:term":[{"taxonomy":"category","embeddable":true,"href":"https:\/\/reflejodemichoacan.com\/index.php\/wp-json\/wp\/v2\/categories?post=10480"},{"taxonomy":"post_tag","embeddable":true,"href":"https:\/\/reflejodemichoacan.com\/index.php\/wp-json\/wp\/v2\/tags?post=10480"}],"curies":[{"name":"wp","href":"https:\/\/api.w.org\/{rel}","templated":true}]}}