{"id":10483,"date":"2022-11-30T23:33:36","date_gmt":"2022-11-30T23:33:36","guid":{"rendered":"https:\/\/reflejodemichoacan.com\/?p=10483"},"modified":"2022-11-30T23:33:39","modified_gmt":"2022-11-30T23:33:39","slug":"apoyara-75-legislatura-impulso-a-lazaro-cardenas-como-punto-ideal-de-inversion-extranjera","status":"publish","type":"post","link":"https:\/\/reflejodemichoacan.com\/index.php\/2022\/11\/30\/apoyara-75-legislatura-impulso-a-lazaro-cardenas-como-punto-ideal-de-inversion-extranjera\/","title":{"rendered":"Apoyar\u00e1 75 Legislatura impulso a L\u00e1zaro C\u00e1rdenas como punto ideal de inversi\u00f3n extranjera"},"content":{"rendered":"\n<p>L\u00e1zaro C\u00e1rdenas, Michoac\u00e1n, 30 de noviembre de 2022.- El Parque Industrial y Log\u00edstico de L\u00e1zaro C\u00e1rdenas se fortalecer\u00e1 como una plataforma integradora y ser\u00e1 una ventana de emprendimiento y soluciones, as\u00ed como una atractiva puerta a las inversiones asi\u00e1ticas que tienen como destino el mercado americano.<br>As\u00ed lo estableci\u00f3 la diputada Julieta Garc\u00eda Zepeda, presidenta de la Mesa Directiva de la 75 Legislatura de Michoac\u00e1n, quien testific\u00f3 este d\u00eda la firma del convenio de transferencia de la Isla de la Palma a la Secretar\u00eda de Marina; \u201cel Poder Legislativo respaldar\u00e1 el impulso al puerto como un punto ideal de inversi\u00f3n extranjera\u201d, dijo.<br>En este contexto, Garc\u00eda Zepeda resalt\u00f3 que la transferencia de la Isla de la Palma se suma al comodato que se hizo del aeropuerto local a la administraci\u00f3n portuaria, y con ello, se lograr\u00e1 un mayor impulso a la regi\u00f3n de la costa en favor del comercio internacional.<br>Desde el Poder Legislativo, cit\u00f3, \u201crefrendamos el compromiso de la 75 Legislatura para continuar brindando un apoyo importante y sin tintes pol\u00edticos o partidistas al puerto, para que haya m\u00e1s inversiones extranjeras\u201d, agreg\u00f3.<br>En esta actividad, estuvieron presentes el gobernador de Michoac\u00e1n, Alfredo Ram\u00edrez Bedolla; el gobernador de Quer\u00e9taro, Mauricio Kuri Gonz\u00e1lez; Teodora Ram\u00edrez Vega, secretaria de Fomento y Desarrollo Econ\u00f3mico de Guerrero; Claudio M\u00e9ndez Fern\u00e1ndez, secretario de Desarrollo Econ\u00f3mico de Michoac\u00e1n y V\u00edctor Cairo, director ejecutivo de ArcelorMittal M\u00e9xico.<\/p>\n","protected":false},"excerpt":{"rendered":"<p>L\u00e1zaro C\u00e1rdenas, Michoac\u00e1n, 30 de noviembre de 2022.- El Parque Industrial y Log\u00edstico de L\u00e1zaro C\u00e1rdenas se fortalecer\u00e1 como una plataforma integradora y ser\u00e1 una ventana de emprendimiento y soluciones, as\u00ed como una atractiva puerta a las inversiones asi\u00e1ticas que tienen como destino el mercado americano.As\u00ed lo estableci\u00f3 la diputada Julieta Garc\u00eda Zepeda, presidenta de [&hellip;]<\/p>\n","protected":false},"author":1,"featured_media":10484,"comment_status":"open","ping_status":"closed","sticky":false,"template":"","format":"standard","meta":[],"categories":[1],"tags":[],"yoast_head":"<!-- This site is optimized with the Yoast SEO plugin v17.9 - https:\/\/yoast.com\/wordpress\/plugins\/seo\/ -->\n<title>Apoyar\u00e1 75 Legislatura impulso a L\u00e1zaro C\u00e1rdenas como punto ideal de inversi\u00f3n extranjera - Reflejo de Michoac\u00e1n<\/title>\n<meta name=\"robots\" content=\"index, follow, max-snippet:-1, max-image-preview:large, max-video-preview:-1\" \/>\n<link rel=\"canonical\" href=\"https:\/\/reflejodemichoacan.com\/index.php\/2022\/11\/30\/apoyara-75-legislatura-impulso-a-lazaro-cardenas-como-punto-ideal-de-inversion-extranjera\/\" \/>\n<meta property=\"og:locale\" content=\"es_MX\" \/>\n<meta property=\"og:type\" content=\"article\" \/>\n<meta property=\"og:title\" content=\"Apoyar\u00e1 75 Legislatura impulso a L\u00e1zaro C\u00e1rdenas como punto ideal de inversi\u00f3n extranjera - Reflejo de Michoac\u00e1n\" \/>\n<meta property=\"og:description\" content=\"L\u00e1zaro C\u00e1rdenas, Michoac\u00e1n, 30 de noviembre de 2022.- El Parque Industrial y Log\u00edstico de L\u00e1zaro C\u00e1rdenas se fortalecer\u00e1 como una plataforma integradora y ser\u00e1 una ventana de emprendimiento y soluciones, as\u00ed como una atractiva puerta a las inversiones asi\u00e1ticas que tienen como destino el mercado americano.As\u00ed lo estableci\u00f3 la diputada Julieta Garc\u00eda Zepeda, presidenta de [&hellip;]\" \/>\n<meta property=\"og:url\" content=\"https:\/\/reflejodemichoacan.com\/index.php\/2022\/11\/30\/apoyara-75-legislatura-impulso-a-lazaro-cardenas-como-punto-ideal-de-inversion-extranjera\/\" \/>\n<meta property=\"og:site_name\" content=\"Reflejo de Michoac\u00e1n\" \/>\n<meta property=\"article:published_time\" content=\"2022-11-30T23:33:36+00:00\" \/>\n<meta property=\"article:modified_time\" content=\"2022-11-30T23:33:39+00:00\" \/>\n<meta property=\"og:image\" content=\"https:\/\/reflejodemichoacan.com\/wp-content\/uploads\/2022\/11\/apoyara.jpg\" \/>\n\t<meta property=\"og:image:width\" content=\"809\" \/>\n\t<meta property=\"og:image:height\" content=\"495\" \/>\n\t<meta property=\"og:image:type\" content=\"image\/jpeg\" \/>\n<meta name=\"twitter:card\" content=\"summary_large_image\" \/>\n<meta name=\"twitter:label1\" content=\"Escrito por\" \/>\n\t<meta name=\"twitter:data1\" content=\"Aurora\" \/>\n\t<meta name=\"twitter:label2\" content=\"Tiempo de lectura\" \/>\n\t<meta name=\"twitter:data2\" content=\"2 minutos\" \/>\n<script type=\"application\/ld+json\" class=\"yoast-schema-graph\">{\"@context\":\"https:\/\/schema.org\",\"@graph\":[{\"@type\":\"WebSite\",\"@id\":\"https:\/\/reflejodemichoacan.com\/#website\",\"url\":\"https:\/\/reflejodemichoacan.com\/\",\"name\":\"Reflejo de Michoac\\u00e1n\",\"description\":\"Medio de comunicaci\\u00f3n impreso y digital al servicio de la regi\\u00f3n lacustre y Michoac\\u00e1n.\",\"potentialAction\":[{\"@type\":\"SearchAction\",\"target\":{\"@type\":\"EntryPoint\",\"urlTemplate\":\"https:\/\/reflejodemichoacan.com\/?s={search_term_string}\"},\"query-input\":\"required name=search_term_string\"}],\"inLanguage\":\"es-MX\"},{\"@type\":\"ImageObject\",\"@id\":\"https:\/\/reflejodemichoacan.com\/index.php\/2022\/11\/30\/apoyara-75-legislatura-impulso-a-lazaro-cardenas-como-punto-ideal-de-inversion-extranjera\/#primaryimage\",\"inLanguage\":\"es-MX\",\"url\":\"https:\/\/reflejodemichoacan.com\/wp-content\/uploads\/2022\/11\/apoyara.jpg\",\"contentUrl\":\"https:\/\/reflejodemichoacan.com\/wp-content\/uploads\/2022\/11\/apoyara.jpg\",\"width\":809,\"height\":495},{\"@type\":\"WebPage\",\"@id\":\"https:\/\/reflejodemichoacan.com\/index.php\/2022\/11\/30\/apoyara-75-legislatura-impulso-a-lazaro-cardenas-como-punto-ideal-de-inversion-extranjera\/#webpage\",\"url\":\"https:\/\/reflejodemichoacan.com\/index.php\/2022\/11\/30\/apoyara-75-legislatura-impulso-a-lazaro-cardenas-como-punto-ideal-de-inversion-extranjera\/\",\"name\":\"Apoyar\\u00e1 75 Legislatura impulso a L\\u00e1zaro C\\u00e1rdenas como punto ideal de inversi\\u00f3n extranjera - Reflejo de Michoac\\u00e1n\",\"isPartOf\":{\"@id\":\"https:\/\/reflejodemichoacan.com\/#website\"},\"primaryImageOfPage\":{\"@id\":\"https:\/\/reflejodemichoacan.com\/index.php\/2022\/11\/30\/apoyara-75-legislatura-impulso-a-lazaro-cardenas-como-punto-ideal-de-inversion-extranjera\/#primaryimage\"},\"datePublished\":\"2022-11-30T23:33:36+00:00\",\"dateModified\":\"2022-11-30T23:33:39+00:00\",\"author\":{\"@id\":\"https:\/\/reflejodemichoacan.com\/#\/schema\/person\/72d921e8fe99bd6e2e39bcde8995046f\"},\"breadcrumb\":{\"@id\":\"https:\/\/reflejodemichoacan.com\/index.php\/2022\/11\/30\/apoyara-75-legislatura-impulso-a-lazaro-cardenas-como-punto-ideal-de-inversion-extranjera\/#breadcrumb\"},\"inLanguage\":\"es-MX\",\"potentialAction\":[{\"@type\":\"ReadAction\",\"target\":[\"https:\/\/reflejodemichoacan.com\/index.php\/2022\/11\/30\/apoyara-75-legislatura-impulso-a-lazaro-cardenas-como-punto-ideal-de-inversion-extranjera\/\"]}]},{\"@type\":\"BreadcrumbList\",\"@id\":\"https:\/\/reflejodemichoacan.com\/index.php\/2022\/11\/30\/apoyara-75-legislatura-impulso-a-lazaro-cardenas-como-punto-ideal-de-inversion-extranjera\/#breadcrumb\",\"itemListElement\":[{\"@type\":\"ListItem\",\"position\":1,\"name\":\"Inicio\",\"item\":\"https:\/\/reflejodemichoacan.com\/\"},{\"@type\":\"ListItem\",\"position\":2,\"name\":\"Apoyar\\u00e1 75 Legislatura impulso a L\\u00e1zaro C\\u00e1rdenas como punto ideal de inversi\\u00f3n extranjera\"}]},{\"@type\":\"Person\",\"@id\":\"https:\/\/reflejodemichoacan.com\/#\/schema\/person\/72d921e8fe99bd6e2e39bcde8995046f\",\"name\":\"Aurora\",\"image\":{\"@type\":\"ImageObject\",\"@id\":\"https:\/\/reflejodemichoacan.com\/#personlogo\",\"inLanguage\":\"es-MX\",\"url\":\"https:\/\/secure.gravatar.com\/avatar\/df5ceb9b998be27b25dd258a6b4b0a95?s=96&d=mm&r=g\",\"contentUrl\":\"https:\/\/secure.gravatar.com\/avatar\/df5ceb9b998be27b25dd258a6b4b0a95?s=96&d=mm&r=g\",\"caption\":\"Aurora\"},\"sameAs\":[\"http:\/\/reflejodemichoacan.com\"],\"url\":\"https:\/\/reflejodemichoacan.com\/index.php\/author\/rixwm7qvsq\/\"}]}<\/script>\n<!-- \/ Yoast SEO plugin. -->","yoast_head_json":{"title":"Apoyar\u00e1 75 Legislatura impulso a L\u00e1zaro C\u00e1rdenas como punto ideal de inversi\u00f3n extranjera - Reflejo de Michoac\u00e1n","robots":{"index":"index","follow":"follow","max-snippet":"max-snippet:-1","max-image-preview":"max-image-preview:large","max-video-preview":"max-video-preview:-1"},"canonical":"https:\/\/reflejodemichoacan.com\/index.php\/2022\/11\/30\/apoyara-75-legislatura-impulso-a-lazaro-cardenas-como-punto-ideal-de-inversion-extranjera\/","og_locale":"es_MX","og_type":"article","og_title":"Apoyar\u00e1 75 Legislatura impulso a L\u00e1zaro C\u00e1rdenas como punto ideal de inversi\u00f3n extranjera - Reflejo de Michoac\u00e1n","og_description":"L\u00e1zaro C\u00e1rdenas, Michoac\u00e1n, 30 de noviembre de 2022.- El Parque Industrial y Log\u00edstico de L\u00e1zaro C\u00e1rdenas se fortalecer\u00e1 como una plataforma integradora y ser\u00e1 una ventana de emprendimiento y soluciones, as\u00ed como una atractiva puerta a las inversiones asi\u00e1ticas que tienen como destino el mercado americano.As\u00ed lo estableci\u00f3 la diputada Julieta Garc\u00eda Zepeda, presidenta de [&hellip;]","og_url":"https:\/\/reflejodemichoacan.com\/index.php\/2022\/11\/30\/apoyara-75-legislatura-impulso-a-lazaro-cardenas-como-punto-ideal-de-inversion-extranjera\/","og_site_name":"Reflejo de Michoac\u00e1n","article_published_time":"2022-11-30T23:33:36+00:00","article_modified_time":"2022-11-30T23:33:39+00:00","og_image":[{"width":809,"height":495,"url":"https:\/\/reflejodemichoacan.com\/wp-content\/uploads\/2022\/11\/apoyara.jpg","type":"image\/jpeg"}],"twitter_card":"summary_large_image","twitter_misc":{"Escrito por":"Aurora","Tiempo de lectura":"2 minutos"},"schema":{"@context":"https:\/\/schema.org","@graph":[{"@type":"WebSite","@id":"https:\/\/reflejodemichoacan.com\/#website","url":"https:\/\/reflejodemichoacan.com\/","name":"Reflejo de Michoac\u00e1n","description":"Medio de comunicaci\u00f3n impreso y digital al servicio de la regi\u00f3n lacustre y Michoac\u00e1n.","potentialAction":[{"@type":"SearchAction","target":{"@type":"EntryPoint","urlTemplate":"https:\/\/reflejodemichoacan.com\/?s={search_term_string}"},"query-input":"required name=search_term_string"}],"inLanguage":"es-MX"},{"@type":"ImageObject","@id":"https:\/\/reflejodemichoacan.com\/index.php\/2022\/11\/30\/apoyara-75-legislatura-impulso-a-lazaro-cardenas-como-punto-ideal-de-inversion-extranjera\/#primaryimage","inLanguage":"es-MX","url":"https:\/\/reflejodemichoacan.com\/wp-content\/uploads\/2022\/11\/apoyara.jpg","contentUrl":"https:\/\/reflejodemichoacan.com\/wp-content\/uploads\/2022\/11\/apoyara.jpg","width":809,"height":495},{"@type":"WebPage","@id":"https:\/\/reflejodemichoacan.com\/index.php\/2022\/11\/30\/apoyara-75-legislatura-impulso-a-lazaro-cardenas-como-punto-ideal-de-inversion-extranjera\/#webpage","url":"https:\/\/reflejodemichoacan.com\/index.php\/2022\/11\/30\/apoyara-75-legislatura-impulso-a-lazaro-cardenas-como-punto-ideal-de-inversion-extranjera\/","name":"Apoyar\u00e1 75 Legislatura impulso a L\u00e1zaro C\u00e1rdenas como punto ideal de inversi\u00f3n extranjera - Reflejo de Michoac\u00e1n","isPartOf":{"@id":"https:\/\/reflejodemichoacan.com\/#website"},"primaryImageOfPage":{"@id":"https:\/\/reflejodemichoacan.com\/index.php\/2022\/11\/30\/apoyara-75-legislatura-impulso-a-lazaro-cardenas-como-punto-ideal-de-inversion-extranjera\/#primaryimage"},"datePublished":"2022-11-30T23:33:36+00:00","dateModified":"2022-11-30T23:33:39+00:00","author":{"@id":"https:\/\/reflejodemichoacan.com\/#\/schema\/person\/72d921e8fe99bd6e2e39bcde8995046f"},"breadcrumb":{"@id":"https:\/\/reflejodemichoacan.com\/index.php\/2022\/11\/30\/apoyara-75-legislatura-impulso-a-lazaro-cardenas-como-punto-ideal-de-inversion-extranjera\/#breadcrumb"},"inLanguage":"es-MX","potentialAction":[{"@type":"ReadAction","target":["https:\/\/reflejodemichoacan.com\/index.php\/2022\/11\/30\/apoyara-75-legislatura-impulso-a-lazaro-cardenas-como-punto-ideal-de-inversion-extranjera\/"]}]},{"@type":"BreadcrumbList","@id":"https:\/\/reflejodemichoacan.com\/index.php\/2022\/11\/30\/apoyara-75-legislatura-impulso-a-lazaro-cardenas-como-punto-ideal-de-inversion-extranjera\/#breadcrumb","itemListElement":[{"@type":"ListItem","position":1,"name":"Inicio","item":"https:\/\/reflejodemichoacan.com\/"},{"@type":"ListItem","position":2,"name":"Apoyar\u00e1 75 Legislatura impulso a L\u00e1zaro C\u00e1rdenas como punto ideal de inversi\u00f3n extranjera"}]},{"@type":"Person","@id":"https:\/\/reflejodemichoacan.com\/#\/schema\/person\/72d921e8fe99bd6e2e39bcde8995046f","name":"Aurora","image":{"@type":"ImageObject","@id":"https:\/\/reflejodemichoacan.com\/#personlogo","inLanguage":"es-MX","url":"https:\/\/secure.gravatar.com\/avatar\/df5ceb9b998be27b25dd258a6b4b0a95?s=96&d=mm&r=g","contentUrl":"https:\/\/secure.gravatar.com\/avatar\/df5ceb9b998be27b25dd258a6b4b0a95?s=96&d=mm&r=g","caption":"Aurora"},"sameAs":["http:\/\/reflejodemichoacan.com"],"url":"https:\/\/reflejodemichoacan.com\/index.php\/author\/rixwm7qvsq\/"}]}},"_links":{"self":[{"href":"https:\/\/reflejodemichoacan.com\/index.php\/wp-json\/wp\/v2\/posts\/10483"}],"collection":[{"href":"https:\/\/reflejodemichoacan.com\/index.php\/wp-json\/wp\/v2\/posts"}],"about":[{"href":"https:\/\/reflejodemichoacan.com\/index.php\/wp-json\/wp\/v2\/types\/post"}],"author":[{"embeddable":true,"href":"https:\/\/reflejodemichoacan.com\/index.php\/wp-json\/wp\/v2\/users\/1"}],"replies":[{"embeddable":true,"href":"https:\/\/reflejodemichoacan.com\/index.php\/wp-json\/wp\/v2\/comments?post=10483"}],"version-history":[{"count":1,"href":"https:\/\/reflejodemichoacan.com\/index.php\/wp-json\/wp\/v2\/posts\/10483\/revisions"}],"predecessor-version":[{"id":10485,"href":"https:\/\/reflejodemichoacan.com\/index.php\/wp-json\/wp\/v2\/posts\/10483\/revisions\/10485"}],"wp:featuredmedia":[{"embeddable":true,"href":"https:\/\/reflejodemichoacan.com\/index.php\/wp-json\/wp\/v2\/media\/10484"}],"wp:attachment":[{"href":"https:\/\/reflejodemichoacan.com\/index.php\/wp-json\/wp\/v2\/media?parent=10483"}],"wp:term":[{"taxonomy":"category","embeddable":true,"href":"https:\/\/reflejodemichoacan.com\/index.php\/wp-json\/wp\/v2\/categories?post=10483"},{"taxonomy":"post_tag","embeddable":true,"href":"https:\/\/reflejodemichoacan.com\/index.php\/wp-json\/wp\/v2\/tags?post=10483"}],"curies":[{"name":"wp","href":"https:\/\/api.w.org\/{rel}","templated":true}]}}