{"id":10486,"date":"2022-11-30T23:36:11","date_gmt":"2022-11-30T23:36:11","guid":{"rendered":"https:\/\/reflejodemichoacan.com\/?p=10486"},"modified":"2022-11-30T23:36:14","modified_gmt":"2022-11-30T23:36:14","slug":"instala-75-legislatura-comision-especial-de-seguimiento-a-la-implementacion-de-la-agenda-2030","status":"publish","type":"post","link":"https:\/\/reflejodemichoacan.com\/index.php\/2022\/11\/30\/instala-75-legislatura-comision-especial-de-seguimiento-a-la-implementacion-de-la-agenda-2030\/","title":{"rendered":"Instala 75 Legislatura Comisi\u00f3n Especial de Seguimiento a la Implementaci\u00f3n de la Agenda 2030"},"content":{"rendered":"\n<p>Morelia, Michoac\u00e1n, 30 de noviembre de 2022.- Para promover el trabajo encaminado al bien com\u00fan y social de Michoac\u00e1n, la presidenta de la Mesa Directiva de la 75 Legislatura, Julieta Garc\u00eda Zepeda, encabez\u00f3 la instalaci\u00f3n formal de la Comisi\u00f3n Especial que dar\u00e1 Seguimiento a la Implementaci\u00f3n de la Agenda 2030, la cual ser\u00e1 presidida por el diputado J. Reyes Galindo Pedraza.<br>En este marco, la diputada Anabet Franco Carrizales, presidenta de la Junta de Coordinaci\u00f3n Pol\u00edtica (Jucopo) del Congreso del Estado, explic\u00f3 que el objetivo de esta agenda es la construcci\u00f3n de mejores condiciones de bienestar social, tema en el que la 75 legislatura dejar\u00e1 huella como pionera en la instalaci\u00f3n e implementaci\u00f3n de la citada Comisi\u00f3n Especial.<br>En su intervenci\u00f3n, el legislador J. Reyes Galindo Pedraza, presidente de la Comisi\u00f3n Especial reci\u00e9n instalada, detall\u00f3 que sus funciones versar\u00e1n sobre cuatro ejes principales: Presentar propuestas de modificaci\u00f3n a los ordenamientos jur\u00eddicos, para impulsar la implementaci\u00f3n de los objetivos; proponer la inclusi\u00f3n de recursos en el Presupuesto de Egresos de Michoac\u00e1n para fortalecer las acciones, planes y programas de g\u00e9nero; exhortar a las autoridades competentes a fortalecer la rendici\u00f3n de cuentas en el cumplimiento de los compromisos asumido; y establecer los mecanismos de vinculaci\u00f3n con la sociedad civil.<br>Anunci\u00f3 que, como parte de estas actividades, presentar\u00e1n a la brevedad un documento sobre la Estrategia Legislativa para la Agenda 2030; se trata de una ruta que recomendar\u00e1 las leyes que requieren ser reformadas en el corto, mediano y largo plazo, a la luz de los 17 ODS y de sus respectivas metas, al tiempo que identifique los vac\u00edos normativos existentes en la legislaci\u00f3n federal para lograr el cumplimiento efectivo de la Agenda 2030.<br>En ese tenor, los diputados Margarita L\u00f3pez P\u00e9rez y V\u00edctor Manuel Manr\u00edquez Gonz\u00e1lez, integrantes de la Comisi\u00f3n Especial, coincidieron en la importancia de este tipo de comisiones en las que se puede atender y trabajar en proyectos de suma relevancia para el progreso y desarrollo de la entidad.<br>Es importante mencionar que la Agenda 2030 tiene 17 objetivos y 169 metas, por lo que la Comisi\u00f3n Especial estar\u00e1 integrada de manera plural, por diputadas y diputados integrantes de las distintas fuerzas pol\u00edticas.<br>La Comisi\u00f3n ser\u00e1 presidida por el diputado J. Reyes Galindo Pedraza del PT; e integrada por los legisladores V\u00edctor Manuel Manr\u00edquez del PRD; Margarita L\u00f3pez P\u00e9rez del PVEM y Ana Belinda Hurtado Mar\u00edn del PT<\/p>\n","protected":false},"excerpt":{"rendered":"<p>Morelia, Michoac\u00e1n, 30 de noviembre de 2022.- Para promover el trabajo encaminado al bien com\u00fan y social de Michoac\u00e1n, la presidenta de la Mesa Directiva de la 75 Legislatura, Julieta Garc\u00eda Zepeda, encabez\u00f3 la instalaci\u00f3n formal de la Comisi\u00f3n Especial que dar\u00e1 Seguimiento a la Implementaci\u00f3n de la Agenda 2030, la cual ser\u00e1 presidida por [&hellip;]<\/p>\n","protected":false},"author":1,"featured_media":10487,"comment_status":"open","ping_status":"closed","sticky":false,"template":"","format":"standard","meta":[],"categories":[1],"tags":[],"yoast_head":"<!-- This site is optimized with the Yoast SEO plugin v17.9 - https:\/\/yoast.com\/wordpress\/plugins\/seo\/ -->\n<title>Instala 75 Legislatura Comisi\u00f3n Especial de Seguimiento a la Implementaci\u00f3n de la Agenda 2030 - Reflejo de Michoac\u00e1n<\/title>\n<meta name=\"robots\" content=\"index, follow, max-snippet:-1, max-image-preview:large, max-video-preview:-1\" \/>\n<link rel=\"canonical\" href=\"https:\/\/reflejodemichoacan.com\/index.php\/2022\/11\/30\/instala-75-legislatura-comision-especial-de-seguimiento-a-la-implementacion-de-la-agenda-2030\/\" \/>\n<meta property=\"og:locale\" content=\"es_MX\" \/>\n<meta property=\"og:type\" content=\"article\" \/>\n<meta property=\"og:title\" content=\"Instala 75 Legislatura Comisi\u00f3n Especial de Seguimiento a la Implementaci\u00f3n de la Agenda 2030 - Reflejo de Michoac\u00e1n\" \/>\n<meta property=\"og:description\" content=\"Morelia, Michoac\u00e1n, 30 de noviembre de 2022.- Para promover el trabajo encaminado al bien com\u00fan y social de Michoac\u00e1n, la presidenta de la Mesa Directiva de la 75 Legislatura, Julieta Garc\u00eda Zepeda, encabez\u00f3 la instalaci\u00f3n formal de la Comisi\u00f3n Especial que dar\u00e1 Seguimiento a la Implementaci\u00f3n de la Agenda 2030, la cual ser\u00e1 presidida por [&hellip;]\" \/>\n<meta property=\"og:url\" content=\"https:\/\/reflejodemichoacan.com\/index.php\/2022\/11\/30\/instala-75-legislatura-comision-especial-de-seguimiento-a-la-implementacion-de-la-agenda-2030\/\" \/>\n<meta property=\"og:site_name\" content=\"Reflejo de Michoac\u00e1n\" \/>\n<meta property=\"article:published_time\" content=\"2022-11-30T23:36:11+00:00\" \/>\n<meta property=\"article:modified_time\" content=\"2022-11-30T23:36:14+00:00\" \/>\n<meta property=\"og:image\" content=\"https:\/\/reflejodemichoacan.com\/wp-content\/uploads\/2022\/11\/instala.jpg\" \/>\n\t<meta property=\"og:image:width\" content=\"1280\" \/>\n\t<meta property=\"og:image:height\" content=\"853\" \/>\n\t<meta property=\"og:image:type\" content=\"image\/jpeg\" \/>\n<meta name=\"twitter:card\" content=\"summary_large_image\" \/>\n<meta name=\"twitter:label1\" content=\"Escrito por\" \/>\n\t<meta name=\"twitter:data1\" content=\"Aurora\" \/>\n\t<meta name=\"twitter:label2\" content=\"Tiempo de lectura\" \/>\n\t<meta name=\"twitter:data2\" content=\"2 minutos\" \/>\n<script type=\"application\/ld+json\" class=\"yoast-schema-graph\">{\"@context\":\"https:\/\/schema.org\",\"@graph\":[{\"@type\":\"WebSite\",\"@id\":\"https:\/\/reflejodemichoacan.com\/#website\",\"url\":\"https:\/\/reflejodemichoacan.com\/\",\"name\":\"Reflejo de Michoac\\u00e1n\",\"description\":\"Medio de comunicaci\\u00f3n impreso y digital al servicio de la regi\\u00f3n lacustre y Michoac\\u00e1n.\",\"potentialAction\":[{\"@type\":\"SearchAction\",\"target\":{\"@type\":\"EntryPoint\",\"urlTemplate\":\"https:\/\/reflejodemichoacan.com\/?s={search_term_string}\"},\"query-input\":\"required name=search_term_string\"}],\"inLanguage\":\"es-MX\"},{\"@type\":\"ImageObject\",\"@id\":\"https:\/\/reflejodemichoacan.com\/index.php\/2022\/11\/30\/instala-75-legislatura-comision-especial-de-seguimiento-a-la-implementacion-de-la-agenda-2030\/#primaryimage\",\"inLanguage\":\"es-MX\",\"url\":\"https:\/\/reflejodemichoacan.com\/wp-content\/uploads\/2022\/11\/instala.jpg\",\"contentUrl\":\"https:\/\/reflejodemichoacan.com\/wp-content\/uploads\/2022\/11\/instala.jpg\",\"width\":1280,\"height\":853},{\"@type\":\"WebPage\",\"@id\":\"https:\/\/reflejodemichoacan.com\/index.php\/2022\/11\/30\/instala-75-legislatura-comision-especial-de-seguimiento-a-la-implementacion-de-la-agenda-2030\/#webpage\",\"url\":\"https:\/\/reflejodemichoacan.com\/index.php\/2022\/11\/30\/instala-75-legislatura-comision-especial-de-seguimiento-a-la-implementacion-de-la-agenda-2030\/\",\"name\":\"Instala 75 Legislatura Comisi\\u00f3n Especial de Seguimiento a la Implementaci\\u00f3n de la Agenda 2030 - Reflejo de Michoac\\u00e1n\",\"isPartOf\":{\"@id\":\"https:\/\/reflejodemichoacan.com\/#website\"},\"primaryImageOfPage\":{\"@id\":\"https:\/\/reflejodemichoacan.com\/index.php\/2022\/11\/30\/instala-75-legislatura-comision-especial-de-seguimiento-a-la-implementacion-de-la-agenda-2030\/#primaryimage\"},\"datePublished\":\"2022-11-30T23:36:11+00:00\",\"dateModified\":\"2022-11-30T23:36:14+00:00\",\"author\":{\"@id\":\"https:\/\/reflejodemichoacan.com\/#\/schema\/person\/72d921e8fe99bd6e2e39bcde8995046f\"},\"breadcrumb\":{\"@id\":\"https:\/\/reflejodemichoacan.com\/index.php\/2022\/11\/30\/instala-75-legislatura-comision-especial-de-seguimiento-a-la-implementacion-de-la-agenda-2030\/#breadcrumb\"},\"inLanguage\":\"es-MX\",\"potentialAction\":[{\"@type\":\"ReadAction\",\"target\":[\"https:\/\/reflejodemichoacan.com\/index.php\/2022\/11\/30\/instala-75-legislatura-comision-especial-de-seguimiento-a-la-implementacion-de-la-agenda-2030\/\"]}]},{\"@type\":\"BreadcrumbList\",\"@id\":\"https:\/\/reflejodemichoacan.com\/index.php\/2022\/11\/30\/instala-75-legislatura-comision-especial-de-seguimiento-a-la-implementacion-de-la-agenda-2030\/#breadcrumb\",\"itemListElement\":[{\"@type\":\"ListItem\",\"position\":1,\"name\":\"Inicio\",\"item\":\"https:\/\/reflejodemichoacan.com\/\"},{\"@type\":\"ListItem\",\"position\":2,\"name\":\"Instala 75 Legislatura Comisi\\u00f3n Especial de Seguimiento a la Implementaci\\u00f3n de la Agenda 2030\"}]},{\"@type\":\"Person\",\"@id\":\"https:\/\/reflejodemichoacan.com\/#\/schema\/person\/72d921e8fe99bd6e2e39bcde8995046f\",\"name\":\"Aurora\",\"image\":{\"@type\":\"ImageObject\",\"@id\":\"https:\/\/reflejodemichoacan.com\/#personlogo\",\"inLanguage\":\"es-MX\",\"url\":\"https:\/\/secure.gravatar.com\/avatar\/df5ceb9b998be27b25dd258a6b4b0a95?s=96&d=mm&r=g\",\"contentUrl\":\"https:\/\/secure.gravatar.com\/avatar\/df5ceb9b998be27b25dd258a6b4b0a95?s=96&d=mm&r=g\",\"caption\":\"Aurora\"},\"sameAs\":[\"http:\/\/reflejodemichoacan.com\"],\"url\":\"https:\/\/reflejodemichoacan.com\/index.php\/author\/rixwm7qvsq\/\"}]}<\/script>\n<!-- \/ Yoast SEO plugin. -->","yoast_head_json":{"title":"Instala 75 Legislatura Comisi\u00f3n Especial de Seguimiento a la Implementaci\u00f3n de la Agenda 2030 - Reflejo de Michoac\u00e1n","robots":{"index":"index","follow":"follow","max-snippet":"max-snippet:-1","max-image-preview":"max-image-preview:large","max-video-preview":"max-video-preview:-1"},"canonical":"https:\/\/reflejodemichoacan.com\/index.php\/2022\/11\/30\/instala-75-legislatura-comision-especial-de-seguimiento-a-la-implementacion-de-la-agenda-2030\/","og_locale":"es_MX","og_type":"article","og_title":"Instala 75 Legislatura Comisi\u00f3n Especial de Seguimiento a la Implementaci\u00f3n de la Agenda 2030 - Reflejo de Michoac\u00e1n","og_description":"Morelia, Michoac\u00e1n, 30 de noviembre de 2022.- Para promover el trabajo encaminado al bien com\u00fan y social de Michoac\u00e1n, la presidenta de la Mesa Directiva de la 75 Legislatura, Julieta Garc\u00eda Zepeda, encabez\u00f3 la instalaci\u00f3n formal de la Comisi\u00f3n Especial que dar\u00e1 Seguimiento a la Implementaci\u00f3n de la Agenda 2030, la cual ser\u00e1 presidida por [&hellip;]","og_url":"https:\/\/reflejodemichoacan.com\/index.php\/2022\/11\/30\/instala-75-legislatura-comision-especial-de-seguimiento-a-la-implementacion-de-la-agenda-2030\/","og_site_name":"Reflejo de Michoac\u00e1n","article_published_time":"2022-11-30T23:36:11+00:00","article_modified_time":"2022-11-30T23:36:14+00:00","og_image":[{"width":1280,"height":853,"url":"https:\/\/reflejodemichoacan.com\/wp-content\/uploads\/2022\/11\/instala.jpg","type":"image\/jpeg"}],"twitter_card":"summary_large_image","twitter_misc":{"Escrito por":"Aurora","Tiempo de lectura":"2 minutos"},"schema":{"@context":"https:\/\/schema.org","@graph":[{"@type":"WebSite","@id":"https:\/\/reflejodemichoacan.com\/#website","url":"https:\/\/reflejodemichoacan.com\/","name":"Reflejo de Michoac\u00e1n","description":"Medio de comunicaci\u00f3n impreso y digital al servicio de la regi\u00f3n lacustre y Michoac\u00e1n.","potentialAction":[{"@type":"SearchAction","target":{"@type":"EntryPoint","urlTemplate":"https:\/\/reflejodemichoacan.com\/?s={search_term_string}"},"query-input":"required name=search_term_string"}],"inLanguage":"es-MX"},{"@type":"ImageObject","@id":"https:\/\/reflejodemichoacan.com\/index.php\/2022\/11\/30\/instala-75-legislatura-comision-especial-de-seguimiento-a-la-implementacion-de-la-agenda-2030\/#primaryimage","inLanguage":"es-MX","url":"https:\/\/reflejodemichoacan.com\/wp-content\/uploads\/2022\/11\/instala.jpg","contentUrl":"https:\/\/reflejodemichoacan.com\/wp-content\/uploads\/2022\/11\/instala.jpg","width":1280,"height":853},{"@type":"WebPage","@id":"https:\/\/reflejodemichoacan.com\/index.php\/2022\/11\/30\/instala-75-legislatura-comision-especial-de-seguimiento-a-la-implementacion-de-la-agenda-2030\/#webpage","url":"https:\/\/reflejodemichoacan.com\/index.php\/2022\/11\/30\/instala-75-legislatura-comision-especial-de-seguimiento-a-la-implementacion-de-la-agenda-2030\/","name":"Instala 75 Legislatura Comisi\u00f3n Especial de Seguimiento a la Implementaci\u00f3n de la Agenda 2030 - Reflejo de Michoac\u00e1n","isPartOf":{"@id":"https:\/\/reflejodemichoacan.com\/#website"},"primaryImageOfPage":{"@id":"https:\/\/reflejodemichoacan.com\/index.php\/2022\/11\/30\/instala-75-legislatura-comision-especial-de-seguimiento-a-la-implementacion-de-la-agenda-2030\/#primaryimage"},"datePublished":"2022-11-30T23:36:11+00:00","dateModified":"2022-11-30T23:36:14+00:00","author":{"@id":"https:\/\/reflejodemichoacan.com\/#\/schema\/person\/72d921e8fe99bd6e2e39bcde8995046f"},"breadcrumb":{"@id":"https:\/\/reflejodemichoacan.com\/index.php\/2022\/11\/30\/instala-75-legislatura-comision-especial-de-seguimiento-a-la-implementacion-de-la-agenda-2030\/#breadcrumb"},"inLanguage":"es-MX","potentialAction":[{"@type":"ReadAction","target":["https:\/\/reflejodemichoacan.com\/index.php\/2022\/11\/30\/instala-75-legislatura-comision-especial-de-seguimiento-a-la-implementacion-de-la-agenda-2030\/"]}]},{"@type":"BreadcrumbList","@id":"https:\/\/reflejodemichoacan.com\/index.php\/2022\/11\/30\/instala-75-legislatura-comision-especial-de-seguimiento-a-la-implementacion-de-la-agenda-2030\/#breadcrumb","itemListElement":[{"@type":"ListItem","position":1,"name":"Inicio","item":"https:\/\/reflejodemichoacan.com\/"},{"@type":"ListItem","position":2,"name":"Instala 75 Legislatura Comisi\u00f3n Especial de Seguimiento a la Implementaci\u00f3n de la Agenda 2030"}]},{"@type":"Person","@id":"https:\/\/reflejodemichoacan.com\/#\/schema\/person\/72d921e8fe99bd6e2e39bcde8995046f","name":"Aurora","image":{"@type":"ImageObject","@id":"https:\/\/reflejodemichoacan.com\/#personlogo","inLanguage":"es-MX","url":"https:\/\/secure.gravatar.com\/avatar\/df5ceb9b998be27b25dd258a6b4b0a95?s=96&d=mm&r=g","contentUrl":"https:\/\/secure.gravatar.com\/avatar\/df5ceb9b998be27b25dd258a6b4b0a95?s=96&d=mm&r=g","caption":"Aurora"},"sameAs":["http:\/\/reflejodemichoacan.com"],"url":"https:\/\/reflejodemichoacan.com\/index.php\/author\/rixwm7qvsq\/"}]}},"_links":{"self":[{"href":"https:\/\/reflejodemichoacan.com\/index.php\/wp-json\/wp\/v2\/posts\/10486"}],"collection":[{"href":"https:\/\/reflejodemichoacan.com\/index.php\/wp-json\/wp\/v2\/posts"}],"about":[{"href":"https:\/\/reflejodemichoacan.com\/index.php\/wp-json\/wp\/v2\/types\/post"}],"author":[{"embeddable":true,"href":"https:\/\/reflejodemichoacan.com\/index.php\/wp-json\/wp\/v2\/users\/1"}],"replies":[{"embeddable":true,"href":"https:\/\/reflejodemichoacan.com\/index.php\/wp-json\/wp\/v2\/comments?post=10486"}],"version-history":[{"count":1,"href":"https:\/\/reflejodemichoacan.com\/index.php\/wp-json\/wp\/v2\/posts\/10486\/revisions"}],"predecessor-version":[{"id":10488,"href":"https:\/\/reflejodemichoacan.com\/index.php\/wp-json\/wp\/v2\/posts\/10486\/revisions\/10488"}],"wp:featuredmedia":[{"embeddable":true,"href":"https:\/\/reflejodemichoacan.com\/index.php\/wp-json\/wp\/v2\/media\/10487"}],"wp:attachment":[{"href":"https:\/\/reflejodemichoacan.com\/index.php\/wp-json\/wp\/v2\/media?parent=10486"}],"wp:term":[{"taxonomy":"category","embeddable":true,"href":"https:\/\/reflejodemichoacan.com\/index.php\/wp-json\/wp\/v2\/categories?post=10486"},{"taxonomy":"post_tag","embeddable":true,"href":"https:\/\/reflejodemichoacan.com\/index.php\/wp-json\/wp\/v2\/tags?post=10486"}],"curies":[{"name":"wp","href":"https:\/\/api.w.org\/{rel}","templated":true}]}}