{"id":10495,"date":"2022-11-30T23:42:48","date_gmt":"2022-11-30T23:42:48","guid":{"rendered":"https:\/\/reflejodemichoacan.com\/?p=10495"},"modified":"2022-11-30T23:42:52","modified_gmt":"2022-11-30T23:42:52","slug":"refuerza-lupita-diaz-marco-juridico-para-el-combate-del-bullying-en-michoacan","status":"publish","type":"post","link":"https:\/\/reflejodemichoacan.com\/index.php\/2022\/11\/30\/refuerza-lupita-diaz-marco-juridico-para-el-combate-del-bullying-en-michoacan\/","title":{"rendered":"Refuerza Lupita D\u00edaz marco jur\u00eddico para el combate del bullying en Michoac\u00e1n"},"content":{"rendered":"\n<p>Morelia, Michoac\u00e1n, a 30 de noviembre de 2022.- Para dar funcionalidad y se obtengan resultados tangibles en el combate al acoso escolar o mejor conocido como el bullying, la diputada local, Mar\u00eda Guadalupe D\u00edaz Chagolla present\u00f3 una iniciativa para reformar la Ley para la Atenci\u00f3n de la Violencia Escolar en el Estado de Michoac\u00e1n.<br>La diputada integrante del Grupo Parlamentario del Partido de la Revoluci\u00f3n Democr\u00e1tica, indic\u00f3 que la iniciativa plantea incorporar como tipos de violencia en la legislaci\u00f3n: a la violencia digital, entendi\u00e9ndose \u00e9sta como todas las acciones que se ejercen mediante el uso de medios electr\u00f3nicos o tecnolog\u00edas de la informaci\u00f3n; y la exclusi\u00f3n social que aparta a las v\u00edctimas de la convivencia escolar.<br>De igual forma, la propuesta se\u00f1ala un trabajo coordinado entre la Secretar\u00eda de Educaci\u00f3n en el Estado (SEE), la Comisi\u00f3n Estatal de los Derechos Humanos (CEDH) y la Fiscal\u00eda General del Estado de Michoac\u00e1n (FGE), con la finalidad de mejorar las acciones en contra del bullying en Michoac\u00e1n.<br>Asimismo, esta reforma establece que la SEE informe cada mes de agosto a las Comisiones de Protecci\u00f3n a la Ni\u00f1ez y Adolescencia y Educaci\u00f3n del Congreso del Estado sobre el estado que guarda las acciones ordenadas por la Ley para la Atenci\u00f3n de la Violencia Escolar en el Estado de Michoac\u00e1n.<br>Adem\u00e1s, contempla reformar la integraci\u00f3n del Consejo Preventivo de la Violencia Escolar en el Estado de Michoac\u00e1n, por su naturaleza y la importancia que tiene en la elaboraci\u00f3n del Protocolo que atiende la violencia escolar en el estado y con la finalidad de desahogar las atribuciones contempladas en la legislaci\u00f3n.<br>A su vez, el Consejo Preventivo estar\u00e1 encargado de presentar anualmente las estad\u00edsticas de acoso escolar en Michoac\u00e1n, a fin de tener m\u00e1s herramientas preventivas, especialmente dirigidas a los profesores y padres de familia, quienes tienen el deber de proteger a los menores de cualquier tipo de abuso, mediante lazos de confianza y amor que fortalezca la seguridad de los estudiantes.<br>En ese tenor, la legisladora como integrante de la Comisi\u00f3n de Protecci\u00f3n a la Ni\u00f1ez y la Adolescencia, busca incluir sanciones para los padres, tutores o quienes ejerzan la patria potestad, cuando exista\u00a0 negativa o falta de atenci\u00f3n respecto de las medidas que se\u00f1ala la legislaci\u00f3n para atender la violencia escolar, \u00e9stos deber\u00e1n realizar trabajo comunitario en beneficio de la escuela.<br>De acuerdo con la Organizaci\u00f3n para la Cooperaci\u00f3n y el Desarrollo Econ\u00f3mico, M\u00e9xico ocupa el primer lugar de acoso escolar a nivel internacional, debido a que el 50 por ciento de los estudiantes son v\u00edctimas de alg\u00fan tipo de agresi\u00f3n.<br>Por esta raz\u00f3n, la diputada se\u00f1al\u00f3 la necesidad inminente de presentar reformas que protejan a las ni\u00f1as, ni\u00f1os y adolescentes de cualquier tipo de violencia escolar en Michoac\u00e1n.<\/p>\n","protected":false},"excerpt":{"rendered":"<p>Morelia, Michoac\u00e1n, a 30 de noviembre de 2022.- Para dar funcionalidad y se obtengan resultados tangibles en el combate al acoso escolar o mejor conocido como el bullying, la diputada local, Mar\u00eda Guadalupe D\u00edaz Chagolla present\u00f3 una iniciativa para reformar la Ley para la Atenci\u00f3n de la Violencia Escolar en el Estado de Michoac\u00e1n.La diputada [&hellip;]<\/p>\n","protected":false},"author":1,"featured_media":10496,"comment_status":"open","ping_status":"closed","sticky":false,"template":"","format":"standard","meta":[],"categories":[1],"tags":[],"yoast_head":"<!-- This site is optimized with the Yoast SEO plugin v17.9 - https:\/\/yoast.com\/wordpress\/plugins\/seo\/ -->\n<title>Refuerza Lupita D\u00edaz marco jur\u00eddico para el combate del bullying en Michoac\u00e1n - Reflejo de Michoac\u00e1n<\/title>\n<meta name=\"robots\" content=\"index, follow, max-snippet:-1, max-image-preview:large, max-video-preview:-1\" \/>\n<link rel=\"canonical\" href=\"https:\/\/reflejodemichoacan.com\/index.php\/2022\/11\/30\/refuerza-lupita-diaz-marco-juridico-para-el-combate-del-bullying-en-michoacan\/\" \/>\n<meta property=\"og:locale\" content=\"es_MX\" \/>\n<meta property=\"og:type\" content=\"article\" \/>\n<meta property=\"og:title\" content=\"Refuerza Lupita D\u00edaz marco jur\u00eddico para el combate del bullying en Michoac\u00e1n - Reflejo de Michoac\u00e1n\" \/>\n<meta property=\"og:description\" content=\"Morelia, Michoac\u00e1n, a 30 de noviembre de 2022.- Para dar funcionalidad y se obtengan resultados tangibles en el combate al acoso escolar o mejor conocido como el bullying, la diputada local, Mar\u00eda Guadalupe D\u00edaz Chagolla present\u00f3 una iniciativa para reformar la Ley para la Atenci\u00f3n de la Violencia Escolar en el Estado de Michoac\u00e1n.La diputada [&hellip;]\" \/>\n<meta property=\"og:url\" content=\"https:\/\/reflejodemichoacan.com\/index.php\/2022\/11\/30\/refuerza-lupita-diaz-marco-juridico-para-el-combate-del-bullying-en-michoacan\/\" \/>\n<meta property=\"og:site_name\" content=\"Reflejo de Michoac\u00e1n\" \/>\n<meta property=\"article:published_time\" content=\"2022-11-30T23:42:48+00:00\" \/>\n<meta property=\"article:modified_time\" content=\"2022-11-30T23:42:52+00:00\" \/>\n<meta property=\"og:image\" content=\"https:\/\/reflejodemichoacan.com\/wp-content\/uploads\/2022\/11\/lupita.jpg\" \/>\n\t<meta property=\"og:image:width\" content=\"1280\" \/>\n\t<meta property=\"og:image:height\" content=\"854\" \/>\n\t<meta property=\"og:image:type\" content=\"image\/jpeg\" \/>\n<meta name=\"twitter:card\" content=\"summary_large_image\" \/>\n<meta name=\"twitter:label1\" content=\"Escrito por\" \/>\n\t<meta name=\"twitter:data1\" content=\"Aurora\" \/>\n\t<meta name=\"twitter:label2\" content=\"Tiempo de lectura\" \/>\n\t<meta name=\"twitter:data2\" content=\"3 minutos\" \/>\n<script type=\"application\/ld+json\" class=\"yoast-schema-graph\">{\"@context\":\"https:\/\/schema.org\",\"@graph\":[{\"@type\":\"WebSite\",\"@id\":\"https:\/\/reflejodemichoacan.com\/#website\",\"url\":\"https:\/\/reflejodemichoacan.com\/\",\"name\":\"Reflejo de Michoac\\u00e1n\",\"description\":\"Medio de comunicaci\\u00f3n impreso y digital al servicio de la regi\\u00f3n lacustre y Michoac\\u00e1n.\",\"potentialAction\":[{\"@type\":\"SearchAction\",\"target\":{\"@type\":\"EntryPoint\",\"urlTemplate\":\"https:\/\/reflejodemichoacan.com\/?s={search_term_string}\"},\"query-input\":\"required name=search_term_string\"}],\"inLanguage\":\"es-MX\"},{\"@type\":\"ImageObject\",\"@id\":\"https:\/\/reflejodemichoacan.com\/index.php\/2022\/11\/30\/refuerza-lupita-diaz-marco-juridico-para-el-combate-del-bullying-en-michoacan\/#primaryimage\",\"inLanguage\":\"es-MX\",\"url\":\"https:\/\/reflejodemichoacan.com\/wp-content\/uploads\/2022\/11\/lupita.jpg\",\"contentUrl\":\"https:\/\/reflejodemichoacan.com\/wp-content\/uploads\/2022\/11\/lupita.jpg\",\"width\":1280,\"height\":854},{\"@type\":\"WebPage\",\"@id\":\"https:\/\/reflejodemichoacan.com\/index.php\/2022\/11\/30\/refuerza-lupita-diaz-marco-juridico-para-el-combate-del-bullying-en-michoacan\/#webpage\",\"url\":\"https:\/\/reflejodemichoacan.com\/index.php\/2022\/11\/30\/refuerza-lupita-diaz-marco-juridico-para-el-combate-del-bullying-en-michoacan\/\",\"name\":\"Refuerza Lupita D\\u00edaz marco jur\\u00eddico para el combate del bullying en Michoac\\u00e1n - Reflejo de Michoac\\u00e1n\",\"isPartOf\":{\"@id\":\"https:\/\/reflejodemichoacan.com\/#website\"},\"primaryImageOfPage\":{\"@id\":\"https:\/\/reflejodemichoacan.com\/index.php\/2022\/11\/30\/refuerza-lupita-diaz-marco-juridico-para-el-combate-del-bullying-en-michoacan\/#primaryimage\"},\"datePublished\":\"2022-11-30T23:42:48+00:00\",\"dateModified\":\"2022-11-30T23:42:52+00:00\",\"author\":{\"@id\":\"https:\/\/reflejodemichoacan.com\/#\/schema\/person\/72d921e8fe99bd6e2e39bcde8995046f\"},\"breadcrumb\":{\"@id\":\"https:\/\/reflejodemichoacan.com\/index.php\/2022\/11\/30\/refuerza-lupita-diaz-marco-juridico-para-el-combate-del-bullying-en-michoacan\/#breadcrumb\"},\"inLanguage\":\"es-MX\",\"potentialAction\":[{\"@type\":\"ReadAction\",\"target\":[\"https:\/\/reflejodemichoacan.com\/index.php\/2022\/11\/30\/refuerza-lupita-diaz-marco-juridico-para-el-combate-del-bullying-en-michoacan\/\"]}]},{\"@type\":\"BreadcrumbList\",\"@id\":\"https:\/\/reflejodemichoacan.com\/index.php\/2022\/11\/30\/refuerza-lupita-diaz-marco-juridico-para-el-combate-del-bullying-en-michoacan\/#breadcrumb\",\"itemListElement\":[{\"@type\":\"ListItem\",\"position\":1,\"name\":\"Inicio\",\"item\":\"https:\/\/reflejodemichoacan.com\/\"},{\"@type\":\"ListItem\",\"position\":2,\"name\":\"Refuerza Lupita D\\u00edaz marco jur\\u00eddico para el combate del bullying en Michoac\\u00e1n\"}]},{\"@type\":\"Person\",\"@id\":\"https:\/\/reflejodemichoacan.com\/#\/schema\/person\/72d921e8fe99bd6e2e39bcde8995046f\",\"name\":\"Aurora\",\"image\":{\"@type\":\"ImageObject\",\"@id\":\"https:\/\/reflejodemichoacan.com\/#personlogo\",\"inLanguage\":\"es-MX\",\"url\":\"https:\/\/secure.gravatar.com\/avatar\/df5ceb9b998be27b25dd258a6b4b0a95?s=96&d=mm&r=g\",\"contentUrl\":\"https:\/\/secure.gravatar.com\/avatar\/df5ceb9b998be27b25dd258a6b4b0a95?s=96&d=mm&r=g\",\"caption\":\"Aurora\"},\"sameAs\":[\"http:\/\/reflejodemichoacan.com\"],\"url\":\"https:\/\/reflejodemichoacan.com\/index.php\/author\/rixwm7qvsq\/\"}]}<\/script>\n<!-- \/ Yoast SEO plugin. -->","yoast_head_json":{"title":"Refuerza Lupita D\u00edaz marco jur\u00eddico para el combate del bullying en Michoac\u00e1n - Reflejo de Michoac\u00e1n","robots":{"index":"index","follow":"follow","max-snippet":"max-snippet:-1","max-image-preview":"max-image-preview:large","max-video-preview":"max-video-preview:-1"},"canonical":"https:\/\/reflejodemichoacan.com\/index.php\/2022\/11\/30\/refuerza-lupita-diaz-marco-juridico-para-el-combate-del-bullying-en-michoacan\/","og_locale":"es_MX","og_type":"article","og_title":"Refuerza Lupita D\u00edaz marco jur\u00eddico para el combate del bullying en Michoac\u00e1n - Reflejo de Michoac\u00e1n","og_description":"Morelia, Michoac\u00e1n, a 30 de noviembre de 2022.- Para dar funcionalidad y se obtengan resultados tangibles en el combate al acoso escolar o mejor conocido como el bullying, la diputada local, Mar\u00eda Guadalupe D\u00edaz Chagolla present\u00f3 una iniciativa para reformar la Ley para la Atenci\u00f3n de la Violencia Escolar en el Estado de Michoac\u00e1n.La diputada [&hellip;]","og_url":"https:\/\/reflejodemichoacan.com\/index.php\/2022\/11\/30\/refuerza-lupita-diaz-marco-juridico-para-el-combate-del-bullying-en-michoacan\/","og_site_name":"Reflejo de Michoac\u00e1n","article_published_time":"2022-11-30T23:42:48+00:00","article_modified_time":"2022-11-30T23:42:52+00:00","og_image":[{"width":1280,"height":854,"url":"https:\/\/reflejodemichoacan.com\/wp-content\/uploads\/2022\/11\/lupita.jpg","type":"image\/jpeg"}],"twitter_card":"summary_large_image","twitter_misc":{"Escrito por":"Aurora","Tiempo de lectura":"3 minutos"},"schema":{"@context":"https:\/\/schema.org","@graph":[{"@type":"WebSite","@id":"https:\/\/reflejodemichoacan.com\/#website","url":"https:\/\/reflejodemichoacan.com\/","name":"Reflejo de Michoac\u00e1n","description":"Medio de comunicaci\u00f3n impreso y digital al servicio de la regi\u00f3n lacustre y Michoac\u00e1n.","potentialAction":[{"@type":"SearchAction","target":{"@type":"EntryPoint","urlTemplate":"https:\/\/reflejodemichoacan.com\/?s={search_term_string}"},"query-input":"required name=search_term_string"}],"inLanguage":"es-MX"},{"@type":"ImageObject","@id":"https:\/\/reflejodemichoacan.com\/index.php\/2022\/11\/30\/refuerza-lupita-diaz-marco-juridico-para-el-combate-del-bullying-en-michoacan\/#primaryimage","inLanguage":"es-MX","url":"https:\/\/reflejodemichoacan.com\/wp-content\/uploads\/2022\/11\/lupita.jpg","contentUrl":"https:\/\/reflejodemichoacan.com\/wp-content\/uploads\/2022\/11\/lupita.jpg","width":1280,"height":854},{"@type":"WebPage","@id":"https:\/\/reflejodemichoacan.com\/index.php\/2022\/11\/30\/refuerza-lupita-diaz-marco-juridico-para-el-combate-del-bullying-en-michoacan\/#webpage","url":"https:\/\/reflejodemichoacan.com\/index.php\/2022\/11\/30\/refuerza-lupita-diaz-marco-juridico-para-el-combate-del-bullying-en-michoacan\/","name":"Refuerza Lupita D\u00edaz marco jur\u00eddico para el combate del bullying en Michoac\u00e1n - Reflejo de Michoac\u00e1n","isPartOf":{"@id":"https:\/\/reflejodemichoacan.com\/#website"},"primaryImageOfPage":{"@id":"https:\/\/reflejodemichoacan.com\/index.php\/2022\/11\/30\/refuerza-lupita-diaz-marco-juridico-para-el-combate-del-bullying-en-michoacan\/#primaryimage"},"datePublished":"2022-11-30T23:42:48+00:00","dateModified":"2022-11-30T23:42:52+00:00","author":{"@id":"https:\/\/reflejodemichoacan.com\/#\/schema\/person\/72d921e8fe99bd6e2e39bcde8995046f"},"breadcrumb":{"@id":"https:\/\/reflejodemichoacan.com\/index.php\/2022\/11\/30\/refuerza-lupita-diaz-marco-juridico-para-el-combate-del-bullying-en-michoacan\/#breadcrumb"},"inLanguage":"es-MX","potentialAction":[{"@type":"ReadAction","target":["https:\/\/reflejodemichoacan.com\/index.php\/2022\/11\/30\/refuerza-lupita-diaz-marco-juridico-para-el-combate-del-bullying-en-michoacan\/"]}]},{"@type":"BreadcrumbList","@id":"https:\/\/reflejodemichoacan.com\/index.php\/2022\/11\/30\/refuerza-lupita-diaz-marco-juridico-para-el-combate-del-bullying-en-michoacan\/#breadcrumb","itemListElement":[{"@type":"ListItem","position":1,"name":"Inicio","item":"https:\/\/reflejodemichoacan.com\/"},{"@type":"ListItem","position":2,"name":"Refuerza Lupita D\u00edaz marco jur\u00eddico para el combate del bullying en Michoac\u00e1n"}]},{"@type":"Person","@id":"https:\/\/reflejodemichoacan.com\/#\/schema\/person\/72d921e8fe99bd6e2e39bcde8995046f","name":"Aurora","image":{"@type":"ImageObject","@id":"https:\/\/reflejodemichoacan.com\/#personlogo","inLanguage":"es-MX","url":"https:\/\/secure.gravatar.com\/avatar\/df5ceb9b998be27b25dd258a6b4b0a95?s=96&d=mm&r=g","contentUrl":"https:\/\/secure.gravatar.com\/avatar\/df5ceb9b998be27b25dd258a6b4b0a95?s=96&d=mm&r=g","caption":"Aurora"},"sameAs":["http:\/\/reflejodemichoacan.com"],"url":"https:\/\/reflejodemichoacan.com\/index.php\/author\/rixwm7qvsq\/"}]}},"_links":{"self":[{"href":"https:\/\/reflejodemichoacan.com\/index.php\/wp-json\/wp\/v2\/posts\/10495"}],"collection":[{"href":"https:\/\/reflejodemichoacan.com\/index.php\/wp-json\/wp\/v2\/posts"}],"about":[{"href":"https:\/\/reflejodemichoacan.com\/index.php\/wp-json\/wp\/v2\/types\/post"}],"author":[{"embeddable":true,"href":"https:\/\/reflejodemichoacan.com\/index.php\/wp-json\/wp\/v2\/users\/1"}],"replies":[{"embeddable":true,"href":"https:\/\/reflejodemichoacan.com\/index.php\/wp-json\/wp\/v2\/comments?post=10495"}],"version-history":[{"count":1,"href":"https:\/\/reflejodemichoacan.com\/index.php\/wp-json\/wp\/v2\/posts\/10495\/revisions"}],"predecessor-version":[{"id":10497,"href":"https:\/\/reflejodemichoacan.com\/index.php\/wp-json\/wp\/v2\/posts\/10495\/revisions\/10497"}],"wp:featuredmedia":[{"embeddable":true,"href":"https:\/\/reflejodemichoacan.com\/index.php\/wp-json\/wp\/v2\/media\/10496"}],"wp:attachment":[{"href":"https:\/\/reflejodemichoacan.com\/index.php\/wp-json\/wp\/v2\/media?parent=10495"}],"wp:term":[{"taxonomy":"category","embeddable":true,"href":"https:\/\/reflejodemichoacan.com\/index.php\/wp-json\/wp\/v2\/categories?post=10495"},{"taxonomy":"post_tag","embeddable":true,"href":"https:\/\/reflejodemichoacan.com\/index.php\/wp-json\/wp\/v2\/tags?post=10495"}],"curies":[{"name":"wp","href":"https:\/\/api.w.org\/{rel}","templated":true}]}}