{"id":10500,"date":"2022-11-30T23:47:19","date_gmt":"2022-11-30T23:47:19","guid":{"rendered":"https:\/\/reflejodemichoacan.com\/?p=10500"},"modified":"2022-11-30T23:47:23","modified_gmt":"2022-11-30T23:47:23","slug":"turismo-por-convertirse-en-area-prioritaria-para-el-desarrollo-del-pais-antonio-garcia-2","status":"publish","type":"post","link":"https:\/\/reflejodemichoacan.com\/index.php\/2022\/11\/30\/turismo-por-convertirse-en-area-prioritaria-para-el-desarrollo-del-pais-antonio-garcia-2\/","title":{"rendered":"Turismo, por convertirse en \u00e1rea prioritaria para el desarrollo del pa\u00eds: Antonio Garc\u00eda"},"content":{"rendered":"\n<p>\u00b7\u00a0 \u00a0 \u00a0 \u00a0Presenta iniciativa de ley para fortalecer un desarrollo tur\u00edstico integral y competitivo.<\/p>\n\n\n\n<p>Ciudad de M\u00e9xico a 30 de noviembre de 2022.- A fin de garantizar el desarrollo del turismo, Antonio Garc\u00eda Conejo, presidente de la Comisi\u00f3n de Turismo en el Senado de la Rep\u00fablica, present\u00f3 una iniciativa para que constitucionalmente se considere como un \u00e1rea prioritaria para el desarrollo del pa\u00eds.<br>Indic\u00f3 que se tiene como objetivo dar justo valor, a este sector ya que cada sexenio, tanto a nivel legislativo como a trav\u00e9s de pol\u00edticas p\u00fablicas, el desarrollo tur\u00edstico se ajusta o condiciona a la visi\u00f3n o los intereses de ciertos sectores o pol\u00edticos, pero no a las necesidades de la sociedad o del pa\u00eds en su conjunto, lo que ha provocado que no exista una pol\u00edtica p\u00fablica competitiva e integral, que satisfaga los intereses nacionales y necesidades populares.<br>\u201cEse es el objetivo de esta Iniciativa, fortalecer un desarrollo tur\u00edstico integral y competitivo que abarque a todas las entidades federativas de la Rep\u00fablica Mexicana\u201d.<br>A\u00f1adi\u00f3 que luego de la emergencia sanitaria ocasionada por el virus del Covid-19, el turismo se encuentra en recuperaci\u00f3n y que para M\u00e9xico, es uno de los pocos sectores que tienen el potencial de generar un cambio importante en el desarrollo de la econom\u00eda, tanto a nivel local, regional, como nacional; ya que, tiene una participaci\u00f3n fundamental en el incremento o disminuci\u00f3n de Producto Interno Bruto (PIB).<br>\u201cA lo largo de d\u00e9cadas se ha posicionado como una de las principales fuentes de econom\u00eda, y mucho de ello ha dependido de las estrategias y pol\u00edticas p\u00fablica que se han implementado, pero tambi\u00e9n de la participaci\u00f3n activa de la iniciativa privada y social\u201d.<br>Agreg\u00f3 que, para comprender la importancia del turismo para el bienestar y econom\u00eda del pa\u00eds, debemos observar c\u00f3mo ha evolucionado o retrocedido de acuerdo con los indicadores y resultados en materia tur\u00edstica, y sobre todo con las estrategias, pol\u00edticas y programas que implementa el Estado mexicano.<br>\u201cLas buenas intenciones no dan resultados, si no se formalizan, eval\u00faan y vigila\u201d.<\/p>\n","protected":false},"excerpt":{"rendered":"<p>\u00b7\u00a0 \u00a0 \u00a0 \u00a0Presenta iniciativa de ley para fortalecer un desarrollo tur\u00edstico integral y competitivo. Ciudad de M\u00e9xico a 30 de noviembre de 2022.- A fin de garantizar el desarrollo del turismo, Antonio Garc\u00eda Conejo, presidente de la Comisi\u00f3n de Turismo en el Senado de la Rep\u00fablica, present\u00f3 una iniciativa para que constitucionalmente se considere [&hellip;]<\/p>\n","protected":false},"author":1,"featured_media":10501,"comment_status":"open","ping_status":"closed","sticky":false,"template":"","format":"standard","meta":[],"categories":[1],"tags":[],"yoast_head":"<!-- This site is optimized with the Yoast SEO plugin v17.9 - https:\/\/yoast.com\/wordpress\/plugins\/seo\/ -->\n<title>Turismo, por convertirse en \u00e1rea prioritaria para el desarrollo del pa\u00eds: Antonio Garc\u00eda - Reflejo de Michoac\u00e1n<\/title>\n<meta name=\"robots\" content=\"index, follow, max-snippet:-1, max-image-preview:large, max-video-preview:-1\" \/>\n<link rel=\"canonical\" href=\"https:\/\/reflejodemichoacan.com\/index.php\/2022\/11\/30\/turismo-por-convertirse-en-area-prioritaria-para-el-desarrollo-del-pais-antonio-garcia-2\/\" \/>\n<meta property=\"og:locale\" content=\"es_MX\" \/>\n<meta property=\"og:type\" content=\"article\" \/>\n<meta property=\"og:title\" content=\"Turismo, por convertirse en \u00e1rea prioritaria para el desarrollo del pa\u00eds: Antonio Garc\u00eda - Reflejo de Michoac\u00e1n\" \/>\n<meta property=\"og:description\" content=\"\u00b7\u00a0 \u00a0 \u00a0 \u00a0Presenta iniciativa de ley para fortalecer un desarrollo tur\u00edstico integral y competitivo. Ciudad de M\u00e9xico a 30 de noviembre de 2022.- A fin de garantizar el desarrollo del turismo, Antonio Garc\u00eda Conejo, presidente de la Comisi\u00f3n de Turismo en el Senado de la Rep\u00fablica, present\u00f3 una iniciativa para que constitucionalmente se considere [&hellip;]\" \/>\n<meta property=\"og:url\" content=\"https:\/\/reflejodemichoacan.com\/index.php\/2022\/11\/30\/turismo-por-convertirse-en-area-prioritaria-para-el-desarrollo-del-pais-antonio-garcia-2\/\" \/>\n<meta property=\"og:site_name\" content=\"Reflejo de Michoac\u00e1n\" \/>\n<meta property=\"article:published_time\" content=\"2022-11-30T23:47:19+00:00\" \/>\n<meta property=\"article:modified_time\" content=\"2022-11-30T23:47:23+00:00\" \/>\n<meta property=\"og:image\" content=\"https:\/\/reflejodemichoacan.com\/wp-content\/uploads\/2022\/11\/turismo-1.jpg\" \/>\n\t<meta property=\"og:image:width\" content=\"1440\" \/>\n\t<meta property=\"og:image:height\" content=\"960\" \/>\n\t<meta property=\"og:image:type\" content=\"image\/jpeg\" \/>\n<meta name=\"twitter:card\" content=\"summary_large_image\" \/>\n<meta name=\"twitter:label1\" content=\"Escrito por\" \/>\n\t<meta name=\"twitter:data1\" content=\"Aurora\" \/>\n\t<meta name=\"twitter:label2\" content=\"Tiempo de lectura\" \/>\n\t<meta name=\"twitter:data2\" content=\"2 minutos\" \/>\n<script type=\"application\/ld+json\" class=\"yoast-schema-graph\">{\"@context\":\"https:\/\/schema.org\",\"@graph\":[{\"@type\":\"WebSite\",\"@id\":\"https:\/\/reflejodemichoacan.com\/#website\",\"url\":\"https:\/\/reflejodemichoacan.com\/\",\"name\":\"Reflejo de Michoac\\u00e1n\",\"description\":\"Medio de comunicaci\\u00f3n impreso y digital al servicio de la regi\\u00f3n lacustre y Michoac\\u00e1n.\",\"potentialAction\":[{\"@type\":\"SearchAction\",\"target\":{\"@type\":\"EntryPoint\",\"urlTemplate\":\"https:\/\/reflejodemichoacan.com\/?s={search_term_string}\"},\"query-input\":\"required name=search_term_string\"}],\"inLanguage\":\"es-MX\"},{\"@type\":\"ImageObject\",\"@id\":\"https:\/\/reflejodemichoacan.com\/index.php\/2022\/11\/30\/turismo-por-convertirse-en-area-prioritaria-para-el-desarrollo-del-pais-antonio-garcia-2\/#primaryimage\",\"inLanguage\":\"es-MX\",\"url\":\"https:\/\/reflejodemichoacan.com\/wp-content\/uploads\/2022\/11\/turismo-1.jpg\",\"contentUrl\":\"https:\/\/reflejodemichoacan.com\/wp-content\/uploads\/2022\/11\/turismo-1.jpg\",\"width\":1440,\"height\":960},{\"@type\":\"WebPage\",\"@id\":\"https:\/\/reflejodemichoacan.com\/index.php\/2022\/11\/30\/turismo-por-convertirse-en-area-prioritaria-para-el-desarrollo-del-pais-antonio-garcia-2\/#webpage\",\"url\":\"https:\/\/reflejodemichoacan.com\/index.php\/2022\/11\/30\/turismo-por-convertirse-en-area-prioritaria-para-el-desarrollo-del-pais-antonio-garcia-2\/\",\"name\":\"Turismo, por convertirse en \\u00e1rea prioritaria para el desarrollo del pa\\u00eds: Antonio Garc\\u00eda - Reflejo de Michoac\\u00e1n\",\"isPartOf\":{\"@id\":\"https:\/\/reflejodemichoacan.com\/#website\"},\"primaryImageOfPage\":{\"@id\":\"https:\/\/reflejodemichoacan.com\/index.php\/2022\/11\/30\/turismo-por-convertirse-en-area-prioritaria-para-el-desarrollo-del-pais-antonio-garcia-2\/#primaryimage\"},\"datePublished\":\"2022-11-30T23:47:19+00:00\",\"dateModified\":\"2022-11-30T23:47:23+00:00\",\"author\":{\"@id\":\"https:\/\/reflejodemichoacan.com\/#\/schema\/person\/72d921e8fe99bd6e2e39bcde8995046f\"},\"breadcrumb\":{\"@id\":\"https:\/\/reflejodemichoacan.com\/index.php\/2022\/11\/30\/turismo-por-convertirse-en-area-prioritaria-para-el-desarrollo-del-pais-antonio-garcia-2\/#breadcrumb\"},\"inLanguage\":\"es-MX\",\"potentialAction\":[{\"@type\":\"ReadAction\",\"target\":[\"https:\/\/reflejodemichoacan.com\/index.php\/2022\/11\/30\/turismo-por-convertirse-en-area-prioritaria-para-el-desarrollo-del-pais-antonio-garcia-2\/\"]}]},{\"@type\":\"BreadcrumbList\",\"@id\":\"https:\/\/reflejodemichoacan.com\/index.php\/2022\/11\/30\/turismo-por-convertirse-en-area-prioritaria-para-el-desarrollo-del-pais-antonio-garcia-2\/#breadcrumb\",\"itemListElement\":[{\"@type\":\"ListItem\",\"position\":1,\"name\":\"Inicio\",\"item\":\"https:\/\/reflejodemichoacan.com\/\"},{\"@type\":\"ListItem\",\"position\":2,\"name\":\"Turismo, por convertirse en \\u00e1rea prioritaria para el desarrollo del pa\\u00eds: Antonio Garc\\u00eda\"}]},{\"@type\":\"Person\",\"@id\":\"https:\/\/reflejodemichoacan.com\/#\/schema\/person\/72d921e8fe99bd6e2e39bcde8995046f\",\"name\":\"Aurora\",\"image\":{\"@type\":\"ImageObject\",\"@id\":\"https:\/\/reflejodemichoacan.com\/#personlogo\",\"inLanguage\":\"es-MX\",\"url\":\"https:\/\/secure.gravatar.com\/avatar\/df5ceb9b998be27b25dd258a6b4b0a95?s=96&d=mm&r=g\",\"contentUrl\":\"https:\/\/secure.gravatar.com\/avatar\/df5ceb9b998be27b25dd258a6b4b0a95?s=96&d=mm&r=g\",\"caption\":\"Aurora\"},\"sameAs\":[\"http:\/\/reflejodemichoacan.com\"],\"url\":\"https:\/\/reflejodemichoacan.com\/index.php\/author\/rixwm7qvsq\/\"}]}<\/script>\n<!-- \/ Yoast SEO plugin. -->","yoast_head_json":{"title":"Turismo, por convertirse en \u00e1rea prioritaria para el desarrollo del pa\u00eds: Antonio Garc\u00eda - Reflejo de Michoac\u00e1n","robots":{"index":"index","follow":"follow","max-snippet":"max-snippet:-1","max-image-preview":"max-image-preview:large","max-video-preview":"max-video-preview:-1"},"canonical":"https:\/\/reflejodemichoacan.com\/index.php\/2022\/11\/30\/turismo-por-convertirse-en-area-prioritaria-para-el-desarrollo-del-pais-antonio-garcia-2\/","og_locale":"es_MX","og_type":"article","og_title":"Turismo, por convertirse en \u00e1rea prioritaria para el desarrollo del pa\u00eds: Antonio Garc\u00eda - Reflejo de Michoac\u00e1n","og_description":"\u00b7\u00a0 \u00a0 \u00a0 \u00a0Presenta iniciativa de ley para fortalecer un desarrollo tur\u00edstico integral y competitivo. Ciudad de M\u00e9xico a 30 de noviembre de 2022.- A fin de garantizar el desarrollo del turismo, Antonio Garc\u00eda Conejo, presidente de la Comisi\u00f3n de Turismo en el Senado de la Rep\u00fablica, present\u00f3 una iniciativa para que constitucionalmente se considere [&hellip;]","og_url":"https:\/\/reflejodemichoacan.com\/index.php\/2022\/11\/30\/turismo-por-convertirse-en-area-prioritaria-para-el-desarrollo-del-pais-antonio-garcia-2\/","og_site_name":"Reflejo de Michoac\u00e1n","article_published_time":"2022-11-30T23:47:19+00:00","article_modified_time":"2022-11-30T23:47:23+00:00","og_image":[{"width":1440,"height":960,"url":"https:\/\/reflejodemichoacan.com\/wp-content\/uploads\/2022\/11\/turismo-1.jpg","type":"image\/jpeg"}],"twitter_card":"summary_large_image","twitter_misc":{"Escrito por":"Aurora","Tiempo de lectura":"2 minutos"},"schema":{"@context":"https:\/\/schema.org","@graph":[{"@type":"WebSite","@id":"https:\/\/reflejodemichoacan.com\/#website","url":"https:\/\/reflejodemichoacan.com\/","name":"Reflejo de Michoac\u00e1n","description":"Medio de comunicaci\u00f3n impreso y digital al servicio de la regi\u00f3n lacustre y Michoac\u00e1n.","potentialAction":[{"@type":"SearchAction","target":{"@type":"EntryPoint","urlTemplate":"https:\/\/reflejodemichoacan.com\/?s={search_term_string}"},"query-input":"required name=search_term_string"}],"inLanguage":"es-MX"},{"@type":"ImageObject","@id":"https:\/\/reflejodemichoacan.com\/index.php\/2022\/11\/30\/turismo-por-convertirse-en-area-prioritaria-para-el-desarrollo-del-pais-antonio-garcia-2\/#primaryimage","inLanguage":"es-MX","url":"https:\/\/reflejodemichoacan.com\/wp-content\/uploads\/2022\/11\/turismo-1.jpg","contentUrl":"https:\/\/reflejodemichoacan.com\/wp-content\/uploads\/2022\/11\/turismo-1.jpg","width":1440,"height":960},{"@type":"WebPage","@id":"https:\/\/reflejodemichoacan.com\/index.php\/2022\/11\/30\/turismo-por-convertirse-en-area-prioritaria-para-el-desarrollo-del-pais-antonio-garcia-2\/#webpage","url":"https:\/\/reflejodemichoacan.com\/index.php\/2022\/11\/30\/turismo-por-convertirse-en-area-prioritaria-para-el-desarrollo-del-pais-antonio-garcia-2\/","name":"Turismo, por convertirse en \u00e1rea prioritaria para el desarrollo del pa\u00eds: Antonio Garc\u00eda - Reflejo de Michoac\u00e1n","isPartOf":{"@id":"https:\/\/reflejodemichoacan.com\/#website"},"primaryImageOfPage":{"@id":"https:\/\/reflejodemichoacan.com\/index.php\/2022\/11\/30\/turismo-por-convertirse-en-area-prioritaria-para-el-desarrollo-del-pais-antonio-garcia-2\/#primaryimage"},"datePublished":"2022-11-30T23:47:19+00:00","dateModified":"2022-11-30T23:47:23+00:00","author":{"@id":"https:\/\/reflejodemichoacan.com\/#\/schema\/person\/72d921e8fe99bd6e2e39bcde8995046f"},"breadcrumb":{"@id":"https:\/\/reflejodemichoacan.com\/index.php\/2022\/11\/30\/turismo-por-convertirse-en-area-prioritaria-para-el-desarrollo-del-pais-antonio-garcia-2\/#breadcrumb"},"inLanguage":"es-MX","potentialAction":[{"@type":"ReadAction","target":["https:\/\/reflejodemichoacan.com\/index.php\/2022\/11\/30\/turismo-por-convertirse-en-area-prioritaria-para-el-desarrollo-del-pais-antonio-garcia-2\/"]}]},{"@type":"BreadcrumbList","@id":"https:\/\/reflejodemichoacan.com\/index.php\/2022\/11\/30\/turismo-por-convertirse-en-area-prioritaria-para-el-desarrollo-del-pais-antonio-garcia-2\/#breadcrumb","itemListElement":[{"@type":"ListItem","position":1,"name":"Inicio","item":"https:\/\/reflejodemichoacan.com\/"},{"@type":"ListItem","position":2,"name":"Turismo, por convertirse en \u00e1rea prioritaria para el desarrollo del pa\u00eds: Antonio Garc\u00eda"}]},{"@type":"Person","@id":"https:\/\/reflejodemichoacan.com\/#\/schema\/person\/72d921e8fe99bd6e2e39bcde8995046f","name":"Aurora","image":{"@type":"ImageObject","@id":"https:\/\/reflejodemichoacan.com\/#personlogo","inLanguage":"es-MX","url":"https:\/\/secure.gravatar.com\/avatar\/df5ceb9b998be27b25dd258a6b4b0a95?s=96&d=mm&r=g","contentUrl":"https:\/\/secure.gravatar.com\/avatar\/df5ceb9b998be27b25dd258a6b4b0a95?s=96&d=mm&r=g","caption":"Aurora"},"sameAs":["http:\/\/reflejodemichoacan.com"],"url":"https:\/\/reflejodemichoacan.com\/index.php\/author\/rixwm7qvsq\/"}]}},"_links":{"self":[{"href":"https:\/\/reflejodemichoacan.com\/index.php\/wp-json\/wp\/v2\/posts\/10500"}],"collection":[{"href":"https:\/\/reflejodemichoacan.com\/index.php\/wp-json\/wp\/v2\/posts"}],"about":[{"href":"https:\/\/reflejodemichoacan.com\/index.php\/wp-json\/wp\/v2\/types\/post"}],"author":[{"embeddable":true,"href":"https:\/\/reflejodemichoacan.com\/index.php\/wp-json\/wp\/v2\/users\/1"}],"replies":[{"embeddable":true,"href":"https:\/\/reflejodemichoacan.com\/index.php\/wp-json\/wp\/v2\/comments?post=10500"}],"version-history":[{"count":1,"href":"https:\/\/reflejodemichoacan.com\/index.php\/wp-json\/wp\/v2\/posts\/10500\/revisions"}],"predecessor-version":[{"id":10502,"href":"https:\/\/reflejodemichoacan.com\/index.php\/wp-json\/wp\/v2\/posts\/10500\/revisions\/10502"}],"wp:featuredmedia":[{"embeddable":true,"href":"https:\/\/reflejodemichoacan.com\/index.php\/wp-json\/wp\/v2\/media\/10501"}],"wp:attachment":[{"href":"https:\/\/reflejodemichoacan.com\/index.php\/wp-json\/wp\/v2\/media?parent=10500"}],"wp:term":[{"taxonomy":"category","embeddable":true,"href":"https:\/\/reflejodemichoacan.com\/index.php\/wp-json\/wp\/v2\/categories?post=10500"},{"taxonomy":"post_tag","embeddable":true,"href":"https:\/\/reflejodemichoacan.com\/index.php\/wp-json\/wp\/v2\/tags?post=10500"}],"curies":[{"name":"wp","href":"https:\/\/api.w.org\/{rel}","templated":true}]}}