{"id":10506,"date":"2022-12-01T00:02:13","date_gmt":"2022-12-01T00:02:13","guid":{"rendered":"https:\/\/reflejodemichoacan.com\/?p=10506"},"modified":"2022-12-01T00:02:16","modified_gmt":"2022-12-01T00:02:16","slug":"mexicanos-no-vale-la-pena-seguir-destrozandonos","status":"publish","type":"post","link":"https:\/\/reflejodemichoacan.com\/index.php\/2022\/12\/01\/mexicanos-no-vale-la-pena-seguir-destrozandonos\/","title":{"rendered":"Mexicanos: No vale la pena seguir destroz\u00e1ndonos"},"content":{"rendered":"\n<p>Fidel Rodr\u00edguez Ramos<br>De algo ha servido tanto sacrificio, gracias a muchas penalidades, tendremos en el 2024 la<br>oportunidad de decidir en las urnas al gobierno que deseamos, rechazar al actual modelo, y ello<br>antes era inimaginable, tanto se ha avanzado en ese aspecto que en \u00e9ste a\u00f1o del 2022 se invit\u00f3 a<br>realizar un ejercicio electoral, para decidir si se deseaba seguir o rechazar la administraci\u00f3n<br>obradorista, y es importante se\u00f1alar que los medios de difusi\u00f3n, antes de esa consulta, que<br>presumieron los senadores como obra suya, anunciaron la alegr\u00eda de los no simpatizantes con el<br>actual gobierno, dijeron que gustosos participar\u00edan, sin embargo cuando se dieron cuenta que ello<br>ten\u00eda el peligro de una votaci\u00f3n mayoritaria a favor de Obrador, dieron marcha atr\u00e1s y le hicieron<br>un vaci\u00f3, no acudieron a un ejercicio com\u00fan en muchos pa\u00edses, que al final no sirvi\u00f3 de nada.<br>Esos medios de difusi\u00f3n han preferido echar m\u00e1s gasolina al fuego, provocando que los<br>mexicanos, cada vez m\u00e1s, nos vayamos viendo como ac\u00e9rrimos enemigos, los medios no han<br>enriquecido la democracia que implica el conocer, civilizadamente, las distintas opiniones de la<br>gente. Quienes votamos en el 2018 por Obrador, tra\u00edamos desde 1990 un serio descontento por la<br>manera en que se estaba conduciendo el pa\u00eds, recuerdo que en una reuni\u00f3n con pap\u00e1s de la<br>meseta purh\u00e9pecha, nos preguntaron el porqu\u00e9 de ese sentimiento contra el gobierno, y<br>contestamos que era por la manera en que se estaba vendiendo, privatizando irresponsablemente<br>todo lo que era un patrimonio de los mexicanos, expresamos que nuestro desacuerdo se basaba<br>en el que se estuvieran regalando, vendiendo a precio de ganga cientos de empresas, carreteras,<br>aeropuertos, puertos, tierras, el subsuelo.<br>De seguir as\u00ed, continuamos, pronto ya no tendremos nada, ni siquiera Tel\u00e9fonos de M\u00e9xico<br>(Telmex), bancos, petr\u00f3leo. Ah\u00ed nos interrumpieron, y dijeron que no estaban de acuerdo con<br>nuestros juicios, que eso nunca suceder\u00eda, que exager\u00e1bamos. Desafortunadamente el tiempo,<br>cruelmente, nos dio la raz\u00f3n. Se vendieron muchas cosas, y para evitar el descontento popular se<br>dio mucho dinero a trav\u00e9s de los llamados Comit\u00e9s de Solidaridad, promovidos por Carlos Salinas<br>de Gortari hab\u00eda dinero para proyectos ganaderos, caminos, peque\u00f1os negocios, espacios<br>deportivos, drenaje, introducci\u00f3n de luz, agua, el dinero sali\u00f3 de lo que se malbarato como<br>SICARTSA en Michoac\u00e1n (una de las sider\u00fargicas m\u00e1s grandes del planeta), o la mina de cobre de<br>Cananea.<br>Desde 1990 hasta el 2018, o quiz\u00e1s desde mucho tiempo antes, la gente ya no hallaba la puerta<br>de salida frente a los sucesivos gobiernos presidenciales, que solamente aprovecharon su estancia<br>para enriquecerse desmedidamente, aprovechando pr\u00e9stamos internacionales, miles de millones<br>de d\u00f3lares cuyo destino final nunca se conoci\u00f3. Y as\u00ed como votamos por Cuauht\u00e9moc C\u00e1rdenas en<br>1988, volvimos a sufragar en el 2018 por Obrador, porque vimos en ellos la \u00fanica salida, esperanza<br>para terminar con una creciente pobreza o violencia, mentira si dij\u00e9ramos otra cosa, s\u00f3lo eso<br>ve\u00edamos en ese a\u00f1o, muchos desesperados hu\u00edan a los EUA, al grado de que hoy viven all\u00e1 40<br>millones de familiares o conocidos. \u00bfPara qu\u00e9 seguir pele\u00e1ndonos, si en el 2024 TODAS Y TODOS<br>tendremos la oportunidad de decidir por cual camino transitar?. La democracia es aceptar el<\/p>\n\n\n\n<p>veredicto de las urnas, si gana nuevamente el PRI, PAN y PRD pues que bueno, porque indicar\u00eda<br>que ellos estaban en lo correcto, no as\u00ed nosotros que cre\u00edamos en otra cosa, en una ilusi\u00f3n. <\/p>\n","protected":false},"excerpt":{"rendered":"<p>Fidel Rodr\u00edguez RamosDe algo ha servido tanto sacrificio, gracias a muchas penalidades, tendremos en el 2024 laoportunidad de decidir en las urnas al gobierno que deseamos, rechazar al actual modelo, y elloantes era inimaginable, tanto se ha avanzado en ese aspecto que en \u00e9ste a\u00f1o del 2022 se invit\u00f3 arealizar un ejercicio electoral, para decidir [&hellip;]<\/p>\n","protected":false},"author":1,"featured_media":10507,"comment_status":"open","ping_status":"closed","sticky":false,"template":"","format":"standard","meta":[],"categories":[1],"tags":[],"yoast_head":"<!-- This site is optimized with the Yoast SEO plugin v17.9 - https:\/\/yoast.com\/wordpress\/plugins\/seo\/ -->\n<title>Mexicanos: No vale la pena seguir destroz\u00e1ndonos - Reflejo de Michoac\u00e1n<\/title>\n<meta name=\"robots\" content=\"index, follow, max-snippet:-1, max-image-preview:large, max-video-preview:-1\" \/>\n<link rel=\"canonical\" href=\"https:\/\/reflejodemichoacan.com\/index.php\/2022\/12\/01\/mexicanos-no-vale-la-pena-seguir-destrozandonos\/\" \/>\n<meta property=\"og:locale\" content=\"es_MX\" \/>\n<meta property=\"og:type\" content=\"article\" \/>\n<meta property=\"og:title\" content=\"Mexicanos: No vale la pena seguir destroz\u00e1ndonos - Reflejo de Michoac\u00e1n\" \/>\n<meta property=\"og:description\" content=\"Fidel Rodr\u00edguez RamosDe algo ha servido tanto sacrificio, gracias a muchas penalidades, tendremos en el 2024 laoportunidad de decidir en las urnas al gobierno que deseamos, rechazar al actual modelo, y elloantes era inimaginable, tanto se ha avanzado en ese aspecto que en \u00e9ste a\u00f1o del 2022 se invit\u00f3 arealizar un ejercicio electoral, para decidir [&hellip;]\" \/>\n<meta property=\"og:url\" content=\"https:\/\/reflejodemichoacan.com\/index.php\/2022\/12\/01\/mexicanos-no-vale-la-pena-seguir-destrozandonos\/\" \/>\n<meta property=\"og:site_name\" content=\"Reflejo de Michoac\u00e1n\" \/>\n<meta property=\"article:published_time\" content=\"2022-12-01T00:02:13+00:00\" \/>\n<meta property=\"article:modified_time\" content=\"2022-12-01T00:02:16+00:00\" \/>\n<meta property=\"og:image\" content=\"https:\/\/reflejodemichoacan.com\/wp-content\/uploads\/2022\/11\/mexico-pais-scaled.jpg\" \/>\n\t<meta property=\"og:image:width\" content=\"2560\" \/>\n\t<meta property=\"og:image:height\" content=\"1741\" \/>\n\t<meta property=\"og:image:type\" content=\"image\/jpeg\" \/>\n<meta name=\"twitter:card\" content=\"summary_large_image\" \/>\n<meta name=\"twitter:label1\" content=\"Escrito por\" \/>\n\t<meta name=\"twitter:data1\" content=\"Aurora\" \/>\n\t<meta name=\"twitter:label2\" content=\"Tiempo de lectura\" \/>\n\t<meta name=\"twitter:data2\" content=\"3 minutos\" \/>\n<script type=\"application\/ld+json\" class=\"yoast-schema-graph\">{\"@context\":\"https:\/\/schema.org\",\"@graph\":[{\"@type\":\"WebSite\",\"@id\":\"https:\/\/reflejodemichoacan.com\/#website\",\"url\":\"https:\/\/reflejodemichoacan.com\/\",\"name\":\"Reflejo de Michoac\\u00e1n\",\"description\":\"Medio de comunicaci\\u00f3n impreso y digital al servicio de la regi\\u00f3n lacustre y Michoac\\u00e1n.\",\"potentialAction\":[{\"@type\":\"SearchAction\",\"target\":{\"@type\":\"EntryPoint\",\"urlTemplate\":\"https:\/\/reflejodemichoacan.com\/?s={search_term_string}\"},\"query-input\":\"required name=search_term_string\"}],\"inLanguage\":\"es-MX\"},{\"@type\":\"ImageObject\",\"@id\":\"https:\/\/reflejodemichoacan.com\/index.php\/2022\/12\/01\/mexicanos-no-vale-la-pena-seguir-destrozandonos\/#primaryimage\",\"inLanguage\":\"es-MX\",\"url\":\"https:\/\/reflejodemichoacan.com\/wp-content\/uploads\/2022\/11\/mexico-pais-scaled.jpg\",\"contentUrl\":\"https:\/\/reflejodemichoacan.com\/wp-content\/uploads\/2022\/11\/mexico-pais-scaled.jpg\",\"width\":2560,\"height\":1741},{\"@type\":\"WebPage\",\"@id\":\"https:\/\/reflejodemichoacan.com\/index.php\/2022\/12\/01\/mexicanos-no-vale-la-pena-seguir-destrozandonos\/#webpage\",\"url\":\"https:\/\/reflejodemichoacan.com\/index.php\/2022\/12\/01\/mexicanos-no-vale-la-pena-seguir-destrozandonos\/\",\"name\":\"Mexicanos: No vale la pena seguir destroz\\u00e1ndonos - Reflejo de Michoac\\u00e1n\",\"isPartOf\":{\"@id\":\"https:\/\/reflejodemichoacan.com\/#website\"},\"primaryImageOfPage\":{\"@id\":\"https:\/\/reflejodemichoacan.com\/index.php\/2022\/12\/01\/mexicanos-no-vale-la-pena-seguir-destrozandonos\/#primaryimage\"},\"datePublished\":\"2022-12-01T00:02:13+00:00\",\"dateModified\":\"2022-12-01T00:02:16+00:00\",\"author\":{\"@id\":\"https:\/\/reflejodemichoacan.com\/#\/schema\/person\/72d921e8fe99bd6e2e39bcde8995046f\"},\"breadcrumb\":{\"@id\":\"https:\/\/reflejodemichoacan.com\/index.php\/2022\/12\/01\/mexicanos-no-vale-la-pena-seguir-destrozandonos\/#breadcrumb\"},\"inLanguage\":\"es-MX\",\"potentialAction\":[{\"@type\":\"ReadAction\",\"target\":[\"https:\/\/reflejodemichoacan.com\/index.php\/2022\/12\/01\/mexicanos-no-vale-la-pena-seguir-destrozandonos\/\"]}]},{\"@type\":\"BreadcrumbList\",\"@id\":\"https:\/\/reflejodemichoacan.com\/index.php\/2022\/12\/01\/mexicanos-no-vale-la-pena-seguir-destrozandonos\/#breadcrumb\",\"itemListElement\":[{\"@type\":\"ListItem\",\"position\":1,\"name\":\"Inicio\",\"item\":\"https:\/\/reflejodemichoacan.com\/\"},{\"@type\":\"ListItem\",\"position\":2,\"name\":\"Mexicanos: No vale la pena seguir destroz\\u00e1ndonos\"}]},{\"@type\":\"Person\",\"@id\":\"https:\/\/reflejodemichoacan.com\/#\/schema\/person\/72d921e8fe99bd6e2e39bcde8995046f\",\"name\":\"Aurora\",\"image\":{\"@type\":\"ImageObject\",\"@id\":\"https:\/\/reflejodemichoacan.com\/#personlogo\",\"inLanguage\":\"es-MX\",\"url\":\"https:\/\/secure.gravatar.com\/avatar\/df5ceb9b998be27b25dd258a6b4b0a95?s=96&d=mm&r=g\",\"contentUrl\":\"https:\/\/secure.gravatar.com\/avatar\/df5ceb9b998be27b25dd258a6b4b0a95?s=96&d=mm&r=g\",\"caption\":\"Aurora\"},\"sameAs\":[\"http:\/\/reflejodemichoacan.com\"],\"url\":\"https:\/\/reflejodemichoacan.com\/index.php\/author\/rixwm7qvsq\/\"}]}<\/script>\n<!-- \/ Yoast SEO plugin. -->","yoast_head_json":{"title":"Mexicanos: No vale la pena seguir destroz\u00e1ndonos - Reflejo de Michoac\u00e1n","robots":{"index":"index","follow":"follow","max-snippet":"max-snippet:-1","max-image-preview":"max-image-preview:large","max-video-preview":"max-video-preview:-1"},"canonical":"https:\/\/reflejodemichoacan.com\/index.php\/2022\/12\/01\/mexicanos-no-vale-la-pena-seguir-destrozandonos\/","og_locale":"es_MX","og_type":"article","og_title":"Mexicanos: No vale la pena seguir destroz\u00e1ndonos - Reflejo de Michoac\u00e1n","og_description":"Fidel Rodr\u00edguez RamosDe algo ha servido tanto sacrificio, gracias a muchas penalidades, tendremos en el 2024 laoportunidad de decidir en las urnas al gobierno que deseamos, rechazar al actual modelo, y elloantes era inimaginable, tanto se ha avanzado en ese aspecto que en \u00e9ste a\u00f1o del 2022 se invit\u00f3 arealizar un ejercicio electoral, para decidir [&hellip;]","og_url":"https:\/\/reflejodemichoacan.com\/index.php\/2022\/12\/01\/mexicanos-no-vale-la-pena-seguir-destrozandonos\/","og_site_name":"Reflejo de Michoac\u00e1n","article_published_time":"2022-12-01T00:02:13+00:00","article_modified_time":"2022-12-01T00:02:16+00:00","og_image":[{"width":2560,"height":1741,"url":"https:\/\/reflejodemichoacan.com\/wp-content\/uploads\/2022\/11\/mexico-pais-scaled.jpg","type":"image\/jpeg"}],"twitter_card":"summary_large_image","twitter_misc":{"Escrito por":"Aurora","Tiempo de lectura":"3 minutos"},"schema":{"@context":"https:\/\/schema.org","@graph":[{"@type":"WebSite","@id":"https:\/\/reflejodemichoacan.com\/#website","url":"https:\/\/reflejodemichoacan.com\/","name":"Reflejo de Michoac\u00e1n","description":"Medio de comunicaci\u00f3n impreso y digital al servicio de la regi\u00f3n lacustre y Michoac\u00e1n.","potentialAction":[{"@type":"SearchAction","target":{"@type":"EntryPoint","urlTemplate":"https:\/\/reflejodemichoacan.com\/?s={search_term_string}"},"query-input":"required name=search_term_string"}],"inLanguage":"es-MX"},{"@type":"ImageObject","@id":"https:\/\/reflejodemichoacan.com\/index.php\/2022\/12\/01\/mexicanos-no-vale-la-pena-seguir-destrozandonos\/#primaryimage","inLanguage":"es-MX","url":"https:\/\/reflejodemichoacan.com\/wp-content\/uploads\/2022\/11\/mexico-pais-scaled.jpg","contentUrl":"https:\/\/reflejodemichoacan.com\/wp-content\/uploads\/2022\/11\/mexico-pais-scaled.jpg","width":2560,"height":1741},{"@type":"WebPage","@id":"https:\/\/reflejodemichoacan.com\/index.php\/2022\/12\/01\/mexicanos-no-vale-la-pena-seguir-destrozandonos\/#webpage","url":"https:\/\/reflejodemichoacan.com\/index.php\/2022\/12\/01\/mexicanos-no-vale-la-pena-seguir-destrozandonos\/","name":"Mexicanos: No vale la pena seguir destroz\u00e1ndonos - Reflejo de Michoac\u00e1n","isPartOf":{"@id":"https:\/\/reflejodemichoacan.com\/#website"},"primaryImageOfPage":{"@id":"https:\/\/reflejodemichoacan.com\/index.php\/2022\/12\/01\/mexicanos-no-vale-la-pena-seguir-destrozandonos\/#primaryimage"},"datePublished":"2022-12-01T00:02:13+00:00","dateModified":"2022-12-01T00:02:16+00:00","author":{"@id":"https:\/\/reflejodemichoacan.com\/#\/schema\/person\/72d921e8fe99bd6e2e39bcde8995046f"},"breadcrumb":{"@id":"https:\/\/reflejodemichoacan.com\/index.php\/2022\/12\/01\/mexicanos-no-vale-la-pena-seguir-destrozandonos\/#breadcrumb"},"inLanguage":"es-MX","potentialAction":[{"@type":"ReadAction","target":["https:\/\/reflejodemichoacan.com\/index.php\/2022\/12\/01\/mexicanos-no-vale-la-pena-seguir-destrozandonos\/"]}]},{"@type":"BreadcrumbList","@id":"https:\/\/reflejodemichoacan.com\/index.php\/2022\/12\/01\/mexicanos-no-vale-la-pena-seguir-destrozandonos\/#breadcrumb","itemListElement":[{"@type":"ListItem","position":1,"name":"Inicio","item":"https:\/\/reflejodemichoacan.com\/"},{"@type":"ListItem","position":2,"name":"Mexicanos: No vale la pena seguir destroz\u00e1ndonos"}]},{"@type":"Person","@id":"https:\/\/reflejodemichoacan.com\/#\/schema\/person\/72d921e8fe99bd6e2e39bcde8995046f","name":"Aurora","image":{"@type":"ImageObject","@id":"https:\/\/reflejodemichoacan.com\/#personlogo","inLanguage":"es-MX","url":"https:\/\/secure.gravatar.com\/avatar\/df5ceb9b998be27b25dd258a6b4b0a95?s=96&d=mm&r=g","contentUrl":"https:\/\/secure.gravatar.com\/avatar\/df5ceb9b998be27b25dd258a6b4b0a95?s=96&d=mm&r=g","caption":"Aurora"},"sameAs":["http:\/\/reflejodemichoacan.com"],"url":"https:\/\/reflejodemichoacan.com\/index.php\/author\/rixwm7qvsq\/"}]}},"_links":{"self":[{"href":"https:\/\/reflejodemichoacan.com\/index.php\/wp-json\/wp\/v2\/posts\/10506"}],"collection":[{"href":"https:\/\/reflejodemichoacan.com\/index.php\/wp-json\/wp\/v2\/posts"}],"about":[{"href":"https:\/\/reflejodemichoacan.com\/index.php\/wp-json\/wp\/v2\/types\/post"}],"author":[{"embeddable":true,"href":"https:\/\/reflejodemichoacan.com\/index.php\/wp-json\/wp\/v2\/users\/1"}],"replies":[{"embeddable":true,"href":"https:\/\/reflejodemichoacan.com\/index.php\/wp-json\/wp\/v2\/comments?post=10506"}],"version-history":[{"count":1,"href":"https:\/\/reflejodemichoacan.com\/index.php\/wp-json\/wp\/v2\/posts\/10506\/revisions"}],"predecessor-version":[{"id":10508,"href":"https:\/\/reflejodemichoacan.com\/index.php\/wp-json\/wp\/v2\/posts\/10506\/revisions\/10508"}],"wp:featuredmedia":[{"embeddable":true,"href":"https:\/\/reflejodemichoacan.com\/index.php\/wp-json\/wp\/v2\/media\/10507"}],"wp:attachment":[{"href":"https:\/\/reflejodemichoacan.com\/index.php\/wp-json\/wp\/v2\/media?parent=10506"}],"wp:term":[{"taxonomy":"category","embeddable":true,"href":"https:\/\/reflejodemichoacan.com\/index.php\/wp-json\/wp\/v2\/categories?post=10506"},{"taxonomy":"post_tag","embeddable":true,"href":"https:\/\/reflejodemichoacan.com\/index.php\/wp-json\/wp\/v2\/tags?post=10506"}],"curies":[{"name":"wp","href":"https:\/\/api.w.org\/{rel}","templated":true}]}}