{"id":10512,"date":"2022-12-02T00:40:24","date_gmt":"2022-12-02T00:40:24","guid":{"rendered":"https:\/\/reflejodemichoacan.com\/?p=10512"},"modified":"2022-12-02T00:40:27","modified_gmt":"2022-12-02T00:40:27","slug":"presenta-julio-arreola-mex-calli-festival-de-mezcal-en-patzcuaro-que-se-efectuara-del-2-al-4-de-diciembre","status":"publish","type":"post","link":"https:\/\/reflejodemichoacan.com\/index.php\/2022\/12\/02\/presenta-julio-arreola-mex-calli-festival-de-mezcal-en-patzcuaro-que-se-efectuara-del-2-al-4-de-diciembre\/","title":{"rendered":"Presenta Julio Arreola Mex-Calli, Festival de Mezcal en P\u00e1tzcuaro que se efectuar\u00e1 del 2 al 4 de diciembre"},"content":{"rendered":"\n<p>-Durante el Festival se realizar\u00e1 un homenaje en honor al creador del tema \u201cCaminos de Michoac\u00e1n\u201d el gran Federico Villa, con una cabalgata y un concierto.<br>P\u00e1tzcuaro, Mich. A 1 de diciembre del 2022.- El presidente municipal, Julio Arreola V\u00e1zquez anunci\u00f3 la realizaci\u00f3n del Mex-Calli, Festival del Mezcal P\u00e1tzcuaro del 2 al 4 de diciembre; un espacio familiar y de aprendizaje, donde se podr\u00e1 conocer mezcales de calidad y trayectoria de Michoac\u00e1n, Guerrero, Oaxaca y m\u00e1s estados con denominaci\u00f3n de origen.<br>En rueda de prensa el presidente municipal, Julio Arreola V\u00e1zquez, destac\u00f3 que este evento de talla nacional, se suma a los que desde su administraci\u00f3n se han impulsado para reactivar la econom\u00eda de la regi\u00f3n. El festival se realizar\u00e1 en la Plaza Vasco de Quiroga, uno de los lugares m\u00e1s ic\u00f3nicos de la ciudad y tiene una proyecci\u00f3n de 4 mil visitantes por d\u00eda.\u00a0<br>Asimismo, explic\u00f3 que se prev\u00e9 una derrama econ\u00f3mica de hasta tres millones de pesos, que beneficiar\u00e1 a representantes y familias de cada uno de los stands que habr\u00e1 en el evento y prestadores de servicios tur\u00edsticos.<br>A trav\u00e9s de este espacio, se tendr\u00e1 la oportunidad de aprender acerca de esta bebida tradicional de los maestros y maestras mezcaleras, se hace un viaje por la historia, agaves y sabores de M\u00e9xico y nuestros visitantes podr\u00e1n aprovechar la venta de artesan\u00edas y la gastronom\u00eda que se ofrece por parte de cocineras tradicionales.<br>En el lugar se tiene previsto un extenso programa art\u00edstico que incluye ballet folcl\u00f3rico, torito de petate, m\u00fasica y un homenaje en honor al creador del tema \u201cCaminos de Michoac\u00e1n\u201d el gran Federico Villa, con una cabalgata y un concierto. As\u00ed como una emotiva presentaci\u00f3n por los nietos del int\u00e9rprete que tambi\u00e9n son cantantes.<br>El alcalde de P\u00e1tzcuaro, Julio Arreola V\u00e1zquez, invit\u00f3 a disfrutar de este gran evento y acudir con la familia a conocer de la historia de una bebida tan tradicional que es un signo de identidad nacional, pero adem\u00e1s de gozar de la belleza de nuestro pueblo m\u00e1gico y de su grandeza cultural y gastron\u00f3mica que ofrece.<br>Durante la presentaci\u00f3n del evento a los medios de comunicaci\u00f3n, acompa\u00f1aron al edil, el regidor de Transparencia, Acceso a la Informaci\u00f3n y Protecci\u00f3n de Datos Personales, F\u00e9lix C\u00e1zarez Rodr\u00edguez, la directora de Turismo del Municipio de P\u00e1tzcuaro, Julia Macedo Ortega, parte del Comit\u00e9 Organizador de Mex &#8211; Cali, con Mayra M\u00e9ndez Malo, la\u00a0 Uni\u00f3n de Empresarios Cerveceros de Michoac\u00e1n y su representante, Edgar Mercado Ponce y la delegada de Cocineras\u00a0 Tradicionales de la Regi\u00f3n Lacustre, Catalina Garc\u00eda Vargas.<\/p>\n","protected":false},"excerpt":{"rendered":"<p>-Durante el Festival se realizar\u00e1 un homenaje en honor al creador del tema \u201cCaminos de Michoac\u00e1n\u201d el gran Federico Villa, con una cabalgata y un concierto.P\u00e1tzcuaro, Mich. A 1 de diciembre del 2022.- El presidente municipal, Julio Arreola V\u00e1zquez anunci\u00f3 la realizaci\u00f3n del Mex-Calli, Festival del Mezcal P\u00e1tzcuaro del 2 al 4 de diciembre; un [&hellip;]<\/p>\n","protected":false},"author":1,"featured_media":10513,"comment_status":"open","ping_status":"closed","sticky":false,"template":"","format":"standard","meta":[],"categories":[1],"tags":[],"yoast_head":"<!-- This site is optimized with the Yoast SEO plugin v17.9 - https:\/\/yoast.com\/wordpress\/plugins\/seo\/ -->\n<title>Presenta Julio Arreola Mex-Calli, Festival de Mezcal en P\u00e1tzcuaro que se efectuar\u00e1 del 2 al 4 de diciembre - Reflejo de Michoac\u00e1n<\/title>\n<meta name=\"robots\" content=\"index, follow, max-snippet:-1, max-image-preview:large, max-video-preview:-1\" \/>\n<link rel=\"canonical\" href=\"https:\/\/reflejodemichoacan.com\/index.php\/2022\/12\/02\/presenta-julio-arreola-mex-calli-festival-de-mezcal-en-patzcuaro-que-se-efectuara-del-2-al-4-de-diciembre\/\" \/>\n<meta property=\"og:locale\" content=\"es_MX\" \/>\n<meta property=\"og:type\" content=\"article\" \/>\n<meta property=\"og:title\" content=\"Presenta Julio Arreola Mex-Calli, Festival de Mezcal en P\u00e1tzcuaro que se efectuar\u00e1 del 2 al 4 de diciembre - Reflejo de Michoac\u00e1n\" \/>\n<meta property=\"og:description\" content=\"-Durante el Festival se realizar\u00e1 un homenaje en honor al creador del tema \u201cCaminos de Michoac\u00e1n\u201d el gran Federico Villa, con una cabalgata y un concierto.P\u00e1tzcuaro, Mich. A 1 de diciembre del 2022.- El presidente municipal, Julio Arreola V\u00e1zquez anunci\u00f3 la realizaci\u00f3n del Mex-Calli, Festival del Mezcal P\u00e1tzcuaro del 2 al 4 de diciembre; un [&hellip;]\" \/>\n<meta property=\"og:url\" content=\"https:\/\/reflejodemichoacan.com\/index.php\/2022\/12\/02\/presenta-julio-arreola-mex-calli-festival-de-mezcal-en-patzcuaro-que-se-efectuara-del-2-al-4-de-diciembre\/\" \/>\n<meta property=\"og:site_name\" content=\"Reflejo de Michoac\u00e1n\" \/>\n<meta property=\"article:published_time\" content=\"2022-12-02T00:40:24+00:00\" \/>\n<meta property=\"article:modified_time\" content=\"2022-12-02T00:40:27+00:00\" \/>\n<meta property=\"og:image\" content=\"https:\/\/reflejodemichoacan.com\/wp-content\/uploads\/2022\/12\/presenta-Julio.jpg\" \/>\n\t<meta property=\"og:image:width\" content=\"1280\" \/>\n\t<meta property=\"og:image:height\" content=\"853\" \/>\n\t<meta property=\"og:image:type\" content=\"image\/jpeg\" \/>\n<meta name=\"twitter:card\" content=\"summary_large_image\" \/>\n<meta name=\"twitter:label1\" content=\"Escrito por\" \/>\n\t<meta name=\"twitter:data1\" content=\"Aurora\" \/>\n\t<meta name=\"twitter:label2\" content=\"Tiempo de lectura\" \/>\n\t<meta name=\"twitter:data2\" content=\"2 minutos\" \/>\n<script type=\"application\/ld+json\" class=\"yoast-schema-graph\">{\"@context\":\"https:\/\/schema.org\",\"@graph\":[{\"@type\":\"WebSite\",\"@id\":\"https:\/\/reflejodemichoacan.com\/#website\",\"url\":\"https:\/\/reflejodemichoacan.com\/\",\"name\":\"Reflejo de Michoac\\u00e1n\",\"description\":\"Medio de comunicaci\\u00f3n impreso y digital al servicio de la regi\\u00f3n lacustre y Michoac\\u00e1n.\",\"potentialAction\":[{\"@type\":\"SearchAction\",\"target\":{\"@type\":\"EntryPoint\",\"urlTemplate\":\"https:\/\/reflejodemichoacan.com\/?s={search_term_string}\"},\"query-input\":\"required name=search_term_string\"}],\"inLanguage\":\"es-MX\"},{\"@type\":\"ImageObject\",\"@id\":\"https:\/\/reflejodemichoacan.com\/index.php\/2022\/12\/02\/presenta-julio-arreola-mex-calli-festival-de-mezcal-en-patzcuaro-que-se-efectuara-del-2-al-4-de-diciembre\/#primaryimage\",\"inLanguage\":\"es-MX\",\"url\":\"https:\/\/reflejodemichoacan.com\/wp-content\/uploads\/2022\/12\/presenta-Julio.jpg\",\"contentUrl\":\"https:\/\/reflejodemichoacan.com\/wp-content\/uploads\/2022\/12\/presenta-Julio.jpg\",\"width\":1280,\"height\":853},{\"@type\":\"WebPage\",\"@id\":\"https:\/\/reflejodemichoacan.com\/index.php\/2022\/12\/02\/presenta-julio-arreola-mex-calli-festival-de-mezcal-en-patzcuaro-que-se-efectuara-del-2-al-4-de-diciembre\/#webpage\",\"url\":\"https:\/\/reflejodemichoacan.com\/index.php\/2022\/12\/02\/presenta-julio-arreola-mex-calli-festival-de-mezcal-en-patzcuaro-que-se-efectuara-del-2-al-4-de-diciembre\/\",\"name\":\"Presenta Julio Arreola Mex-Calli, Festival de Mezcal en P\\u00e1tzcuaro que se efectuar\\u00e1 del 2 al 4 de diciembre - Reflejo de Michoac\\u00e1n\",\"isPartOf\":{\"@id\":\"https:\/\/reflejodemichoacan.com\/#website\"},\"primaryImageOfPage\":{\"@id\":\"https:\/\/reflejodemichoacan.com\/index.php\/2022\/12\/02\/presenta-julio-arreola-mex-calli-festival-de-mezcal-en-patzcuaro-que-se-efectuara-del-2-al-4-de-diciembre\/#primaryimage\"},\"datePublished\":\"2022-12-02T00:40:24+00:00\",\"dateModified\":\"2022-12-02T00:40:27+00:00\",\"author\":{\"@id\":\"https:\/\/reflejodemichoacan.com\/#\/schema\/person\/72d921e8fe99bd6e2e39bcde8995046f\"},\"breadcrumb\":{\"@id\":\"https:\/\/reflejodemichoacan.com\/index.php\/2022\/12\/02\/presenta-julio-arreola-mex-calli-festival-de-mezcal-en-patzcuaro-que-se-efectuara-del-2-al-4-de-diciembre\/#breadcrumb\"},\"inLanguage\":\"es-MX\",\"potentialAction\":[{\"@type\":\"ReadAction\",\"target\":[\"https:\/\/reflejodemichoacan.com\/index.php\/2022\/12\/02\/presenta-julio-arreola-mex-calli-festival-de-mezcal-en-patzcuaro-que-se-efectuara-del-2-al-4-de-diciembre\/\"]}]},{\"@type\":\"BreadcrumbList\",\"@id\":\"https:\/\/reflejodemichoacan.com\/index.php\/2022\/12\/02\/presenta-julio-arreola-mex-calli-festival-de-mezcal-en-patzcuaro-que-se-efectuara-del-2-al-4-de-diciembre\/#breadcrumb\",\"itemListElement\":[{\"@type\":\"ListItem\",\"position\":1,\"name\":\"Inicio\",\"item\":\"https:\/\/reflejodemichoacan.com\/\"},{\"@type\":\"ListItem\",\"position\":2,\"name\":\"Presenta Julio Arreola Mex-Calli, Festival de Mezcal en P\\u00e1tzcuaro que se efectuar\\u00e1 del 2 al 4 de diciembre\"}]},{\"@type\":\"Person\",\"@id\":\"https:\/\/reflejodemichoacan.com\/#\/schema\/person\/72d921e8fe99bd6e2e39bcde8995046f\",\"name\":\"Aurora\",\"image\":{\"@type\":\"ImageObject\",\"@id\":\"https:\/\/reflejodemichoacan.com\/#personlogo\",\"inLanguage\":\"es-MX\",\"url\":\"https:\/\/secure.gravatar.com\/avatar\/df5ceb9b998be27b25dd258a6b4b0a95?s=96&d=mm&r=g\",\"contentUrl\":\"https:\/\/secure.gravatar.com\/avatar\/df5ceb9b998be27b25dd258a6b4b0a95?s=96&d=mm&r=g\",\"caption\":\"Aurora\"},\"sameAs\":[\"http:\/\/reflejodemichoacan.com\"],\"url\":\"https:\/\/reflejodemichoacan.com\/index.php\/author\/rixwm7qvsq\/\"}]}<\/script>\n<!-- \/ Yoast SEO plugin. -->","yoast_head_json":{"title":"Presenta Julio Arreola Mex-Calli, Festival de Mezcal en P\u00e1tzcuaro que se efectuar\u00e1 del 2 al 4 de diciembre - Reflejo de Michoac\u00e1n","robots":{"index":"index","follow":"follow","max-snippet":"max-snippet:-1","max-image-preview":"max-image-preview:large","max-video-preview":"max-video-preview:-1"},"canonical":"https:\/\/reflejodemichoacan.com\/index.php\/2022\/12\/02\/presenta-julio-arreola-mex-calli-festival-de-mezcal-en-patzcuaro-que-se-efectuara-del-2-al-4-de-diciembre\/","og_locale":"es_MX","og_type":"article","og_title":"Presenta Julio Arreola Mex-Calli, Festival de Mezcal en P\u00e1tzcuaro que se efectuar\u00e1 del 2 al 4 de diciembre - Reflejo de Michoac\u00e1n","og_description":"-Durante el Festival se realizar\u00e1 un homenaje en honor al creador del tema \u201cCaminos de Michoac\u00e1n\u201d el gran Federico Villa, con una cabalgata y un concierto.P\u00e1tzcuaro, Mich. A 1 de diciembre del 2022.- El presidente municipal, Julio Arreola V\u00e1zquez anunci\u00f3 la realizaci\u00f3n del Mex-Calli, Festival del Mezcal P\u00e1tzcuaro del 2 al 4 de diciembre; un [&hellip;]","og_url":"https:\/\/reflejodemichoacan.com\/index.php\/2022\/12\/02\/presenta-julio-arreola-mex-calli-festival-de-mezcal-en-patzcuaro-que-se-efectuara-del-2-al-4-de-diciembre\/","og_site_name":"Reflejo de Michoac\u00e1n","article_published_time":"2022-12-02T00:40:24+00:00","article_modified_time":"2022-12-02T00:40:27+00:00","og_image":[{"width":1280,"height":853,"url":"https:\/\/reflejodemichoacan.com\/wp-content\/uploads\/2022\/12\/presenta-Julio.jpg","type":"image\/jpeg"}],"twitter_card":"summary_large_image","twitter_misc":{"Escrito por":"Aurora","Tiempo de lectura":"2 minutos"},"schema":{"@context":"https:\/\/schema.org","@graph":[{"@type":"WebSite","@id":"https:\/\/reflejodemichoacan.com\/#website","url":"https:\/\/reflejodemichoacan.com\/","name":"Reflejo de Michoac\u00e1n","description":"Medio de comunicaci\u00f3n impreso y digital al servicio de la regi\u00f3n lacustre y Michoac\u00e1n.","potentialAction":[{"@type":"SearchAction","target":{"@type":"EntryPoint","urlTemplate":"https:\/\/reflejodemichoacan.com\/?s={search_term_string}"},"query-input":"required name=search_term_string"}],"inLanguage":"es-MX"},{"@type":"ImageObject","@id":"https:\/\/reflejodemichoacan.com\/index.php\/2022\/12\/02\/presenta-julio-arreola-mex-calli-festival-de-mezcal-en-patzcuaro-que-se-efectuara-del-2-al-4-de-diciembre\/#primaryimage","inLanguage":"es-MX","url":"https:\/\/reflejodemichoacan.com\/wp-content\/uploads\/2022\/12\/presenta-Julio.jpg","contentUrl":"https:\/\/reflejodemichoacan.com\/wp-content\/uploads\/2022\/12\/presenta-Julio.jpg","width":1280,"height":853},{"@type":"WebPage","@id":"https:\/\/reflejodemichoacan.com\/index.php\/2022\/12\/02\/presenta-julio-arreola-mex-calli-festival-de-mezcal-en-patzcuaro-que-se-efectuara-del-2-al-4-de-diciembre\/#webpage","url":"https:\/\/reflejodemichoacan.com\/index.php\/2022\/12\/02\/presenta-julio-arreola-mex-calli-festival-de-mezcal-en-patzcuaro-que-se-efectuara-del-2-al-4-de-diciembre\/","name":"Presenta Julio Arreola Mex-Calli, Festival de Mezcal en P\u00e1tzcuaro que se efectuar\u00e1 del 2 al 4 de diciembre - Reflejo de Michoac\u00e1n","isPartOf":{"@id":"https:\/\/reflejodemichoacan.com\/#website"},"primaryImageOfPage":{"@id":"https:\/\/reflejodemichoacan.com\/index.php\/2022\/12\/02\/presenta-julio-arreola-mex-calli-festival-de-mezcal-en-patzcuaro-que-se-efectuara-del-2-al-4-de-diciembre\/#primaryimage"},"datePublished":"2022-12-02T00:40:24+00:00","dateModified":"2022-12-02T00:40:27+00:00","author":{"@id":"https:\/\/reflejodemichoacan.com\/#\/schema\/person\/72d921e8fe99bd6e2e39bcde8995046f"},"breadcrumb":{"@id":"https:\/\/reflejodemichoacan.com\/index.php\/2022\/12\/02\/presenta-julio-arreola-mex-calli-festival-de-mezcal-en-patzcuaro-que-se-efectuara-del-2-al-4-de-diciembre\/#breadcrumb"},"inLanguage":"es-MX","potentialAction":[{"@type":"ReadAction","target":["https:\/\/reflejodemichoacan.com\/index.php\/2022\/12\/02\/presenta-julio-arreola-mex-calli-festival-de-mezcal-en-patzcuaro-que-se-efectuara-del-2-al-4-de-diciembre\/"]}]},{"@type":"BreadcrumbList","@id":"https:\/\/reflejodemichoacan.com\/index.php\/2022\/12\/02\/presenta-julio-arreola-mex-calli-festival-de-mezcal-en-patzcuaro-que-se-efectuara-del-2-al-4-de-diciembre\/#breadcrumb","itemListElement":[{"@type":"ListItem","position":1,"name":"Inicio","item":"https:\/\/reflejodemichoacan.com\/"},{"@type":"ListItem","position":2,"name":"Presenta Julio Arreola Mex-Calli, Festival de Mezcal en P\u00e1tzcuaro que se efectuar\u00e1 del 2 al 4 de diciembre"}]},{"@type":"Person","@id":"https:\/\/reflejodemichoacan.com\/#\/schema\/person\/72d921e8fe99bd6e2e39bcde8995046f","name":"Aurora","image":{"@type":"ImageObject","@id":"https:\/\/reflejodemichoacan.com\/#personlogo","inLanguage":"es-MX","url":"https:\/\/secure.gravatar.com\/avatar\/df5ceb9b998be27b25dd258a6b4b0a95?s=96&d=mm&r=g","contentUrl":"https:\/\/secure.gravatar.com\/avatar\/df5ceb9b998be27b25dd258a6b4b0a95?s=96&d=mm&r=g","caption":"Aurora"},"sameAs":["http:\/\/reflejodemichoacan.com"],"url":"https:\/\/reflejodemichoacan.com\/index.php\/author\/rixwm7qvsq\/"}]}},"_links":{"self":[{"href":"https:\/\/reflejodemichoacan.com\/index.php\/wp-json\/wp\/v2\/posts\/10512"}],"collection":[{"href":"https:\/\/reflejodemichoacan.com\/index.php\/wp-json\/wp\/v2\/posts"}],"about":[{"href":"https:\/\/reflejodemichoacan.com\/index.php\/wp-json\/wp\/v2\/types\/post"}],"author":[{"embeddable":true,"href":"https:\/\/reflejodemichoacan.com\/index.php\/wp-json\/wp\/v2\/users\/1"}],"replies":[{"embeddable":true,"href":"https:\/\/reflejodemichoacan.com\/index.php\/wp-json\/wp\/v2\/comments?post=10512"}],"version-history":[{"count":1,"href":"https:\/\/reflejodemichoacan.com\/index.php\/wp-json\/wp\/v2\/posts\/10512\/revisions"}],"predecessor-version":[{"id":10514,"href":"https:\/\/reflejodemichoacan.com\/index.php\/wp-json\/wp\/v2\/posts\/10512\/revisions\/10514"}],"wp:featuredmedia":[{"embeddable":true,"href":"https:\/\/reflejodemichoacan.com\/index.php\/wp-json\/wp\/v2\/media\/10513"}],"wp:attachment":[{"href":"https:\/\/reflejodemichoacan.com\/index.php\/wp-json\/wp\/v2\/media?parent=10512"}],"wp:term":[{"taxonomy":"category","embeddable":true,"href":"https:\/\/reflejodemichoacan.com\/index.php\/wp-json\/wp\/v2\/categories?post=10512"},{"taxonomy":"post_tag","embeddable":true,"href":"https:\/\/reflejodemichoacan.com\/index.php\/wp-json\/wp\/v2\/tags?post=10512"}],"curies":[{"name":"wp","href":"https:\/\/api.w.org\/{rel}","templated":true}]}}