{"id":10516,"date":"2022-12-02T00:43:42","date_gmt":"2022-12-02T00:43:42","guid":{"rendered":"https:\/\/reflejodemichoacan.com\/?p=10516"},"modified":"2022-12-02T00:43:45","modified_gmt":"2022-12-02T00:43:45","slug":"con-programa-produce-lo-que-te-comes-se-contribuye-a-la-suficiencia-alimentaria-para-familias-de-la-region-julio-arreola","status":"publish","type":"post","link":"https:\/\/reflejodemichoacan.com\/index.php\/2022\/12\/02\/con-programa-produce-lo-que-te-comes-se-contribuye-a-la-suficiencia-alimentaria-para-familias-de-la-region-julio-arreola\/","title":{"rendered":"Con programa \u201cProduce lo que te Comes\u201d, se contribuye a la suficiencia alimentaria para familias de la regi\u00f3n: Julio Arreola"},"content":{"rendered":"\n<p>\u2022 El presidente municipal, Julio Arreola V\u00e1zquez y autoridades estatales, hicieron entrega de paquetes de \u201cProduce lo que te Comes\u201d, regi\u00f3n VII P\u00e1tzcuaro-Zirahu\u00e9n.<\/p>\n\n\n\n<p>P\u00e1tzcuaro, Mich. A 01 de diciembre del 2022.- El presidente municipal de P\u00e1tzcuaro, Julio Alberto Arreola V\u00e1zquez, realiz\u00f3 la entrega de paquetes de semillas de hortalizas, \u00e1rboles frutales y hongo zeta, a beneficiarios del programa \u201cProduce lo que te Comes\u201d, que opera la Secretar\u00eda de Agricultura y Desarrollo Rural (SADER), mismo que beneficiar\u00e1 a familias de la regi\u00f3n P\u00e1tzcuaro-Zirahu\u00e9n para la producci\u00f3n de alimentos sanos.En el acto protocolario que se llev\u00f3 a cabo en las instalaciones de la Casa de la Cultura en el municipio, el edil fue acompa\u00f1ado por autoridades estatales, as\u00ed como beneficiarios de los siete municipios de la regi\u00f3n P\u00e1tzcuaro-Zirahu\u00e9n, quienes tuvieron la opci\u00f3n de elegir uno o los tres paquetes que se entregan por SADER, y que consisten en semillas de hortalizas, \u00e1rboles frutales de pera, ciruelo, higo y durazno, el hongo zeta.\u00a0El presidente municipal destac\u00f3 que es acertado del Gobierno de Michoac\u00e1n a trav\u00e9s de SADER impulse programas enfocados en atender y resolver las necesidades m\u00e1s elementales de familias campesinas de nuestra regi\u00f3n y alcanzar la autosuficiencia alimentaria.\u201cComo su nombre lo dice el programa \u201cProduce lo que te Comes\u201d, fortalece en buena medida la econom\u00eda de los sectores m\u00e1s pobres, porque suprime costos y se protege a las familias de la inflaci\u00f3n que impacta la canasta b\u00e1sica; ayuda, desde luego a combatir las nocivas distorsiones del mercado que solo favorece a coyotes e intermediarios\u201d, dijo el alcalde.Asimismo, consider\u00f3 que es imperativo que los peque\u00f1os productores agr\u00edcolas tengan mejores condiciones y sean una prioridad en las pol\u00edticas p\u00fablicas del Gobierno Estatal y Federal, por lo que enfatiz\u00f3 la importancia de la coordinaci\u00f3n en programas como \u201cProduce lo que te Comes\u201d, para lograr el desarrollo agroalimentario en nuestras regiones.Resalt\u00f3 lo fundamentales que son los huertos de traspatio y peque\u00f1os espacios en el hogar de las familias para producir hortalizas, \u00e1rboles frutales, hongo comestible o incluso criar gallinas ponedoras, con lo cual contar\u00e1n con una fuente primaria y confiable de alimentos de alta calidad.Julio Arreola subray\u00f3 que se vive una crisis hist\u00f3rica en el sector agr\u00edcola y principalmente los peque\u00f1os productores, pese a ello, se es optimista sobre el futuro del campo, \u201cporque juntos productores e instituciones de los tres niveles de gobierno, estamos haciendo sinergia para transformar la vida de las familias campesinas y darle mejor calidad\u201d, refiri\u00f3.Durante la entrega de los paquetes se cont\u00f3 con la presencia de Marx Aguirre Ochoa, Subsecretaria de Organizaci\u00f3n y Desarrollo de la SADER en representaci\u00f3n de Cuauht\u00e9moc Ram\u00edrez Romero, secretario de Agricultura y Desarrollo Rural, Diva de la Luz Hinojosa Gonz\u00e1lez, directora de Organizaci\u00f3n y Capacitaci\u00f3n, Nora V\u00e1zquez Villanueva, directora de Agricultura, Mar\u00eda Enr\u00edquez Guill\u00e9n, jefa del DDR 091 P\u00e1tzcuaro.<br>As\u00ed como Fernando Cajeme Boj\u00f3rquez Cardoso, delegado de la Regi\u00f3n VII P\u00e1tzcuaro \u2014Zirahu\u00e9n, Francisco J. Hern\u00e1ndez S\u00e1nchez, regidor de Medio Ambiente, Protecci\u00f3n Animal y Desarrollo Rural del Municipio de P\u00e1tzcuaro, Joaqu\u00edn Hern\u00e1ndez Tovar, secretario de Bienestar Municipal, Sebasti\u00e1n Gonz\u00e1lez Reyes, jefe de la Unidad de Desarrollo Rural de P\u00e1tzcuaro, Juan Carlos V\u00e1zquez Murillo, enlace de la DGTAYCM.<\/p>\n","protected":false},"excerpt":{"rendered":"<p>\u2022 El presidente municipal, Julio Arreola V\u00e1zquez y autoridades estatales, hicieron entrega de paquetes de \u201cProduce lo que te Comes\u201d, regi\u00f3n VII P\u00e1tzcuaro-Zirahu\u00e9n. P\u00e1tzcuaro, Mich. A 01 de diciembre del 2022.- El presidente municipal de P\u00e1tzcuaro, Julio Alberto Arreola V\u00e1zquez, realiz\u00f3 la entrega de paquetes de semillas de hortalizas, \u00e1rboles frutales y hongo zeta, a [&hellip;]<\/p>\n","protected":false},"author":1,"featured_media":10517,"comment_status":"open","ping_status":"closed","sticky":false,"template":"","format":"standard","meta":[],"categories":[1],"tags":[],"yoast_head":"<!-- This site is optimized with the Yoast SEO plugin v17.9 - https:\/\/yoast.com\/wordpress\/plugins\/seo\/ -->\n<title>Con programa \u201cProduce lo que te Comes\u201d, se contribuye a la suficiencia alimentaria para familias de la regi\u00f3n: Julio Arreola - Reflejo de Michoac\u00e1n<\/title>\n<meta name=\"robots\" content=\"index, follow, max-snippet:-1, max-image-preview:large, max-video-preview:-1\" \/>\n<link rel=\"canonical\" href=\"https:\/\/reflejodemichoacan.com\/index.php\/2022\/12\/02\/con-programa-produce-lo-que-te-comes-se-contribuye-a-la-suficiencia-alimentaria-para-familias-de-la-region-julio-arreola\/\" \/>\n<meta property=\"og:locale\" content=\"es_MX\" \/>\n<meta property=\"og:type\" content=\"article\" \/>\n<meta property=\"og:title\" content=\"Con programa \u201cProduce lo que te Comes\u201d, se contribuye a la suficiencia alimentaria para familias de la regi\u00f3n: Julio Arreola - Reflejo de Michoac\u00e1n\" \/>\n<meta property=\"og:description\" content=\"\u2022 El presidente municipal, Julio Arreola V\u00e1zquez y autoridades estatales, hicieron entrega de paquetes de \u201cProduce lo que te Comes\u201d, regi\u00f3n VII P\u00e1tzcuaro-Zirahu\u00e9n. P\u00e1tzcuaro, Mich. A 01 de diciembre del 2022.- El presidente municipal de P\u00e1tzcuaro, Julio Alberto Arreola V\u00e1zquez, realiz\u00f3 la entrega de paquetes de semillas de hortalizas, \u00e1rboles frutales y hongo zeta, a [&hellip;]\" \/>\n<meta property=\"og:url\" content=\"https:\/\/reflejodemichoacan.com\/index.php\/2022\/12\/02\/con-programa-produce-lo-que-te-comes-se-contribuye-a-la-suficiencia-alimentaria-para-familias-de-la-region-julio-arreola\/\" \/>\n<meta property=\"og:site_name\" content=\"Reflejo de Michoac\u00e1n\" \/>\n<meta property=\"article:published_time\" content=\"2022-12-02T00:43:42+00:00\" \/>\n<meta property=\"article:modified_time\" content=\"2022-12-02T00:43:45+00:00\" \/>\n<meta property=\"og:image\" content=\"https:\/\/reflejodemichoacan.com\/wp-content\/uploads\/2022\/12\/con-programa.jpg\" \/>\n\t<meta property=\"og:image:width\" content=\"1280\" \/>\n\t<meta property=\"og:image:height\" content=\"853\" \/>\n\t<meta property=\"og:image:type\" content=\"image\/jpeg\" \/>\n<meta name=\"twitter:card\" content=\"summary_large_image\" \/>\n<meta name=\"twitter:label1\" content=\"Escrito por\" \/>\n\t<meta name=\"twitter:data1\" content=\"Aurora\" \/>\n\t<meta name=\"twitter:label2\" content=\"Tiempo de lectura\" \/>\n\t<meta name=\"twitter:data2\" content=\"3 minutos\" \/>\n<script type=\"application\/ld+json\" class=\"yoast-schema-graph\">{\"@context\":\"https:\/\/schema.org\",\"@graph\":[{\"@type\":\"WebSite\",\"@id\":\"https:\/\/reflejodemichoacan.com\/#website\",\"url\":\"https:\/\/reflejodemichoacan.com\/\",\"name\":\"Reflejo de Michoac\\u00e1n\",\"description\":\"Medio de comunicaci\\u00f3n impreso y digital al servicio de la regi\\u00f3n lacustre y Michoac\\u00e1n.\",\"potentialAction\":[{\"@type\":\"SearchAction\",\"target\":{\"@type\":\"EntryPoint\",\"urlTemplate\":\"https:\/\/reflejodemichoacan.com\/?s={search_term_string}\"},\"query-input\":\"required name=search_term_string\"}],\"inLanguage\":\"es-MX\"},{\"@type\":\"ImageObject\",\"@id\":\"https:\/\/reflejodemichoacan.com\/index.php\/2022\/12\/02\/con-programa-produce-lo-que-te-comes-se-contribuye-a-la-suficiencia-alimentaria-para-familias-de-la-region-julio-arreola\/#primaryimage\",\"inLanguage\":\"es-MX\",\"url\":\"https:\/\/reflejodemichoacan.com\/wp-content\/uploads\/2022\/12\/con-programa.jpg\",\"contentUrl\":\"https:\/\/reflejodemichoacan.com\/wp-content\/uploads\/2022\/12\/con-programa.jpg\",\"width\":1280,\"height\":853},{\"@type\":\"WebPage\",\"@id\":\"https:\/\/reflejodemichoacan.com\/index.php\/2022\/12\/02\/con-programa-produce-lo-que-te-comes-se-contribuye-a-la-suficiencia-alimentaria-para-familias-de-la-region-julio-arreola\/#webpage\",\"url\":\"https:\/\/reflejodemichoacan.com\/index.php\/2022\/12\/02\/con-programa-produce-lo-que-te-comes-se-contribuye-a-la-suficiencia-alimentaria-para-familias-de-la-region-julio-arreola\/\",\"name\":\"Con programa \\u201cProduce lo que te Comes\\u201d, se contribuye a la suficiencia alimentaria para familias de la regi\\u00f3n: Julio Arreola - Reflejo de Michoac\\u00e1n\",\"isPartOf\":{\"@id\":\"https:\/\/reflejodemichoacan.com\/#website\"},\"primaryImageOfPage\":{\"@id\":\"https:\/\/reflejodemichoacan.com\/index.php\/2022\/12\/02\/con-programa-produce-lo-que-te-comes-se-contribuye-a-la-suficiencia-alimentaria-para-familias-de-la-region-julio-arreola\/#primaryimage\"},\"datePublished\":\"2022-12-02T00:43:42+00:00\",\"dateModified\":\"2022-12-02T00:43:45+00:00\",\"author\":{\"@id\":\"https:\/\/reflejodemichoacan.com\/#\/schema\/person\/72d921e8fe99bd6e2e39bcde8995046f\"},\"breadcrumb\":{\"@id\":\"https:\/\/reflejodemichoacan.com\/index.php\/2022\/12\/02\/con-programa-produce-lo-que-te-comes-se-contribuye-a-la-suficiencia-alimentaria-para-familias-de-la-region-julio-arreola\/#breadcrumb\"},\"inLanguage\":\"es-MX\",\"potentialAction\":[{\"@type\":\"ReadAction\",\"target\":[\"https:\/\/reflejodemichoacan.com\/index.php\/2022\/12\/02\/con-programa-produce-lo-que-te-comes-se-contribuye-a-la-suficiencia-alimentaria-para-familias-de-la-region-julio-arreola\/\"]}]},{\"@type\":\"BreadcrumbList\",\"@id\":\"https:\/\/reflejodemichoacan.com\/index.php\/2022\/12\/02\/con-programa-produce-lo-que-te-comes-se-contribuye-a-la-suficiencia-alimentaria-para-familias-de-la-region-julio-arreola\/#breadcrumb\",\"itemListElement\":[{\"@type\":\"ListItem\",\"position\":1,\"name\":\"Inicio\",\"item\":\"https:\/\/reflejodemichoacan.com\/\"},{\"@type\":\"ListItem\",\"position\":2,\"name\":\"Con programa \\u201cProduce lo que te Comes\\u201d, se contribuye a la suficiencia alimentaria para familias de la regi\\u00f3n: Julio Arreola\"}]},{\"@type\":\"Person\",\"@id\":\"https:\/\/reflejodemichoacan.com\/#\/schema\/person\/72d921e8fe99bd6e2e39bcde8995046f\",\"name\":\"Aurora\",\"image\":{\"@type\":\"ImageObject\",\"@id\":\"https:\/\/reflejodemichoacan.com\/#personlogo\",\"inLanguage\":\"es-MX\",\"url\":\"https:\/\/secure.gravatar.com\/avatar\/df5ceb9b998be27b25dd258a6b4b0a95?s=96&d=mm&r=g\",\"contentUrl\":\"https:\/\/secure.gravatar.com\/avatar\/df5ceb9b998be27b25dd258a6b4b0a95?s=96&d=mm&r=g\",\"caption\":\"Aurora\"},\"sameAs\":[\"http:\/\/reflejodemichoacan.com\"],\"url\":\"https:\/\/reflejodemichoacan.com\/index.php\/author\/rixwm7qvsq\/\"}]}<\/script>\n<!-- \/ Yoast SEO plugin. -->","yoast_head_json":{"title":"Con programa \u201cProduce lo que te Comes\u201d, se contribuye a la suficiencia alimentaria para familias de la regi\u00f3n: Julio Arreola - Reflejo de Michoac\u00e1n","robots":{"index":"index","follow":"follow","max-snippet":"max-snippet:-1","max-image-preview":"max-image-preview:large","max-video-preview":"max-video-preview:-1"},"canonical":"https:\/\/reflejodemichoacan.com\/index.php\/2022\/12\/02\/con-programa-produce-lo-que-te-comes-se-contribuye-a-la-suficiencia-alimentaria-para-familias-de-la-region-julio-arreola\/","og_locale":"es_MX","og_type":"article","og_title":"Con programa \u201cProduce lo que te Comes\u201d, se contribuye a la suficiencia alimentaria para familias de la regi\u00f3n: Julio Arreola - Reflejo de Michoac\u00e1n","og_description":"\u2022 El presidente municipal, Julio Arreola V\u00e1zquez y autoridades estatales, hicieron entrega de paquetes de \u201cProduce lo que te Comes\u201d, regi\u00f3n VII P\u00e1tzcuaro-Zirahu\u00e9n. P\u00e1tzcuaro, Mich. A 01 de diciembre del 2022.- El presidente municipal de P\u00e1tzcuaro, Julio Alberto Arreola V\u00e1zquez, realiz\u00f3 la entrega de paquetes de semillas de hortalizas, \u00e1rboles frutales y hongo zeta, a [&hellip;]","og_url":"https:\/\/reflejodemichoacan.com\/index.php\/2022\/12\/02\/con-programa-produce-lo-que-te-comes-se-contribuye-a-la-suficiencia-alimentaria-para-familias-de-la-region-julio-arreola\/","og_site_name":"Reflejo de Michoac\u00e1n","article_published_time":"2022-12-02T00:43:42+00:00","article_modified_time":"2022-12-02T00:43:45+00:00","og_image":[{"width":1280,"height":853,"url":"https:\/\/reflejodemichoacan.com\/wp-content\/uploads\/2022\/12\/con-programa.jpg","type":"image\/jpeg"}],"twitter_card":"summary_large_image","twitter_misc":{"Escrito por":"Aurora","Tiempo de lectura":"3 minutos"},"schema":{"@context":"https:\/\/schema.org","@graph":[{"@type":"WebSite","@id":"https:\/\/reflejodemichoacan.com\/#website","url":"https:\/\/reflejodemichoacan.com\/","name":"Reflejo de Michoac\u00e1n","description":"Medio de comunicaci\u00f3n impreso y digital al servicio de la regi\u00f3n lacustre y Michoac\u00e1n.","potentialAction":[{"@type":"SearchAction","target":{"@type":"EntryPoint","urlTemplate":"https:\/\/reflejodemichoacan.com\/?s={search_term_string}"},"query-input":"required name=search_term_string"}],"inLanguage":"es-MX"},{"@type":"ImageObject","@id":"https:\/\/reflejodemichoacan.com\/index.php\/2022\/12\/02\/con-programa-produce-lo-que-te-comes-se-contribuye-a-la-suficiencia-alimentaria-para-familias-de-la-region-julio-arreola\/#primaryimage","inLanguage":"es-MX","url":"https:\/\/reflejodemichoacan.com\/wp-content\/uploads\/2022\/12\/con-programa.jpg","contentUrl":"https:\/\/reflejodemichoacan.com\/wp-content\/uploads\/2022\/12\/con-programa.jpg","width":1280,"height":853},{"@type":"WebPage","@id":"https:\/\/reflejodemichoacan.com\/index.php\/2022\/12\/02\/con-programa-produce-lo-que-te-comes-se-contribuye-a-la-suficiencia-alimentaria-para-familias-de-la-region-julio-arreola\/#webpage","url":"https:\/\/reflejodemichoacan.com\/index.php\/2022\/12\/02\/con-programa-produce-lo-que-te-comes-se-contribuye-a-la-suficiencia-alimentaria-para-familias-de-la-region-julio-arreola\/","name":"Con programa \u201cProduce lo que te Comes\u201d, se contribuye a la suficiencia alimentaria para familias de la regi\u00f3n: Julio Arreola - Reflejo de Michoac\u00e1n","isPartOf":{"@id":"https:\/\/reflejodemichoacan.com\/#website"},"primaryImageOfPage":{"@id":"https:\/\/reflejodemichoacan.com\/index.php\/2022\/12\/02\/con-programa-produce-lo-que-te-comes-se-contribuye-a-la-suficiencia-alimentaria-para-familias-de-la-region-julio-arreola\/#primaryimage"},"datePublished":"2022-12-02T00:43:42+00:00","dateModified":"2022-12-02T00:43:45+00:00","author":{"@id":"https:\/\/reflejodemichoacan.com\/#\/schema\/person\/72d921e8fe99bd6e2e39bcde8995046f"},"breadcrumb":{"@id":"https:\/\/reflejodemichoacan.com\/index.php\/2022\/12\/02\/con-programa-produce-lo-que-te-comes-se-contribuye-a-la-suficiencia-alimentaria-para-familias-de-la-region-julio-arreola\/#breadcrumb"},"inLanguage":"es-MX","potentialAction":[{"@type":"ReadAction","target":["https:\/\/reflejodemichoacan.com\/index.php\/2022\/12\/02\/con-programa-produce-lo-que-te-comes-se-contribuye-a-la-suficiencia-alimentaria-para-familias-de-la-region-julio-arreola\/"]}]},{"@type":"BreadcrumbList","@id":"https:\/\/reflejodemichoacan.com\/index.php\/2022\/12\/02\/con-programa-produce-lo-que-te-comes-se-contribuye-a-la-suficiencia-alimentaria-para-familias-de-la-region-julio-arreola\/#breadcrumb","itemListElement":[{"@type":"ListItem","position":1,"name":"Inicio","item":"https:\/\/reflejodemichoacan.com\/"},{"@type":"ListItem","position":2,"name":"Con programa \u201cProduce lo que te Comes\u201d, se contribuye a la suficiencia alimentaria para familias de la regi\u00f3n: Julio Arreola"}]},{"@type":"Person","@id":"https:\/\/reflejodemichoacan.com\/#\/schema\/person\/72d921e8fe99bd6e2e39bcde8995046f","name":"Aurora","image":{"@type":"ImageObject","@id":"https:\/\/reflejodemichoacan.com\/#personlogo","inLanguage":"es-MX","url":"https:\/\/secure.gravatar.com\/avatar\/df5ceb9b998be27b25dd258a6b4b0a95?s=96&d=mm&r=g","contentUrl":"https:\/\/secure.gravatar.com\/avatar\/df5ceb9b998be27b25dd258a6b4b0a95?s=96&d=mm&r=g","caption":"Aurora"},"sameAs":["http:\/\/reflejodemichoacan.com"],"url":"https:\/\/reflejodemichoacan.com\/index.php\/author\/rixwm7qvsq\/"}]}},"_links":{"self":[{"href":"https:\/\/reflejodemichoacan.com\/index.php\/wp-json\/wp\/v2\/posts\/10516"}],"collection":[{"href":"https:\/\/reflejodemichoacan.com\/index.php\/wp-json\/wp\/v2\/posts"}],"about":[{"href":"https:\/\/reflejodemichoacan.com\/index.php\/wp-json\/wp\/v2\/types\/post"}],"author":[{"embeddable":true,"href":"https:\/\/reflejodemichoacan.com\/index.php\/wp-json\/wp\/v2\/users\/1"}],"replies":[{"embeddable":true,"href":"https:\/\/reflejodemichoacan.com\/index.php\/wp-json\/wp\/v2\/comments?post=10516"}],"version-history":[{"count":1,"href":"https:\/\/reflejodemichoacan.com\/index.php\/wp-json\/wp\/v2\/posts\/10516\/revisions"}],"predecessor-version":[{"id":10518,"href":"https:\/\/reflejodemichoacan.com\/index.php\/wp-json\/wp\/v2\/posts\/10516\/revisions\/10518"}],"wp:featuredmedia":[{"embeddable":true,"href":"https:\/\/reflejodemichoacan.com\/index.php\/wp-json\/wp\/v2\/media\/10517"}],"wp:attachment":[{"href":"https:\/\/reflejodemichoacan.com\/index.php\/wp-json\/wp\/v2\/media?parent=10516"}],"wp:term":[{"taxonomy":"category","embeddable":true,"href":"https:\/\/reflejodemichoacan.com\/index.php\/wp-json\/wp\/v2\/categories?post=10516"},{"taxonomy":"post_tag","embeddable":true,"href":"https:\/\/reflejodemichoacan.com\/index.php\/wp-json\/wp\/v2\/tags?post=10516"}],"curies":[{"name":"wp","href":"https:\/\/api.w.org\/{rel}","templated":true}]}}