{"id":10519,"date":"2022-12-02T00:47:38","date_gmt":"2022-12-02T00:47:38","guid":{"rendered":"https:\/\/reflejodemichoacan.com\/?p=10519"},"modified":"2022-12-02T00:47:40","modified_gmt":"2022-12-02T00:47:40","slug":"promueven-en-salvador-escalante-lucha-contra-el-cancer-de-mama-se-realizaran-mastografias-gratuitas","status":"publish","type":"post","link":"https:\/\/reflejodemichoacan.com\/index.php\/2022\/12\/02\/promueven-en-salvador-escalante-lucha-contra-el-cancer-de-mama-se-realizaran-mastografias-gratuitas\/","title":{"rendered":"Promueven en Salvador Escalante lucha contra el c\u00e1ncer de mama; se realizar\u00e1n mastograf\u00edas gratuitas."},"content":{"rendered":"\n<p>*El mast\u00f3grafo m\u00f3vil estar\u00e1 el pr\u00f3ximo s\u00e1bado 04 de diciembre en Santa Clara del Cobre.<\/p>\n\n\n\n<p>Araceli Saucedo Reyes, presidenta municipal de Salvador&nbsp; Escalante, preocupada por la salud de las mujeres del municipio, logr\u00f3 gestionar ante la secretar\u00eda de salud del Estado que el mast\u00f3grafo m\u00f3vil, visite este municipio el pr\u00f3ximo s\u00e1bado 03 de diciembre para realizar mastograf\u00edas gratuitas a mujeres de 40 a 69 a\u00f1os de edad.<\/p>\n\n\n\n<p>El mast\u00f3grafo m\u00f3vil estar\u00e1 ubicado frente a la presidencia municipal de Santa Clara del Cobre, en un horario de 8:00 a 20:00<\/p>\n\n\n\n<p>Los requisitos para realizarse la mastograf\u00eda gratuita son:&nbsp;<\/p>\n\n\n\n<p>Identificaci\u00f3n oficial (INE).<\/p>\n\n\n\n<p>N\u00famero de tel\u00e9fono.<\/p>\n\n\n\n<p>Asistir aseadas, sin vello en la axila y sin desodorante.<\/p>\n\n\n\n<p>Cabe mencionar que Saucedo Reyes,&nbsp; busca&nbsp; reducir las muertes de mujeres por este mal, por ello es que hace la invitaci\u00f3n para que realicen su estudio.<\/p>\n\n\n\n<p>El c\u00e1ncer de mama es un enemigo que produce cada a\u00f1o muchas muertes a nivel mundial, pero si se detecta a tiempo es curable y se puede salvar la vida por ello es necesario realizarse su mastograf\u00edas con la periodicidad que el m\u00e9dico indiqu\u00e9.<\/p>\n","protected":false},"excerpt":{"rendered":"<p>*El mast\u00f3grafo m\u00f3vil estar\u00e1 el pr\u00f3ximo s\u00e1bado 04 de diciembre en Santa Clara del Cobre. Araceli Saucedo Reyes, presidenta municipal de Salvador&nbsp; Escalante, preocupada por la salud de las mujeres del municipio, logr\u00f3 gestionar ante la secretar\u00eda de salud del Estado que el mast\u00f3grafo m\u00f3vil, visite este municipio el pr\u00f3ximo s\u00e1bado 03 de diciembre para [&hellip;]<\/p>\n","protected":false},"author":1,"featured_media":10520,"comment_status":"open","ping_status":"closed","sticky":false,"template":"","format":"standard","meta":[],"categories":[1],"tags":[],"yoast_head":"<!-- This site is optimized with the Yoast SEO plugin v17.9 - https:\/\/yoast.com\/wordpress\/plugins\/seo\/ -->\n<title>Promueven en Salvador Escalante lucha contra el c\u00e1ncer de mama; se realizar\u00e1n mastograf\u00edas gratuitas. - Reflejo de Michoac\u00e1n<\/title>\n<meta name=\"robots\" content=\"index, follow, max-snippet:-1, max-image-preview:large, max-video-preview:-1\" \/>\n<link rel=\"canonical\" href=\"https:\/\/reflejodemichoacan.com\/index.php\/2022\/12\/02\/promueven-en-salvador-escalante-lucha-contra-el-cancer-de-mama-se-realizaran-mastografias-gratuitas\/\" \/>\n<meta property=\"og:locale\" content=\"es_MX\" \/>\n<meta property=\"og:type\" content=\"article\" \/>\n<meta property=\"og:title\" content=\"Promueven en Salvador Escalante lucha contra el c\u00e1ncer de mama; se realizar\u00e1n mastograf\u00edas gratuitas. - Reflejo de Michoac\u00e1n\" \/>\n<meta property=\"og:description\" content=\"*El mast\u00f3grafo m\u00f3vil estar\u00e1 el pr\u00f3ximo s\u00e1bado 04 de diciembre en Santa Clara del Cobre. Araceli Saucedo Reyes, presidenta municipal de Salvador&nbsp; Escalante, preocupada por la salud de las mujeres del municipio, logr\u00f3 gestionar ante la secretar\u00eda de salud del Estado que el mast\u00f3grafo m\u00f3vil, visite este municipio el pr\u00f3ximo s\u00e1bado 03 de diciembre para [&hellip;]\" \/>\n<meta property=\"og:url\" content=\"https:\/\/reflejodemichoacan.com\/index.php\/2022\/12\/02\/promueven-en-salvador-escalante-lucha-contra-el-cancer-de-mama-se-realizaran-mastografias-gratuitas\/\" \/>\n<meta property=\"og:site_name\" content=\"Reflejo de Michoac\u00e1n\" \/>\n<meta property=\"article:published_time\" content=\"2022-12-02T00:47:38+00:00\" \/>\n<meta property=\"article:modified_time\" content=\"2022-12-02T00:47:40+00:00\" \/>\n<meta property=\"og:image\" content=\"https:\/\/reflejodemichoacan.com\/wp-content\/uploads\/2022\/12\/mastografia.jpg\" \/>\n\t<meta property=\"og:image:width\" content=\"960\" \/>\n\t<meta property=\"og:image:height\" content=\"639\" \/>\n\t<meta property=\"og:image:type\" content=\"image\/jpeg\" \/>\n<meta name=\"twitter:card\" content=\"summary_large_image\" \/>\n<meta name=\"twitter:label1\" content=\"Escrito por\" \/>\n\t<meta name=\"twitter:data1\" content=\"Aurora\" \/>\n\t<meta name=\"twitter:label2\" content=\"Tiempo de lectura\" \/>\n\t<meta name=\"twitter:data2\" content=\"1 minuto\" \/>\n<script type=\"application\/ld+json\" class=\"yoast-schema-graph\">{\"@context\":\"https:\/\/schema.org\",\"@graph\":[{\"@type\":\"WebSite\",\"@id\":\"https:\/\/reflejodemichoacan.com\/#website\",\"url\":\"https:\/\/reflejodemichoacan.com\/\",\"name\":\"Reflejo de Michoac\\u00e1n\",\"description\":\"Medio de comunicaci\\u00f3n impreso y digital al servicio de la regi\\u00f3n lacustre y Michoac\\u00e1n.\",\"potentialAction\":[{\"@type\":\"SearchAction\",\"target\":{\"@type\":\"EntryPoint\",\"urlTemplate\":\"https:\/\/reflejodemichoacan.com\/?s={search_term_string}\"},\"query-input\":\"required name=search_term_string\"}],\"inLanguage\":\"es-MX\"},{\"@type\":\"ImageObject\",\"@id\":\"https:\/\/reflejodemichoacan.com\/index.php\/2022\/12\/02\/promueven-en-salvador-escalante-lucha-contra-el-cancer-de-mama-se-realizaran-mastografias-gratuitas\/#primaryimage\",\"inLanguage\":\"es-MX\",\"url\":\"https:\/\/reflejodemichoacan.com\/wp-content\/uploads\/2022\/12\/mastografia.jpg\",\"contentUrl\":\"https:\/\/reflejodemichoacan.com\/wp-content\/uploads\/2022\/12\/mastografia.jpg\",\"width\":960,\"height\":639},{\"@type\":\"WebPage\",\"@id\":\"https:\/\/reflejodemichoacan.com\/index.php\/2022\/12\/02\/promueven-en-salvador-escalante-lucha-contra-el-cancer-de-mama-se-realizaran-mastografias-gratuitas\/#webpage\",\"url\":\"https:\/\/reflejodemichoacan.com\/index.php\/2022\/12\/02\/promueven-en-salvador-escalante-lucha-contra-el-cancer-de-mama-se-realizaran-mastografias-gratuitas\/\",\"name\":\"Promueven en Salvador Escalante lucha contra el c\\u00e1ncer de mama; se realizar\\u00e1n mastograf\\u00edas gratuitas. - Reflejo de Michoac\\u00e1n\",\"isPartOf\":{\"@id\":\"https:\/\/reflejodemichoacan.com\/#website\"},\"primaryImageOfPage\":{\"@id\":\"https:\/\/reflejodemichoacan.com\/index.php\/2022\/12\/02\/promueven-en-salvador-escalante-lucha-contra-el-cancer-de-mama-se-realizaran-mastografias-gratuitas\/#primaryimage\"},\"datePublished\":\"2022-12-02T00:47:38+00:00\",\"dateModified\":\"2022-12-02T00:47:40+00:00\",\"author\":{\"@id\":\"https:\/\/reflejodemichoacan.com\/#\/schema\/person\/72d921e8fe99bd6e2e39bcde8995046f\"},\"breadcrumb\":{\"@id\":\"https:\/\/reflejodemichoacan.com\/index.php\/2022\/12\/02\/promueven-en-salvador-escalante-lucha-contra-el-cancer-de-mama-se-realizaran-mastografias-gratuitas\/#breadcrumb\"},\"inLanguage\":\"es-MX\",\"potentialAction\":[{\"@type\":\"ReadAction\",\"target\":[\"https:\/\/reflejodemichoacan.com\/index.php\/2022\/12\/02\/promueven-en-salvador-escalante-lucha-contra-el-cancer-de-mama-se-realizaran-mastografias-gratuitas\/\"]}]},{\"@type\":\"BreadcrumbList\",\"@id\":\"https:\/\/reflejodemichoacan.com\/index.php\/2022\/12\/02\/promueven-en-salvador-escalante-lucha-contra-el-cancer-de-mama-se-realizaran-mastografias-gratuitas\/#breadcrumb\",\"itemListElement\":[{\"@type\":\"ListItem\",\"position\":1,\"name\":\"Inicio\",\"item\":\"https:\/\/reflejodemichoacan.com\/\"},{\"@type\":\"ListItem\",\"position\":2,\"name\":\"Promueven en Salvador Escalante lucha contra el c\\u00e1ncer de mama; se realizar\\u00e1n mastograf\\u00edas gratuitas.\"}]},{\"@type\":\"Person\",\"@id\":\"https:\/\/reflejodemichoacan.com\/#\/schema\/person\/72d921e8fe99bd6e2e39bcde8995046f\",\"name\":\"Aurora\",\"image\":{\"@type\":\"ImageObject\",\"@id\":\"https:\/\/reflejodemichoacan.com\/#personlogo\",\"inLanguage\":\"es-MX\",\"url\":\"https:\/\/secure.gravatar.com\/avatar\/df5ceb9b998be27b25dd258a6b4b0a95?s=96&d=mm&r=g\",\"contentUrl\":\"https:\/\/secure.gravatar.com\/avatar\/df5ceb9b998be27b25dd258a6b4b0a95?s=96&d=mm&r=g\",\"caption\":\"Aurora\"},\"sameAs\":[\"http:\/\/reflejodemichoacan.com\"],\"url\":\"https:\/\/reflejodemichoacan.com\/index.php\/author\/rixwm7qvsq\/\"}]}<\/script>\n<!-- \/ Yoast SEO plugin. -->","yoast_head_json":{"title":"Promueven en Salvador Escalante lucha contra el c\u00e1ncer de mama; se realizar\u00e1n mastograf\u00edas gratuitas. - Reflejo de Michoac\u00e1n","robots":{"index":"index","follow":"follow","max-snippet":"max-snippet:-1","max-image-preview":"max-image-preview:large","max-video-preview":"max-video-preview:-1"},"canonical":"https:\/\/reflejodemichoacan.com\/index.php\/2022\/12\/02\/promueven-en-salvador-escalante-lucha-contra-el-cancer-de-mama-se-realizaran-mastografias-gratuitas\/","og_locale":"es_MX","og_type":"article","og_title":"Promueven en Salvador Escalante lucha contra el c\u00e1ncer de mama; se realizar\u00e1n mastograf\u00edas gratuitas. - Reflejo de Michoac\u00e1n","og_description":"*El mast\u00f3grafo m\u00f3vil estar\u00e1 el pr\u00f3ximo s\u00e1bado 04 de diciembre en Santa Clara del Cobre. Araceli Saucedo Reyes, presidenta municipal de Salvador&nbsp; Escalante, preocupada por la salud de las mujeres del municipio, logr\u00f3 gestionar ante la secretar\u00eda de salud del Estado que el mast\u00f3grafo m\u00f3vil, visite este municipio el pr\u00f3ximo s\u00e1bado 03 de diciembre para [&hellip;]","og_url":"https:\/\/reflejodemichoacan.com\/index.php\/2022\/12\/02\/promueven-en-salvador-escalante-lucha-contra-el-cancer-de-mama-se-realizaran-mastografias-gratuitas\/","og_site_name":"Reflejo de Michoac\u00e1n","article_published_time":"2022-12-02T00:47:38+00:00","article_modified_time":"2022-12-02T00:47:40+00:00","og_image":[{"width":960,"height":639,"url":"https:\/\/reflejodemichoacan.com\/wp-content\/uploads\/2022\/12\/mastografia.jpg","type":"image\/jpeg"}],"twitter_card":"summary_large_image","twitter_misc":{"Escrito por":"Aurora","Tiempo de lectura":"1 minuto"},"schema":{"@context":"https:\/\/schema.org","@graph":[{"@type":"WebSite","@id":"https:\/\/reflejodemichoacan.com\/#website","url":"https:\/\/reflejodemichoacan.com\/","name":"Reflejo de Michoac\u00e1n","description":"Medio de comunicaci\u00f3n impreso y digital al servicio de la regi\u00f3n lacustre y Michoac\u00e1n.","potentialAction":[{"@type":"SearchAction","target":{"@type":"EntryPoint","urlTemplate":"https:\/\/reflejodemichoacan.com\/?s={search_term_string}"},"query-input":"required name=search_term_string"}],"inLanguage":"es-MX"},{"@type":"ImageObject","@id":"https:\/\/reflejodemichoacan.com\/index.php\/2022\/12\/02\/promueven-en-salvador-escalante-lucha-contra-el-cancer-de-mama-se-realizaran-mastografias-gratuitas\/#primaryimage","inLanguage":"es-MX","url":"https:\/\/reflejodemichoacan.com\/wp-content\/uploads\/2022\/12\/mastografia.jpg","contentUrl":"https:\/\/reflejodemichoacan.com\/wp-content\/uploads\/2022\/12\/mastografia.jpg","width":960,"height":639},{"@type":"WebPage","@id":"https:\/\/reflejodemichoacan.com\/index.php\/2022\/12\/02\/promueven-en-salvador-escalante-lucha-contra-el-cancer-de-mama-se-realizaran-mastografias-gratuitas\/#webpage","url":"https:\/\/reflejodemichoacan.com\/index.php\/2022\/12\/02\/promueven-en-salvador-escalante-lucha-contra-el-cancer-de-mama-se-realizaran-mastografias-gratuitas\/","name":"Promueven en Salvador Escalante lucha contra el c\u00e1ncer de mama; se realizar\u00e1n mastograf\u00edas gratuitas. - Reflejo de Michoac\u00e1n","isPartOf":{"@id":"https:\/\/reflejodemichoacan.com\/#website"},"primaryImageOfPage":{"@id":"https:\/\/reflejodemichoacan.com\/index.php\/2022\/12\/02\/promueven-en-salvador-escalante-lucha-contra-el-cancer-de-mama-se-realizaran-mastografias-gratuitas\/#primaryimage"},"datePublished":"2022-12-02T00:47:38+00:00","dateModified":"2022-12-02T00:47:40+00:00","author":{"@id":"https:\/\/reflejodemichoacan.com\/#\/schema\/person\/72d921e8fe99bd6e2e39bcde8995046f"},"breadcrumb":{"@id":"https:\/\/reflejodemichoacan.com\/index.php\/2022\/12\/02\/promueven-en-salvador-escalante-lucha-contra-el-cancer-de-mama-se-realizaran-mastografias-gratuitas\/#breadcrumb"},"inLanguage":"es-MX","potentialAction":[{"@type":"ReadAction","target":["https:\/\/reflejodemichoacan.com\/index.php\/2022\/12\/02\/promueven-en-salvador-escalante-lucha-contra-el-cancer-de-mama-se-realizaran-mastografias-gratuitas\/"]}]},{"@type":"BreadcrumbList","@id":"https:\/\/reflejodemichoacan.com\/index.php\/2022\/12\/02\/promueven-en-salvador-escalante-lucha-contra-el-cancer-de-mama-se-realizaran-mastografias-gratuitas\/#breadcrumb","itemListElement":[{"@type":"ListItem","position":1,"name":"Inicio","item":"https:\/\/reflejodemichoacan.com\/"},{"@type":"ListItem","position":2,"name":"Promueven en Salvador Escalante lucha contra el c\u00e1ncer de mama; se realizar\u00e1n mastograf\u00edas gratuitas."}]},{"@type":"Person","@id":"https:\/\/reflejodemichoacan.com\/#\/schema\/person\/72d921e8fe99bd6e2e39bcde8995046f","name":"Aurora","image":{"@type":"ImageObject","@id":"https:\/\/reflejodemichoacan.com\/#personlogo","inLanguage":"es-MX","url":"https:\/\/secure.gravatar.com\/avatar\/df5ceb9b998be27b25dd258a6b4b0a95?s=96&d=mm&r=g","contentUrl":"https:\/\/secure.gravatar.com\/avatar\/df5ceb9b998be27b25dd258a6b4b0a95?s=96&d=mm&r=g","caption":"Aurora"},"sameAs":["http:\/\/reflejodemichoacan.com"],"url":"https:\/\/reflejodemichoacan.com\/index.php\/author\/rixwm7qvsq\/"}]}},"_links":{"self":[{"href":"https:\/\/reflejodemichoacan.com\/index.php\/wp-json\/wp\/v2\/posts\/10519"}],"collection":[{"href":"https:\/\/reflejodemichoacan.com\/index.php\/wp-json\/wp\/v2\/posts"}],"about":[{"href":"https:\/\/reflejodemichoacan.com\/index.php\/wp-json\/wp\/v2\/types\/post"}],"author":[{"embeddable":true,"href":"https:\/\/reflejodemichoacan.com\/index.php\/wp-json\/wp\/v2\/users\/1"}],"replies":[{"embeddable":true,"href":"https:\/\/reflejodemichoacan.com\/index.php\/wp-json\/wp\/v2\/comments?post=10519"}],"version-history":[{"count":1,"href":"https:\/\/reflejodemichoacan.com\/index.php\/wp-json\/wp\/v2\/posts\/10519\/revisions"}],"predecessor-version":[{"id":10521,"href":"https:\/\/reflejodemichoacan.com\/index.php\/wp-json\/wp\/v2\/posts\/10519\/revisions\/10521"}],"wp:featuredmedia":[{"embeddable":true,"href":"https:\/\/reflejodemichoacan.com\/index.php\/wp-json\/wp\/v2\/media\/10520"}],"wp:attachment":[{"href":"https:\/\/reflejodemichoacan.com\/index.php\/wp-json\/wp\/v2\/media?parent=10519"}],"wp:term":[{"taxonomy":"category","embeddable":true,"href":"https:\/\/reflejodemichoacan.com\/index.php\/wp-json\/wp\/v2\/categories?post=10519"},{"taxonomy":"post_tag","embeddable":true,"href":"https:\/\/reflejodemichoacan.com\/index.php\/wp-json\/wp\/v2\/tags?post=10519"}],"curies":[{"name":"wp","href":"https:\/\/api.w.org\/{rel}","templated":true}]}}