{"id":10522,"date":"2022-12-02T00:52:00","date_gmt":"2022-12-02T00:52:00","guid":{"rendered":"https:\/\/reflejodemichoacan.com\/?p=10522"},"modified":"2022-12-02T00:52:02","modified_gmt":"2022-12-02T00:52:02","slug":"el-obrador-que-conocemos","status":"publish","type":"post","link":"https:\/\/reflejodemichoacan.com\/index.php\/2022\/12\/02\/el-obrador-que-conocemos\/","title":{"rendered":"EL OBRADOR QUE CONOCEMOS"},"content":{"rendered":"\n<p>Fidel Rodr\u00edguez Ramos<\/p>\n\n\n\n<p>&nbsp;&nbsp;&nbsp; En el deseo de buscar a una persona que creemos puede resolver los muchos problemas de M\u00e9xico, nos fijamos en quienes muestran una disposici\u00f3n para ponerse al frente de sentidas demandas populares, y as\u00ed lo hicimos con Andr\u00e9s Manuel L\u00f3pez Obrador, nacido en 1953, quien perteneciera a las filas del Partido Revolucionario Institucional (PRI), delegado estatal en Tabasco, su tierra natal, del Instituto Nacional Indigenista (INI).<\/p>\n\n\n\n<p>&nbsp; Su figura nos llama la atenci\u00f3n, cuando observamos im\u00e1genes que lo muestran con sangre en su camisa, debido a la agresi\u00f3n que sufriera cuando con campesinos bloqueaba las instalaciones de Pemex, exigiendo un alto a la contaminaci\u00f3n, destrucci\u00f3n de tierras por las actividades de la empresa petrolera.<\/p>\n\n\n\n<p>&nbsp;&nbsp; Y en 1994 es candidato por el PRD para competir por la gubernatura de la mencionada entidad, compitiendo contra Roberto Madrazo Pintado del PRI, con las acciones tradicionales, \u00e9ste \u00faltimo es declarado vencedor de las acostumbradas, ama\u00f1adas elecciones realizadas con m\u00faltiples trampas. Obrador no se queda cruzado de brazos frente a la maquinaria priista, y emprende una marcha desde Tabasco hasta el Distrito Federal donde llega al Z\u00f3calo, ah\u00ed una persona desconocida le entrega decenas de cajas que conten\u00edan miles de notas que atestiguaban el reparto de dinero para un mar de peticiones, como la celebraci\u00f3n de alguna fiesta para una quincea\u00f1era, entrega de bicicletas y un largo etc\u00e9tera.<\/p>\n\n\n\n<p>&nbsp;&nbsp; Pese a ello Madrazo Pintado es declarado triunfador. La revancha la toma Obrador, logrando ser en el 2000 la m\u00e1xima autoridad en el Distrito Federal, cuando Vicente Fox Quezada es Presidente de la naci\u00f3n, las dificultades que se dan entre los dos personajes son naturales, debido a los intereses que procuran en sus mandatos, Fox abiertamente declara: \u201cmi gobierno es de empresarios y para empresarios\u201d. Fox observa con preocupaci\u00f3n la aspiraci\u00f3n de Andr\u00e9s Manuel L\u00f3pez para disputar la presidencia en el 2006, que trata de impedir llevando a la c\u00e1rcel a Obrador, debido a la realizaci\u00f3n de una obra, un camino desatendiendo supuestamente a la normatividad legal, ello produce un descontento nacional, Fox desiste y se realizan una re\u00f1idas elecciones entre Felipe Calder\u00f3n Hinojosa (PAN) y Obrador (PRD).<\/p>\n\n\n\n<p>&nbsp;&nbsp; Los resultados tardan en anunciarse debido a m\u00faltiples irregularidades que se registran, el Instituto Federal Electoral (IFE), dirigido por Luis Carlos Ugalde se las ve dif\u00edcil para resolver una disputa que envuelve a todos los mexicanos, muchos intu\u00edan, present\u00edan que el verdadero triunfador era Obrador. Se llega al grado de exigir recontar todos los votos, para tener la certeza del real ganador, el IFE se resiste, &nbsp;despu\u00e9s da su consentimiento para abrir ante notario, algunas cajas, donde el reconteo muestra tendencia favorable al perredista tabasque\u00f1o. Se hace saber a las autoridades electorales los resultados y \u00e9sta contesta: \u201cello no procede porque los t\u00e9rminos del reclamo legal ha terminado, el triunfador es el michoacano Felipe Calder\u00f3n Hinojosa\u201d. Para impedir reclamos populares el Distrito Federal se convierte en un verdadero bunker, fortaleza, el Congreso de la Uni\u00f3n es cubierto con largos planchones de metal.<\/p>\n\n\n\n<p>\u00a0\u00a0 Una multitud llega al Z\u00f3calo y espera indicaciones de Obrador, \u00e9sta grita repetidas veces \u00a1Palacio! \u00a1Palacio!, amenaza con tomarlo, pero Obrador les convence de no hacerlo. El Congreso de la Uni\u00f3n es bloqueado por miles de obradoristas para impedir que Calder\u00f3n llegue al recinto donde\u00a0 Fox pondr\u00eda la franja presidencial a su sucesor. Ante la sorpresa de todos, Calder\u00f3n como por arte de magia aparece en la Tribuna de los legisladores, sonriente y en segundos se hace la formal sucesi\u00f3n. Despu\u00e9s para no dejar huella de nada, se decide quemar todos los millones de votos para que nunca se supiera la verdadera realidad de nuestro actuar c\u00edvico, democr\u00e1tico, en pl\u00e1tica con una maestra veracruzana me coment\u00f3 que convenci\u00f3 a muchos votar por Calder\u00f3n a cambio de recibir un refrigerador. <\/p>\n","protected":false},"excerpt":{"rendered":"<p>Fidel Rodr\u00edguez Ramos &nbsp;&nbsp;&nbsp; En el deseo de buscar a una persona que creemos puede resolver los muchos problemas de M\u00e9xico, nos fijamos en quienes muestran una disposici\u00f3n para ponerse al frente de sentidas demandas populares, y as\u00ed lo hicimos con Andr\u00e9s Manuel L\u00f3pez Obrador, nacido en 1953, quien perteneciera a las filas del Partido [&hellip;]<\/p>\n","protected":false},"author":1,"featured_media":10523,"comment_status":"open","ping_status":"closed","sticky":false,"template":"","format":"standard","meta":[],"categories":[1],"tags":[],"yoast_head":"<!-- This site is optimized with the Yoast SEO plugin v17.9 - https:\/\/yoast.com\/wordpress\/plugins\/seo\/ -->\n<title>EL OBRADOR QUE CONOCEMOS - Reflejo de Michoac\u00e1n<\/title>\n<meta name=\"robots\" content=\"index, follow, max-snippet:-1, max-image-preview:large, max-video-preview:-1\" \/>\n<link rel=\"canonical\" href=\"https:\/\/reflejodemichoacan.com\/index.php\/2022\/12\/02\/el-obrador-que-conocemos\/\" \/>\n<meta property=\"og:locale\" content=\"es_MX\" \/>\n<meta property=\"og:type\" content=\"article\" \/>\n<meta property=\"og:title\" content=\"EL OBRADOR QUE CONOCEMOS - Reflejo de Michoac\u00e1n\" \/>\n<meta property=\"og:description\" content=\"Fidel Rodr\u00edguez Ramos &nbsp;&nbsp;&nbsp; En el deseo de buscar a una persona que creemos puede resolver los muchos problemas de M\u00e9xico, nos fijamos en quienes muestran una disposici\u00f3n para ponerse al frente de sentidas demandas populares, y as\u00ed lo hicimos con Andr\u00e9s Manuel L\u00f3pez Obrador, nacido en 1953, quien perteneciera a las filas del Partido [&hellip;]\" \/>\n<meta property=\"og:url\" content=\"https:\/\/reflejodemichoacan.com\/index.php\/2022\/12\/02\/el-obrador-que-conocemos\/\" \/>\n<meta property=\"og:site_name\" content=\"Reflejo de Michoac\u00e1n\" \/>\n<meta property=\"article:published_time\" content=\"2022-12-02T00:52:00+00:00\" \/>\n<meta property=\"article:modified_time\" content=\"2022-12-02T00:52:02+00:00\" \/>\n<meta name=\"twitter:card\" content=\"summary_large_image\" \/>\n<meta name=\"twitter:image\" content=\"https:\/\/reflejodemichoacan.com\/wp-content\/uploads\/2022\/12\/amlo-2.webp\" \/>\n<meta name=\"twitter:label1\" content=\"Escrito por\" \/>\n\t<meta name=\"twitter:data1\" content=\"Aurora\" \/>\n\t<meta name=\"twitter:label2\" content=\"Tiempo de lectura\" \/>\n\t<meta name=\"twitter:data2\" content=\"3 minutos\" \/>\n<script type=\"application\/ld+json\" class=\"yoast-schema-graph\">{\"@context\":\"https:\/\/schema.org\",\"@graph\":[{\"@type\":\"WebSite\",\"@id\":\"https:\/\/reflejodemichoacan.com\/#website\",\"url\":\"https:\/\/reflejodemichoacan.com\/\",\"name\":\"Reflejo de Michoac\\u00e1n\",\"description\":\"Medio de comunicaci\\u00f3n impreso y digital al servicio de la regi\\u00f3n lacustre y Michoac\\u00e1n.\",\"potentialAction\":[{\"@type\":\"SearchAction\",\"target\":{\"@type\":\"EntryPoint\",\"urlTemplate\":\"https:\/\/reflejodemichoacan.com\/?s={search_term_string}\"},\"query-input\":\"required name=search_term_string\"}],\"inLanguage\":\"es-MX\"},{\"@type\":\"ImageObject\",\"@id\":\"https:\/\/reflejodemichoacan.com\/index.php\/2022\/12\/02\/el-obrador-que-conocemos\/#primaryimage\",\"inLanguage\":\"es-MX\",\"url\":\"https:\/\/reflejodemichoacan.com\/wp-content\/uploads\/2022\/12\/amlo-2.webp\",\"contentUrl\":\"https:\/\/reflejodemichoacan.com\/wp-content\/uploads\/2022\/12\/amlo-2.webp\",\"width\":1024,\"height\":576},{\"@type\":\"WebPage\",\"@id\":\"https:\/\/reflejodemichoacan.com\/index.php\/2022\/12\/02\/el-obrador-que-conocemos\/#webpage\",\"url\":\"https:\/\/reflejodemichoacan.com\/index.php\/2022\/12\/02\/el-obrador-que-conocemos\/\",\"name\":\"EL OBRADOR QUE CONOCEMOS - Reflejo de Michoac\\u00e1n\",\"isPartOf\":{\"@id\":\"https:\/\/reflejodemichoacan.com\/#website\"},\"primaryImageOfPage\":{\"@id\":\"https:\/\/reflejodemichoacan.com\/index.php\/2022\/12\/02\/el-obrador-que-conocemos\/#primaryimage\"},\"datePublished\":\"2022-12-02T00:52:00+00:00\",\"dateModified\":\"2022-12-02T00:52:02+00:00\",\"author\":{\"@id\":\"https:\/\/reflejodemichoacan.com\/#\/schema\/person\/72d921e8fe99bd6e2e39bcde8995046f\"},\"breadcrumb\":{\"@id\":\"https:\/\/reflejodemichoacan.com\/index.php\/2022\/12\/02\/el-obrador-que-conocemos\/#breadcrumb\"},\"inLanguage\":\"es-MX\",\"potentialAction\":[{\"@type\":\"ReadAction\",\"target\":[\"https:\/\/reflejodemichoacan.com\/index.php\/2022\/12\/02\/el-obrador-que-conocemos\/\"]}]},{\"@type\":\"BreadcrumbList\",\"@id\":\"https:\/\/reflejodemichoacan.com\/index.php\/2022\/12\/02\/el-obrador-que-conocemos\/#breadcrumb\",\"itemListElement\":[{\"@type\":\"ListItem\",\"position\":1,\"name\":\"Inicio\",\"item\":\"https:\/\/reflejodemichoacan.com\/\"},{\"@type\":\"ListItem\",\"position\":2,\"name\":\"EL OBRADOR QUE CONOCEMOS\"}]},{\"@type\":\"Person\",\"@id\":\"https:\/\/reflejodemichoacan.com\/#\/schema\/person\/72d921e8fe99bd6e2e39bcde8995046f\",\"name\":\"Aurora\",\"image\":{\"@type\":\"ImageObject\",\"@id\":\"https:\/\/reflejodemichoacan.com\/#personlogo\",\"inLanguage\":\"es-MX\",\"url\":\"https:\/\/secure.gravatar.com\/avatar\/df5ceb9b998be27b25dd258a6b4b0a95?s=96&d=mm&r=g\",\"contentUrl\":\"https:\/\/secure.gravatar.com\/avatar\/df5ceb9b998be27b25dd258a6b4b0a95?s=96&d=mm&r=g\",\"caption\":\"Aurora\"},\"sameAs\":[\"http:\/\/reflejodemichoacan.com\"],\"url\":\"https:\/\/reflejodemichoacan.com\/index.php\/author\/rixwm7qvsq\/\"}]}<\/script>\n<!-- \/ Yoast SEO plugin. -->","yoast_head_json":{"title":"EL OBRADOR QUE CONOCEMOS - Reflejo de Michoac\u00e1n","robots":{"index":"index","follow":"follow","max-snippet":"max-snippet:-1","max-image-preview":"max-image-preview:large","max-video-preview":"max-video-preview:-1"},"canonical":"https:\/\/reflejodemichoacan.com\/index.php\/2022\/12\/02\/el-obrador-que-conocemos\/","og_locale":"es_MX","og_type":"article","og_title":"EL OBRADOR QUE CONOCEMOS - Reflejo de Michoac\u00e1n","og_description":"Fidel Rodr\u00edguez Ramos &nbsp;&nbsp;&nbsp; En el deseo de buscar a una persona que creemos puede resolver los muchos problemas de M\u00e9xico, nos fijamos en quienes muestran una disposici\u00f3n para ponerse al frente de sentidas demandas populares, y as\u00ed lo hicimos con Andr\u00e9s Manuel L\u00f3pez Obrador, nacido en 1953, quien perteneciera a las filas del Partido [&hellip;]","og_url":"https:\/\/reflejodemichoacan.com\/index.php\/2022\/12\/02\/el-obrador-que-conocemos\/","og_site_name":"Reflejo de Michoac\u00e1n","article_published_time":"2022-12-02T00:52:00+00:00","article_modified_time":"2022-12-02T00:52:02+00:00","twitter_card":"summary_large_image","twitter_image":"https:\/\/reflejodemichoacan.com\/wp-content\/uploads\/2022\/12\/amlo-2.webp","twitter_misc":{"Escrito por":"Aurora","Tiempo de lectura":"3 minutos"},"schema":{"@context":"https:\/\/schema.org","@graph":[{"@type":"WebSite","@id":"https:\/\/reflejodemichoacan.com\/#website","url":"https:\/\/reflejodemichoacan.com\/","name":"Reflejo de Michoac\u00e1n","description":"Medio de comunicaci\u00f3n impreso y digital al servicio de la regi\u00f3n lacustre y Michoac\u00e1n.","potentialAction":[{"@type":"SearchAction","target":{"@type":"EntryPoint","urlTemplate":"https:\/\/reflejodemichoacan.com\/?s={search_term_string}"},"query-input":"required name=search_term_string"}],"inLanguage":"es-MX"},{"@type":"ImageObject","@id":"https:\/\/reflejodemichoacan.com\/index.php\/2022\/12\/02\/el-obrador-que-conocemos\/#primaryimage","inLanguage":"es-MX","url":"https:\/\/reflejodemichoacan.com\/wp-content\/uploads\/2022\/12\/amlo-2.webp","contentUrl":"https:\/\/reflejodemichoacan.com\/wp-content\/uploads\/2022\/12\/amlo-2.webp","width":1024,"height":576},{"@type":"WebPage","@id":"https:\/\/reflejodemichoacan.com\/index.php\/2022\/12\/02\/el-obrador-que-conocemos\/#webpage","url":"https:\/\/reflejodemichoacan.com\/index.php\/2022\/12\/02\/el-obrador-que-conocemos\/","name":"EL OBRADOR QUE CONOCEMOS - Reflejo de Michoac\u00e1n","isPartOf":{"@id":"https:\/\/reflejodemichoacan.com\/#website"},"primaryImageOfPage":{"@id":"https:\/\/reflejodemichoacan.com\/index.php\/2022\/12\/02\/el-obrador-que-conocemos\/#primaryimage"},"datePublished":"2022-12-02T00:52:00+00:00","dateModified":"2022-12-02T00:52:02+00:00","author":{"@id":"https:\/\/reflejodemichoacan.com\/#\/schema\/person\/72d921e8fe99bd6e2e39bcde8995046f"},"breadcrumb":{"@id":"https:\/\/reflejodemichoacan.com\/index.php\/2022\/12\/02\/el-obrador-que-conocemos\/#breadcrumb"},"inLanguage":"es-MX","potentialAction":[{"@type":"ReadAction","target":["https:\/\/reflejodemichoacan.com\/index.php\/2022\/12\/02\/el-obrador-que-conocemos\/"]}]},{"@type":"BreadcrumbList","@id":"https:\/\/reflejodemichoacan.com\/index.php\/2022\/12\/02\/el-obrador-que-conocemos\/#breadcrumb","itemListElement":[{"@type":"ListItem","position":1,"name":"Inicio","item":"https:\/\/reflejodemichoacan.com\/"},{"@type":"ListItem","position":2,"name":"EL OBRADOR QUE CONOCEMOS"}]},{"@type":"Person","@id":"https:\/\/reflejodemichoacan.com\/#\/schema\/person\/72d921e8fe99bd6e2e39bcde8995046f","name":"Aurora","image":{"@type":"ImageObject","@id":"https:\/\/reflejodemichoacan.com\/#personlogo","inLanguage":"es-MX","url":"https:\/\/secure.gravatar.com\/avatar\/df5ceb9b998be27b25dd258a6b4b0a95?s=96&d=mm&r=g","contentUrl":"https:\/\/secure.gravatar.com\/avatar\/df5ceb9b998be27b25dd258a6b4b0a95?s=96&d=mm&r=g","caption":"Aurora"},"sameAs":["http:\/\/reflejodemichoacan.com"],"url":"https:\/\/reflejodemichoacan.com\/index.php\/author\/rixwm7qvsq\/"}]}},"_links":{"self":[{"href":"https:\/\/reflejodemichoacan.com\/index.php\/wp-json\/wp\/v2\/posts\/10522"}],"collection":[{"href":"https:\/\/reflejodemichoacan.com\/index.php\/wp-json\/wp\/v2\/posts"}],"about":[{"href":"https:\/\/reflejodemichoacan.com\/index.php\/wp-json\/wp\/v2\/types\/post"}],"author":[{"embeddable":true,"href":"https:\/\/reflejodemichoacan.com\/index.php\/wp-json\/wp\/v2\/users\/1"}],"replies":[{"embeddable":true,"href":"https:\/\/reflejodemichoacan.com\/index.php\/wp-json\/wp\/v2\/comments?post=10522"}],"version-history":[{"count":1,"href":"https:\/\/reflejodemichoacan.com\/index.php\/wp-json\/wp\/v2\/posts\/10522\/revisions"}],"predecessor-version":[{"id":10524,"href":"https:\/\/reflejodemichoacan.com\/index.php\/wp-json\/wp\/v2\/posts\/10522\/revisions\/10524"}],"wp:featuredmedia":[{"embeddable":true,"href":"https:\/\/reflejodemichoacan.com\/index.php\/wp-json\/wp\/v2\/media\/10523"}],"wp:attachment":[{"href":"https:\/\/reflejodemichoacan.com\/index.php\/wp-json\/wp\/v2\/media?parent=10522"}],"wp:term":[{"taxonomy":"category","embeddable":true,"href":"https:\/\/reflejodemichoacan.com\/index.php\/wp-json\/wp\/v2\/categories?post=10522"},{"taxonomy":"post_tag","embeddable":true,"href":"https:\/\/reflejodemichoacan.com\/index.php\/wp-json\/wp\/v2\/tags?post=10522"}],"curies":[{"name":"wp","href":"https:\/\/api.w.org\/{rel}","templated":true}]}}