{"id":10525,"date":"2022-12-02T00:57:42","date_gmt":"2022-12-02T00:57:42","guid":{"rendered":"https:\/\/reflejodemichoacan.com\/?p=10525"},"modified":"2022-12-02T00:57:44","modified_gmt":"2022-12-02T00:57:44","slug":"llego-la-temporada-decembrina-con-descuentos-en-la-tienda-del-iam","status":"publish","type":"post","link":"https:\/\/reflejodemichoacan.com\/index.php\/2022\/12\/02\/llego-la-temporada-decembrina-con-descuentos-en-la-tienda-del-iam\/","title":{"rendered":"Lleg\u00f3 la temporada decembrina con descuentos en la tienda del IAM"},"content":{"rendered":"\n<p><\/p>\n\n\n\n<ul><li>5, 10 y 15 por ciento de descuento en la tienda Casa de las Artesan\u00edas<\/li><\/ul>\n\n\n\n<p><br><strong>Morelia, Michoac\u00e1n, 1 de diciembre del 2022.-&nbsp;<\/strong>La mejor artesan\u00eda michoacana estar\u00e1 con rebajas durante todo el mes de diciembre y la primera semana de enero del 2023, en la tienda \u201cCasa de las Artesan\u00edas\u201d, del Instituto del Artesano Michoacano (IAM), que ofrece a sus clientes y p\u00fablico en general descuentos navide\u00f1os por el 5, 10 y 15 por ciento de descuento en todas las artesan\u00edas.<br>&nbsp;<br>El director general del IAM, C\u00e1stor Estrada Robles, detall\u00f3 que los clientes que visiten la tienda podr\u00e1n adquirir un sinf\u00edn de art\u00edculos entre las m\u00e1s de 5 mil piezas que hay, en las diferentes ramas artesanales como: textiles, alfarer\u00eda, madera, muebles, fibras vegetales, joyer\u00eda, lapidaria, maque, cobre, instrumentos de cuerda y otras.<br>&nbsp;<br>Se\u00f1al\u00f3 que este espacio se ubica en el centro de Morelia, frente a la Plaza Valladolid, a un costado del templo de San Francisco y el horario es de lunes a domingo de 9:00 a 19:00 horas.<br>&nbsp;<br>El titular del IAM invit\u00f3 a que en esta temporada decembrina, con motivo de los intercambios y regalos de navidad y a\u00f1o nuevo se opte por productos artesanales michoacanos, ya que las compras directas de piezas se ven reflejadas en el bolsillo del sector artesanal y el de sus familias.<br>&nbsp;<br>Agreg\u00f3 que con la compra de artesan\u00edas se fortalecen nuestras tradiciones y se mantienen vigentes, ya que el regalar una taza o plato de barro para el ponche, atole o los tamales, propicia a que se continu\u00e9 disfrutando de la comida tradicional michoacana en utensilios artesanales, que adem\u00e1s proporcionan un mejor sabor de los alimentos y bebidas.<\/p>\n","protected":false},"excerpt":{"rendered":"<p>5, 10 y 15 por ciento de descuento en la tienda Casa de las Artesan\u00edas Morelia, Michoac\u00e1n, 1 de diciembre del 2022.-&nbsp;La mejor artesan\u00eda michoacana estar\u00e1 con rebajas durante todo el mes de diciembre y la primera semana de enero del 2023, en la tienda \u201cCasa de las Artesan\u00edas\u201d, del Instituto del Artesano Michoacano (IAM), [&hellip;]<\/p>\n","protected":false},"author":1,"featured_media":10526,"comment_status":"open","ping_status":"closed","sticky":false,"template":"","format":"standard","meta":[],"categories":[1],"tags":[],"yoast_head":"<!-- This site is optimized with the Yoast SEO plugin v17.9 - https:\/\/yoast.com\/wordpress\/plugins\/seo\/ -->\n<title>Lleg\u00f3 la temporada decembrina con descuentos en la tienda del IAM - Reflejo de Michoac\u00e1n<\/title>\n<meta name=\"robots\" content=\"index, follow, max-snippet:-1, max-image-preview:large, max-video-preview:-1\" \/>\n<link rel=\"canonical\" href=\"https:\/\/reflejodemichoacan.com\/index.php\/2022\/12\/02\/llego-la-temporada-decembrina-con-descuentos-en-la-tienda-del-iam\/\" \/>\n<meta property=\"og:locale\" content=\"es_MX\" \/>\n<meta property=\"og:type\" content=\"article\" \/>\n<meta property=\"og:title\" content=\"Lleg\u00f3 la temporada decembrina con descuentos en la tienda del IAM - Reflejo de Michoac\u00e1n\" \/>\n<meta property=\"og:description\" content=\"5, 10 y 15 por ciento de descuento en la tienda Casa de las Artesan\u00edas Morelia, Michoac\u00e1n, 1 de diciembre del 2022.-&nbsp;La mejor artesan\u00eda michoacana estar\u00e1 con rebajas durante todo el mes de diciembre y la primera semana de enero del 2023, en la tienda \u201cCasa de las Artesan\u00edas\u201d, del Instituto del Artesano Michoacano (IAM), [&hellip;]\" \/>\n<meta property=\"og:url\" content=\"https:\/\/reflejodemichoacan.com\/index.php\/2022\/12\/02\/llego-la-temporada-decembrina-con-descuentos-en-la-tienda-del-iam\/\" \/>\n<meta property=\"og:site_name\" content=\"Reflejo de Michoac\u00e1n\" \/>\n<meta property=\"article:published_time\" content=\"2022-12-02T00:57:42+00:00\" \/>\n<meta property=\"article:modified_time\" content=\"2022-12-02T00:57:44+00:00\" \/>\n<meta property=\"og:image\" content=\"https:\/\/reflejodemichoacan.com\/wp-content\/uploads\/2022\/12\/llego.jpg\" \/>\n\t<meta property=\"og:image:width\" content=\"1600\" \/>\n\t<meta property=\"og:image:height\" content=\"1200\" \/>\n\t<meta property=\"og:image:type\" content=\"image\/jpeg\" \/>\n<meta name=\"twitter:card\" content=\"summary_large_image\" \/>\n<meta name=\"twitter:label1\" content=\"Escrito por\" \/>\n\t<meta name=\"twitter:data1\" content=\"Aurora\" \/>\n\t<meta name=\"twitter:label2\" content=\"Tiempo de lectura\" \/>\n\t<meta name=\"twitter:data2\" content=\"2 minutos\" \/>\n<script type=\"application\/ld+json\" class=\"yoast-schema-graph\">{\"@context\":\"https:\/\/schema.org\",\"@graph\":[{\"@type\":\"WebSite\",\"@id\":\"https:\/\/reflejodemichoacan.com\/#website\",\"url\":\"https:\/\/reflejodemichoacan.com\/\",\"name\":\"Reflejo de Michoac\\u00e1n\",\"description\":\"Medio de comunicaci\\u00f3n impreso y digital al servicio de la regi\\u00f3n lacustre y Michoac\\u00e1n.\",\"potentialAction\":[{\"@type\":\"SearchAction\",\"target\":{\"@type\":\"EntryPoint\",\"urlTemplate\":\"https:\/\/reflejodemichoacan.com\/?s={search_term_string}\"},\"query-input\":\"required name=search_term_string\"}],\"inLanguage\":\"es-MX\"},{\"@type\":\"ImageObject\",\"@id\":\"https:\/\/reflejodemichoacan.com\/index.php\/2022\/12\/02\/llego-la-temporada-decembrina-con-descuentos-en-la-tienda-del-iam\/#primaryimage\",\"inLanguage\":\"es-MX\",\"url\":\"https:\/\/reflejodemichoacan.com\/wp-content\/uploads\/2022\/12\/llego.jpg\",\"contentUrl\":\"https:\/\/reflejodemichoacan.com\/wp-content\/uploads\/2022\/12\/llego.jpg\",\"width\":1600,\"height\":1200},{\"@type\":\"WebPage\",\"@id\":\"https:\/\/reflejodemichoacan.com\/index.php\/2022\/12\/02\/llego-la-temporada-decembrina-con-descuentos-en-la-tienda-del-iam\/#webpage\",\"url\":\"https:\/\/reflejodemichoacan.com\/index.php\/2022\/12\/02\/llego-la-temporada-decembrina-con-descuentos-en-la-tienda-del-iam\/\",\"name\":\"Lleg\\u00f3 la temporada decembrina con descuentos en la tienda del IAM - Reflejo de Michoac\\u00e1n\",\"isPartOf\":{\"@id\":\"https:\/\/reflejodemichoacan.com\/#website\"},\"primaryImageOfPage\":{\"@id\":\"https:\/\/reflejodemichoacan.com\/index.php\/2022\/12\/02\/llego-la-temporada-decembrina-con-descuentos-en-la-tienda-del-iam\/#primaryimage\"},\"datePublished\":\"2022-12-02T00:57:42+00:00\",\"dateModified\":\"2022-12-02T00:57:44+00:00\",\"author\":{\"@id\":\"https:\/\/reflejodemichoacan.com\/#\/schema\/person\/72d921e8fe99bd6e2e39bcde8995046f\"},\"breadcrumb\":{\"@id\":\"https:\/\/reflejodemichoacan.com\/index.php\/2022\/12\/02\/llego-la-temporada-decembrina-con-descuentos-en-la-tienda-del-iam\/#breadcrumb\"},\"inLanguage\":\"es-MX\",\"potentialAction\":[{\"@type\":\"ReadAction\",\"target\":[\"https:\/\/reflejodemichoacan.com\/index.php\/2022\/12\/02\/llego-la-temporada-decembrina-con-descuentos-en-la-tienda-del-iam\/\"]}]},{\"@type\":\"BreadcrumbList\",\"@id\":\"https:\/\/reflejodemichoacan.com\/index.php\/2022\/12\/02\/llego-la-temporada-decembrina-con-descuentos-en-la-tienda-del-iam\/#breadcrumb\",\"itemListElement\":[{\"@type\":\"ListItem\",\"position\":1,\"name\":\"Inicio\",\"item\":\"https:\/\/reflejodemichoacan.com\/\"},{\"@type\":\"ListItem\",\"position\":2,\"name\":\"Lleg\\u00f3 la temporada decembrina con descuentos en la tienda del IAM\"}]},{\"@type\":\"Person\",\"@id\":\"https:\/\/reflejodemichoacan.com\/#\/schema\/person\/72d921e8fe99bd6e2e39bcde8995046f\",\"name\":\"Aurora\",\"image\":{\"@type\":\"ImageObject\",\"@id\":\"https:\/\/reflejodemichoacan.com\/#personlogo\",\"inLanguage\":\"es-MX\",\"url\":\"https:\/\/secure.gravatar.com\/avatar\/df5ceb9b998be27b25dd258a6b4b0a95?s=96&d=mm&r=g\",\"contentUrl\":\"https:\/\/secure.gravatar.com\/avatar\/df5ceb9b998be27b25dd258a6b4b0a95?s=96&d=mm&r=g\",\"caption\":\"Aurora\"},\"sameAs\":[\"http:\/\/reflejodemichoacan.com\"],\"url\":\"https:\/\/reflejodemichoacan.com\/index.php\/author\/rixwm7qvsq\/\"}]}<\/script>\n<!-- \/ Yoast SEO plugin. -->","yoast_head_json":{"title":"Lleg\u00f3 la temporada decembrina con descuentos en la tienda del IAM - Reflejo de Michoac\u00e1n","robots":{"index":"index","follow":"follow","max-snippet":"max-snippet:-1","max-image-preview":"max-image-preview:large","max-video-preview":"max-video-preview:-1"},"canonical":"https:\/\/reflejodemichoacan.com\/index.php\/2022\/12\/02\/llego-la-temporada-decembrina-con-descuentos-en-la-tienda-del-iam\/","og_locale":"es_MX","og_type":"article","og_title":"Lleg\u00f3 la temporada decembrina con descuentos en la tienda del IAM - Reflejo de Michoac\u00e1n","og_description":"5, 10 y 15 por ciento de descuento en la tienda Casa de las Artesan\u00edas Morelia, Michoac\u00e1n, 1 de diciembre del 2022.-&nbsp;La mejor artesan\u00eda michoacana estar\u00e1 con rebajas durante todo el mes de diciembre y la primera semana de enero del 2023, en la tienda \u201cCasa de las Artesan\u00edas\u201d, del Instituto del Artesano Michoacano (IAM), [&hellip;]","og_url":"https:\/\/reflejodemichoacan.com\/index.php\/2022\/12\/02\/llego-la-temporada-decembrina-con-descuentos-en-la-tienda-del-iam\/","og_site_name":"Reflejo de Michoac\u00e1n","article_published_time":"2022-12-02T00:57:42+00:00","article_modified_time":"2022-12-02T00:57:44+00:00","og_image":[{"width":1600,"height":1200,"url":"https:\/\/reflejodemichoacan.com\/wp-content\/uploads\/2022\/12\/llego.jpg","type":"image\/jpeg"}],"twitter_card":"summary_large_image","twitter_misc":{"Escrito por":"Aurora","Tiempo de lectura":"2 minutos"},"schema":{"@context":"https:\/\/schema.org","@graph":[{"@type":"WebSite","@id":"https:\/\/reflejodemichoacan.com\/#website","url":"https:\/\/reflejodemichoacan.com\/","name":"Reflejo de Michoac\u00e1n","description":"Medio de comunicaci\u00f3n impreso y digital al servicio de la regi\u00f3n lacustre y Michoac\u00e1n.","potentialAction":[{"@type":"SearchAction","target":{"@type":"EntryPoint","urlTemplate":"https:\/\/reflejodemichoacan.com\/?s={search_term_string}"},"query-input":"required name=search_term_string"}],"inLanguage":"es-MX"},{"@type":"ImageObject","@id":"https:\/\/reflejodemichoacan.com\/index.php\/2022\/12\/02\/llego-la-temporada-decembrina-con-descuentos-en-la-tienda-del-iam\/#primaryimage","inLanguage":"es-MX","url":"https:\/\/reflejodemichoacan.com\/wp-content\/uploads\/2022\/12\/llego.jpg","contentUrl":"https:\/\/reflejodemichoacan.com\/wp-content\/uploads\/2022\/12\/llego.jpg","width":1600,"height":1200},{"@type":"WebPage","@id":"https:\/\/reflejodemichoacan.com\/index.php\/2022\/12\/02\/llego-la-temporada-decembrina-con-descuentos-en-la-tienda-del-iam\/#webpage","url":"https:\/\/reflejodemichoacan.com\/index.php\/2022\/12\/02\/llego-la-temporada-decembrina-con-descuentos-en-la-tienda-del-iam\/","name":"Lleg\u00f3 la temporada decembrina con descuentos en la tienda del IAM - Reflejo de Michoac\u00e1n","isPartOf":{"@id":"https:\/\/reflejodemichoacan.com\/#website"},"primaryImageOfPage":{"@id":"https:\/\/reflejodemichoacan.com\/index.php\/2022\/12\/02\/llego-la-temporada-decembrina-con-descuentos-en-la-tienda-del-iam\/#primaryimage"},"datePublished":"2022-12-02T00:57:42+00:00","dateModified":"2022-12-02T00:57:44+00:00","author":{"@id":"https:\/\/reflejodemichoacan.com\/#\/schema\/person\/72d921e8fe99bd6e2e39bcde8995046f"},"breadcrumb":{"@id":"https:\/\/reflejodemichoacan.com\/index.php\/2022\/12\/02\/llego-la-temporada-decembrina-con-descuentos-en-la-tienda-del-iam\/#breadcrumb"},"inLanguage":"es-MX","potentialAction":[{"@type":"ReadAction","target":["https:\/\/reflejodemichoacan.com\/index.php\/2022\/12\/02\/llego-la-temporada-decembrina-con-descuentos-en-la-tienda-del-iam\/"]}]},{"@type":"BreadcrumbList","@id":"https:\/\/reflejodemichoacan.com\/index.php\/2022\/12\/02\/llego-la-temporada-decembrina-con-descuentos-en-la-tienda-del-iam\/#breadcrumb","itemListElement":[{"@type":"ListItem","position":1,"name":"Inicio","item":"https:\/\/reflejodemichoacan.com\/"},{"@type":"ListItem","position":2,"name":"Lleg\u00f3 la temporada decembrina con descuentos en la tienda del IAM"}]},{"@type":"Person","@id":"https:\/\/reflejodemichoacan.com\/#\/schema\/person\/72d921e8fe99bd6e2e39bcde8995046f","name":"Aurora","image":{"@type":"ImageObject","@id":"https:\/\/reflejodemichoacan.com\/#personlogo","inLanguage":"es-MX","url":"https:\/\/secure.gravatar.com\/avatar\/df5ceb9b998be27b25dd258a6b4b0a95?s=96&d=mm&r=g","contentUrl":"https:\/\/secure.gravatar.com\/avatar\/df5ceb9b998be27b25dd258a6b4b0a95?s=96&d=mm&r=g","caption":"Aurora"},"sameAs":["http:\/\/reflejodemichoacan.com"],"url":"https:\/\/reflejodemichoacan.com\/index.php\/author\/rixwm7qvsq\/"}]}},"_links":{"self":[{"href":"https:\/\/reflejodemichoacan.com\/index.php\/wp-json\/wp\/v2\/posts\/10525"}],"collection":[{"href":"https:\/\/reflejodemichoacan.com\/index.php\/wp-json\/wp\/v2\/posts"}],"about":[{"href":"https:\/\/reflejodemichoacan.com\/index.php\/wp-json\/wp\/v2\/types\/post"}],"author":[{"embeddable":true,"href":"https:\/\/reflejodemichoacan.com\/index.php\/wp-json\/wp\/v2\/users\/1"}],"replies":[{"embeddable":true,"href":"https:\/\/reflejodemichoacan.com\/index.php\/wp-json\/wp\/v2\/comments?post=10525"}],"version-history":[{"count":1,"href":"https:\/\/reflejodemichoacan.com\/index.php\/wp-json\/wp\/v2\/posts\/10525\/revisions"}],"predecessor-version":[{"id":10527,"href":"https:\/\/reflejodemichoacan.com\/index.php\/wp-json\/wp\/v2\/posts\/10525\/revisions\/10527"}],"wp:featuredmedia":[{"embeddable":true,"href":"https:\/\/reflejodemichoacan.com\/index.php\/wp-json\/wp\/v2\/media\/10526"}],"wp:attachment":[{"href":"https:\/\/reflejodemichoacan.com\/index.php\/wp-json\/wp\/v2\/media?parent=10525"}],"wp:term":[{"taxonomy":"category","embeddable":true,"href":"https:\/\/reflejodemichoacan.com\/index.php\/wp-json\/wp\/v2\/categories?post=10525"},{"taxonomy":"post_tag","embeddable":true,"href":"https:\/\/reflejodemichoacan.com\/index.php\/wp-json\/wp\/v2\/tags?post=10525"}],"curies":[{"name":"wp","href":"https:\/\/api.w.org\/{rel}","templated":true}]}}