{"id":10528,"date":"2022-12-02T00:59:48","date_gmt":"2022-12-02T00:59:48","guid":{"rendered":"https:\/\/reflejodemichoacan.com\/?p=10528"},"modified":"2022-12-02T00:59:50","modified_gmt":"2022-12-02T00:59:50","slug":"docente-de-uiim-primer-abogado-indigena-incluido-en-testimonios-electorales-del-iem","status":"publish","type":"post","link":"https:\/\/reflejodemichoacan.com\/index.php\/2022\/12\/02\/docente-de-uiim-primer-abogado-indigena-incluido-en-testimonios-electorales-del-iem\/","title":{"rendered":"Docente de UIIM, primer abogado ind\u00edgena incluido en Testimonios Electorales del IEM"},"content":{"rendered":"\n<p><\/p>\n\n\n\n<ul><li>David Daniel Romero Robles particip\u00f3 como abogado durante el proceso electoral que permiti\u00f3 a Cher\u00e1n ser la primera comunidad originaria en ejercer el autogobierno en Michoac\u00e1n<\/li><\/ul>\n\n\n\n<p><br><strong>Morelia, Michoac\u00e1n, 1 de diciembre del 2022.-<\/strong>&nbsp;Al ser el primer abogado ind\u00edgena en litigar y ejercer el derecho a la libre determinaci\u00f3n de una comunidad originaria en el 2012, el docente de la Universidad Intercultural Ind\u00edgena de Michoac\u00e1n (UIIM), David Daniel Romero Robles, fue incluido dentro de la colecci\u00f3n de Testimonios Electorales del Instituto Electoral de Michoac\u00e1n &nbsp;(IEM).<br><br>Romero Robles, quien tambi\u00e9n es director de Planeaci\u00f3n, Programaci\u00f3n y Presupuesto de la UIIM, particip\u00f3 con el an\u00e1lisis &nbsp;titulado \u201cEl ejercicio de la libre determinaci\u00f3n subordinada al colonialismo interno\u201d en la obra \u201cDerecho al autogobierno y a la administraci\u00f3n directa de los recursos de las comunidades ind\u00edgenas. Experiencias y retos\u201d.<br><br>Dicha obra publicada por el IEM da cuenta de los procesos legales emprendidos en la entidad para el reconocimiento del derecho al autogobierno de las comunidades originarias de Michoac\u00e1n, teniendo como referente tanto nacional como internacional al caso de la comunidad de Cher\u00e1n, donde Romero Robles fungi\u00f3 como abogado durante el hist\u00f3rico proceso de consulta y elecci\u00f3n de las primeras autoridades bajo el sistema de usos y costumbres de Michoac\u00e1n, en 2012.<br><br>Con esta aportaci\u00f3n acad\u00e9mica, la UIIM ratifica su compromiso de promover la interculturalidad desde el reconocimiento a las comunidades originarias y al ejercicio de la autodeterminaci\u00f3n como un factor de cambio social para las futuras generaciones.<br>&nbsp;<\/p>\n","protected":false},"excerpt":{"rendered":"<p>David Daniel Romero Robles particip\u00f3 como abogado durante el proceso electoral que permiti\u00f3 a Cher\u00e1n ser la primera comunidad originaria en ejercer el autogobierno en Michoac\u00e1n Morelia, Michoac\u00e1n, 1 de diciembre del 2022.-&nbsp;Al ser el primer abogado ind\u00edgena en litigar y ejercer el derecho a la libre determinaci\u00f3n de una comunidad originaria en el 2012, [&hellip;]<\/p>\n","protected":false},"author":1,"featured_media":10529,"comment_status":"open","ping_status":"closed","sticky":false,"template":"","format":"standard","meta":[],"categories":[1],"tags":[],"yoast_head":"<!-- This site is optimized with the Yoast SEO plugin v17.9 - https:\/\/yoast.com\/wordpress\/plugins\/seo\/ -->\n<title>Docente de UIIM, primer abogado ind\u00edgena incluido en Testimonios Electorales del IEM - Reflejo de Michoac\u00e1n<\/title>\n<meta name=\"robots\" content=\"index, follow, max-snippet:-1, max-image-preview:large, max-video-preview:-1\" \/>\n<link rel=\"canonical\" href=\"https:\/\/reflejodemichoacan.com\/index.php\/2022\/12\/02\/docente-de-uiim-primer-abogado-indigena-incluido-en-testimonios-electorales-del-iem\/\" \/>\n<meta property=\"og:locale\" content=\"es_MX\" \/>\n<meta property=\"og:type\" content=\"article\" \/>\n<meta property=\"og:title\" content=\"Docente de UIIM, primer abogado ind\u00edgena incluido en Testimonios Electorales del IEM - Reflejo de Michoac\u00e1n\" \/>\n<meta property=\"og:description\" content=\"David Daniel Romero Robles particip\u00f3 como abogado durante el proceso electoral que permiti\u00f3 a Cher\u00e1n ser la primera comunidad originaria en ejercer el autogobierno en Michoac\u00e1n Morelia, Michoac\u00e1n, 1 de diciembre del 2022.-&nbsp;Al ser el primer abogado ind\u00edgena en litigar y ejercer el derecho a la libre determinaci\u00f3n de una comunidad originaria en el 2012, [&hellip;]\" \/>\n<meta property=\"og:url\" content=\"https:\/\/reflejodemichoacan.com\/index.php\/2022\/12\/02\/docente-de-uiim-primer-abogado-indigena-incluido-en-testimonios-electorales-del-iem\/\" \/>\n<meta property=\"og:site_name\" content=\"Reflejo de Michoac\u00e1n\" \/>\n<meta property=\"article:published_time\" content=\"2022-12-02T00:59:48+00:00\" \/>\n<meta property=\"article:modified_time\" content=\"2022-12-02T00:59:50+00:00\" \/>\n<meta property=\"og:image\" content=\"https:\/\/reflejodemichoacan.com\/wp-content\/uploads\/2022\/12\/abogado.jpg\" \/>\n\t<meta property=\"og:image:width\" content=\"1080\" \/>\n\t<meta property=\"og:image:height\" content=\"810\" \/>\n\t<meta property=\"og:image:type\" content=\"image\/jpeg\" \/>\n<meta name=\"twitter:card\" content=\"summary_large_image\" \/>\n<meta name=\"twitter:label1\" content=\"Escrito por\" \/>\n\t<meta name=\"twitter:data1\" content=\"Aurora\" \/>\n\t<meta name=\"twitter:label2\" content=\"Tiempo de lectura\" \/>\n\t<meta name=\"twitter:data2\" content=\"2 minutos\" \/>\n<script type=\"application\/ld+json\" class=\"yoast-schema-graph\">{\"@context\":\"https:\/\/schema.org\",\"@graph\":[{\"@type\":\"WebSite\",\"@id\":\"https:\/\/reflejodemichoacan.com\/#website\",\"url\":\"https:\/\/reflejodemichoacan.com\/\",\"name\":\"Reflejo de Michoac\\u00e1n\",\"description\":\"Medio de comunicaci\\u00f3n impreso y digital al servicio de la regi\\u00f3n lacustre y Michoac\\u00e1n.\",\"potentialAction\":[{\"@type\":\"SearchAction\",\"target\":{\"@type\":\"EntryPoint\",\"urlTemplate\":\"https:\/\/reflejodemichoacan.com\/?s={search_term_string}\"},\"query-input\":\"required name=search_term_string\"}],\"inLanguage\":\"es-MX\"},{\"@type\":\"ImageObject\",\"@id\":\"https:\/\/reflejodemichoacan.com\/index.php\/2022\/12\/02\/docente-de-uiim-primer-abogado-indigena-incluido-en-testimonios-electorales-del-iem\/#primaryimage\",\"inLanguage\":\"es-MX\",\"url\":\"https:\/\/reflejodemichoacan.com\/wp-content\/uploads\/2022\/12\/abogado.jpg\",\"contentUrl\":\"https:\/\/reflejodemichoacan.com\/wp-content\/uploads\/2022\/12\/abogado.jpg\",\"width\":1080,\"height\":810},{\"@type\":\"WebPage\",\"@id\":\"https:\/\/reflejodemichoacan.com\/index.php\/2022\/12\/02\/docente-de-uiim-primer-abogado-indigena-incluido-en-testimonios-electorales-del-iem\/#webpage\",\"url\":\"https:\/\/reflejodemichoacan.com\/index.php\/2022\/12\/02\/docente-de-uiim-primer-abogado-indigena-incluido-en-testimonios-electorales-del-iem\/\",\"name\":\"Docente de UIIM, primer abogado ind\\u00edgena incluido en Testimonios Electorales del IEM - Reflejo de Michoac\\u00e1n\",\"isPartOf\":{\"@id\":\"https:\/\/reflejodemichoacan.com\/#website\"},\"primaryImageOfPage\":{\"@id\":\"https:\/\/reflejodemichoacan.com\/index.php\/2022\/12\/02\/docente-de-uiim-primer-abogado-indigena-incluido-en-testimonios-electorales-del-iem\/#primaryimage\"},\"datePublished\":\"2022-12-02T00:59:48+00:00\",\"dateModified\":\"2022-12-02T00:59:50+00:00\",\"author\":{\"@id\":\"https:\/\/reflejodemichoacan.com\/#\/schema\/person\/72d921e8fe99bd6e2e39bcde8995046f\"},\"breadcrumb\":{\"@id\":\"https:\/\/reflejodemichoacan.com\/index.php\/2022\/12\/02\/docente-de-uiim-primer-abogado-indigena-incluido-en-testimonios-electorales-del-iem\/#breadcrumb\"},\"inLanguage\":\"es-MX\",\"potentialAction\":[{\"@type\":\"ReadAction\",\"target\":[\"https:\/\/reflejodemichoacan.com\/index.php\/2022\/12\/02\/docente-de-uiim-primer-abogado-indigena-incluido-en-testimonios-electorales-del-iem\/\"]}]},{\"@type\":\"BreadcrumbList\",\"@id\":\"https:\/\/reflejodemichoacan.com\/index.php\/2022\/12\/02\/docente-de-uiim-primer-abogado-indigena-incluido-en-testimonios-electorales-del-iem\/#breadcrumb\",\"itemListElement\":[{\"@type\":\"ListItem\",\"position\":1,\"name\":\"Inicio\",\"item\":\"https:\/\/reflejodemichoacan.com\/\"},{\"@type\":\"ListItem\",\"position\":2,\"name\":\"Docente de UIIM, primer abogado ind\\u00edgena incluido en Testimonios Electorales del IEM\"}]},{\"@type\":\"Person\",\"@id\":\"https:\/\/reflejodemichoacan.com\/#\/schema\/person\/72d921e8fe99bd6e2e39bcde8995046f\",\"name\":\"Aurora\",\"image\":{\"@type\":\"ImageObject\",\"@id\":\"https:\/\/reflejodemichoacan.com\/#personlogo\",\"inLanguage\":\"es-MX\",\"url\":\"https:\/\/secure.gravatar.com\/avatar\/df5ceb9b998be27b25dd258a6b4b0a95?s=96&d=mm&r=g\",\"contentUrl\":\"https:\/\/secure.gravatar.com\/avatar\/df5ceb9b998be27b25dd258a6b4b0a95?s=96&d=mm&r=g\",\"caption\":\"Aurora\"},\"sameAs\":[\"http:\/\/reflejodemichoacan.com\"],\"url\":\"https:\/\/reflejodemichoacan.com\/index.php\/author\/rixwm7qvsq\/\"}]}<\/script>\n<!-- \/ Yoast SEO plugin. -->","yoast_head_json":{"title":"Docente de UIIM, primer abogado ind\u00edgena incluido en Testimonios Electorales del IEM - Reflejo de Michoac\u00e1n","robots":{"index":"index","follow":"follow","max-snippet":"max-snippet:-1","max-image-preview":"max-image-preview:large","max-video-preview":"max-video-preview:-1"},"canonical":"https:\/\/reflejodemichoacan.com\/index.php\/2022\/12\/02\/docente-de-uiim-primer-abogado-indigena-incluido-en-testimonios-electorales-del-iem\/","og_locale":"es_MX","og_type":"article","og_title":"Docente de UIIM, primer abogado ind\u00edgena incluido en Testimonios Electorales del IEM - Reflejo de Michoac\u00e1n","og_description":"David Daniel Romero Robles particip\u00f3 como abogado durante el proceso electoral que permiti\u00f3 a Cher\u00e1n ser la primera comunidad originaria en ejercer el autogobierno en Michoac\u00e1n Morelia, Michoac\u00e1n, 1 de diciembre del 2022.-&nbsp;Al ser el primer abogado ind\u00edgena en litigar y ejercer el derecho a la libre determinaci\u00f3n de una comunidad originaria en el 2012, [&hellip;]","og_url":"https:\/\/reflejodemichoacan.com\/index.php\/2022\/12\/02\/docente-de-uiim-primer-abogado-indigena-incluido-en-testimonios-electorales-del-iem\/","og_site_name":"Reflejo de Michoac\u00e1n","article_published_time":"2022-12-02T00:59:48+00:00","article_modified_time":"2022-12-02T00:59:50+00:00","og_image":[{"width":1080,"height":810,"url":"https:\/\/reflejodemichoacan.com\/wp-content\/uploads\/2022\/12\/abogado.jpg","type":"image\/jpeg"}],"twitter_card":"summary_large_image","twitter_misc":{"Escrito por":"Aurora","Tiempo de lectura":"2 minutos"},"schema":{"@context":"https:\/\/schema.org","@graph":[{"@type":"WebSite","@id":"https:\/\/reflejodemichoacan.com\/#website","url":"https:\/\/reflejodemichoacan.com\/","name":"Reflejo de Michoac\u00e1n","description":"Medio de comunicaci\u00f3n impreso y digital al servicio de la regi\u00f3n lacustre y Michoac\u00e1n.","potentialAction":[{"@type":"SearchAction","target":{"@type":"EntryPoint","urlTemplate":"https:\/\/reflejodemichoacan.com\/?s={search_term_string}"},"query-input":"required name=search_term_string"}],"inLanguage":"es-MX"},{"@type":"ImageObject","@id":"https:\/\/reflejodemichoacan.com\/index.php\/2022\/12\/02\/docente-de-uiim-primer-abogado-indigena-incluido-en-testimonios-electorales-del-iem\/#primaryimage","inLanguage":"es-MX","url":"https:\/\/reflejodemichoacan.com\/wp-content\/uploads\/2022\/12\/abogado.jpg","contentUrl":"https:\/\/reflejodemichoacan.com\/wp-content\/uploads\/2022\/12\/abogado.jpg","width":1080,"height":810},{"@type":"WebPage","@id":"https:\/\/reflejodemichoacan.com\/index.php\/2022\/12\/02\/docente-de-uiim-primer-abogado-indigena-incluido-en-testimonios-electorales-del-iem\/#webpage","url":"https:\/\/reflejodemichoacan.com\/index.php\/2022\/12\/02\/docente-de-uiim-primer-abogado-indigena-incluido-en-testimonios-electorales-del-iem\/","name":"Docente de UIIM, primer abogado ind\u00edgena incluido en Testimonios Electorales del IEM - Reflejo de Michoac\u00e1n","isPartOf":{"@id":"https:\/\/reflejodemichoacan.com\/#website"},"primaryImageOfPage":{"@id":"https:\/\/reflejodemichoacan.com\/index.php\/2022\/12\/02\/docente-de-uiim-primer-abogado-indigena-incluido-en-testimonios-electorales-del-iem\/#primaryimage"},"datePublished":"2022-12-02T00:59:48+00:00","dateModified":"2022-12-02T00:59:50+00:00","author":{"@id":"https:\/\/reflejodemichoacan.com\/#\/schema\/person\/72d921e8fe99bd6e2e39bcde8995046f"},"breadcrumb":{"@id":"https:\/\/reflejodemichoacan.com\/index.php\/2022\/12\/02\/docente-de-uiim-primer-abogado-indigena-incluido-en-testimonios-electorales-del-iem\/#breadcrumb"},"inLanguage":"es-MX","potentialAction":[{"@type":"ReadAction","target":["https:\/\/reflejodemichoacan.com\/index.php\/2022\/12\/02\/docente-de-uiim-primer-abogado-indigena-incluido-en-testimonios-electorales-del-iem\/"]}]},{"@type":"BreadcrumbList","@id":"https:\/\/reflejodemichoacan.com\/index.php\/2022\/12\/02\/docente-de-uiim-primer-abogado-indigena-incluido-en-testimonios-electorales-del-iem\/#breadcrumb","itemListElement":[{"@type":"ListItem","position":1,"name":"Inicio","item":"https:\/\/reflejodemichoacan.com\/"},{"@type":"ListItem","position":2,"name":"Docente de UIIM, primer abogado ind\u00edgena incluido en Testimonios Electorales del IEM"}]},{"@type":"Person","@id":"https:\/\/reflejodemichoacan.com\/#\/schema\/person\/72d921e8fe99bd6e2e39bcde8995046f","name":"Aurora","image":{"@type":"ImageObject","@id":"https:\/\/reflejodemichoacan.com\/#personlogo","inLanguage":"es-MX","url":"https:\/\/secure.gravatar.com\/avatar\/df5ceb9b998be27b25dd258a6b4b0a95?s=96&d=mm&r=g","contentUrl":"https:\/\/secure.gravatar.com\/avatar\/df5ceb9b998be27b25dd258a6b4b0a95?s=96&d=mm&r=g","caption":"Aurora"},"sameAs":["http:\/\/reflejodemichoacan.com"],"url":"https:\/\/reflejodemichoacan.com\/index.php\/author\/rixwm7qvsq\/"}]}},"_links":{"self":[{"href":"https:\/\/reflejodemichoacan.com\/index.php\/wp-json\/wp\/v2\/posts\/10528"}],"collection":[{"href":"https:\/\/reflejodemichoacan.com\/index.php\/wp-json\/wp\/v2\/posts"}],"about":[{"href":"https:\/\/reflejodemichoacan.com\/index.php\/wp-json\/wp\/v2\/types\/post"}],"author":[{"embeddable":true,"href":"https:\/\/reflejodemichoacan.com\/index.php\/wp-json\/wp\/v2\/users\/1"}],"replies":[{"embeddable":true,"href":"https:\/\/reflejodemichoacan.com\/index.php\/wp-json\/wp\/v2\/comments?post=10528"}],"version-history":[{"count":1,"href":"https:\/\/reflejodemichoacan.com\/index.php\/wp-json\/wp\/v2\/posts\/10528\/revisions"}],"predecessor-version":[{"id":10530,"href":"https:\/\/reflejodemichoacan.com\/index.php\/wp-json\/wp\/v2\/posts\/10528\/revisions\/10530"}],"wp:featuredmedia":[{"embeddable":true,"href":"https:\/\/reflejodemichoacan.com\/index.php\/wp-json\/wp\/v2\/media\/10529"}],"wp:attachment":[{"href":"https:\/\/reflejodemichoacan.com\/index.php\/wp-json\/wp\/v2\/media?parent=10528"}],"wp:term":[{"taxonomy":"category","embeddable":true,"href":"https:\/\/reflejodemichoacan.com\/index.php\/wp-json\/wp\/v2\/categories?post=10528"},{"taxonomy":"post_tag","embeddable":true,"href":"https:\/\/reflejodemichoacan.com\/index.php\/wp-json\/wp\/v2\/tags?post=10528"}],"curies":[{"name":"wp","href":"https:\/\/api.w.org\/{rel}","templated":true}]}}