{"id":10541,"date":"2022-12-03T00:23:42","date_gmt":"2022-12-03T00:23:42","guid":{"rendered":"https:\/\/reflejodemichoacan.com\/?p=10541"},"modified":"2022-12-03T00:23:46","modified_gmt":"2022-12-03T00:23:46","slug":"activar-comites-municipales-contra-violencia-exhorta-erendira-isauro","status":"publish","type":"post","link":"https:\/\/reflejodemichoacan.com\/index.php\/2022\/12\/03\/activar-comites-municipales-contra-violencia-exhorta-erendira-isauro\/","title":{"rendered":"Activar Comit\u00e9s Municipales contra violencia, exhorta Er\u00e9ndira Isauro"},"content":{"rendered":"\n<p>Morelia, Michoac\u00e1n, 02 de diciembre de 2022. La diputada Er\u00e9ndira Isauro Hern\u00e1ndez, por el Distrito 05 de Paracho, present\u00f3 ante el Pleno del Congreso del Estado un exhorto a los 112 ayuntamientos y Consejo Mayor de Cher\u00e1n para que dentro del t\u00e9rmino de 15 d\u00edas naturales conformen comit\u00e9s municipales contra la violencia en raz\u00f3n de g\u00e9nero contra las mujeres y las ni\u00f1as, que tengan como finalidad ser un v\u00ednculo institucional con las autoridades competentes.<br>Esta propuesta de acuerdo, dijo la diputada de la Representaci\u00f3n Parlamentaria en la 75 Legislatura, contempla que los ayuntamientos y el Consejo Mayor de Cher\u00e1n, conformen comit\u00e9s o consejos que tengan como fin ser un filtro o primer v\u00ednculo donde las mujeres que sean v\u00edctimas de violencia de g\u00e9nero, puedan acudir y sean canalizadas ante las instancias correspondientes y atendidas en casos de violencia.<br>Mencion\u00f3 que la conformaci\u00f3n de estos comit\u00e9s o consejos no representa gasto o erogaci\u00f3n al presupuesto de alguna dependencia, ni de los propios ayuntamientos, porque esta conformaci\u00f3n se puede hacer con el personal de los gobiernos municipales.<br>Adem\u00e1s de que no se requiere de alg\u00fan tipo de reglamentaci\u00f3n interna que pueda desgastar sus funciones o que les quite tiempo, estos consejos o comit\u00e9s municipales se busca sean coadyuvantes con las dependencias competentes que tengan como finalidad la protecci\u00f3n y mejoras a favor de las mujeres.\u00a0<br>La legisladora local subray\u00f3 que los ayuntamientos y el Consejo Mayor de Cher\u00e1n, son parte fundamental para la implementaci\u00f3n de acciones y pol\u00edticas p\u00fablicas encaminadas a la elaboraci\u00f3n de programas en coordinaci\u00f3n entre la Secretar\u00eda de Igualdad Sustantiva y Desarrollo de las Mujeres Michoacanas y los ayuntamientos.<br>Record\u00f3 que la ley establece en materia de atenci\u00f3n a la violencia, que el estado y municipios impulsar\u00e1n la creaci\u00f3n de unidades de atenci\u00f3n contra la violencia de g\u00e9nero contra las mujeres en las dependencias y entidades que integran la Administraci\u00f3n P\u00fablica del Estado y Gobiernos Municipales, por lo que son urgentes las medidas de prevenci\u00f3n orientadas a detectar e inhibir la violencia de g\u00e9nero contra ellas.<\/p>\n","protected":false},"excerpt":{"rendered":"<p>Morelia, Michoac\u00e1n, 02 de diciembre de 2022. La diputada Er\u00e9ndira Isauro Hern\u00e1ndez, por el Distrito 05 de Paracho, present\u00f3 ante el Pleno del Congreso del Estado un exhorto a los 112 ayuntamientos y Consejo Mayor de Cher\u00e1n para que dentro del t\u00e9rmino de 15 d\u00edas naturales conformen comit\u00e9s municipales contra la violencia en raz\u00f3n de [&hellip;]<\/p>\n","protected":false},"author":1,"featured_media":10542,"comment_status":"open","ping_status":"closed","sticky":false,"template":"","format":"standard","meta":[],"categories":[1],"tags":[],"yoast_head":"<!-- This site is optimized with the Yoast SEO plugin v17.9 - https:\/\/yoast.com\/wordpress\/plugins\/seo\/ -->\n<title>Activar Comit\u00e9s Municipales contra violencia, exhorta Er\u00e9ndira Isauro - Reflejo de Michoac\u00e1n<\/title>\n<meta name=\"robots\" content=\"index, follow, max-snippet:-1, max-image-preview:large, max-video-preview:-1\" \/>\n<link rel=\"canonical\" href=\"https:\/\/reflejodemichoacan.com\/index.php\/2022\/12\/03\/activar-comites-municipales-contra-violencia-exhorta-erendira-isauro\/\" \/>\n<meta property=\"og:locale\" content=\"es_MX\" \/>\n<meta property=\"og:type\" content=\"article\" \/>\n<meta property=\"og:title\" content=\"Activar Comit\u00e9s Municipales contra violencia, exhorta Er\u00e9ndira Isauro - Reflejo de Michoac\u00e1n\" \/>\n<meta property=\"og:description\" content=\"Morelia, Michoac\u00e1n, 02 de diciembre de 2022. La diputada Er\u00e9ndira Isauro Hern\u00e1ndez, por el Distrito 05 de Paracho, present\u00f3 ante el Pleno del Congreso del Estado un exhorto a los 112 ayuntamientos y Consejo Mayor de Cher\u00e1n para que dentro del t\u00e9rmino de 15 d\u00edas naturales conformen comit\u00e9s municipales contra la violencia en raz\u00f3n de [&hellip;]\" \/>\n<meta property=\"og:url\" content=\"https:\/\/reflejodemichoacan.com\/index.php\/2022\/12\/03\/activar-comites-municipales-contra-violencia-exhorta-erendira-isauro\/\" \/>\n<meta property=\"og:site_name\" content=\"Reflejo de Michoac\u00e1n\" \/>\n<meta property=\"article:published_time\" content=\"2022-12-03T00:23:42+00:00\" \/>\n<meta property=\"article:modified_time\" content=\"2022-12-03T00:23:46+00:00\" \/>\n<meta property=\"og:image\" content=\"https:\/\/reflejodemichoacan.com\/wp-content\/uploads\/2022\/12\/comites.jpg\" \/>\n\t<meta property=\"og:image:width\" content=\"1280\" \/>\n\t<meta property=\"og:image:height\" content=\"1009\" \/>\n\t<meta property=\"og:image:type\" content=\"image\/jpeg\" \/>\n<meta name=\"twitter:card\" content=\"summary_large_image\" \/>\n<meta name=\"twitter:label1\" content=\"Escrito por\" \/>\n\t<meta name=\"twitter:data1\" content=\"Aurora\" \/>\n\t<meta name=\"twitter:label2\" content=\"Tiempo de lectura\" \/>\n\t<meta name=\"twitter:data2\" content=\"2 minutos\" \/>\n<script type=\"application\/ld+json\" class=\"yoast-schema-graph\">{\"@context\":\"https:\/\/schema.org\",\"@graph\":[{\"@type\":\"WebSite\",\"@id\":\"https:\/\/reflejodemichoacan.com\/#website\",\"url\":\"https:\/\/reflejodemichoacan.com\/\",\"name\":\"Reflejo de Michoac\\u00e1n\",\"description\":\"Medio de comunicaci\\u00f3n impreso y digital al servicio de la regi\\u00f3n lacustre y Michoac\\u00e1n.\",\"potentialAction\":[{\"@type\":\"SearchAction\",\"target\":{\"@type\":\"EntryPoint\",\"urlTemplate\":\"https:\/\/reflejodemichoacan.com\/?s={search_term_string}\"},\"query-input\":\"required name=search_term_string\"}],\"inLanguage\":\"es-MX\"},{\"@type\":\"ImageObject\",\"@id\":\"https:\/\/reflejodemichoacan.com\/index.php\/2022\/12\/03\/activar-comites-municipales-contra-violencia-exhorta-erendira-isauro\/#primaryimage\",\"inLanguage\":\"es-MX\",\"url\":\"https:\/\/reflejodemichoacan.com\/wp-content\/uploads\/2022\/12\/comites.jpg\",\"contentUrl\":\"https:\/\/reflejodemichoacan.com\/wp-content\/uploads\/2022\/12\/comites.jpg\",\"width\":1280,\"height\":1009},{\"@type\":\"WebPage\",\"@id\":\"https:\/\/reflejodemichoacan.com\/index.php\/2022\/12\/03\/activar-comites-municipales-contra-violencia-exhorta-erendira-isauro\/#webpage\",\"url\":\"https:\/\/reflejodemichoacan.com\/index.php\/2022\/12\/03\/activar-comites-municipales-contra-violencia-exhorta-erendira-isauro\/\",\"name\":\"Activar Comit\\u00e9s Municipales contra violencia, exhorta Er\\u00e9ndira Isauro - Reflejo de Michoac\\u00e1n\",\"isPartOf\":{\"@id\":\"https:\/\/reflejodemichoacan.com\/#website\"},\"primaryImageOfPage\":{\"@id\":\"https:\/\/reflejodemichoacan.com\/index.php\/2022\/12\/03\/activar-comites-municipales-contra-violencia-exhorta-erendira-isauro\/#primaryimage\"},\"datePublished\":\"2022-12-03T00:23:42+00:00\",\"dateModified\":\"2022-12-03T00:23:46+00:00\",\"author\":{\"@id\":\"https:\/\/reflejodemichoacan.com\/#\/schema\/person\/72d921e8fe99bd6e2e39bcde8995046f\"},\"breadcrumb\":{\"@id\":\"https:\/\/reflejodemichoacan.com\/index.php\/2022\/12\/03\/activar-comites-municipales-contra-violencia-exhorta-erendira-isauro\/#breadcrumb\"},\"inLanguage\":\"es-MX\",\"potentialAction\":[{\"@type\":\"ReadAction\",\"target\":[\"https:\/\/reflejodemichoacan.com\/index.php\/2022\/12\/03\/activar-comites-municipales-contra-violencia-exhorta-erendira-isauro\/\"]}]},{\"@type\":\"BreadcrumbList\",\"@id\":\"https:\/\/reflejodemichoacan.com\/index.php\/2022\/12\/03\/activar-comites-municipales-contra-violencia-exhorta-erendira-isauro\/#breadcrumb\",\"itemListElement\":[{\"@type\":\"ListItem\",\"position\":1,\"name\":\"Inicio\",\"item\":\"https:\/\/reflejodemichoacan.com\/\"},{\"@type\":\"ListItem\",\"position\":2,\"name\":\"Activar Comit\\u00e9s Municipales contra violencia, exhorta Er\\u00e9ndira Isauro\"}]},{\"@type\":\"Person\",\"@id\":\"https:\/\/reflejodemichoacan.com\/#\/schema\/person\/72d921e8fe99bd6e2e39bcde8995046f\",\"name\":\"Aurora\",\"image\":{\"@type\":\"ImageObject\",\"@id\":\"https:\/\/reflejodemichoacan.com\/#personlogo\",\"inLanguage\":\"es-MX\",\"url\":\"https:\/\/secure.gravatar.com\/avatar\/df5ceb9b998be27b25dd258a6b4b0a95?s=96&d=mm&r=g\",\"contentUrl\":\"https:\/\/secure.gravatar.com\/avatar\/df5ceb9b998be27b25dd258a6b4b0a95?s=96&d=mm&r=g\",\"caption\":\"Aurora\"},\"sameAs\":[\"http:\/\/reflejodemichoacan.com\"],\"url\":\"https:\/\/reflejodemichoacan.com\/index.php\/author\/rixwm7qvsq\/\"}]}<\/script>\n<!-- \/ Yoast SEO plugin. -->","yoast_head_json":{"title":"Activar Comit\u00e9s Municipales contra violencia, exhorta Er\u00e9ndira Isauro - Reflejo de Michoac\u00e1n","robots":{"index":"index","follow":"follow","max-snippet":"max-snippet:-1","max-image-preview":"max-image-preview:large","max-video-preview":"max-video-preview:-1"},"canonical":"https:\/\/reflejodemichoacan.com\/index.php\/2022\/12\/03\/activar-comites-municipales-contra-violencia-exhorta-erendira-isauro\/","og_locale":"es_MX","og_type":"article","og_title":"Activar Comit\u00e9s Municipales contra violencia, exhorta Er\u00e9ndira Isauro - Reflejo de Michoac\u00e1n","og_description":"Morelia, Michoac\u00e1n, 02 de diciembre de 2022. La diputada Er\u00e9ndira Isauro Hern\u00e1ndez, por el Distrito 05 de Paracho, present\u00f3 ante el Pleno del Congreso del Estado un exhorto a los 112 ayuntamientos y Consejo Mayor de Cher\u00e1n para que dentro del t\u00e9rmino de 15 d\u00edas naturales conformen comit\u00e9s municipales contra la violencia en raz\u00f3n de [&hellip;]","og_url":"https:\/\/reflejodemichoacan.com\/index.php\/2022\/12\/03\/activar-comites-municipales-contra-violencia-exhorta-erendira-isauro\/","og_site_name":"Reflejo de Michoac\u00e1n","article_published_time":"2022-12-03T00:23:42+00:00","article_modified_time":"2022-12-03T00:23:46+00:00","og_image":[{"width":1280,"height":1009,"url":"https:\/\/reflejodemichoacan.com\/wp-content\/uploads\/2022\/12\/comites.jpg","type":"image\/jpeg"}],"twitter_card":"summary_large_image","twitter_misc":{"Escrito por":"Aurora","Tiempo de lectura":"2 minutos"},"schema":{"@context":"https:\/\/schema.org","@graph":[{"@type":"WebSite","@id":"https:\/\/reflejodemichoacan.com\/#website","url":"https:\/\/reflejodemichoacan.com\/","name":"Reflejo de Michoac\u00e1n","description":"Medio de comunicaci\u00f3n impreso y digital al servicio de la regi\u00f3n lacustre y Michoac\u00e1n.","potentialAction":[{"@type":"SearchAction","target":{"@type":"EntryPoint","urlTemplate":"https:\/\/reflejodemichoacan.com\/?s={search_term_string}"},"query-input":"required name=search_term_string"}],"inLanguage":"es-MX"},{"@type":"ImageObject","@id":"https:\/\/reflejodemichoacan.com\/index.php\/2022\/12\/03\/activar-comites-municipales-contra-violencia-exhorta-erendira-isauro\/#primaryimage","inLanguage":"es-MX","url":"https:\/\/reflejodemichoacan.com\/wp-content\/uploads\/2022\/12\/comites.jpg","contentUrl":"https:\/\/reflejodemichoacan.com\/wp-content\/uploads\/2022\/12\/comites.jpg","width":1280,"height":1009},{"@type":"WebPage","@id":"https:\/\/reflejodemichoacan.com\/index.php\/2022\/12\/03\/activar-comites-municipales-contra-violencia-exhorta-erendira-isauro\/#webpage","url":"https:\/\/reflejodemichoacan.com\/index.php\/2022\/12\/03\/activar-comites-municipales-contra-violencia-exhorta-erendira-isauro\/","name":"Activar Comit\u00e9s Municipales contra violencia, exhorta Er\u00e9ndira Isauro - Reflejo de Michoac\u00e1n","isPartOf":{"@id":"https:\/\/reflejodemichoacan.com\/#website"},"primaryImageOfPage":{"@id":"https:\/\/reflejodemichoacan.com\/index.php\/2022\/12\/03\/activar-comites-municipales-contra-violencia-exhorta-erendira-isauro\/#primaryimage"},"datePublished":"2022-12-03T00:23:42+00:00","dateModified":"2022-12-03T00:23:46+00:00","author":{"@id":"https:\/\/reflejodemichoacan.com\/#\/schema\/person\/72d921e8fe99bd6e2e39bcde8995046f"},"breadcrumb":{"@id":"https:\/\/reflejodemichoacan.com\/index.php\/2022\/12\/03\/activar-comites-municipales-contra-violencia-exhorta-erendira-isauro\/#breadcrumb"},"inLanguage":"es-MX","potentialAction":[{"@type":"ReadAction","target":["https:\/\/reflejodemichoacan.com\/index.php\/2022\/12\/03\/activar-comites-municipales-contra-violencia-exhorta-erendira-isauro\/"]}]},{"@type":"BreadcrumbList","@id":"https:\/\/reflejodemichoacan.com\/index.php\/2022\/12\/03\/activar-comites-municipales-contra-violencia-exhorta-erendira-isauro\/#breadcrumb","itemListElement":[{"@type":"ListItem","position":1,"name":"Inicio","item":"https:\/\/reflejodemichoacan.com\/"},{"@type":"ListItem","position":2,"name":"Activar Comit\u00e9s Municipales contra violencia, exhorta Er\u00e9ndira Isauro"}]},{"@type":"Person","@id":"https:\/\/reflejodemichoacan.com\/#\/schema\/person\/72d921e8fe99bd6e2e39bcde8995046f","name":"Aurora","image":{"@type":"ImageObject","@id":"https:\/\/reflejodemichoacan.com\/#personlogo","inLanguage":"es-MX","url":"https:\/\/secure.gravatar.com\/avatar\/df5ceb9b998be27b25dd258a6b4b0a95?s=96&d=mm&r=g","contentUrl":"https:\/\/secure.gravatar.com\/avatar\/df5ceb9b998be27b25dd258a6b4b0a95?s=96&d=mm&r=g","caption":"Aurora"},"sameAs":["http:\/\/reflejodemichoacan.com"],"url":"https:\/\/reflejodemichoacan.com\/index.php\/author\/rixwm7qvsq\/"}]}},"_links":{"self":[{"href":"https:\/\/reflejodemichoacan.com\/index.php\/wp-json\/wp\/v2\/posts\/10541"}],"collection":[{"href":"https:\/\/reflejodemichoacan.com\/index.php\/wp-json\/wp\/v2\/posts"}],"about":[{"href":"https:\/\/reflejodemichoacan.com\/index.php\/wp-json\/wp\/v2\/types\/post"}],"author":[{"embeddable":true,"href":"https:\/\/reflejodemichoacan.com\/index.php\/wp-json\/wp\/v2\/users\/1"}],"replies":[{"embeddable":true,"href":"https:\/\/reflejodemichoacan.com\/index.php\/wp-json\/wp\/v2\/comments?post=10541"}],"version-history":[{"count":1,"href":"https:\/\/reflejodemichoacan.com\/index.php\/wp-json\/wp\/v2\/posts\/10541\/revisions"}],"predecessor-version":[{"id":10543,"href":"https:\/\/reflejodemichoacan.com\/index.php\/wp-json\/wp\/v2\/posts\/10541\/revisions\/10543"}],"wp:featuredmedia":[{"embeddable":true,"href":"https:\/\/reflejodemichoacan.com\/index.php\/wp-json\/wp\/v2\/media\/10542"}],"wp:attachment":[{"href":"https:\/\/reflejodemichoacan.com\/index.php\/wp-json\/wp\/v2\/media?parent=10541"}],"wp:term":[{"taxonomy":"category","embeddable":true,"href":"https:\/\/reflejodemichoacan.com\/index.php\/wp-json\/wp\/v2\/categories?post=10541"},{"taxonomy":"post_tag","embeddable":true,"href":"https:\/\/reflejodemichoacan.com\/index.php\/wp-json\/wp\/v2\/tags?post=10541"}],"curies":[{"name":"wp","href":"https:\/\/api.w.org\/{rel}","templated":true}]}}