{"id":10544,"date":"2022-12-03T00:36:02","date_gmt":"2022-12-03T00:36:02","guid":{"rendered":"https:\/\/reflejodemichoacan.com\/?p=10544"},"modified":"2022-12-03T00:36:04","modified_gmt":"2022-12-03T00:36:04","slug":"invita-sectur-a-vivir-el-fin-de-ano-en-michoacan","status":"publish","type":"post","link":"https:\/\/reflejodemichoacan.com\/index.php\/2022\/12\/03\/invita-sectur-a-vivir-el-fin-de-ano-en-michoacan\/","title":{"rendered":"Invita Sectur a vivir el Fin de A\u00f1o en Michoac\u00e1n"},"content":{"rendered":"\n<p><strong>\u00a0\u00a0Morelia Michoac\u00e1n, 2 de diciembre 2022.-<\/strong>\u00a0La Secretar\u00eda de Turismo del Estado invit\u00f3 al p\u00fablico nacional, extranjero y a los propios michoacanos, a vivir las actividades y celebraciones que tiene la entidad para disfrutar el fin de a\u00f1o con tradiciones, cultura y diversi\u00f3n.<\/p>\n\n\n\n<p>1 al 5. Festival del Canje en Acuitzio. Actividades acad\u00e9micas, comerciales, culturales y deportivas, en el marco del 157\u00b0 Aniversario del Canje de prisioneros Belgas y Franceses por Mexicanos, que tuvo lugar el 5 de diciembre de 1865.<\/p>\n\n\n\n<p>1. Aniversario de Paracho, Pueblo M\u00e1gico (2020).&nbsp;<\/p>\n\n\n\n<p>1 \u2013 2. Grandes Maestros. Artesanas y artesanos de Michoac\u00e1n. Centro Cultural Clavijero con un programa dedicado a los derechos colectivos de las comunidades artesanales.<\/p>\n\n\n\n<p>2 al 9. 56\u00b0 Festival Internacional de \u00d3rgano de Morelia. Con un historial de m\u00e1s de 800 conciertos, 92 Master Class y 2 mil 700 artistas invitados, es el festival con mayor afluencia de su g\u00e9nero en el mundo.&nbsp;<\/p>\n\n\n\n<p>2 al 4. Festival del Mezcal \u201cMex Calli\u201d en P\u00e1tzcuaro. Se realizar\u00e1 en la Plaza Vasco de Quiroga. Exposici\u00f3n y venta de mezcal, cocina tradicional, bebidas y artesan\u00edas. Destilaci\u00f3n de mezcal en vivo durante s\u00e1bado y domingo; presentaci\u00f3n cultural con ballet folcl\u00f3rico, torito de petate, grupo de jazz, cantantes independientes, dj local, catas y ponencias en ingl\u00e9s y espa\u00f1ol.<\/p>\n\n\n\n<p>2 al 4. 7\u00b0 Bazar de \u00c1rboles Navide\u00f1os en Morelia. Bosque Cuauht\u00e9moc, jardines de la Comisi\u00f3n Forestal.<\/p>\n\n\n\n<p>2 al 4. Feria del Pulque, Mezcal y Cocineras Tradicionales de Tar\u00edmbaro. En la plaza principal se instalar\u00e1n 140 stands con pulque, mezcal, gastronom\u00eda y artesan\u00edas. La venta gastron\u00f3mica iniciar\u00e1 el viernes y s\u00e1bado a la hora de la comida, y el domingo, desde el desayuno.<\/p>\n\n\n\n<p>3 y 4. XIII Feria del Maguey, en Las Joyas, municipio de Maravat\u00edo. Amplia gastronom\u00eda del maguey y sus derivados, tales como pulque, aguamiel, barbacoa en penca, salsa borracha, pan de asientos de pulque, atole de pulque, flor de maguey, gelatina de pulque y una infinidad de sabores frutales con pulque, a los que se les denominan \u201ccurados\u201d, entre otros muchos productos.<\/p>\n\n\n\n<p>3 y 4. Expo Reptil.. En el IMCED Guacamayas, perteneciente al municipio de L\u00e1zaro C\u00e1rdenas.<\/p>\n\n\n\n<p>6 dic. \u2013 6 ene. Pista de Hielo en Plaza Ocampo Morelia. Durar\u00e1 todo el mes.<\/p>\n\n\n\n<p>8. Virgen de la Concepci\u00f3n. Se realizan celebraciones especiales en diversas regiones del estado. Entre ellas destacan las del Templo de la Inmaculada, de Morelia; el Santuario de la Virgen de la Salud, de P\u00e1tzcuaro; el Templo de la Concepci\u00f3n de San Juan Parangaricutiro, entre otros.<\/p>\n\n\n\n<p>10 y 11. Tortufest El Habillal 2022. Con la participaci\u00f3n de cuatro campamentos tortugueros. Actividades educativas con enfoque medioambiental, exposici\u00f3n y venta de productos, gastronom\u00eda, eventos deportivos, culturales y liberaciones de cr\u00edas de tortuga marina, que se realizar\u00e1n en apego a la normatividad en la materia.<\/p>\n\n\n\n<p>10. Nacimiento Monumental en P\u00e1tzcuaro En la Plaza Vasco de Quiroga, todo el mes.<\/p>\n\n\n\n<p>12. Fiestas de la Virgen de Guadalupe Celebraciones en todas las regiones del estado. Destacan las del Santuario de Guadalupe, en Morelia, as\u00ed como las fiestas de Ostula, Municipio de Aquila, donde se realizan danzas de la conquista y comida comunitaria.<\/p>\n\n\n\n<p>13. Aniversario Morelia, Nombramiento UNESCO (1991)<\/p>\n\n\n\n<p>16 \u2013 6 Enero. Villa Navide\u00f1a \u201cMichoac\u00e1n\u201d. En los jardines del Centro de Convenciones y Exposiciones de Morelia.<\/p>\n\n\n\n<p>16 \u2013 18. Gran Villa Navide\u00f1a. En el Bosque Cuauht\u00e9moc, de Morelia.&nbsp;<\/p>\n\n\n\n<p>16 AL 24. Posadas Navide\u00f1as. Se celebra con diversas variantes en barrios de todo el territorio. Adem\u00e1s, ocasionalmente se presentan pastorelas.<\/p>\n\n\n\n<p>17. Fundaci\u00f3n de Huetamo. Se celebra con la Expo Feria Huetamo 2022.<\/p>\n\n\n\n<p>17 y 18. Feria del Mole en Tup\u00e1taro municipio de Huiramba.<\/p>\n\n\n\n<p>24. Navidad. Se celebra en todo el estado. En diversas ciudades y pueblos se realizan pastorelas, como en la Meseta Pur\u00e9pecha y la regi\u00f3n lacustre.<\/p>\n\n\n\n<p>Entre las de mayor arraigo destacan los casos de Aranza, Ahuiran, municipio de Paracho; Angahuan, municipio de Uruapan; Cocucho, municipio de Charapan; San \u00c1ngel Zurumucapio; Santa Cruz Tanaco y Sevina, municipio de Nahuatzen.<\/p>\n","protected":false},"excerpt":{"rendered":"<p>\u00a0\u00a0Morelia Michoac\u00e1n, 2 de diciembre 2022.-\u00a0La Secretar\u00eda de Turismo del Estado invit\u00f3 al p\u00fablico nacional, extranjero y a los propios michoacanos, a vivir las actividades y celebraciones que tiene la entidad para disfrutar el fin de a\u00f1o con tradiciones, cultura y diversi\u00f3n. 1 al 5. Festival del Canje en Acuitzio. Actividades acad\u00e9micas, comerciales, culturales y [&hellip;]<\/p>\n","protected":false},"author":1,"featured_media":10545,"comment_status":"open","ping_status":"closed","sticky":false,"template":"","format":"standard","meta":[],"categories":[1],"tags":[],"yoast_head":"<!-- This site is optimized with the Yoast SEO plugin v17.9 - https:\/\/yoast.com\/wordpress\/plugins\/seo\/ -->\n<title>Invita Sectur a vivir el Fin de A\u00f1o en Michoac\u00e1n - Reflejo de Michoac\u00e1n<\/title>\n<meta name=\"robots\" content=\"index, follow, max-snippet:-1, max-image-preview:large, max-video-preview:-1\" \/>\n<link rel=\"canonical\" href=\"https:\/\/reflejodemichoacan.com\/index.php\/2022\/12\/03\/invita-sectur-a-vivir-el-fin-de-ano-en-michoacan\/\" \/>\n<meta property=\"og:locale\" content=\"es_MX\" \/>\n<meta property=\"og:type\" content=\"article\" \/>\n<meta property=\"og:title\" content=\"Invita Sectur a vivir el Fin de A\u00f1o en Michoac\u00e1n - Reflejo de Michoac\u00e1n\" \/>\n<meta property=\"og:description\" content=\"\u00a0\u00a0Morelia Michoac\u00e1n, 2 de diciembre 2022.-\u00a0La Secretar\u00eda de Turismo del Estado invit\u00f3 al p\u00fablico nacional, extranjero y a los propios michoacanos, a vivir las actividades y celebraciones que tiene la entidad para disfrutar el fin de a\u00f1o con tradiciones, cultura y diversi\u00f3n. 1 al 5. Festival del Canje en Acuitzio. Actividades acad\u00e9micas, comerciales, culturales y [&hellip;]\" \/>\n<meta property=\"og:url\" content=\"https:\/\/reflejodemichoacan.com\/index.php\/2022\/12\/03\/invita-sectur-a-vivir-el-fin-de-ano-en-michoacan\/\" \/>\n<meta property=\"og:site_name\" content=\"Reflejo de Michoac\u00e1n\" \/>\n<meta property=\"article:published_time\" content=\"2022-12-03T00:36:02+00:00\" \/>\n<meta property=\"article:modified_time\" content=\"2022-12-03T00:36:04+00:00\" \/>\n<meta property=\"og:image\" content=\"https:\/\/reflejodemichoacan.com\/wp-content\/uploads\/2022\/12\/nacimiento.jpg\" \/>\n\t<meta property=\"og:image:width\" content=\"1024\" \/>\n\t<meta property=\"og:image:height\" content=\"574\" \/>\n\t<meta property=\"og:image:type\" content=\"image\/jpeg\" \/>\n<meta name=\"twitter:card\" content=\"summary_large_image\" \/>\n<meta name=\"twitter:label1\" content=\"Escrito por\" \/>\n\t<meta name=\"twitter:data1\" content=\"Aurora\" \/>\n\t<meta name=\"twitter:label2\" content=\"Tiempo de lectura\" \/>\n\t<meta name=\"twitter:data2\" content=\"3 minutos\" \/>\n<script type=\"application\/ld+json\" class=\"yoast-schema-graph\">{\"@context\":\"https:\/\/schema.org\",\"@graph\":[{\"@type\":\"WebSite\",\"@id\":\"https:\/\/reflejodemichoacan.com\/#website\",\"url\":\"https:\/\/reflejodemichoacan.com\/\",\"name\":\"Reflejo de Michoac\\u00e1n\",\"description\":\"Medio de comunicaci\\u00f3n impreso y digital al servicio de la regi\\u00f3n lacustre y Michoac\\u00e1n.\",\"potentialAction\":[{\"@type\":\"SearchAction\",\"target\":{\"@type\":\"EntryPoint\",\"urlTemplate\":\"https:\/\/reflejodemichoacan.com\/?s={search_term_string}\"},\"query-input\":\"required name=search_term_string\"}],\"inLanguage\":\"es-MX\"},{\"@type\":\"ImageObject\",\"@id\":\"https:\/\/reflejodemichoacan.com\/index.php\/2022\/12\/03\/invita-sectur-a-vivir-el-fin-de-ano-en-michoacan\/#primaryimage\",\"inLanguage\":\"es-MX\",\"url\":\"https:\/\/reflejodemichoacan.com\/wp-content\/uploads\/2022\/12\/nacimiento.jpg\",\"contentUrl\":\"https:\/\/reflejodemichoacan.com\/wp-content\/uploads\/2022\/12\/nacimiento.jpg\",\"width\":1024,\"height\":574},{\"@type\":\"WebPage\",\"@id\":\"https:\/\/reflejodemichoacan.com\/index.php\/2022\/12\/03\/invita-sectur-a-vivir-el-fin-de-ano-en-michoacan\/#webpage\",\"url\":\"https:\/\/reflejodemichoacan.com\/index.php\/2022\/12\/03\/invita-sectur-a-vivir-el-fin-de-ano-en-michoacan\/\",\"name\":\"Invita Sectur a vivir el Fin de A\\u00f1o en Michoac\\u00e1n - Reflejo de Michoac\\u00e1n\",\"isPartOf\":{\"@id\":\"https:\/\/reflejodemichoacan.com\/#website\"},\"primaryImageOfPage\":{\"@id\":\"https:\/\/reflejodemichoacan.com\/index.php\/2022\/12\/03\/invita-sectur-a-vivir-el-fin-de-ano-en-michoacan\/#primaryimage\"},\"datePublished\":\"2022-12-03T00:36:02+00:00\",\"dateModified\":\"2022-12-03T00:36:04+00:00\",\"author\":{\"@id\":\"https:\/\/reflejodemichoacan.com\/#\/schema\/person\/72d921e8fe99bd6e2e39bcde8995046f\"},\"breadcrumb\":{\"@id\":\"https:\/\/reflejodemichoacan.com\/index.php\/2022\/12\/03\/invita-sectur-a-vivir-el-fin-de-ano-en-michoacan\/#breadcrumb\"},\"inLanguage\":\"es-MX\",\"potentialAction\":[{\"@type\":\"ReadAction\",\"target\":[\"https:\/\/reflejodemichoacan.com\/index.php\/2022\/12\/03\/invita-sectur-a-vivir-el-fin-de-ano-en-michoacan\/\"]}]},{\"@type\":\"BreadcrumbList\",\"@id\":\"https:\/\/reflejodemichoacan.com\/index.php\/2022\/12\/03\/invita-sectur-a-vivir-el-fin-de-ano-en-michoacan\/#breadcrumb\",\"itemListElement\":[{\"@type\":\"ListItem\",\"position\":1,\"name\":\"Inicio\",\"item\":\"https:\/\/reflejodemichoacan.com\/\"},{\"@type\":\"ListItem\",\"position\":2,\"name\":\"Invita Sectur a vivir el Fin de A\\u00f1o en Michoac\\u00e1n\"}]},{\"@type\":\"Person\",\"@id\":\"https:\/\/reflejodemichoacan.com\/#\/schema\/person\/72d921e8fe99bd6e2e39bcde8995046f\",\"name\":\"Aurora\",\"image\":{\"@type\":\"ImageObject\",\"@id\":\"https:\/\/reflejodemichoacan.com\/#personlogo\",\"inLanguage\":\"es-MX\",\"url\":\"https:\/\/secure.gravatar.com\/avatar\/df5ceb9b998be27b25dd258a6b4b0a95?s=96&d=mm&r=g\",\"contentUrl\":\"https:\/\/secure.gravatar.com\/avatar\/df5ceb9b998be27b25dd258a6b4b0a95?s=96&d=mm&r=g\",\"caption\":\"Aurora\"},\"sameAs\":[\"http:\/\/reflejodemichoacan.com\"],\"url\":\"https:\/\/reflejodemichoacan.com\/index.php\/author\/rixwm7qvsq\/\"}]}<\/script>\n<!-- \/ Yoast SEO plugin. -->","yoast_head_json":{"title":"Invita Sectur a vivir el Fin de A\u00f1o en Michoac\u00e1n - Reflejo de Michoac\u00e1n","robots":{"index":"index","follow":"follow","max-snippet":"max-snippet:-1","max-image-preview":"max-image-preview:large","max-video-preview":"max-video-preview:-1"},"canonical":"https:\/\/reflejodemichoacan.com\/index.php\/2022\/12\/03\/invita-sectur-a-vivir-el-fin-de-ano-en-michoacan\/","og_locale":"es_MX","og_type":"article","og_title":"Invita Sectur a vivir el Fin de A\u00f1o en Michoac\u00e1n - Reflejo de Michoac\u00e1n","og_description":"\u00a0\u00a0Morelia Michoac\u00e1n, 2 de diciembre 2022.-\u00a0La Secretar\u00eda de Turismo del Estado invit\u00f3 al p\u00fablico nacional, extranjero y a los propios michoacanos, a vivir las actividades y celebraciones que tiene la entidad para disfrutar el fin de a\u00f1o con tradiciones, cultura y diversi\u00f3n. 1 al 5. Festival del Canje en Acuitzio. Actividades acad\u00e9micas, comerciales, culturales y [&hellip;]","og_url":"https:\/\/reflejodemichoacan.com\/index.php\/2022\/12\/03\/invita-sectur-a-vivir-el-fin-de-ano-en-michoacan\/","og_site_name":"Reflejo de Michoac\u00e1n","article_published_time":"2022-12-03T00:36:02+00:00","article_modified_time":"2022-12-03T00:36:04+00:00","og_image":[{"width":1024,"height":574,"url":"https:\/\/reflejodemichoacan.com\/wp-content\/uploads\/2022\/12\/nacimiento.jpg","type":"image\/jpeg"}],"twitter_card":"summary_large_image","twitter_misc":{"Escrito por":"Aurora","Tiempo de lectura":"3 minutos"},"schema":{"@context":"https:\/\/schema.org","@graph":[{"@type":"WebSite","@id":"https:\/\/reflejodemichoacan.com\/#website","url":"https:\/\/reflejodemichoacan.com\/","name":"Reflejo de Michoac\u00e1n","description":"Medio de comunicaci\u00f3n impreso y digital al servicio de la regi\u00f3n lacustre y Michoac\u00e1n.","potentialAction":[{"@type":"SearchAction","target":{"@type":"EntryPoint","urlTemplate":"https:\/\/reflejodemichoacan.com\/?s={search_term_string}"},"query-input":"required name=search_term_string"}],"inLanguage":"es-MX"},{"@type":"ImageObject","@id":"https:\/\/reflejodemichoacan.com\/index.php\/2022\/12\/03\/invita-sectur-a-vivir-el-fin-de-ano-en-michoacan\/#primaryimage","inLanguage":"es-MX","url":"https:\/\/reflejodemichoacan.com\/wp-content\/uploads\/2022\/12\/nacimiento.jpg","contentUrl":"https:\/\/reflejodemichoacan.com\/wp-content\/uploads\/2022\/12\/nacimiento.jpg","width":1024,"height":574},{"@type":"WebPage","@id":"https:\/\/reflejodemichoacan.com\/index.php\/2022\/12\/03\/invita-sectur-a-vivir-el-fin-de-ano-en-michoacan\/#webpage","url":"https:\/\/reflejodemichoacan.com\/index.php\/2022\/12\/03\/invita-sectur-a-vivir-el-fin-de-ano-en-michoacan\/","name":"Invita Sectur a vivir el Fin de A\u00f1o en Michoac\u00e1n - Reflejo de Michoac\u00e1n","isPartOf":{"@id":"https:\/\/reflejodemichoacan.com\/#website"},"primaryImageOfPage":{"@id":"https:\/\/reflejodemichoacan.com\/index.php\/2022\/12\/03\/invita-sectur-a-vivir-el-fin-de-ano-en-michoacan\/#primaryimage"},"datePublished":"2022-12-03T00:36:02+00:00","dateModified":"2022-12-03T00:36:04+00:00","author":{"@id":"https:\/\/reflejodemichoacan.com\/#\/schema\/person\/72d921e8fe99bd6e2e39bcde8995046f"},"breadcrumb":{"@id":"https:\/\/reflejodemichoacan.com\/index.php\/2022\/12\/03\/invita-sectur-a-vivir-el-fin-de-ano-en-michoacan\/#breadcrumb"},"inLanguage":"es-MX","potentialAction":[{"@type":"ReadAction","target":["https:\/\/reflejodemichoacan.com\/index.php\/2022\/12\/03\/invita-sectur-a-vivir-el-fin-de-ano-en-michoacan\/"]}]},{"@type":"BreadcrumbList","@id":"https:\/\/reflejodemichoacan.com\/index.php\/2022\/12\/03\/invita-sectur-a-vivir-el-fin-de-ano-en-michoacan\/#breadcrumb","itemListElement":[{"@type":"ListItem","position":1,"name":"Inicio","item":"https:\/\/reflejodemichoacan.com\/"},{"@type":"ListItem","position":2,"name":"Invita Sectur a vivir el Fin de A\u00f1o en Michoac\u00e1n"}]},{"@type":"Person","@id":"https:\/\/reflejodemichoacan.com\/#\/schema\/person\/72d921e8fe99bd6e2e39bcde8995046f","name":"Aurora","image":{"@type":"ImageObject","@id":"https:\/\/reflejodemichoacan.com\/#personlogo","inLanguage":"es-MX","url":"https:\/\/secure.gravatar.com\/avatar\/df5ceb9b998be27b25dd258a6b4b0a95?s=96&d=mm&r=g","contentUrl":"https:\/\/secure.gravatar.com\/avatar\/df5ceb9b998be27b25dd258a6b4b0a95?s=96&d=mm&r=g","caption":"Aurora"},"sameAs":["http:\/\/reflejodemichoacan.com"],"url":"https:\/\/reflejodemichoacan.com\/index.php\/author\/rixwm7qvsq\/"}]}},"_links":{"self":[{"href":"https:\/\/reflejodemichoacan.com\/index.php\/wp-json\/wp\/v2\/posts\/10544"}],"collection":[{"href":"https:\/\/reflejodemichoacan.com\/index.php\/wp-json\/wp\/v2\/posts"}],"about":[{"href":"https:\/\/reflejodemichoacan.com\/index.php\/wp-json\/wp\/v2\/types\/post"}],"author":[{"embeddable":true,"href":"https:\/\/reflejodemichoacan.com\/index.php\/wp-json\/wp\/v2\/users\/1"}],"replies":[{"embeddable":true,"href":"https:\/\/reflejodemichoacan.com\/index.php\/wp-json\/wp\/v2\/comments?post=10544"}],"version-history":[{"count":1,"href":"https:\/\/reflejodemichoacan.com\/index.php\/wp-json\/wp\/v2\/posts\/10544\/revisions"}],"predecessor-version":[{"id":10546,"href":"https:\/\/reflejodemichoacan.com\/index.php\/wp-json\/wp\/v2\/posts\/10544\/revisions\/10546"}],"wp:featuredmedia":[{"embeddable":true,"href":"https:\/\/reflejodemichoacan.com\/index.php\/wp-json\/wp\/v2\/media\/10545"}],"wp:attachment":[{"href":"https:\/\/reflejodemichoacan.com\/index.php\/wp-json\/wp\/v2\/media?parent=10544"}],"wp:term":[{"taxonomy":"category","embeddable":true,"href":"https:\/\/reflejodemichoacan.com\/index.php\/wp-json\/wp\/v2\/categories?post=10544"},{"taxonomy":"post_tag","embeddable":true,"href":"https:\/\/reflejodemichoacan.com\/index.php\/wp-json\/wp\/v2\/tags?post=10544"}],"curies":[{"name":"wp","href":"https:\/\/api.w.org\/{rel}","templated":true}]}}