{"id":10547,"date":"2022-12-03T00:40:07","date_gmt":"2022-12-03T00:40:07","guid":{"rendered":"https:\/\/reflejodemichoacan.com\/?p=10547"},"modified":"2022-12-03T00:40:10","modified_gmt":"2022-12-03T00:40:10","slug":"feria-del-pulque-mezcal-y-cocineras-tradicionales-en-tarimbaro","status":"publish","type":"post","link":"https:\/\/reflejodemichoacan.com\/index.php\/2022\/12\/03\/feria-del-pulque-mezcal-y-cocineras-tradicionales-en-tarimbaro\/","title":{"rendered":"Feria del Pulque, Mezcal y Cocineras Tradicionales en Tar\u00edmbaro"},"content":{"rendered":"\n<p><strong>\u00a0Morelia Michoac\u00e1n, 2 de diciembre de 2022.<\/strong>&#8211; El municipio de Tar\u00edmbaro inici\u00f3 diciembre de manera festiva con su Feria del Pulque, Mezcal y Cocineras Tradicionales, que se lleva a cabo del 2 al 4 de diciembre.<\/p>\n\n\n\n<p>El evento tiene lugar en la plaza principal del municipio, con 140 stands para ofrecer pulque, mezcal, gastronom\u00eda y artesan\u00edas.<\/p>\n\n\n\n<p>Las muestras gastron\u00f3micas comienzan a la hora de la comida este viernes y s\u00e1bado, a las 14:30 horas en la Plaza Principal, donde tambi\u00e9n habr\u00e1 Torito de Petate y Banda de Viento. El domingo, la muestra gastron\u00f3mica ofrecer\u00e1 servicio desde el desayuno.<\/p>\n\n\n\n<p>El pulque destaca en la gastronom\u00eda de la regi\u00f3n, junto con los tamales de pulque, carnitas y \u201ccurados\u201d de cacahuate, azul, guayaba, fresa, guisado, caf\u00e9, pi\u00f1a, maracuy\u00e1, zarzamora, mazap\u00e1n, entre otros.&nbsp;<\/p>\n\n\n\n<p>El objetivo de la feria es refrendar a Tar\u00edmbaro como zona tur\u00edstica, adem\u00e1s de ser conocido por la elaboraci\u00f3n del pulque, el mezcal y cuna del carnaval de torito de petate.&nbsp;<\/p>\n\n\n\n<p>PROGRAMA<br>Viernes 2 de Diciembre<br>-13:30 a 14:30 horas. Recorrido con torito de petate y banda, partiendo de la primaria Enrique Ramirez.<br>-14:30 &#8211; 15:00 horas. Inauguraci\u00f3n de la 7\u00b0 Edici\u00f3n de la Feria del Pulque, El Mezcal y La Cocina Tradicional Capa de maguey Corte de list\u00f3n.&nbsp;<br>-15:00 a 15:30 horas. Final de canto.<br>-18:00 horas. Titerelia.<br>-18:30 a 20:30 horas. Mart\u00edn Guijosa, imitador de Juan Gabriel.&nbsp;<\/p>\n\n\n\n<p>S\u00e1bado 3 de diciembre&nbsp;<br>-15:00 a 16:00 horas. Presentaci\u00f3n de la banda y el torito de petate de Tar\u00edmbaro.&nbsp;<br>-16:00 a 17:00 horas. Grupo \u201cAlegres de Morelia\u201d.&nbsp;<br>-17:00 a 18:00 horas. Concurso &#8220;Hora del aficionado&#8221;.<br>-18:30 a 20:30 pm. Grupo norte\u00f1o.<\/p>\n\n\n\n<p>Domingo 4 de diciembre&nbsp;<br>-8:30 horas. Carrera Familiar de colores \u201cCorre, trota o camina\u201d 2.&nbsp;<br>-15:00 a 16:00 horas. Toro y banda 3.&nbsp;<br>-16:00 a 17:00 horas. Grupo Vers\u00e1til Orus.&nbsp;<br>-17:00 a 18:00 horas. Presentaci\u00f3n de folclore misi\u00f3n cultural.<br>-19:00 a 21:00 horas. Baile (Banda).<\/p>\n","protected":false},"excerpt":{"rendered":"<p>\u00a0Morelia Michoac\u00e1n, 2 de diciembre de 2022.&#8211; El municipio de Tar\u00edmbaro inici\u00f3 diciembre de manera festiva con su Feria del Pulque, Mezcal y Cocineras Tradicionales, que se lleva a cabo del 2 al 4 de diciembre. El evento tiene lugar en la plaza principal del municipio, con 140 stands para ofrecer pulque, mezcal, gastronom\u00eda y [&hellip;]<\/p>\n","protected":false},"author":1,"featured_media":10548,"comment_status":"open","ping_status":"closed","sticky":false,"template":"","format":"standard","meta":[],"categories":[1],"tags":[],"yoast_head":"<!-- This site is optimized with the Yoast SEO plugin v17.9 - https:\/\/yoast.com\/wordpress\/plugins\/seo\/ -->\n<title>Feria del Pulque, Mezcal y Cocineras Tradicionales en Tar\u00edmbaro - Reflejo de Michoac\u00e1n<\/title>\n<meta name=\"robots\" content=\"index, follow, max-snippet:-1, max-image-preview:large, max-video-preview:-1\" \/>\n<link rel=\"canonical\" href=\"https:\/\/reflejodemichoacan.com\/index.php\/2022\/12\/03\/feria-del-pulque-mezcal-y-cocineras-tradicionales-en-tarimbaro\/\" \/>\n<meta property=\"og:locale\" content=\"es_MX\" \/>\n<meta property=\"og:type\" content=\"article\" \/>\n<meta property=\"og:title\" content=\"Feria del Pulque, Mezcal y Cocineras Tradicionales en Tar\u00edmbaro - Reflejo de Michoac\u00e1n\" \/>\n<meta property=\"og:description\" content=\"\u00a0Morelia Michoac\u00e1n, 2 de diciembre de 2022.&#8211; El municipio de Tar\u00edmbaro inici\u00f3 diciembre de manera festiva con su Feria del Pulque, Mezcal y Cocineras Tradicionales, que se lleva a cabo del 2 al 4 de diciembre. El evento tiene lugar en la plaza principal del municipio, con 140 stands para ofrecer pulque, mezcal, gastronom\u00eda y [&hellip;]\" \/>\n<meta property=\"og:url\" content=\"https:\/\/reflejodemichoacan.com\/index.php\/2022\/12\/03\/feria-del-pulque-mezcal-y-cocineras-tradicionales-en-tarimbaro\/\" \/>\n<meta property=\"og:site_name\" content=\"Reflejo de Michoac\u00e1n\" \/>\n<meta property=\"article:published_time\" content=\"2022-12-03T00:40:07+00:00\" \/>\n<meta property=\"article:modified_time\" content=\"2022-12-03T00:40:10+00:00\" \/>\n<meta property=\"og:image\" content=\"https:\/\/reflejodemichoacan.com\/wp-content\/uploads\/2022\/12\/pulque.jpg\" \/>\n\t<meta property=\"og:image:width\" content=\"960\" \/>\n\t<meta property=\"og:image:height\" content=\"640\" \/>\n\t<meta property=\"og:image:type\" content=\"image\/jpeg\" \/>\n<meta name=\"twitter:card\" content=\"summary_large_image\" \/>\n<meta name=\"twitter:label1\" content=\"Escrito por\" \/>\n\t<meta name=\"twitter:data1\" content=\"Aurora\" \/>\n\t<meta name=\"twitter:label2\" content=\"Tiempo de lectura\" \/>\n\t<meta name=\"twitter:data2\" content=\"2 minutos\" \/>\n<script type=\"application\/ld+json\" class=\"yoast-schema-graph\">{\"@context\":\"https:\/\/schema.org\",\"@graph\":[{\"@type\":\"WebSite\",\"@id\":\"https:\/\/reflejodemichoacan.com\/#website\",\"url\":\"https:\/\/reflejodemichoacan.com\/\",\"name\":\"Reflejo de Michoac\\u00e1n\",\"description\":\"Medio de comunicaci\\u00f3n impreso y digital al servicio de la regi\\u00f3n lacustre y Michoac\\u00e1n.\",\"potentialAction\":[{\"@type\":\"SearchAction\",\"target\":{\"@type\":\"EntryPoint\",\"urlTemplate\":\"https:\/\/reflejodemichoacan.com\/?s={search_term_string}\"},\"query-input\":\"required name=search_term_string\"}],\"inLanguage\":\"es-MX\"},{\"@type\":\"ImageObject\",\"@id\":\"https:\/\/reflejodemichoacan.com\/index.php\/2022\/12\/03\/feria-del-pulque-mezcal-y-cocineras-tradicionales-en-tarimbaro\/#primaryimage\",\"inLanguage\":\"es-MX\",\"url\":\"https:\/\/reflejodemichoacan.com\/wp-content\/uploads\/2022\/12\/pulque.jpg\",\"contentUrl\":\"https:\/\/reflejodemichoacan.com\/wp-content\/uploads\/2022\/12\/pulque.jpg\",\"width\":960,\"height\":640},{\"@type\":\"WebPage\",\"@id\":\"https:\/\/reflejodemichoacan.com\/index.php\/2022\/12\/03\/feria-del-pulque-mezcal-y-cocineras-tradicionales-en-tarimbaro\/#webpage\",\"url\":\"https:\/\/reflejodemichoacan.com\/index.php\/2022\/12\/03\/feria-del-pulque-mezcal-y-cocineras-tradicionales-en-tarimbaro\/\",\"name\":\"Feria del Pulque, Mezcal y Cocineras Tradicionales en Tar\\u00edmbaro - Reflejo de Michoac\\u00e1n\",\"isPartOf\":{\"@id\":\"https:\/\/reflejodemichoacan.com\/#website\"},\"primaryImageOfPage\":{\"@id\":\"https:\/\/reflejodemichoacan.com\/index.php\/2022\/12\/03\/feria-del-pulque-mezcal-y-cocineras-tradicionales-en-tarimbaro\/#primaryimage\"},\"datePublished\":\"2022-12-03T00:40:07+00:00\",\"dateModified\":\"2022-12-03T00:40:10+00:00\",\"author\":{\"@id\":\"https:\/\/reflejodemichoacan.com\/#\/schema\/person\/72d921e8fe99bd6e2e39bcde8995046f\"},\"breadcrumb\":{\"@id\":\"https:\/\/reflejodemichoacan.com\/index.php\/2022\/12\/03\/feria-del-pulque-mezcal-y-cocineras-tradicionales-en-tarimbaro\/#breadcrumb\"},\"inLanguage\":\"es-MX\",\"potentialAction\":[{\"@type\":\"ReadAction\",\"target\":[\"https:\/\/reflejodemichoacan.com\/index.php\/2022\/12\/03\/feria-del-pulque-mezcal-y-cocineras-tradicionales-en-tarimbaro\/\"]}]},{\"@type\":\"BreadcrumbList\",\"@id\":\"https:\/\/reflejodemichoacan.com\/index.php\/2022\/12\/03\/feria-del-pulque-mezcal-y-cocineras-tradicionales-en-tarimbaro\/#breadcrumb\",\"itemListElement\":[{\"@type\":\"ListItem\",\"position\":1,\"name\":\"Inicio\",\"item\":\"https:\/\/reflejodemichoacan.com\/\"},{\"@type\":\"ListItem\",\"position\":2,\"name\":\"Feria del Pulque, Mezcal y Cocineras Tradicionales en Tar\\u00edmbaro\"}]},{\"@type\":\"Person\",\"@id\":\"https:\/\/reflejodemichoacan.com\/#\/schema\/person\/72d921e8fe99bd6e2e39bcde8995046f\",\"name\":\"Aurora\",\"image\":{\"@type\":\"ImageObject\",\"@id\":\"https:\/\/reflejodemichoacan.com\/#personlogo\",\"inLanguage\":\"es-MX\",\"url\":\"https:\/\/secure.gravatar.com\/avatar\/df5ceb9b998be27b25dd258a6b4b0a95?s=96&d=mm&r=g\",\"contentUrl\":\"https:\/\/secure.gravatar.com\/avatar\/df5ceb9b998be27b25dd258a6b4b0a95?s=96&d=mm&r=g\",\"caption\":\"Aurora\"},\"sameAs\":[\"http:\/\/reflejodemichoacan.com\"],\"url\":\"https:\/\/reflejodemichoacan.com\/index.php\/author\/rixwm7qvsq\/\"}]}<\/script>\n<!-- \/ Yoast SEO plugin. -->","yoast_head_json":{"title":"Feria del Pulque, Mezcal y Cocineras Tradicionales en Tar\u00edmbaro - Reflejo de Michoac\u00e1n","robots":{"index":"index","follow":"follow","max-snippet":"max-snippet:-1","max-image-preview":"max-image-preview:large","max-video-preview":"max-video-preview:-1"},"canonical":"https:\/\/reflejodemichoacan.com\/index.php\/2022\/12\/03\/feria-del-pulque-mezcal-y-cocineras-tradicionales-en-tarimbaro\/","og_locale":"es_MX","og_type":"article","og_title":"Feria del Pulque, Mezcal y Cocineras Tradicionales en Tar\u00edmbaro - Reflejo de Michoac\u00e1n","og_description":"\u00a0Morelia Michoac\u00e1n, 2 de diciembre de 2022.&#8211; El municipio de Tar\u00edmbaro inici\u00f3 diciembre de manera festiva con su Feria del Pulque, Mezcal y Cocineras Tradicionales, que se lleva a cabo del 2 al 4 de diciembre. El evento tiene lugar en la plaza principal del municipio, con 140 stands para ofrecer pulque, mezcal, gastronom\u00eda y [&hellip;]","og_url":"https:\/\/reflejodemichoacan.com\/index.php\/2022\/12\/03\/feria-del-pulque-mezcal-y-cocineras-tradicionales-en-tarimbaro\/","og_site_name":"Reflejo de Michoac\u00e1n","article_published_time":"2022-12-03T00:40:07+00:00","article_modified_time":"2022-12-03T00:40:10+00:00","og_image":[{"width":960,"height":640,"url":"https:\/\/reflejodemichoacan.com\/wp-content\/uploads\/2022\/12\/pulque.jpg","type":"image\/jpeg"}],"twitter_card":"summary_large_image","twitter_misc":{"Escrito por":"Aurora","Tiempo de lectura":"2 minutos"},"schema":{"@context":"https:\/\/schema.org","@graph":[{"@type":"WebSite","@id":"https:\/\/reflejodemichoacan.com\/#website","url":"https:\/\/reflejodemichoacan.com\/","name":"Reflejo de Michoac\u00e1n","description":"Medio de comunicaci\u00f3n impreso y digital al servicio de la regi\u00f3n lacustre y Michoac\u00e1n.","potentialAction":[{"@type":"SearchAction","target":{"@type":"EntryPoint","urlTemplate":"https:\/\/reflejodemichoacan.com\/?s={search_term_string}"},"query-input":"required name=search_term_string"}],"inLanguage":"es-MX"},{"@type":"ImageObject","@id":"https:\/\/reflejodemichoacan.com\/index.php\/2022\/12\/03\/feria-del-pulque-mezcal-y-cocineras-tradicionales-en-tarimbaro\/#primaryimage","inLanguage":"es-MX","url":"https:\/\/reflejodemichoacan.com\/wp-content\/uploads\/2022\/12\/pulque.jpg","contentUrl":"https:\/\/reflejodemichoacan.com\/wp-content\/uploads\/2022\/12\/pulque.jpg","width":960,"height":640},{"@type":"WebPage","@id":"https:\/\/reflejodemichoacan.com\/index.php\/2022\/12\/03\/feria-del-pulque-mezcal-y-cocineras-tradicionales-en-tarimbaro\/#webpage","url":"https:\/\/reflejodemichoacan.com\/index.php\/2022\/12\/03\/feria-del-pulque-mezcal-y-cocineras-tradicionales-en-tarimbaro\/","name":"Feria del Pulque, Mezcal y Cocineras Tradicionales en Tar\u00edmbaro - Reflejo de Michoac\u00e1n","isPartOf":{"@id":"https:\/\/reflejodemichoacan.com\/#website"},"primaryImageOfPage":{"@id":"https:\/\/reflejodemichoacan.com\/index.php\/2022\/12\/03\/feria-del-pulque-mezcal-y-cocineras-tradicionales-en-tarimbaro\/#primaryimage"},"datePublished":"2022-12-03T00:40:07+00:00","dateModified":"2022-12-03T00:40:10+00:00","author":{"@id":"https:\/\/reflejodemichoacan.com\/#\/schema\/person\/72d921e8fe99bd6e2e39bcde8995046f"},"breadcrumb":{"@id":"https:\/\/reflejodemichoacan.com\/index.php\/2022\/12\/03\/feria-del-pulque-mezcal-y-cocineras-tradicionales-en-tarimbaro\/#breadcrumb"},"inLanguage":"es-MX","potentialAction":[{"@type":"ReadAction","target":["https:\/\/reflejodemichoacan.com\/index.php\/2022\/12\/03\/feria-del-pulque-mezcal-y-cocineras-tradicionales-en-tarimbaro\/"]}]},{"@type":"BreadcrumbList","@id":"https:\/\/reflejodemichoacan.com\/index.php\/2022\/12\/03\/feria-del-pulque-mezcal-y-cocineras-tradicionales-en-tarimbaro\/#breadcrumb","itemListElement":[{"@type":"ListItem","position":1,"name":"Inicio","item":"https:\/\/reflejodemichoacan.com\/"},{"@type":"ListItem","position":2,"name":"Feria del Pulque, Mezcal y Cocineras Tradicionales en Tar\u00edmbaro"}]},{"@type":"Person","@id":"https:\/\/reflejodemichoacan.com\/#\/schema\/person\/72d921e8fe99bd6e2e39bcde8995046f","name":"Aurora","image":{"@type":"ImageObject","@id":"https:\/\/reflejodemichoacan.com\/#personlogo","inLanguage":"es-MX","url":"https:\/\/secure.gravatar.com\/avatar\/df5ceb9b998be27b25dd258a6b4b0a95?s=96&d=mm&r=g","contentUrl":"https:\/\/secure.gravatar.com\/avatar\/df5ceb9b998be27b25dd258a6b4b0a95?s=96&d=mm&r=g","caption":"Aurora"},"sameAs":["http:\/\/reflejodemichoacan.com"],"url":"https:\/\/reflejodemichoacan.com\/index.php\/author\/rixwm7qvsq\/"}]}},"_links":{"self":[{"href":"https:\/\/reflejodemichoacan.com\/index.php\/wp-json\/wp\/v2\/posts\/10547"}],"collection":[{"href":"https:\/\/reflejodemichoacan.com\/index.php\/wp-json\/wp\/v2\/posts"}],"about":[{"href":"https:\/\/reflejodemichoacan.com\/index.php\/wp-json\/wp\/v2\/types\/post"}],"author":[{"embeddable":true,"href":"https:\/\/reflejodemichoacan.com\/index.php\/wp-json\/wp\/v2\/users\/1"}],"replies":[{"embeddable":true,"href":"https:\/\/reflejodemichoacan.com\/index.php\/wp-json\/wp\/v2\/comments?post=10547"}],"version-history":[{"count":1,"href":"https:\/\/reflejodemichoacan.com\/index.php\/wp-json\/wp\/v2\/posts\/10547\/revisions"}],"predecessor-version":[{"id":10549,"href":"https:\/\/reflejodemichoacan.com\/index.php\/wp-json\/wp\/v2\/posts\/10547\/revisions\/10549"}],"wp:featuredmedia":[{"embeddable":true,"href":"https:\/\/reflejodemichoacan.com\/index.php\/wp-json\/wp\/v2\/media\/10548"}],"wp:attachment":[{"href":"https:\/\/reflejodemichoacan.com\/index.php\/wp-json\/wp\/v2\/media?parent=10547"}],"wp:term":[{"taxonomy":"category","embeddable":true,"href":"https:\/\/reflejodemichoacan.com\/index.php\/wp-json\/wp\/v2\/categories?post=10547"},{"taxonomy":"post_tag","embeddable":true,"href":"https:\/\/reflejodemichoacan.com\/index.php\/wp-json\/wp\/v2\/tags?post=10547"}],"curies":[{"name":"wp","href":"https:\/\/api.w.org\/{rel}","templated":true}]}}