{"id":10550,"date":"2022-12-03T00:52:21","date_gmt":"2022-12-03T00:52:21","guid":{"rendered":"https:\/\/reflejodemichoacan.com\/?p=10550"},"modified":"2022-12-03T00:52:26","modified_gmt":"2022-12-03T00:52:26","slug":"la-diputada-anabey-garcia-lleva-su-informe-de-manera-directa-a-la-ciudadania","status":"publish","type":"post","link":"https:\/\/reflejodemichoacan.com\/index.php\/2022\/12\/03\/la-diputada-anabey-garcia-lleva-su-informe-de-manera-directa-a-la-ciudadania\/","title":{"rendered":"La diputada Anabey Garc\u00eda lleva su informe de manera directa a la ciudadan\u00eda"},"content":{"rendered":"\n<p>P\u00e1tzcuaro, Mich., diciembre del 2022.- La diputada federal Anabey Garc\u00eda Velasco, concluy\u00f3 su gira por los diferentes municipios de la regi\u00f3n lacustre, a donde llev\u00f3 de manera personal y directa su primer informe legislativo a los ciudadanos, a quienes entreg\u00f3 dicho informe y escuch\u00f3 diversos planteamientos.<\/p>\n\n\n\n<p>La Diputada Federal, originaria de P\u00e1tzcuaro, visit\u00f3 los municipios y comunidades de Salvador Escalante, Quiroga, Lagunillas, Huiramba y por supuesto P\u00e1tzcuaro.<\/p>\n\n\n\n<p>Al concluir este recorrido, manifest\u00f3: &#8220;quise hacer un informe ciudadano en donde pudiera saludarles personalmente, escuchar sus necesidades e informarles a cada uno sobre el trabajo que estoy haciendo en la C\u00e1mara de Diputados como su representante, decirles que no est\u00e1n solos, he levantado la voz para que regresen las instancias infantiles, el seguro popular, entre otros programas sociales que beneficiaban a las familias mexicanas y el partido en el poder ha desaparecido&#8221;. <\/p>\n\n\n\n<p>A\u00f1adi\u00f3 la diputada que seguir\u00e1 trabajando de manera firme y comprometida en beneficio de las y los mexicanos.<\/p>\n","protected":false},"excerpt":{"rendered":"<p>P\u00e1tzcuaro, Mich., diciembre del 2022.- La diputada federal Anabey Garc\u00eda Velasco, concluy\u00f3 su gira por los diferentes municipios de la regi\u00f3n lacustre, a donde llev\u00f3 de manera personal y directa su primer informe legislativo a los ciudadanos, a quienes entreg\u00f3 dicho informe y escuch\u00f3 diversos planteamientos. La Diputada Federal, originaria de P\u00e1tzcuaro, visit\u00f3 los municipios [&hellip;]<\/p>\n","protected":false},"author":1,"featured_media":10551,"comment_status":"open","ping_status":"closed","sticky":false,"template":"","format":"standard","meta":[],"categories":[1],"tags":[],"yoast_head":"<!-- This site is optimized with the Yoast SEO plugin v17.9 - https:\/\/yoast.com\/wordpress\/plugins\/seo\/ -->\n<title>La diputada Anabey Garc\u00eda lleva su informe de manera directa a la ciudadan\u00eda - Reflejo de Michoac\u00e1n<\/title>\n<meta name=\"robots\" content=\"index, follow, max-snippet:-1, max-image-preview:large, max-video-preview:-1\" \/>\n<link rel=\"canonical\" href=\"https:\/\/reflejodemichoacan.com\/index.php\/2022\/12\/03\/la-diputada-anabey-garcia-lleva-su-informe-de-manera-directa-a-la-ciudadania\/\" \/>\n<meta property=\"og:locale\" content=\"es_MX\" \/>\n<meta property=\"og:type\" content=\"article\" \/>\n<meta property=\"og:title\" content=\"La diputada Anabey Garc\u00eda lleva su informe de manera directa a la ciudadan\u00eda - Reflejo de Michoac\u00e1n\" \/>\n<meta property=\"og:description\" content=\"P\u00e1tzcuaro, Mich., diciembre del 2022.- La diputada federal Anabey Garc\u00eda Velasco, concluy\u00f3 su gira por los diferentes municipios de la regi\u00f3n lacustre, a donde llev\u00f3 de manera personal y directa su primer informe legislativo a los ciudadanos, a quienes entreg\u00f3 dicho informe y escuch\u00f3 diversos planteamientos. La Diputada Federal, originaria de P\u00e1tzcuaro, visit\u00f3 los municipios [&hellip;]\" \/>\n<meta property=\"og:url\" content=\"https:\/\/reflejodemichoacan.com\/index.php\/2022\/12\/03\/la-diputada-anabey-garcia-lleva-su-informe-de-manera-directa-a-la-ciudadania\/\" \/>\n<meta property=\"og:site_name\" content=\"Reflejo de Michoac\u00e1n\" \/>\n<meta property=\"article:published_time\" content=\"2022-12-03T00:52:21+00:00\" \/>\n<meta property=\"article:modified_time\" content=\"2022-12-03T00:52:26+00:00\" \/>\n<meta property=\"og:image\" content=\"https:\/\/reflejodemichoacan.com\/wp-content\/uploads\/2022\/12\/bey.jpg\" \/>\n\t<meta property=\"og:image:width\" content=\"1024\" \/>\n\t<meta property=\"og:image:height\" content=\"768\" \/>\n\t<meta property=\"og:image:type\" content=\"image\/jpeg\" \/>\n<meta name=\"twitter:card\" content=\"summary_large_image\" \/>\n<meta name=\"twitter:label1\" content=\"Escrito por\" \/>\n\t<meta name=\"twitter:data1\" content=\"Aurora\" \/>\n\t<meta name=\"twitter:label2\" content=\"Tiempo de lectura\" \/>\n\t<meta name=\"twitter:data2\" content=\"1 minuto\" \/>\n<script type=\"application\/ld+json\" class=\"yoast-schema-graph\">{\"@context\":\"https:\/\/schema.org\",\"@graph\":[{\"@type\":\"WebSite\",\"@id\":\"https:\/\/reflejodemichoacan.com\/#website\",\"url\":\"https:\/\/reflejodemichoacan.com\/\",\"name\":\"Reflejo de Michoac\\u00e1n\",\"description\":\"Medio de comunicaci\\u00f3n impreso y digital al servicio de la regi\\u00f3n lacustre y Michoac\\u00e1n.\",\"potentialAction\":[{\"@type\":\"SearchAction\",\"target\":{\"@type\":\"EntryPoint\",\"urlTemplate\":\"https:\/\/reflejodemichoacan.com\/?s={search_term_string}\"},\"query-input\":\"required name=search_term_string\"}],\"inLanguage\":\"es-MX\"},{\"@type\":\"ImageObject\",\"@id\":\"https:\/\/reflejodemichoacan.com\/index.php\/2022\/12\/03\/la-diputada-anabey-garcia-lleva-su-informe-de-manera-directa-a-la-ciudadania\/#primaryimage\",\"inLanguage\":\"es-MX\",\"url\":\"https:\/\/reflejodemichoacan.com\/wp-content\/uploads\/2022\/12\/bey.jpg\",\"contentUrl\":\"https:\/\/reflejodemichoacan.com\/wp-content\/uploads\/2022\/12\/bey.jpg\",\"width\":1024,\"height\":768},{\"@type\":\"WebPage\",\"@id\":\"https:\/\/reflejodemichoacan.com\/index.php\/2022\/12\/03\/la-diputada-anabey-garcia-lleva-su-informe-de-manera-directa-a-la-ciudadania\/#webpage\",\"url\":\"https:\/\/reflejodemichoacan.com\/index.php\/2022\/12\/03\/la-diputada-anabey-garcia-lleva-su-informe-de-manera-directa-a-la-ciudadania\/\",\"name\":\"La diputada Anabey Garc\\u00eda lleva su informe de manera directa a la ciudadan\\u00eda - Reflejo de Michoac\\u00e1n\",\"isPartOf\":{\"@id\":\"https:\/\/reflejodemichoacan.com\/#website\"},\"primaryImageOfPage\":{\"@id\":\"https:\/\/reflejodemichoacan.com\/index.php\/2022\/12\/03\/la-diputada-anabey-garcia-lleva-su-informe-de-manera-directa-a-la-ciudadania\/#primaryimage\"},\"datePublished\":\"2022-12-03T00:52:21+00:00\",\"dateModified\":\"2022-12-03T00:52:26+00:00\",\"author\":{\"@id\":\"https:\/\/reflejodemichoacan.com\/#\/schema\/person\/72d921e8fe99bd6e2e39bcde8995046f\"},\"breadcrumb\":{\"@id\":\"https:\/\/reflejodemichoacan.com\/index.php\/2022\/12\/03\/la-diputada-anabey-garcia-lleva-su-informe-de-manera-directa-a-la-ciudadania\/#breadcrumb\"},\"inLanguage\":\"es-MX\",\"potentialAction\":[{\"@type\":\"ReadAction\",\"target\":[\"https:\/\/reflejodemichoacan.com\/index.php\/2022\/12\/03\/la-diputada-anabey-garcia-lleva-su-informe-de-manera-directa-a-la-ciudadania\/\"]}]},{\"@type\":\"BreadcrumbList\",\"@id\":\"https:\/\/reflejodemichoacan.com\/index.php\/2022\/12\/03\/la-diputada-anabey-garcia-lleva-su-informe-de-manera-directa-a-la-ciudadania\/#breadcrumb\",\"itemListElement\":[{\"@type\":\"ListItem\",\"position\":1,\"name\":\"Inicio\",\"item\":\"https:\/\/reflejodemichoacan.com\/\"},{\"@type\":\"ListItem\",\"position\":2,\"name\":\"La diputada Anabey Garc\\u00eda lleva su informe de manera directa a la ciudadan\\u00eda\"}]},{\"@type\":\"Person\",\"@id\":\"https:\/\/reflejodemichoacan.com\/#\/schema\/person\/72d921e8fe99bd6e2e39bcde8995046f\",\"name\":\"Aurora\",\"image\":{\"@type\":\"ImageObject\",\"@id\":\"https:\/\/reflejodemichoacan.com\/#personlogo\",\"inLanguage\":\"es-MX\",\"url\":\"https:\/\/secure.gravatar.com\/avatar\/df5ceb9b998be27b25dd258a6b4b0a95?s=96&d=mm&r=g\",\"contentUrl\":\"https:\/\/secure.gravatar.com\/avatar\/df5ceb9b998be27b25dd258a6b4b0a95?s=96&d=mm&r=g\",\"caption\":\"Aurora\"},\"sameAs\":[\"http:\/\/reflejodemichoacan.com\"],\"url\":\"https:\/\/reflejodemichoacan.com\/index.php\/author\/rixwm7qvsq\/\"}]}<\/script>\n<!-- \/ Yoast SEO plugin. -->","yoast_head_json":{"title":"La diputada Anabey Garc\u00eda lleva su informe de manera directa a la ciudadan\u00eda - Reflejo de Michoac\u00e1n","robots":{"index":"index","follow":"follow","max-snippet":"max-snippet:-1","max-image-preview":"max-image-preview:large","max-video-preview":"max-video-preview:-1"},"canonical":"https:\/\/reflejodemichoacan.com\/index.php\/2022\/12\/03\/la-diputada-anabey-garcia-lleva-su-informe-de-manera-directa-a-la-ciudadania\/","og_locale":"es_MX","og_type":"article","og_title":"La diputada Anabey Garc\u00eda lleva su informe de manera directa a la ciudadan\u00eda - Reflejo de Michoac\u00e1n","og_description":"P\u00e1tzcuaro, Mich., diciembre del 2022.- La diputada federal Anabey Garc\u00eda Velasco, concluy\u00f3 su gira por los diferentes municipios de la regi\u00f3n lacustre, a donde llev\u00f3 de manera personal y directa su primer informe legislativo a los ciudadanos, a quienes entreg\u00f3 dicho informe y escuch\u00f3 diversos planteamientos. La Diputada Federal, originaria de P\u00e1tzcuaro, visit\u00f3 los municipios [&hellip;]","og_url":"https:\/\/reflejodemichoacan.com\/index.php\/2022\/12\/03\/la-diputada-anabey-garcia-lleva-su-informe-de-manera-directa-a-la-ciudadania\/","og_site_name":"Reflejo de Michoac\u00e1n","article_published_time":"2022-12-03T00:52:21+00:00","article_modified_time":"2022-12-03T00:52:26+00:00","og_image":[{"width":1024,"height":768,"url":"https:\/\/reflejodemichoacan.com\/wp-content\/uploads\/2022\/12\/bey.jpg","type":"image\/jpeg"}],"twitter_card":"summary_large_image","twitter_misc":{"Escrito por":"Aurora","Tiempo de lectura":"1 minuto"},"schema":{"@context":"https:\/\/schema.org","@graph":[{"@type":"WebSite","@id":"https:\/\/reflejodemichoacan.com\/#website","url":"https:\/\/reflejodemichoacan.com\/","name":"Reflejo de Michoac\u00e1n","description":"Medio de comunicaci\u00f3n impreso y digital al servicio de la regi\u00f3n lacustre y Michoac\u00e1n.","potentialAction":[{"@type":"SearchAction","target":{"@type":"EntryPoint","urlTemplate":"https:\/\/reflejodemichoacan.com\/?s={search_term_string}"},"query-input":"required name=search_term_string"}],"inLanguage":"es-MX"},{"@type":"ImageObject","@id":"https:\/\/reflejodemichoacan.com\/index.php\/2022\/12\/03\/la-diputada-anabey-garcia-lleva-su-informe-de-manera-directa-a-la-ciudadania\/#primaryimage","inLanguage":"es-MX","url":"https:\/\/reflejodemichoacan.com\/wp-content\/uploads\/2022\/12\/bey.jpg","contentUrl":"https:\/\/reflejodemichoacan.com\/wp-content\/uploads\/2022\/12\/bey.jpg","width":1024,"height":768},{"@type":"WebPage","@id":"https:\/\/reflejodemichoacan.com\/index.php\/2022\/12\/03\/la-diputada-anabey-garcia-lleva-su-informe-de-manera-directa-a-la-ciudadania\/#webpage","url":"https:\/\/reflejodemichoacan.com\/index.php\/2022\/12\/03\/la-diputada-anabey-garcia-lleva-su-informe-de-manera-directa-a-la-ciudadania\/","name":"La diputada Anabey Garc\u00eda lleva su informe de manera directa a la ciudadan\u00eda - Reflejo de Michoac\u00e1n","isPartOf":{"@id":"https:\/\/reflejodemichoacan.com\/#website"},"primaryImageOfPage":{"@id":"https:\/\/reflejodemichoacan.com\/index.php\/2022\/12\/03\/la-diputada-anabey-garcia-lleva-su-informe-de-manera-directa-a-la-ciudadania\/#primaryimage"},"datePublished":"2022-12-03T00:52:21+00:00","dateModified":"2022-12-03T00:52:26+00:00","author":{"@id":"https:\/\/reflejodemichoacan.com\/#\/schema\/person\/72d921e8fe99bd6e2e39bcde8995046f"},"breadcrumb":{"@id":"https:\/\/reflejodemichoacan.com\/index.php\/2022\/12\/03\/la-diputada-anabey-garcia-lleva-su-informe-de-manera-directa-a-la-ciudadania\/#breadcrumb"},"inLanguage":"es-MX","potentialAction":[{"@type":"ReadAction","target":["https:\/\/reflejodemichoacan.com\/index.php\/2022\/12\/03\/la-diputada-anabey-garcia-lleva-su-informe-de-manera-directa-a-la-ciudadania\/"]}]},{"@type":"BreadcrumbList","@id":"https:\/\/reflejodemichoacan.com\/index.php\/2022\/12\/03\/la-diputada-anabey-garcia-lleva-su-informe-de-manera-directa-a-la-ciudadania\/#breadcrumb","itemListElement":[{"@type":"ListItem","position":1,"name":"Inicio","item":"https:\/\/reflejodemichoacan.com\/"},{"@type":"ListItem","position":2,"name":"La diputada Anabey Garc\u00eda lleva su informe de manera directa a la ciudadan\u00eda"}]},{"@type":"Person","@id":"https:\/\/reflejodemichoacan.com\/#\/schema\/person\/72d921e8fe99bd6e2e39bcde8995046f","name":"Aurora","image":{"@type":"ImageObject","@id":"https:\/\/reflejodemichoacan.com\/#personlogo","inLanguage":"es-MX","url":"https:\/\/secure.gravatar.com\/avatar\/df5ceb9b998be27b25dd258a6b4b0a95?s=96&d=mm&r=g","contentUrl":"https:\/\/secure.gravatar.com\/avatar\/df5ceb9b998be27b25dd258a6b4b0a95?s=96&d=mm&r=g","caption":"Aurora"},"sameAs":["http:\/\/reflejodemichoacan.com"],"url":"https:\/\/reflejodemichoacan.com\/index.php\/author\/rixwm7qvsq\/"}]}},"_links":{"self":[{"href":"https:\/\/reflejodemichoacan.com\/index.php\/wp-json\/wp\/v2\/posts\/10550"}],"collection":[{"href":"https:\/\/reflejodemichoacan.com\/index.php\/wp-json\/wp\/v2\/posts"}],"about":[{"href":"https:\/\/reflejodemichoacan.com\/index.php\/wp-json\/wp\/v2\/types\/post"}],"author":[{"embeddable":true,"href":"https:\/\/reflejodemichoacan.com\/index.php\/wp-json\/wp\/v2\/users\/1"}],"replies":[{"embeddable":true,"href":"https:\/\/reflejodemichoacan.com\/index.php\/wp-json\/wp\/v2\/comments?post=10550"}],"version-history":[{"count":1,"href":"https:\/\/reflejodemichoacan.com\/index.php\/wp-json\/wp\/v2\/posts\/10550\/revisions"}],"predecessor-version":[{"id":10552,"href":"https:\/\/reflejodemichoacan.com\/index.php\/wp-json\/wp\/v2\/posts\/10550\/revisions\/10552"}],"wp:featuredmedia":[{"embeddable":true,"href":"https:\/\/reflejodemichoacan.com\/index.php\/wp-json\/wp\/v2\/media\/10551"}],"wp:attachment":[{"href":"https:\/\/reflejodemichoacan.com\/index.php\/wp-json\/wp\/v2\/media?parent=10550"}],"wp:term":[{"taxonomy":"category","embeddable":true,"href":"https:\/\/reflejodemichoacan.com\/index.php\/wp-json\/wp\/v2\/categories?post=10550"},{"taxonomy":"post_tag","embeddable":true,"href":"https:\/\/reflejodemichoacan.com\/index.php\/wp-json\/wp\/v2\/tags?post=10550"}],"curies":[{"name":"wp","href":"https:\/\/api.w.org\/{rel}","templated":true}]}}