{"id":10553,"date":"2022-12-05T23:39:08","date_gmt":"2022-12-05T23:39:08","guid":{"rendered":"https:\/\/reflejodemichoacan.com\/?p=10553"},"modified":"2022-12-05T23:39:11","modified_gmt":"2022-12-05T23:39:11","slug":"fijan-posicionamiento-politico-perredistas-del-grupo-inclusivo-en-patzcuaro","status":"publish","type":"post","link":"https:\/\/reflejodemichoacan.com\/index.php\/2022\/12\/05\/fijan-posicionamiento-politico-perredistas-del-grupo-inclusivo-en-patzcuaro\/","title":{"rendered":"Fijan posicionamiento pol\u00edtico perredistas del Grupo Inclusivo en P\u00e1tzcuaro"},"content":{"rendered":"\n<p>Roberto Soto P\u00e9rez<\/p>\n\n\n\n<p>P\u00e1tzcuaro, Mich., 5 de diciembre de 2022.-El d\u00eda de hoy integrantes perredistas del colectivo Grupo Inclusivo, fijan posicionamiento pol\u00edtico con miras a la elecci\u00f3n de 2024, ah\u00ed el Lic. Jos\u00e9 Ju\u00e1rez Valdovinos manifest\u00f3: &#8220;queremos ser la punta de lanza y decirle a la sociedad que nos estamos organizando para la pr\u00f3xima elecci\u00f3n&#8221;.<\/p>\n\n\n\n<p>Refiri\u00f3, &#8220;quienes integramos este equipo estamos atentos a la pol\u00edtica del municipio, nos damos cuenta de las cosas buenas y malas que ocurren y como oposici\u00f3n es nuestro deber informarlas a la poblaci\u00f3n&#8221;.<\/p>\n\n\n\n<p>Continu\u00f3 se\u00f1alando: &#8220;varios de los que estamos aqu\u00ed hemos ocupado diferentes cargos en la funci\u00f3n p\u00fablica, y por lo tanto podemos decir que hemos acumulado experiencia pol\u00edtica, m\u00e1s eso no quiere decir que no seamos incluyentes, ya que estamos consientes de que hay que pasar la estafeta y la muestra esta aqu\u00ed mismo, en nuestro colectivo como pueden ver hay muchos j\u00f3venes&#8221;.<\/p>\n\n\n\n<p>Agreg\u00f3: &#8220;nos preocupa que no hay oposici\u00f3n,\u00a0 ni de parte del PRI ni del PAN, pero nos duele m\u00e1s que los dirigentes hoy d\u00eda de nuestro partido el PRD sean indolentes ante las malas pol\u00edticas que se han venido dando. Nuestro colectivo el d\u00eda de hoy\u00a0levanta la mano al interior de nuestro partido y manifestamos que queremos y tenemos la capacidad para formar una planilla ganadora que encabece nuestro partido, rumbo a las elecciones del 2024&#8221;.<\/p>\n\n\n\n<p>Respecto a la actual dirigencia del Comit\u00e9 Municipal del PRD en P\u00e1tzcuaro, Ju\u00e1rez Valdovinos manifest\u00f3: &#8220;nosotros como grupo no reconocemos a nadie como presidente del PRD en el municipio, ni los apoyamos y nos deslindamos totalmente de esos grupos; nuestra ruta va encaminada\u00a0 directamente a la atenci\u00f3n personalizada con todas y todos los pobladores de nuestro municipio, vamos trazando un plan muy concreto para trabajar en la gesti\u00f3n y estamos encaminando a los nuevos perredistas muy j\u00f3venes por cierto para que se involucren m\u00e1s en esas tareas&#8221;.<\/p>\n\n\n\n<p>Destac\u00f3 que como parte del accionar se encabezar\u00e1n diversas acciones, entre ellas tratar de que todos los beneficiarios del IMSS y el ISSSTE reciban una atenci\u00f3n digna, &#8220;2A trav\u00e9s de las y los abogados vamos a conformar un equipo para trabajar en tema de transparencia, que nada se mueva por debajo del agua&#8221;.<\/p>\n\n\n\n<p>Para finalizar el Lic. Ju\u00e1rez, sentenci\u00f3, &#8220;con esto iniciamos el d\u00eda de hoy los trabajos rumbo al 2024, amalgamando juventud y experiencia y con el apoyo de la sociedad, creo que vamos por buen camino&#8221;.<\/p>\n\n\n\n<p>En la rueda de prensa tambi\u00e9n estuvieron presentes el profesor Crescenciano Luquin Corral, el ex regidor Rodolfo Valencia, el tambi\u00e9n ex regidor Rafael Cruz Tinoco, el licenciado Agust\u00edn Rosales, Mart\u00edn Reyes, entre otras personalidades, as\u00ed como diferentes representantes de colonias, algunos encargados del orden, varios nuevos j\u00f3venes perredistas y jefes de tenencia.<\/p>\n","protected":false},"excerpt":{"rendered":"<p>Roberto Soto P\u00e9rez P\u00e1tzcuaro, Mich., 5 de diciembre de 2022.-El d\u00eda de hoy integrantes perredistas del colectivo Grupo Inclusivo, fijan posicionamiento pol\u00edtico con miras a la elecci\u00f3n de 2024, ah\u00ed el Lic. Jos\u00e9 Ju\u00e1rez Valdovinos manifest\u00f3: &#8220;queremos ser la punta de lanza y decirle a la sociedad que nos estamos organizando para la pr\u00f3xima elecci\u00f3n&#8221;. [&hellip;]<\/p>\n","protected":false},"author":1,"featured_media":10554,"comment_status":"open","ping_status":"closed","sticky":false,"template":"","format":"standard","meta":[],"categories":[1],"tags":[],"yoast_head":"<!-- This site is optimized with the Yoast SEO plugin v17.9 - https:\/\/yoast.com\/wordpress\/plugins\/seo\/ -->\n<title>Fijan posicionamiento pol\u00edtico perredistas del Grupo Inclusivo en P\u00e1tzcuaro - Reflejo de Michoac\u00e1n<\/title>\n<meta name=\"robots\" content=\"index, follow, max-snippet:-1, max-image-preview:large, max-video-preview:-1\" \/>\n<link rel=\"canonical\" href=\"https:\/\/reflejodemichoacan.com\/index.php\/2022\/12\/05\/fijan-posicionamiento-politico-perredistas-del-grupo-inclusivo-en-patzcuaro\/\" \/>\n<meta property=\"og:locale\" content=\"es_MX\" \/>\n<meta property=\"og:type\" content=\"article\" \/>\n<meta property=\"og:title\" content=\"Fijan posicionamiento pol\u00edtico perredistas del Grupo Inclusivo en P\u00e1tzcuaro - Reflejo de Michoac\u00e1n\" \/>\n<meta property=\"og:description\" content=\"Roberto Soto P\u00e9rez P\u00e1tzcuaro, Mich., 5 de diciembre de 2022.-El d\u00eda de hoy integrantes perredistas del colectivo Grupo Inclusivo, fijan posicionamiento pol\u00edtico con miras a la elecci\u00f3n de 2024, ah\u00ed el Lic. Jos\u00e9 Ju\u00e1rez Valdovinos manifest\u00f3: &#8220;queremos ser la punta de lanza y decirle a la sociedad que nos estamos organizando para la pr\u00f3xima elecci\u00f3n&#8221;. [&hellip;]\" \/>\n<meta property=\"og:url\" content=\"https:\/\/reflejodemichoacan.com\/index.php\/2022\/12\/05\/fijan-posicionamiento-politico-perredistas-del-grupo-inclusivo-en-patzcuaro\/\" \/>\n<meta property=\"og:site_name\" content=\"Reflejo de Michoac\u00e1n\" \/>\n<meta property=\"article:published_time\" content=\"2022-12-05T23:39:08+00:00\" \/>\n<meta property=\"article:modified_time\" content=\"2022-12-05T23:39:11+00:00\" \/>\n<meta property=\"og:image\" content=\"https:\/\/reflejodemichoacan.com\/wp-content\/uploads\/2022\/12\/grupo-inclusivo.jpg\" \/>\n\t<meta property=\"og:image:width\" content=\"1600\" \/>\n\t<meta property=\"og:image:height\" content=\"769\" \/>\n\t<meta property=\"og:image:type\" content=\"image\/jpeg\" \/>\n<meta name=\"twitter:card\" content=\"summary_large_image\" \/>\n<meta name=\"twitter:label1\" content=\"Escrito por\" \/>\n\t<meta name=\"twitter:data1\" content=\"Aurora\" \/>\n\t<meta name=\"twitter:label2\" content=\"Tiempo de lectura\" \/>\n\t<meta name=\"twitter:data2\" content=\"3 minutos\" \/>\n<script type=\"application\/ld+json\" class=\"yoast-schema-graph\">{\"@context\":\"https:\/\/schema.org\",\"@graph\":[{\"@type\":\"WebSite\",\"@id\":\"https:\/\/reflejodemichoacan.com\/#website\",\"url\":\"https:\/\/reflejodemichoacan.com\/\",\"name\":\"Reflejo de Michoac\\u00e1n\",\"description\":\"Medio de comunicaci\\u00f3n impreso y digital al servicio de la regi\\u00f3n lacustre y Michoac\\u00e1n.\",\"potentialAction\":[{\"@type\":\"SearchAction\",\"target\":{\"@type\":\"EntryPoint\",\"urlTemplate\":\"https:\/\/reflejodemichoacan.com\/?s={search_term_string}\"},\"query-input\":\"required name=search_term_string\"}],\"inLanguage\":\"es-MX\"},{\"@type\":\"ImageObject\",\"@id\":\"https:\/\/reflejodemichoacan.com\/index.php\/2022\/12\/05\/fijan-posicionamiento-politico-perredistas-del-grupo-inclusivo-en-patzcuaro\/#primaryimage\",\"inLanguage\":\"es-MX\",\"url\":\"https:\/\/reflejodemichoacan.com\/wp-content\/uploads\/2022\/12\/grupo-inclusivo.jpg\",\"contentUrl\":\"https:\/\/reflejodemichoacan.com\/wp-content\/uploads\/2022\/12\/grupo-inclusivo.jpg\",\"width\":1600,\"height\":769},{\"@type\":\"WebPage\",\"@id\":\"https:\/\/reflejodemichoacan.com\/index.php\/2022\/12\/05\/fijan-posicionamiento-politico-perredistas-del-grupo-inclusivo-en-patzcuaro\/#webpage\",\"url\":\"https:\/\/reflejodemichoacan.com\/index.php\/2022\/12\/05\/fijan-posicionamiento-politico-perredistas-del-grupo-inclusivo-en-patzcuaro\/\",\"name\":\"Fijan posicionamiento pol\\u00edtico perredistas del Grupo Inclusivo en P\\u00e1tzcuaro - Reflejo de Michoac\\u00e1n\",\"isPartOf\":{\"@id\":\"https:\/\/reflejodemichoacan.com\/#website\"},\"primaryImageOfPage\":{\"@id\":\"https:\/\/reflejodemichoacan.com\/index.php\/2022\/12\/05\/fijan-posicionamiento-politico-perredistas-del-grupo-inclusivo-en-patzcuaro\/#primaryimage\"},\"datePublished\":\"2022-12-05T23:39:08+00:00\",\"dateModified\":\"2022-12-05T23:39:11+00:00\",\"author\":{\"@id\":\"https:\/\/reflejodemichoacan.com\/#\/schema\/person\/72d921e8fe99bd6e2e39bcde8995046f\"},\"breadcrumb\":{\"@id\":\"https:\/\/reflejodemichoacan.com\/index.php\/2022\/12\/05\/fijan-posicionamiento-politico-perredistas-del-grupo-inclusivo-en-patzcuaro\/#breadcrumb\"},\"inLanguage\":\"es-MX\",\"potentialAction\":[{\"@type\":\"ReadAction\",\"target\":[\"https:\/\/reflejodemichoacan.com\/index.php\/2022\/12\/05\/fijan-posicionamiento-politico-perredistas-del-grupo-inclusivo-en-patzcuaro\/\"]}]},{\"@type\":\"BreadcrumbList\",\"@id\":\"https:\/\/reflejodemichoacan.com\/index.php\/2022\/12\/05\/fijan-posicionamiento-politico-perredistas-del-grupo-inclusivo-en-patzcuaro\/#breadcrumb\",\"itemListElement\":[{\"@type\":\"ListItem\",\"position\":1,\"name\":\"Inicio\",\"item\":\"https:\/\/reflejodemichoacan.com\/\"},{\"@type\":\"ListItem\",\"position\":2,\"name\":\"Fijan posicionamiento pol\\u00edtico perredistas del Grupo Inclusivo en P\\u00e1tzcuaro\"}]},{\"@type\":\"Person\",\"@id\":\"https:\/\/reflejodemichoacan.com\/#\/schema\/person\/72d921e8fe99bd6e2e39bcde8995046f\",\"name\":\"Aurora\",\"image\":{\"@type\":\"ImageObject\",\"@id\":\"https:\/\/reflejodemichoacan.com\/#personlogo\",\"inLanguage\":\"es-MX\",\"url\":\"https:\/\/secure.gravatar.com\/avatar\/df5ceb9b998be27b25dd258a6b4b0a95?s=96&d=mm&r=g\",\"contentUrl\":\"https:\/\/secure.gravatar.com\/avatar\/df5ceb9b998be27b25dd258a6b4b0a95?s=96&d=mm&r=g\",\"caption\":\"Aurora\"},\"sameAs\":[\"http:\/\/reflejodemichoacan.com\"],\"url\":\"https:\/\/reflejodemichoacan.com\/index.php\/author\/rixwm7qvsq\/\"}]}<\/script>\n<!-- \/ Yoast SEO plugin. -->","yoast_head_json":{"title":"Fijan posicionamiento pol\u00edtico perredistas del Grupo Inclusivo en P\u00e1tzcuaro - Reflejo de Michoac\u00e1n","robots":{"index":"index","follow":"follow","max-snippet":"max-snippet:-1","max-image-preview":"max-image-preview:large","max-video-preview":"max-video-preview:-1"},"canonical":"https:\/\/reflejodemichoacan.com\/index.php\/2022\/12\/05\/fijan-posicionamiento-politico-perredistas-del-grupo-inclusivo-en-patzcuaro\/","og_locale":"es_MX","og_type":"article","og_title":"Fijan posicionamiento pol\u00edtico perredistas del Grupo Inclusivo en P\u00e1tzcuaro - Reflejo de Michoac\u00e1n","og_description":"Roberto Soto P\u00e9rez P\u00e1tzcuaro, Mich., 5 de diciembre de 2022.-El d\u00eda de hoy integrantes perredistas del colectivo Grupo Inclusivo, fijan posicionamiento pol\u00edtico con miras a la elecci\u00f3n de 2024, ah\u00ed el Lic. Jos\u00e9 Ju\u00e1rez Valdovinos manifest\u00f3: &#8220;queremos ser la punta de lanza y decirle a la sociedad que nos estamos organizando para la pr\u00f3xima elecci\u00f3n&#8221;. [&hellip;]","og_url":"https:\/\/reflejodemichoacan.com\/index.php\/2022\/12\/05\/fijan-posicionamiento-politico-perredistas-del-grupo-inclusivo-en-patzcuaro\/","og_site_name":"Reflejo de Michoac\u00e1n","article_published_time":"2022-12-05T23:39:08+00:00","article_modified_time":"2022-12-05T23:39:11+00:00","og_image":[{"width":1600,"height":769,"url":"https:\/\/reflejodemichoacan.com\/wp-content\/uploads\/2022\/12\/grupo-inclusivo.jpg","type":"image\/jpeg"}],"twitter_card":"summary_large_image","twitter_misc":{"Escrito por":"Aurora","Tiempo de lectura":"3 minutos"},"schema":{"@context":"https:\/\/schema.org","@graph":[{"@type":"WebSite","@id":"https:\/\/reflejodemichoacan.com\/#website","url":"https:\/\/reflejodemichoacan.com\/","name":"Reflejo de Michoac\u00e1n","description":"Medio de comunicaci\u00f3n impreso y digital al servicio de la regi\u00f3n lacustre y Michoac\u00e1n.","potentialAction":[{"@type":"SearchAction","target":{"@type":"EntryPoint","urlTemplate":"https:\/\/reflejodemichoacan.com\/?s={search_term_string}"},"query-input":"required name=search_term_string"}],"inLanguage":"es-MX"},{"@type":"ImageObject","@id":"https:\/\/reflejodemichoacan.com\/index.php\/2022\/12\/05\/fijan-posicionamiento-politico-perredistas-del-grupo-inclusivo-en-patzcuaro\/#primaryimage","inLanguage":"es-MX","url":"https:\/\/reflejodemichoacan.com\/wp-content\/uploads\/2022\/12\/grupo-inclusivo.jpg","contentUrl":"https:\/\/reflejodemichoacan.com\/wp-content\/uploads\/2022\/12\/grupo-inclusivo.jpg","width":1600,"height":769},{"@type":"WebPage","@id":"https:\/\/reflejodemichoacan.com\/index.php\/2022\/12\/05\/fijan-posicionamiento-politico-perredistas-del-grupo-inclusivo-en-patzcuaro\/#webpage","url":"https:\/\/reflejodemichoacan.com\/index.php\/2022\/12\/05\/fijan-posicionamiento-politico-perredistas-del-grupo-inclusivo-en-patzcuaro\/","name":"Fijan posicionamiento pol\u00edtico perredistas del Grupo Inclusivo en P\u00e1tzcuaro - Reflejo de Michoac\u00e1n","isPartOf":{"@id":"https:\/\/reflejodemichoacan.com\/#website"},"primaryImageOfPage":{"@id":"https:\/\/reflejodemichoacan.com\/index.php\/2022\/12\/05\/fijan-posicionamiento-politico-perredistas-del-grupo-inclusivo-en-patzcuaro\/#primaryimage"},"datePublished":"2022-12-05T23:39:08+00:00","dateModified":"2022-12-05T23:39:11+00:00","author":{"@id":"https:\/\/reflejodemichoacan.com\/#\/schema\/person\/72d921e8fe99bd6e2e39bcde8995046f"},"breadcrumb":{"@id":"https:\/\/reflejodemichoacan.com\/index.php\/2022\/12\/05\/fijan-posicionamiento-politico-perredistas-del-grupo-inclusivo-en-patzcuaro\/#breadcrumb"},"inLanguage":"es-MX","potentialAction":[{"@type":"ReadAction","target":["https:\/\/reflejodemichoacan.com\/index.php\/2022\/12\/05\/fijan-posicionamiento-politico-perredistas-del-grupo-inclusivo-en-patzcuaro\/"]}]},{"@type":"BreadcrumbList","@id":"https:\/\/reflejodemichoacan.com\/index.php\/2022\/12\/05\/fijan-posicionamiento-politico-perredistas-del-grupo-inclusivo-en-patzcuaro\/#breadcrumb","itemListElement":[{"@type":"ListItem","position":1,"name":"Inicio","item":"https:\/\/reflejodemichoacan.com\/"},{"@type":"ListItem","position":2,"name":"Fijan posicionamiento pol\u00edtico perredistas del Grupo Inclusivo en P\u00e1tzcuaro"}]},{"@type":"Person","@id":"https:\/\/reflejodemichoacan.com\/#\/schema\/person\/72d921e8fe99bd6e2e39bcde8995046f","name":"Aurora","image":{"@type":"ImageObject","@id":"https:\/\/reflejodemichoacan.com\/#personlogo","inLanguage":"es-MX","url":"https:\/\/secure.gravatar.com\/avatar\/df5ceb9b998be27b25dd258a6b4b0a95?s=96&d=mm&r=g","contentUrl":"https:\/\/secure.gravatar.com\/avatar\/df5ceb9b998be27b25dd258a6b4b0a95?s=96&d=mm&r=g","caption":"Aurora"},"sameAs":["http:\/\/reflejodemichoacan.com"],"url":"https:\/\/reflejodemichoacan.com\/index.php\/author\/rixwm7qvsq\/"}]}},"_links":{"self":[{"href":"https:\/\/reflejodemichoacan.com\/index.php\/wp-json\/wp\/v2\/posts\/10553"}],"collection":[{"href":"https:\/\/reflejodemichoacan.com\/index.php\/wp-json\/wp\/v2\/posts"}],"about":[{"href":"https:\/\/reflejodemichoacan.com\/index.php\/wp-json\/wp\/v2\/types\/post"}],"author":[{"embeddable":true,"href":"https:\/\/reflejodemichoacan.com\/index.php\/wp-json\/wp\/v2\/users\/1"}],"replies":[{"embeddable":true,"href":"https:\/\/reflejodemichoacan.com\/index.php\/wp-json\/wp\/v2\/comments?post=10553"}],"version-history":[{"count":1,"href":"https:\/\/reflejodemichoacan.com\/index.php\/wp-json\/wp\/v2\/posts\/10553\/revisions"}],"predecessor-version":[{"id":10555,"href":"https:\/\/reflejodemichoacan.com\/index.php\/wp-json\/wp\/v2\/posts\/10553\/revisions\/10555"}],"wp:featuredmedia":[{"embeddable":true,"href":"https:\/\/reflejodemichoacan.com\/index.php\/wp-json\/wp\/v2\/media\/10554"}],"wp:attachment":[{"href":"https:\/\/reflejodemichoacan.com\/index.php\/wp-json\/wp\/v2\/media?parent=10553"}],"wp:term":[{"taxonomy":"category","embeddable":true,"href":"https:\/\/reflejodemichoacan.com\/index.php\/wp-json\/wp\/v2\/categories?post=10553"},{"taxonomy":"post_tag","embeddable":true,"href":"https:\/\/reflejodemichoacan.com\/index.php\/wp-json\/wp\/v2\/tags?post=10553"}],"curies":[{"name":"wp","href":"https:\/\/api.w.org\/{rel}","templated":true}]}}