{"id":10556,"date":"2022-12-05T23:42:36","date_gmt":"2022-12-05T23:42:36","guid":{"rendered":"https:\/\/reflejodemichoacan.com\/?p=10556"},"modified":"2022-12-05T23:42:38","modified_gmt":"2022-12-05T23:42:38","slug":"da-respuesta-julio-arreola-a-vecinos-de-calle-jesus-ortega-inauguro-pavimentacion","status":"publish","type":"post","link":"https:\/\/reflejodemichoacan.com\/index.php\/2022\/12\/05\/da-respuesta-julio-arreola-a-vecinos-de-calle-jesus-ortega-inauguro-pavimentacion\/","title":{"rendered":"Da  respuesta, Julio Arreola a vecinos de calle Jes\u00fas Ortega, inaugur\u00f3 pavimentaci\u00f3n"},"content":{"rendered":"\n<p>*Esta administraci\u00f3n reitera su compromiso para atender las peticiones de las y los patzcuarenses, &#8220;gobernamos para todos&#8221;, se\u00f1ala, el presidente municipal,\u00a0 Julio Arreola.<br>P\u00e1tzcuaro, Mich. A 5 de diciembre del 2022.- El presidente municipal de P\u00e1tzcuaro, Julio Arreola V\u00e1zquez, realiz\u00f3 la inauguraci\u00f3n de la pavimentaci\u00f3n con concreto hidr\u00e1ulico de la calle Jes\u00fas Ortega en la colonia Ignacio Zaragoza, en nuestro municipio, misma que cont\u00f3 con una inversi\u00f3n de dos millones 767 mil 963 pesos.<br>En la calle fue instalada tuber\u00eda, tomas de agua potable, drenaje, banquetas y guarniciones, lo que da respuesta a una demanda muy sentida de la poblaci\u00f3n que habita esta zona y que desde hace a\u00f1os hab\u00eda pedido esta obra, indic\u00f3 el presidente municipal, Julio Arreola.<br>&#8220;Aqu\u00ed las personas que habitan esta colonia han solicitado que lo apoyemos con esta vialidad para los ni\u00f1os que vienen a la escuela y padres de familia, y esta administraci\u00f3n est\u00e1 para cumplir con\u00a0 los compromisos&#8221;, dijo.<br>Admiti\u00f3 que hay muchas colonias que tienen necesidades y han apoyado a cada una de ellas, adem\u00e1s de que\u00a0 revisan las peticiones que se hacen por la ciudadan\u00eda, &#8220;si\u00e9ntanse con la confianza de acercarse&#8221;, dijo el presidente.<br>Reconoci\u00f3 al equipo de Obras P\u00fablicas del Ayuntamiento de P\u00e1tzcuaro quienes contribuyeron a que esta calle fuera una realidad. &#8220;Esperemos que no haya generado muchas molestias el transcurso de las obras, pero al final de cuentas viene el beneficio, estamos para trabajar de la mano con ustedes, fue una inversi\u00f3n de 2 millones 800, esperamos seguir trabajando con ustedes para que la colonia tenga mayores beneficios y terminar de construir las salidas a Cuanajo y Rancho el Grande para tener un mayor desfogue&#8221;, expuso.<br>El edil reiter\u00f3 que en esta administraci\u00f3n se trabaja en beneficio de todos los ciudadanos, as\u00ed ser\u00e1 en lo que resta de este gobierno municipal.<br>Julio Arreola estuvo acompa\u00f1ado de los beneficiarios, mismos que expresaron su agradecimiento al alcalde, al se\u00f1alar que nadie les hac\u00eda caso y \u00e9l se tom\u00f3 la molestia de acudir para revisar y atender sus peticiones. &#8220;Est\u00e1 la colonia y la calle estaban mal desde hace a\u00f1os, pero \u00e9l nos dio atenci\u00f3n y esperamos que sea siempre as\u00ed&#8221;, dijo una de las vecinas de esta zona.<br>Durante la inauguraci\u00f3n estuvieron presentes las y los regidores, Eduardo Zavala Padilla, Erika Tinoco Tovar, Victor Manuel B\u00e1ez Aguilar, Francisco Javier Hern\u00e1ndez S\u00e1nchez y el secretario de Obras P\u00fablicas, Juan Carlos Flores de Jes\u00fas, la directora de Obras P\u00fablicas, Sara Pilar Tzintzun Flores, el director de Panteones, Cesar Eduardo Rodr\u00edguez Calder\u00f3n y el ciudadano Alfredo Almonte.<\/p>\n","protected":false},"excerpt":{"rendered":"<p>*Esta administraci\u00f3n reitera su compromiso para atender las peticiones de las y los patzcuarenses, &#8220;gobernamos para todos&#8221;, se\u00f1ala, el presidente municipal,\u00a0 Julio Arreola.P\u00e1tzcuaro, Mich. A 5 de diciembre del 2022.- El presidente municipal de P\u00e1tzcuaro, Julio Arreola V\u00e1zquez, realiz\u00f3 la inauguraci\u00f3n de la pavimentaci\u00f3n con concreto hidr\u00e1ulico de la calle Jes\u00fas Ortega en la colonia [&hellip;]<\/p>\n","protected":false},"author":1,"featured_media":10557,"comment_status":"open","ping_status":"closed","sticky":false,"template":"","format":"standard","meta":[],"categories":[1],"tags":[],"yoast_head":"<!-- This site is optimized with the Yoast SEO plugin v17.9 - https:\/\/yoast.com\/wordpress\/plugins\/seo\/ -->\n<title>Da respuesta, Julio Arreola a vecinos de calle Jes\u00fas Ortega, inaugur\u00f3 pavimentaci\u00f3n - Reflejo de Michoac\u00e1n<\/title>\n<meta name=\"robots\" content=\"index, follow, max-snippet:-1, max-image-preview:large, max-video-preview:-1\" \/>\n<link rel=\"canonical\" href=\"https:\/\/reflejodemichoacan.com\/index.php\/2022\/12\/05\/da-respuesta-julio-arreola-a-vecinos-de-calle-jesus-ortega-inauguro-pavimentacion\/\" \/>\n<meta property=\"og:locale\" content=\"es_MX\" \/>\n<meta property=\"og:type\" content=\"article\" \/>\n<meta property=\"og:title\" content=\"Da respuesta, Julio Arreola a vecinos de calle Jes\u00fas Ortega, inaugur\u00f3 pavimentaci\u00f3n - Reflejo de Michoac\u00e1n\" \/>\n<meta property=\"og:description\" content=\"*Esta administraci\u00f3n reitera su compromiso para atender las peticiones de las y los patzcuarenses, &#8220;gobernamos para todos&#8221;, se\u00f1ala, el presidente municipal,\u00a0 Julio Arreola.P\u00e1tzcuaro, Mich. A 5 de diciembre del 2022.- El presidente municipal de P\u00e1tzcuaro, Julio Arreola V\u00e1zquez, realiz\u00f3 la inauguraci\u00f3n de la pavimentaci\u00f3n con concreto hidr\u00e1ulico de la calle Jes\u00fas Ortega en la colonia [&hellip;]\" \/>\n<meta property=\"og:url\" content=\"https:\/\/reflejodemichoacan.com\/index.php\/2022\/12\/05\/da-respuesta-julio-arreola-a-vecinos-de-calle-jesus-ortega-inauguro-pavimentacion\/\" \/>\n<meta property=\"og:site_name\" content=\"Reflejo de Michoac\u00e1n\" \/>\n<meta property=\"article:published_time\" content=\"2022-12-05T23:42:36+00:00\" \/>\n<meta property=\"article:modified_time\" content=\"2022-12-05T23:42:38+00:00\" \/>\n<meta property=\"og:image\" content=\"https:\/\/reflejodemichoacan.com\/wp-content\/uploads\/2022\/12\/da-respuesta.jpg\" \/>\n\t<meta property=\"og:image:width\" content=\"1280\" \/>\n\t<meta property=\"og:image:height\" content=\"853\" \/>\n\t<meta property=\"og:image:type\" content=\"image\/jpeg\" \/>\n<meta name=\"twitter:card\" content=\"summary_large_image\" \/>\n<meta name=\"twitter:label1\" content=\"Escrito por\" \/>\n\t<meta name=\"twitter:data1\" content=\"Aurora\" \/>\n\t<meta name=\"twitter:label2\" content=\"Tiempo de lectura\" \/>\n\t<meta name=\"twitter:data2\" content=\"2 minutos\" \/>\n<script type=\"application\/ld+json\" class=\"yoast-schema-graph\">{\"@context\":\"https:\/\/schema.org\",\"@graph\":[{\"@type\":\"WebSite\",\"@id\":\"https:\/\/reflejodemichoacan.com\/#website\",\"url\":\"https:\/\/reflejodemichoacan.com\/\",\"name\":\"Reflejo de Michoac\\u00e1n\",\"description\":\"Medio de comunicaci\\u00f3n impreso y digital al servicio de la regi\\u00f3n lacustre y Michoac\\u00e1n.\",\"potentialAction\":[{\"@type\":\"SearchAction\",\"target\":{\"@type\":\"EntryPoint\",\"urlTemplate\":\"https:\/\/reflejodemichoacan.com\/?s={search_term_string}\"},\"query-input\":\"required name=search_term_string\"}],\"inLanguage\":\"es-MX\"},{\"@type\":\"ImageObject\",\"@id\":\"https:\/\/reflejodemichoacan.com\/index.php\/2022\/12\/05\/da-respuesta-julio-arreola-a-vecinos-de-calle-jesus-ortega-inauguro-pavimentacion\/#primaryimage\",\"inLanguage\":\"es-MX\",\"url\":\"https:\/\/reflejodemichoacan.com\/wp-content\/uploads\/2022\/12\/da-respuesta.jpg\",\"contentUrl\":\"https:\/\/reflejodemichoacan.com\/wp-content\/uploads\/2022\/12\/da-respuesta.jpg\",\"width\":1280,\"height\":853},{\"@type\":\"WebPage\",\"@id\":\"https:\/\/reflejodemichoacan.com\/index.php\/2022\/12\/05\/da-respuesta-julio-arreola-a-vecinos-de-calle-jesus-ortega-inauguro-pavimentacion\/#webpage\",\"url\":\"https:\/\/reflejodemichoacan.com\/index.php\/2022\/12\/05\/da-respuesta-julio-arreola-a-vecinos-de-calle-jesus-ortega-inauguro-pavimentacion\/\",\"name\":\"Da respuesta, Julio Arreola a vecinos de calle Jes\\u00fas Ortega, inaugur\\u00f3 pavimentaci\\u00f3n - Reflejo de Michoac\\u00e1n\",\"isPartOf\":{\"@id\":\"https:\/\/reflejodemichoacan.com\/#website\"},\"primaryImageOfPage\":{\"@id\":\"https:\/\/reflejodemichoacan.com\/index.php\/2022\/12\/05\/da-respuesta-julio-arreola-a-vecinos-de-calle-jesus-ortega-inauguro-pavimentacion\/#primaryimage\"},\"datePublished\":\"2022-12-05T23:42:36+00:00\",\"dateModified\":\"2022-12-05T23:42:38+00:00\",\"author\":{\"@id\":\"https:\/\/reflejodemichoacan.com\/#\/schema\/person\/72d921e8fe99bd6e2e39bcde8995046f\"},\"breadcrumb\":{\"@id\":\"https:\/\/reflejodemichoacan.com\/index.php\/2022\/12\/05\/da-respuesta-julio-arreola-a-vecinos-de-calle-jesus-ortega-inauguro-pavimentacion\/#breadcrumb\"},\"inLanguage\":\"es-MX\",\"potentialAction\":[{\"@type\":\"ReadAction\",\"target\":[\"https:\/\/reflejodemichoacan.com\/index.php\/2022\/12\/05\/da-respuesta-julio-arreola-a-vecinos-de-calle-jesus-ortega-inauguro-pavimentacion\/\"]}]},{\"@type\":\"BreadcrumbList\",\"@id\":\"https:\/\/reflejodemichoacan.com\/index.php\/2022\/12\/05\/da-respuesta-julio-arreola-a-vecinos-de-calle-jesus-ortega-inauguro-pavimentacion\/#breadcrumb\",\"itemListElement\":[{\"@type\":\"ListItem\",\"position\":1,\"name\":\"Inicio\",\"item\":\"https:\/\/reflejodemichoacan.com\/\"},{\"@type\":\"ListItem\",\"position\":2,\"name\":\"Da respuesta, Julio Arreola a vecinos de calle Jes\\u00fas Ortega, inaugur\\u00f3 pavimentaci\\u00f3n\"}]},{\"@type\":\"Person\",\"@id\":\"https:\/\/reflejodemichoacan.com\/#\/schema\/person\/72d921e8fe99bd6e2e39bcde8995046f\",\"name\":\"Aurora\",\"image\":{\"@type\":\"ImageObject\",\"@id\":\"https:\/\/reflejodemichoacan.com\/#personlogo\",\"inLanguage\":\"es-MX\",\"url\":\"https:\/\/secure.gravatar.com\/avatar\/df5ceb9b998be27b25dd258a6b4b0a95?s=96&d=mm&r=g\",\"contentUrl\":\"https:\/\/secure.gravatar.com\/avatar\/df5ceb9b998be27b25dd258a6b4b0a95?s=96&d=mm&r=g\",\"caption\":\"Aurora\"},\"sameAs\":[\"http:\/\/reflejodemichoacan.com\"],\"url\":\"https:\/\/reflejodemichoacan.com\/index.php\/author\/rixwm7qvsq\/\"}]}<\/script>\n<!-- \/ Yoast SEO plugin. -->","yoast_head_json":{"title":"Da respuesta, Julio Arreola a vecinos de calle Jes\u00fas Ortega, inaugur\u00f3 pavimentaci\u00f3n - Reflejo de Michoac\u00e1n","robots":{"index":"index","follow":"follow","max-snippet":"max-snippet:-1","max-image-preview":"max-image-preview:large","max-video-preview":"max-video-preview:-1"},"canonical":"https:\/\/reflejodemichoacan.com\/index.php\/2022\/12\/05\/da-respuesta-julio-arreola-a-vecinos-de-calle-jesus-ortega-inauguro-pavimentacion\/","og_locale":"es_MX","og_type":"article","og_title":"Da respuesta, Julio Arreola a vecinos de calle Jes\u00fas Ortega, inaugur\u00f3 pavimentaci\u00f3n - Reflejo de Michoac\u00e1n","og_description":"*Esta administraci\u00f3n reitera su compromiso para atender las peticiones de las y los patzcuarenses, &#8220;gobernamos para todos&#8221;, se\u00f1ala, el presidente municipal,\u00a0 Julio Arreola.P\u00e1tzcuaro, Mich. A 5 de diciembre del 2022.- El presidente municipal de P\u00e1tzcuaro, Julio Arreola V\u00e1zquez, realiz\u00f3 la inauguraci\u00f3n de la pavimentaci\u00f3n con concreto hidr\u00e1ulico de la calle Jes\u00fas Ortega en la colonia [&hellip;]","og_url":"https:\/\/reflejodemichoacan.com\/index.php\/2022\/12\/05\/da-respuesta-julio-arreola-a-vecinos-de-calle-jesus-ortega-inauguro-pavimentacion\/","og_site_name":"Reflejo de Michoac\u00e1n","article_published_time":"2022-12-05T23:42:36+00:00","article_modified_time":"2022-12-05T23:42:38+00:00","og_image":[{"width":1280,"height":853,"url":"https:\/\/reflejodemichoacan.com\/wp-content\/uploads\/2022\/12\/da-respuesta.jpg","type":"image\/jpeg"}],"twitter_card":"summary_large_image","twitter_misc":{"Escrito por":"Aurora","Tiempo de lectura":"2 minutos"},"schema":{"@context":"https:\/\/schema.org","@graph":[{"@type":"WebSite","@id":"https:\/\/reflejodemichoacan.com\/#website","url":"https:\/\/reflejodemichoacan.com\/","name":"Reflejo de Michoac\u00e1n","description":"Medio de comunicaci\u00f3n impreso y digital al servicio de la regi\u00f3n lacustre y Michoac\u00e1n.","potentialAction":[{"@type":"SearchAction","target":{"@type":"EntryPoint","urlTemplate":"https:\/\/reflejodemichoacan.com\/?s={search_term_string}"},"query-input":"required name=search_term_string"}],"inLanguage":"es-MX"},{"@type":"ImageObject","@id":"https:\/\/reflejodemichoacan.com\/index.php\/2022\/12\/05\/da-respuesta-julio-arreola-a-vecinos-de-calle-jesus-ortega-inauguro-pavimentacion\/#primaryimage","inLanguage":"es-MX","url":"https:\/\/reflejodemichoacan.com\/wp-content\/uploads\/2022\/12\/da-respuesta.jpg","contentUrl":"https:\/\/reflejodemichoacan.com\/wp-content\/uploads\/2022\/12\/da-respuesta.jpg","width":1280,"height":853},{"@type":"WebPage","@id":"https:\/\/reflejodemichoacan.com\/index.php\/2022\/12\/05\/da-respuesta-julio-arreola-a-vecinos-de-calle-jesus-ortega-inauguro-pavimentacion\/#webpage","url":"https:\/\/reflejodemichoacan.com\/index.php\/2022\/12\/05\/da-respuesta-julio-arreola-a-vecinos-de-calle-jesus-ortega-inauguro-pavimentacion\/","name":"Da respuesta, Julio Arreola a vecinos de calle Jes\u00fas Ortega, inaugur\u00f3 pavimentaci\u00f3n - Reflejo de Michoac\u00e1n","isPartOf":{"@id":"https:\/\/reflejodemichoacan.com\/#website"},"primaryImageOfPage":{"@id":"https:\/\/reflejodemichoacan.com\/index.php\/2022\/12\/05\/da-respuesta-julio-arreola-a-vecinos-de-calle-jesus-ortega-inauguro-pavimentacion\/#primaryimage"},"datePublished":"2022-12-05T23:42:36+00:00","dateModified":"2022-12-05T23:42:38+00:00","author":{"@id":"https:\/\/reflejodemichoacan.com\/#\/schema\/person\/72d921e8fe99bd6e2e39bcde8995046f"},"breadcrumb":{"@id":"https:\/\/reflejodemichoacan.com\/index.php\/2022\/12\/05\/da-respuesta-julio-arreola-a-vecinos-de-calle-jesus-ortega-inauguro-pavimentacion\/#breadcrumb"},"inLanguage":"es-MX","potentialAction":[{"@type":"ReadAction","target":["https:\/\/reflejodemichoacan.com\/index.php\/2022\/12\/05\/da-respuesta-julio-arreola-a-vecinos-de-calle-jesus-ortega-inauguro-pavimentacion\/"]}]},{"@type":"BreadcrumbList","@id":"https:\/\/reflejodemichoacan.com\/index.php\/2022\/12\/05\/da-respuesta-julio-arreola-a-vecinos-de-calle-jesus-ortega-inauguro-pavimentacion\/#breadcrumb","itemListElement":[{"@type":"ListItem","position":1,"name":"Inicio","item":"https:\/\/reflejodemichoacan.com\/"},{"@type":"ListItem","position":2,"name":"Da respuesta, Julio Arreola a vecinos de calle Jes\u00fas Ortega, inaugur\u00f3 pavimentaci\u00f3n"}]},{"@type":"Person","@id":"https:\/\/reflejodemichoacan.com\/#\/schema\/person\/72d921e8fe99bd6e2e39bcde8995046f","name":"Aurora","image":{"@type":"ImageObject","@id":"https:\/\/reflejodemichoacan.com\/#personlogo","inLanguage":"es-MX","url":"https:\/\/secure.gravatar.com\/avatar\/df5ceb9b998be27b25dd258a6b4b0a95?s=96&d=mm&r=g","contentUrl":"https:\/\/secure.gravatar.com\/avatar\/df5ceb9b998be27b25dd258a6b4b0a95?s=96&d=mm&r=g","caption":"Aurora"},"sameAs":["http:\/\/reflejodemichoacan.com"],"url":"https:\/\/reflejodemichoacan.com\/index.php\/author\/rixwm7qvsq\/"}]}},"_links":{"self":[{"href":"https:\/\/reflejodemichoacan.com\/index.php\/wp-json\/wp\/v2\/posts\/10556"}],"collection":[{"href":"https:\/\/reflejodemichoacan.com\/index.php\/wp-json\/wp\/v2\/posts"}],"about":[{"href":"https:\/\/reflejodemichoacan.com\/index.php\/wp-json\/wp\/v2\/types\/post"}],"author":[{"embeddable":true,"href":"https:\/\/reflejodemichoacan.com\/index.php\/wp-json\/wp\/v2\/users\/1"}],"replies":[{"embeddable":true,"href":"https:\/\/reflejodemichoacan.com\/index.php\/wp-json\/wp\/v2\/comments?post=10556"}],"version-history":[{"count":1,"href":"https:\/\/reflejodemichoacan.com\/index.php\/wp-json\/wp\/v2\/posts\/10556\/revisions"}],"predecessor-version":[{"id":10558,"href":"https:\/\/reflejodemichoacan.com\/index.php\/wp-json\/wp\/v2\/posts\/10556\/revisions\/10558"}],"wp:featuredmedia":[{"embeddable":true,"href":"https:\/\/reflejodemichoacan.com\/index.php\/wp-json\/wp\/v2\/media\/10557"}],"wp:attachment":[{"href":"https:\/\/reflejodemichoacan.com\/index.php\/wp-json\/wp\/v2\/media?parent=10556"}],"wp:term":[{"taxonomy":"category","embeddable":true,"href":"https:\/\/reflejodemichoacan.com\/index.php\/wp-json\/wp\/v2\/categories?post=10556"},{"taxonomy":"post_tag","embeddable":true,"href":"https:\/\/reflejodemichoacan.com\/index.php\/wp-json\/wp\/v2\/tags?post=10556"}],"curies":[{"name":"wp","href":"https:\/\/api.w.org\/{rel}","templated":true}]}}