{"id":10562,"date":"2022-12-06T01:12:33","date_gmt":"2022-12-06T01:12:33","guid":{"rendered":"https:\/\/reflejodemichoacan.com\/?p=10562"},"modified":"2022-12-06T01:12:59","modified_gmt":"2022-12-06T01:12:59","slug":"con-inversion-de-dos-millones-347-mil-de-pesos-arranca-julio-arreola-trabajos-de-camino-en-el-zapote","status":"publish","type":"post","link":"https:\/\/reflejodemichoacan.com\/index.php\/2022\/12\/06\/con-inversion-de-dos-millones-347-mil-de-pesos-arranca-julio-arreola-trabajos-de-camino-en-el-zapote\/","title":{"rendered":"Con inversi\u00f3n de dos millones 347 mil de pesos, arranca, Julio Arreola, trabajos de camino en El Zapote"},"content":{"rendered":"\n<p>*La obra es la tercera etapa y permitir\u00e1 conectar a la localidad El Zapote con la autopista.*<\/p>\n\n\n\n<p>*La misma prev\u00e9 la construcci\u00f3n de carpeta asf\u00e1ltica, construcci\u00f3n de cunetas y balizamiento.<\/p>\n\n\n\n<p><br>P\u00e1tzcuaro, Mich. A 5 de diciembre del 2022.- El presidente municipal de P\u00e1tzcuaro, Julio Arreola V\u00e1zquez, realiz\u00f3 el banderazo de arranque de los trabajos para la construcci\u00f3n de la tercera etapa del camino a la comunidad El Zapote, mismo que cuenta con una inversi\u00f3n de 2 millones 347 mil 136 pesos.<br>La obra permitir\u00e1 conectar a la localidad El Zapote con la autopista, y la misma prev\u00e9 la construcci\u00f3n de carpeta asf\u00e1ltica, construcci\u00f3n de cunetas y balizamiento.<br>El presidente municipal, indic\u00f3 que la obra permitir\u00e1 conectar a la autopista y atravesar\u00e1 esta comunidad, y aunque queda pendiente un tramo, se trabaja\u00a0 ya para que est\u00e9 listo en el 2023.<br>Destac\u00f3 que adem\u00e1s de esta acci\u00f3n, est\u00e1n dentro del plan de obras del municipio el apoyo a las escuelas de la comunidad y habr\u00e1 buenas noticias, ya que en el\u00a0 2023 se tiene incluidas las escuelas del Zapote, est\u00e1 listo el equipo de c\u00f3mputo para la telesecundaria y se trabaja en la techumbre, as\u00ed como la atenci\u00f3n al campo en esta zona.<br>&#8220;Estamos tambi\u00e9n trabajando en la cuesti\u00f3n del campo, vamos a trabajar para que este a\u00f1o se tenga el apoyo, y cualquier situaci\u00f3n que tenga la comunidad&#8221;, insisti\u00f3.<br>Acompa\u00f1ado de personal del Ayuntamiento, regidores, ni\u00f1os y ni\u00f1as, de la escuela primaria de esta localidad, realiz\u00f3 el tradicional corte de list\u00f3n.<\/p>\n","protected":false},"excerpt":{"rendered":"<p>*La obra es la tercera etapa y permitir\u00e1 conectar a la localidad El Zapote con la autopista.* *La misma prev\u00e9 la construcci\u00f3n de carpeta asf\u00e1ltica, construcci\u00f3n de cunetas y balizamiento. P\u00e1tzcuaro, Mich. A 5 de diciembre del 2022.- El presidente municipal de P\u00e1tzcuaro, Julio Arreola V\u00e1zquez, realiz\u00f3 el banderazo de arranque de los trabajos para [&hellip;]<\/p>\n","protected":false},"author":1,"featured_media":10563,"comment_status":"open","ping_status":"closed","sticky":false,"template":"","format":"standard","meta":[],"categories":[1],"tags":[],"yoast_head":"<!-- This site is optimized with the Yoast SEO plugin v17.9 - https:\/\/yoast.com\/wordpress\/plugins\/seo\/ -->\n<title>Con inversi\u00f3n de dos millones 347 mil de pesos, arranca, Julio Arreola, trabajos de camino en El Zapote - Reflejo de Michoac\u00e1n<\/title>\n<meta name=\"robots\" content=\"index, follow, max-snippet:-1, max-image-preview:large, max-video-preview:-1\" \/>\n<link rel=\"canonical\" href=\"https:\/\/reflejodemichoacan.com\/index.php\/2022\/12\/06\/con-inversion-de-dos-millones-347-mil-de-pesos-arranca-julio-arreola-trabajos-de-camino-en-el-zapote\/\" \/>\n<meta property=\"og:locale\" content=\"es_MX\" \/>\n<meta property=\"og:type\" content=\"article\" \/>\n<meta property=\"og:title\" content=\"Con inversi\u00f3n de dos millones 347 mil de pesos, arranca, Julio Arreola, trabajos de camino en El Zapote - Reflejo de Michoac\u00e1n\" \/>\n<meta property=\"og:description\" content=\"*La obra es la tercera etapa y permitir\u00e1 conectar a la localidad El Zapote con la autopista.* *La misma prev\u00e9 la construcci\u00f3n de carpeta asf\u00e1ltica, construcci\u00f3n de cunetas y balizamiento. P\u00e1tzcuaro, Mich. A 5 de diciembre del 2022.- El presidente municipal de P\u00e1tzcuaro, Julio Arreola V\u00e1zquez, realiz\u00f3 el banderazo de arranque de los trabajos para [&hellip;]\" \/>\n<meta property=\"og:url\" content=\"https:\/\/reflejodemichoacan.com\/index.php\/2022\/12\/06\/con-inversion-de-dos-millones-347-mil-de-pesos-arranca-julio-arreola-trabajos-de-camino-en-el-zapote\/\" \/>\n<meta property=\"og:site_name\" content=\"Reflejo de Michoac\u00e1n\" \/>\n<meta property=\"article:published_time\" content=\"2022-12-06T01:12:33+00:00\" \/>\n<meta property=\"article:modified_time\" content=\"2022-12-06T01:12:59+00:00\" \/>\n<meta property=\"og:image\" content=\"https:\/\/reflejodemichoacan.com\/wp-content\/uploads\/2022\/12\/inversion.jpg\" \/>\n\t<meta property=\"og:image:width\" content=\"1280\" \/>\n\t<meta property=\"og:image:height\" content=\"720\" \/>\n\t<meta property=\"og:image:type\" content=\"image\/jpeg\" \/>\n<meta name=\"twitter:card\" content=\"summary_large_image\" \/>\n<meta name=\"twitter:label1\" content=\"Escrito por\" \/>\n\t<meta name=\"twitter:data1\" content=\"Aurora\" \/>\n\t<meta name=\"twitter:label2\" content=\"Tiempo de lectura\" \/>\n\t<meta name=\"twitter:data2\" content=\"2 minutos\" \/>\n<script type=\"application\/ld+json\" class=\"yoast-schema-graph\">{\"@context\":\"https:\/\/schema.org\",\"@graph\":[{\"@type\":\"WebSite\",\"@id\":\"https:\/\/reflejodemichoacan.com\/#website\",\"url\":\"https:\/\/reflejodemichoacan.com\/\",\"name\":\"Reflejo de Michoac\\u00e1n\",\"description\":\"Medio de comunicaci\\u00f3n impreso y digital al servicio de la regi\\u00f3n lacustre y Michoac\\u00e1n.\",\"potentialAction\":[{\"@type\":\"SearchAction\",\"target\":{\"@type\":\"EntryPoint\",\"urlTemplate\":\"https:\/\/reflejodemichoacan.com\/?s={search_term_string}\"},\"query-input\":\"required name=search_term_string\"}],\"inLanguage\":\"es-MX\"},{\"@type\":\"ImageObject\",\"@id\":\"https:\/\/reflejodemichoacan.com\/index.php\/2022\/12\/06\/con-inversion-de-dos-millones-347-mil-de-pesos-arranca-julio-arreola-trabajos-de-camino-en-el-zapote\/#primaryimage\",\"inLanguage\":\"es-MX\",\"url\":\"https:\/\/reflejodemichoacan.com\/wp-content\/uploads\/2022\/12\/inversion.jpg\",\"contentUrl\":\"https:\/\/reflejodemichoacan.com\/wp-content\/uploads\/2022\/12\/inversion.jpg\",\"width\":1280,\"height\":720},{\"@type\":\"WebPage\",\"@id\":\"https:\/\/reflejodemichoacan.com\/index.php\/2022\/12\/06\/con-inversion-de-dos-millones-347-mil-de-pesos-arranca-julio-arreola-trabajos-de-camino-en-el-zapote\/#webpage\",\"url\":\"https:\/\/reflejodemichoacan.com\/index.php\/2022\/12\/06\/con-inversion-de-dos-millones-347-mil-de-pesos-arranca-julio-arreola-trabajos-de-camino-en-el-zapote\/\",\"name\":\"Con inversi\\u00f3n de dos millones 347 mil de pesos, arranca, Julio Arreola, trabajos de camino en El Zapote - Reflejo de Michoac\\u00e1n\",\"isPartOf\":{\"@id\":\"https:\/\/reflejodemichoacan.com\/#website\"},\"primaryImageOfPage\":{\"@id\":\"https:\/\/reflejodemichoacan.com\/index.php\/2022\/12\/06\/con-inversion-de-dos-millones-347-mil-de-pesos-arranca-julio-arreola-trabajos-de-camino-en-el-zapote\/#primaryimage\"},\"datePublished\":\"2022-12-06T01:12:33+00:00\",\"dateModified\":\"2022-12-06T01:12:59+00:00\",\"author\":{\"@id\":\"https:\/\/reflejodemichoacan.com\/#\/schema\/person\/72d921e8fe99bd6e2e39bcde8995046f\"},\"breadcrumb\":{\"@id\":\"https:\/\/reflejodemichoacan.com\/index.php\/2022\/12\/06\/con-inversion-de-dos-millones-347-mil-de-pesos-arranca-julio-arreola-trabajos-de-camino-en-el-zapote\/#breadcrumb\"},\"inLanguage\":\"es-MX\",\"potentialAction\":[{\"@type\":\"ReadAction\",\"target\":[\"https:\/\/reflejodemichoacan.com\/index.php\/2022\/12\/06\/con-inversion-de-dos-millones-347-mil-de-pesos-arranca-julio-arreola-trabajos-de-camino-en-el-zapote\/\"]}]},{\"@type\":\"BreadcrumbList\",\"@id\":\"https:\/\/reflejodemichoacan.com\/index.php\/2022\/12\/06\/con-inversion-de-dos-millones-347-mil-de-pesos-arranca-julio-arreola-trabajos-de-camino-en-el-zapote\/#breadcrumb\",\"itemListElement\":[{\"@type\":\"ListItem\",\"position\":1,\"name\":\"Inicio\",\"item\":\"https:\/\/reflejodemichoacan.com\/\"},{\"@type\":\"ListItem\",\"position\":2,\"name\":\"Con inversi\\u00f3n de dos millones 347 mil de pesos, arranca, Julio Arreola, trabajos de camino en El Zapote\"}]},{\"@type\":\"Person\",\"@id\":\"https:\/\/reflejodemichoacan.com\/#\/schema\/person\/72d921e8fe99bd6e2e39bcde8995046f\",\"name\":\"Aurora\",\"image\":{\"@type\":\"ImageObject\",\"@id\":\"https:\/\/reflejodemichoacan.com\/#personlogo\",\"inLanguage\":\"es-MX\",\"url\":\"https:\/\/secure.gravatar.com\/avatar\/df5ceb9b998be27b25dd258a6b4b0a95?s=96&d=mm&r=g\",\"contentUrl\":\"https:\/\/secure.gravatar.com\/avatar\/df5ceb9b998be27b25dd258a6b4b0a95?s=96&d=mm&r=g\",\"caption\":\"Aurora\"},\"sameAs\":[\"http:\/\/reflejodemichoacan.com\"],\"url\":\"https:\/\/reflejodemichoacan.com\/index.php\/author\/rixwm7qvsq\/\"}]}<\/script>\n<!-- \/ Yoast SEO plugin. -->","yoast_head_json":{"title":"Con inversi\u00f3n de dos millones 347 mil de pesos, arranca, Julio Arreola, trabajos de camino en El Zapote - Reflejo de Michoac\u00e1n","robots":{"index":"index","follow":"follow","max-snippet":"max-snippet:-1","max-image-preview":"max-image-preview:large","max-video-preview":"max-video-preview:-1"},"canonical":"https:\/\/reflejodemichoacan.com\/index.php\/2022\/12\/06\/con-inversion-de-dos-millones-347-mil-de-pesos-arranca-julio-arreola-trabajos-de-camino-en-el-zapote\/","og_locale":"es_MX","og_type":"article","og_title":"Con inversi\u00f3n de dos millones 347 mil de pesos, arranca, Julio Arreola, trabajos de camino en El Zapote - Reflejo de Michoac\u00e1n","og_description":"*La obra es la tercera etapa y permitir\u00e1 conectar a la localidad El Zapote con la autopista.* *La misma prev\u00e9 la construcci\u00f3n de carpeta asf\u00e1ltica, construcci\u00f3n de cunetas y balizamiento. P\u00e1tzcuaro, Mich. A 5 de diciembre del 2022.- El presidente municipal de P\u00e1tzcuaro, Julio Arreola V\u00e1zquez, realiz\u00f3 el banderazo de arranque de los trabajos para [&hellip;]","og_url":"https:\/\/reflejodemichoacan.com\/index.php\/2022\/12\/06\/con-inversion-de-dos-millones-347-mil-de-pesos-arranca-julio-arreola-trabajos-de-camino-en-el-zapote\/","og_site_name":"Reflejo de Michoac\u00e1n","article_published_time":"2022-12-06T01:12:33+00:00","article_modified_time":"2022-12-06T01:12:59+00:00","og_image":[{"width":1280,"height":720,"url":"https:\/\/reflejodemichoacan.com\/wp-content\/uploads\/2022\/12\/inversion.jpg","type":"image\/jpeg"}],"twitter_card":"summary_large_image","twitter_misc":{"Escrito por":"Aurora","Tiempo de lectura":"2 minutos"},"schema":{"@context":"https:\/\/schema.org","@graph":[{"@type":"WebSite","@id":"https:\/\/reflejodemichoacan.com\/#website","url":"https:\/\/reflejodemichoacan.com\/","name":"Reflejo de Michoac\u00e1n","description":"Medio de comunicaci\u00f3n impreso y digital al servicio de la regi\u00f3n lacustre y Michoac\u00e1n.","potentialAction":[{"@type":"SearchAction","target":{"@type":"EntryPoint","urlTemplate":"https:\/\/reflejodemichoacan.com\/?s={search_term_string}"},"query-input":"required name=search_term_string"}],"inLanguage":"es-MX"},{"@type":"ImageObject","@id":"https:\/\/reflejodemichoacan.com\/index.php\/2022\/12\/06\/con-inversion-de-dos-millones-347-mil-de-pesos-arranca-julio-arreola-trabajos-de-camino-en-el-zapote\/#primaryimage","inLanguage":"es-MX","url":"https:\/\/reflejodemichoacan.com\/wp-content\/uploads\/2022\/12\/inversion.jpg","contentUrl":"https:\/\/reflejodemichoacan.com\/wp-content\/uploads\/2022\/12\/inversion.jpg","width":1280,"height":720},{"@type":"WebPage","@id":"https:\/\/reflejodemichoacan.com\/index.php\/2022\/12\/06\/con-inversion-de-dos-millones-347-mil-de-pesos-arranca-julio-arreola-trabajos-de-camino-en-el-zapote\/#webpage","url":"https:\/\/reflejodemichoacan.com\/index.php\/2022\/12\/06\/con-inversion-de-dos-millones-347-mil-de-pesos-arranca-julio-arreola-trabajos-de-camino-en-el-zapote\/","name":"Con inversi\u00f3n de dos millones 347 mil de pesos, arranca, Julio Arreola, trabajos de camino en El Zapote - Reflejo de Michoac\u00e1n","isPartOf":{"@id":"https:\/\/reflejodemichoacan.com\/#website"},"primaryImageOfPage":{"@id":"https:\/\/reflejodemichoacan.com\/index.php\/2022\/12\/06\/con-inversion-de-dos-millones-347-mil-de-pesos-arranca-julio-arreola-trabajos-de-camino-en-el-zapote\/#primaryimage"},"datePublished":"2022-12-06T01:12:33+00:00","dateModified":"2022-12-06T01:12:59+00:00","author":{"@id":"https:\/\/reflejodemichoacan.com\/#\/schema\/person\/72d921e8fe99bd6e2e39bcde8995046f"},"breadcrumb":{"@id":"https:\/\/reflejodemichoacan.com\/index.php\/2022\/12\/06\/con-inversion-de-dos-millones-347-mil-de-pesos-arranca-julio-arreola-trabajos-de-camino-en-el-zapote\/#breadcrumb"},"inLanguage":"es-MX","potentialAction":[{"@type":"ReadAction","target":["https:\/\/reflejodemichoacan.com\/index.php\/2022\/12\/06\/con-inversion-de-dos-millones-347-mil-de-pesos-arranca-julio-arreola-trabajos-de-camino-en-el-zapote\/"]}]},{"@type":"BreadcrumbList","@id":"https:\/\/reflejodemichoacan.com\/index.php\/2022\/12\/06\/con-inversion-de-dos-millones-347-mil-de-pesos-arranca-julio-arreola-trabajos-de-camino-en-el-zapote\/#breadcrumb","itemListElement":[{"@type":"ListItem","position":1,"name":"Inicio","item":"https:\/\/reflejodemichoacan.com\/"},{"@type":"ListItem","position":2,"name":"Con inversi\u00f3n de dos millones 347 mil de pesos, arranca, Julio Arreola, trabajos de camino en El Zapote"}]},{"@type":"Person","@id":"https:\/\/reflejodemichoacan.com\/#\/schema\/person\/72d921e8fe99bd6e2e39bcde8995046f","name":"Aurora","image":{"@type":"ImageObject","@id":"https:\/\/reflejodemichoacan.com\/#personlogo","inLanguage":"es-MX","url":"https:\/\/secure.gravatar.com\/avatar\/df5ceb9b998be27b25dd258a6b4b0a95?s=96&d=mm&r=g","contentUrl":"https:\/\/secure.gravatar.com\/avatar\/df5ceb9b998be27b25dd258a6b4b0a95?s=96&d=mm&r=g","caption":"Aurora"},"sameAs":["http:\/\/reflejodemichoacan.com"],"url":"https:\/\/reflejodemichoacan.com\/index.php\/author\/rixwm7qvsq\/"}]}},"_links":{"self":[{"href":"https:\/\/reflejodemichoacan.com\/index.php\/wp-json\/wp\/v2\/posts\/10562"}],"collection":[{"href":"https:\/\/reflejodemichoacan.com\/index.php\/wp-json\/wp\/v2\/posts"}],"about":[{"href":"https:\/\/reflejodemichoacan.com\/index.php\/wp-json\/wp\/v2\/types\/post"}],"author":[{"embeddable":true,"href":"https:\/\/reflejodemichoacan.com\/index.php\/wp-json\/wp\/v2\/users\/1"}],"replies":[{"embeddable":true,"href":"https:\/\/reflejodemichoacan.com\/index.php\/wp-json\/wp\/v2\/comments?post=10562"}],"version-history":[{"count":2,"href":"https:\/\/reflejodemichoacan.com\/index.php\/wp-json\/wp\/v2\/posts\/10562\/revisions"}],"predecessor-version":[{"id":10565,"href":"https:\/\/reflejodemichoacan.com\/index.php\/wp-json\/wp\/v2\/posts\/10562\/revisions\/10565"}],"wp:featuredmedia":[{"embeddable":true,"href":"https:\/\/reflejodemichoacan.com\/index.php\/wp-json\/wp\/v2\/media\/10563"}],"wp:attachment":[{"href":"https:\/\/reflejodemichoacan.com\/index.php\/wp-json\/wp\/v2\/media?parent=10562"}],"wp:term":[{"taxonomy":"category","embeddable":true,"href":"https:\/\/reflejodemichoacan.com\/index.php\/wp-json\/wp\/v2\/categories?post=10562"},{"taxonomy":"post_tag","embeddable":true,"href":"https:\/\/reflejodemichoacan.com\/index.php\/wp-json\/wp\/v2\/tags?post=10562"}],"curies":[{"name":"wp","href":"https:\/\/api.w.org\/{rel}","templated":true}]}}