{"id":10566,"date":"2022-12-06T01:20:33","date_gmt":"2022-12-06T01:20:33","guid":{"rendered":"https:\/\/reflejodemichoacan.com\/?p=10566"},"modified":"2022-12-06T01:20:36","modified_gmt":"2022-12-06T01:20:36","slug":"contra-obrador-un-odio-que-no-tiene-razon-de-ser","status":"publish","type":"post","link":"https:\/\/reflejodemichoacan.com\/index.php\/2022\/12\/06\/contra-obrador-un-odio-que-no-tiene-razon-de-ser\/","title":{"rendered":"Contra Obrador: Un odio que no tiene raz\u00f3n de ser"},"content":{"rendered":"\n<p>Fidel Rodr\u00edguez Ramos<\/p>\n\n\n\n<p>&nbsp;&nbsp;&nbsp; Desde que llega Obrador a la Presidencia, lo m\u00e1s importante es el dinero, los privilegios de los de siempre, enriquecidos a manos llenas desde hace treinta a\u00f1os, por eso sus intereses no han sido tocados en lo m\u00e1s m\u00ednimo, y como este pa\u00eds es de secretos, nos imaginamos que al conocerse el triunfo del morenista, se sostuvo una reuni\u00f3n con los que verdaderamente mandan en este pa\u00eds, con los organismos financieros internacionales que controlan los gobiernos norteamericanos, como el Fondo Monetario Internacional (FMI).<\/p>\n\n\n\n<p>&nbsp;&nbsp; Seguramente le recomendaron no tocar a Enrique Pe\u00f1a Nieto, a pesar de que en su gobierno se dio la desaparici\u00f3n de cuarenta y tres j\u00f3venes estudiantes normalistas, Obrador asegura que no hay nada contra \u00e9l porque nunca cuestiona su triunfo del 2018, hoy ese personaje vive lujosamente en Espa\u00f1a, tuvo m\u00e1s verg\u00fcenza, hombr\u00eda, dignidad el Tata Martino quien ante todo el planeta, reconoce su cuestionable papel en el actual mundial de fut-bol.<\/p>\n\n\n\n<p>&nbsp; Y as\u00ed como no es cuestionado, quien tambi\u00e9n salvajemente reprimiera como gobernador, junto con Fox a los comuneros de San Salvador Atenco, donde varias mujeres fueran abusadas sexualmente, Pe\u00f1a Nieto nunca responder\u00e1 por el uso inmenso, de recursos que le otorgan los poderosos para hacerse de la Presidencia en el 2012, regalando celulares, computadoras. Eso no lo toma en cuenta el grotesco ex gobernador priista de Coahuila Rub\u00e9n Moreira, el exguerrillero arrepentido del PRD Jes\u00fas Zambrano que exige al partido del Movimiento Ciudadano se les una para derrotar a Morena en el 2024, toda vez que los obradoristas tienen el 41 por ciento de los votos para repetir en la presidencia, no as\u00ed ellos que tienen, aseguran, un 40 por ciento de preferencias.<\/p>\n\n\n\n<p>&nbsp; Nadie de los inmensamente ricos han sido tocados por el supuesto dictador, comunista que se hace del poder en el 2018 tras recibir el apoyo de treinta millones de personas. Por ejemplo el due\u00f1o de la mina de cobre m\u00e1s grande de M\u00e9xico, el se\u00f1or Alfonso Larrea sigue en su negativa de resolver una huelga en Cananea que ya lleva quince a\u00f1os sin resolverse; no hubo nada contra \u00e9l, ahora que abandona su compromiso para construir un tramo del Tren Maya. Los medios de difusi\u00f3n diariamente mencionan lo nefasto que es para el pa\u00eds el \u201cpresidentito\u201d, pero se les olvida que \u00e9l renuncia al uso obligado, constitucional que cotidianamente ten\u00eda el gobierno federal en la radio y televisi\u00f3n, ahora si Obrador hace uso de tales medios debe pagar como cualquier particular.<\/p>\n\n\n\n<p>&nbsp;&nbsp; No se cansan de decir que su gobierno es el culpable de la muerte de miles de personas a causa del Covid-19, olvidando que en M\u00e9xico se han aplicado 200 millones de vacunas. Lo acusan de comunista, socialista porque entrega unos centavos a diez millones de gentes de la tercera edad, eso, dicen, da\u00f1a al pa\u00eds. Pero prefieren ignorar que anualmente a bancos, que ni siquiera son nuestros, se les regalan m\u00e1s de cuarenta mil millones de ayuda, as\u00ed desde los tiempos de Ernesto Zedillo les hemos entregado un bill\u00f3n de pesos (un mill\u00f3n de millones de pesos), para que se recuperen de sus quiebras o problemas, ese amoroso apoyo seguir\u00e1 hasta el 2070.<\/p>\n\n\n\n<p>\u00a0\u00a0 Gritan que la inseguridad, la falta de medicinas, de guarder\u00edas, de apoyo a la educaci\u00f3n se debe a su torpeza, necedad, caprichos pero no reconocen la seria falta de recursos que hay en el pa\u00eds debido a la gigantesca deuda externa que nos heredaron los expresidentes, por ese concepto, pagaremos TOD@S el pr\u00f3ximo a\u00f1o un bill\u00f3n de pesos, s\u00f3lo por intereses, as\u00ed \u00bfqu\u00e9 recurso hay para otorgar plazas autom\u00e1ticas a nuestros maestros, a los m\u00e9dicos que terminan sus estudios. Para capacitar a los polic\u00edas?. <\/p>\n","protected":false},"excerpt":{"rendered":"<p>Fidel Rodr\u00edguez Ramos &nbsp;&nbsp;&nbsp; Desde que llega Obrador a la Presidencia, lo m\u00e1s importante es el dinero, los privilegios de los de siempre, enriquecidos a manos llenas desde hace treinta a\u00f1os, por eso sus intereses no han sido tocados en lo m\u00e1s m\u00ednimo, y como este pa\u00eds es de secretos, nos imaginamos que al conocerse [&hellip;]<\/p>\n","protected":false},"author":1,"featured_media":10567,"comment_status":"open","ping_status":"closed","sticky":false,"template":"","format":"standard","meta":[],"categories":[1],"tags":[],"yoast_head":"<!-- This site is optimized with the Yoast SEO plugin v17.9 - https:\/\/yoast.com\/wordpress\/plugins\/seo\/ -->\n<title>Contra Obrador: Un odio que no tiene raz\u00f3n de ser - Reflejo de Michoac\u00e1n<\/title>\n<meta name=\"robots\" content=\"index, follow, max-snippet:-1, max-image-preview:large, max-video-preview:-1\" \/>\n<link rel=\"canonical\" href=\"https:\/\/reflejodemichoacan.com\/index.php\/2022\/12\/06\/contra-obrador-un-odio-que-no-tiene-razon-de-ser\/\" \/>\n<meta property=\"og:locale\" content=\"es_MX\" \/>\n<meta property=\"og:type\" content=\"article\" \/>\n<meta property=\"og:title\" content=\"Contra Obrador: Un odio que no tiene raz\u00f3n de ser - Reflejo de Michoac\u00e1n\" \/>\n<meta property=\"og:description\" content=\"Fidel Rodr\u00edguez Ramos &nbsp;&nbsp;&nbsp; Desde que llega Obrador a la Presidencia, lo m\u00e1s importante es el dinero, los privilegios de los de siempre, enriquecidos a manos llenas desde hace treinta a\u00f1os, por eso sus intereses no han sido tocados en lo m\u00e1s m\u00ednimo, y como este pa\u00eds es de secretos, nos imaginamos que al conocerse [&hellip;]\" \/>\n<meta property=\"og:url\" content=\"https:\/\/reflejodemichoacan.com\/index.php\/2022\/12\/06\/contra-obrador-un-odio-que-no-tiene-razon-de-ser\/\" \/>\n<meta property=\"og:site_name\" content=\"Reflejo de Michoac\u00e1n\" \/>\n<meta property=\"article:published_time\" content=\"2022-12-06T01:20:33+00:00\" \/>\n<meta property=\"article:modified_time\" content=\"2022-12-06T01:20:36+00:00\" \/>\n<meta property=\"og:image\" content=\"https:\/\/reflejodemichoacan.com\/wp-content\/uploads\/2022\/12\/obrador1.jpg\" \/>\n\t<meta property=\"og:image:width\" content=\"640\" \/>\n\t<meta property=\"og:image:height\" content=\"360\" \/>\n\t<meta property=\"og:image:type\" content=\"image\/jpeg\" \/>\n<meta name=\"twitter:card\" content=\"summary_large_image\" \/>\n<meta name=\"twitter:label1\" content=\"Escrito por\" \/>\n\t<meta name=\"twitter:data1\" content=\"Aurora\" \/>\n\t<meta name=\"twitter:label2\" content=\"Tiempo de lectura\" \/>\n\t<meta name=\"twitter:data2\" content=\"3 minutos\" \/>\n<script type=\"application\/ld+json\" class=\"yoast-schema-graph\">{\"@context\":\"https:\/\/schema.org\",\"@graph\":[{\"@type\":\"WebSite\",\"@id\":\"https:\/\/reflejodemichoacan.com\/#website\",\"url\":\"https:\/\/reflejodemichoacan.com\/\",\"name\":\"Reflejo de Michoac\\u00e1n\",\"description\":\"Medio de comunicaci\\u00f3n impreso y digital al servicio de la regi\\u00f3n lacustre y Michoac\\u00e1n.\",\"potentialAction\":[{\"@type\":\"SearchAction\",\"target\":{\"@type\":\"EntryPoint\",\"urlTemplate\":\"https:\/\/reflejodemichoacan.com\/?s={search_term_string}\"},\"query-input\":\"required name=search_term_string\"}],\"inLanguage\":\"es-MX\"},{\"@type\":\"ImageObject\",\"@id\":\"https:\/\/reflejodemichoacan.com\/index.php\/2022\/12\/06\/contra-obrador-un-odio-que-no-tiene-razon-de-ser\/#primaryimage\",\"inLanguage\":\"es-MX\",\"url\":\"https:\/\/reflejodemichoacan.com\/wp-content\/uploads\/2022\/12\/obrador1.jpg\",\"contentUrl\":\"https:\/\/reflejodemichoacan.com\/wp-content\/uploads\/2022\/12\/obrador1.jpg\",\"width\":640,\"height\":360},{\"@type\":\"WebPage\",\"@id\":\"https:\/\/reflejodemichoacan.com\/index.php\/2022\/12\/06\/contra-obrador-un-odio-que-no-tiene-razon-de-ser\/#webpage\",\"url\":\"https:\/\/reflejodemichoacan.com\/index.php\/2022\/12\/06\/contra-obrador-un-odio-que-no-tiene-razon-de-ser\/\",\"name\":\"Contra Obrador: Un odio que no tiene raz\\u00f3n de ser - Reflejo de Michoac\\u00e1n\",\"isPartOf\":{\"@id\":\"https:\/\/reflejodemichoacan.com\/#website\"},\"primaryImageOfPage\":{\"@id\":\"https:\/\/reflejodemichoacan.com\/index.php\/2022\/12\/06\/contra-obrador-un-odio-que-no-tiene-razon-de-ser\/#primaryimage\"},\"datePublished\":\"2022-12-06T01:20:33+00:00\",\"dateModified\":\"2022-12-06T01:20:36+00:00\",\"author\":{\"@id\":\"https:\/\/reflejodemichoacan.com\/#\/schema\/person\/72d921e8fe99bd6e2e39bcde8995046f\"},\"breadcrumb\":{\"@id\":\"https:\/\/reflejodemichoacan.com\/index.php\/2022\/12\/06\/contra-obrador-un-odio-que-no-tiene-razon-de-ser\/#breadcrumb\"},\"inLanguage\":\"es-MX\",\"potentialAction\":[{\"@type\":\"ReadAction\",\"target\":[\"https:\/\/reflejodemichoacan.com\/index.php\/2022\/12\/06\/contra-obrador-un-odio-que-no-tiene-razon-de-ser\/\"]}]},{\"@type\":\"BreadcrumbList\",\"@id\":\"https:\/\/reflejodemichoacan.com\/index.php\/2022\/12\/06\/contra-obrador-un-odio-que-no-tiene-razon-de-ser\/#breadcrumb\",\"itemListElement\":[{\"@type\":\"ListItem\",\"position\":1,\"name\":\"Inicio\",\"item\":\"https:\/\/reflejodemichoacan.com\/\"},{\"@type\":\"ListItem\",\"position\":2,\"name\":\"Contra Obrador: Un odio que no tiene raz\\u00f3n de ser\"}]},{\"@type\":\"Person\",\"@id\":\"https:\/\/reflejodemichoacan.com\/#\/schema\/person\/72d921e8fe99bd6e2e39bcde8995046f\",\"name\":\"Aurora\",\"image\":{\"@type\":\"ImageObject\",\"@id\":\"https:\/\/reflejodemichoacan.com\/#personlogo\",\"inLanguage\":\"es-MX\",\"url\":\"https:\/\/secure.gravatar.com\/avatar\/df5ceb9b998be27b25dd258a6b4b0a95?s=96&d=mm&r=g\",\"contentUrl\":\"https:\/\/secure.gravatar.com\/avatar\/df5ceb9b998be27b25dd258a6b4b0a95?s=96&d=mm&r=g\",\"caption\":\"Aurora\"},\"sameAs\":[\"http:\/\/reflejodemichoacan.com\"],\"url\":\"https:\/\/reflejodemichoacan.com\/index.php\/author\/rixwm7qvsq\/\"}]}<\/script>\n<!-- \/ Yoast SEO plugin. -->","yoast_head_json":{"title":"Contra Obrador: Un odio que no tiene raz\u00f3n de ser - Reflejo de Michoac\u00e1n","robots":{"index":"index","follow":"follow","max-snippet":"max-snippet:-1","max-image-preview":"max-image-preview:large","max-video-preview":"max-video-preview:-1"},"canonical":"https:\/\/reflejodemichoacan.com\/index.php\/2022\/12\/06\/contra-obrador-un-odio-que-no-tiene-razon-de-ser\/","og_locale":"es_MX","og_type":"article","og_title":"Contra Obrador: Un odio que no tiene raz\u00f3n de ser - Reflejo de Michoac\u00e1n","og_description":"Fidel Rodr\u00edguez Ramos &nbsp;&nbsp;&nbsp; Desde que llega Obrador a la Presidencia, lo m\u00e1s importante es el dinero, los privilegios de los de siempre, enriquecidos a manos llenas desde hace treinta a\u00f1os, por eso sus intereses no han sido tocados en lo m\u00e1s m\u00ednimo, y como este pa\u00eds es de secretos, nos imaginamos que al conocerse [&hellip;]","og_url":"https:\/\/reflejodemichoacan.com\/index.php\/2022\/12\/06\/contra-obrador-un-odio-que-no-tiene-razon-de-ser\/","og_site_name":"Reflejo de Michoac\u00e1n","article_published_time":"2022-12-06T01:20:33+00:00","article_modified_time":"2022-12-06T01:20:36+00:00","og_image":[{"width":640,"height":360,"url":"https:\/\/reflejodemichoacan.com\/wp-content\/uploads\/2022\/12\/obrador1.jpg","type":"image\/jpeg"}],"twitter_card":"summary_large_image","twitter_misc":{"Escrito por":"Aurora","Tiempo de lectura":"3 minutos"},"schema":{"@context":"https:\/\/schema.org","@graph":[{"@type":"WebSite","@id":"https:\/\/reflejodemichoacan.com\/#website","url":"https:\/\/reflejodemichoacan.com\/","name":"Reflejo de Michoac\u00e1n","description":"Medio de comunicaci\u00f3n impreso y digital al servicio de la regi\u00f3n lacustre y Michoac\u00e1n.","potentialAction":[{"@type":"SearchAction","target":{"@type":"EntryPoint","urlTemplate":"https:\/\/reflejodemichoacan.com\/?s={search_term_string}"},"query-input":"required name=search_term_string"}],"inLanguage":"es-MX"},{"@type":"ImageObject","@id":"https:\/\/reflejodemichoacan.com\/index.php\/2022\/12\/06\/contra-obrador-un-odio-que-no-tiene-razon-de-ser\/#primaryimage","inLanguage":"es-MX","url":"https:\/\/reflejodemichoacan.com\/wp-content\/uploads\/2022\/12\/obrador1.jpg","contentUrl":"https:\/\/reflejodemichoacan.com\/wp-content\/uploads\/2022\/12\/obrador1.jpg","width":640,"height":360},{"@type":"WebPage","@id":"https:\/\/reflejodemichoacan.com\/index.php\/2022\/12\/06\/contra-obrador-un-odio-que-no-tiene-razon-de-ser\/#webpage","url":"https:\/\/reflejodemichoacan.com\/index.php\/2022\/12\/06\/contra-obrador-un-odio-que-no-tiene-razon-de-ser\/","name":"Contra Obrador: Un odio que no tiene raz\u00f3n de ser - Reflejo de Michoac\u00e1n","isPartOf":{"@id":"https:\/\/reflejodemichoacan.com\/#website"},"primaryImageOfPage":{"@id":"https:\/\/reflejodemichoacan.com\/index.php\/2022\/12\/06\/contra-obrador-un-odio-que-no-tiene-razon-de-ser\/#primaryimage"},"datePublished":"2022-12-06T01:20:33+00:00","dateModified":"2022-12-06T01:20:36+00:00","author":{"@id":"https:\/\/reflejodemichoacan.com\/#\/schema\/person\/72d921e8fe99bd6e2e39bcde8995046f"},"breadcrumb":{"@id":"https:\/\/reflejodemichoacan.com\/index.php\/2022\/12\/06\/contra-obrador-un-odio-que-no-tiene-razon-de-ser\/#breadcrumb"},"inLanguage":"es-MX","potentialAction":[{"@type":"ReadAction","target":["https:\/\/reflejodemichoacan.com\/index.php\/2022\/12\/06\/contra-obrador-un-odio-que-no-tiene-razon-de-ser\/"]}]},{"@type":"BreadcrumbList","@id":"https:\/\/reflejodemichoacan.com\/index.php\/2022\/12\/06\/contra-obrador-un-odio-que-no-tiene-razon-de-ser\/#breadcrumb","itemListElement":[{"@type":"ListItem","position":1,"name":"Inicio","item":"https:\/\/reflejodemichoacan.com\/"},{"@type":"ListItem","position":2,"name":"Contra Obrador: Un odio que no tiene raz\u00f3n de ser"}]},{"@type":"Person","@id":"https:\/\/reflejodemichoacan.com\/#\/schema\/person\/72d921e8fe99bd6e2e39bcde8995046f","name":"Aurora","image":{"@type":"ImageObject","@id":"https:\/\/reflejodemichoacan.com\/#personlogo","inLanguage":"es-MX","url":"https:\/\/secure.gravatar.com\/avatar\/df5ceb9b998be27b25dd258a6b4b0a95?s=96&d=mm&r=g","contentUrl":"https:\/\/secure.gravatar.com\/avatar\/df5ceb9b998be27b25dd258a6b4b0a95?s=96&d=mm&r=g","caption":"Aurora"},"sameAs":["http:\/\/reflejodemichoacan.com"],"url":"https:\/\/reflejodemichoacan.com\/index.php\/author\/rixwm7qvsq\/"}]}},"_links":{"self":[{"href":"https:\/\/reflejodemichoacan.com\/index.php\/wp-json\/wp\/v2\/posts\/10566"}],"collection":[{"href":"https:\/\/reflejodemichoacan.com\/index.php\/wp-json\/wp\/v2\/posts"}],"about":[{"href":"https:\/\/reflejodemichoacan.com\/index.php\/wp-json\/wp\/v2\/types\/post"}],"author":[{"embeddable":true,"href":"https:\/\/reflejodemichoacan.com\/index.php\/wp-json\/wp\/v2\/users\/1"}],"replies":[{"embeddable":true,"href":"https:\/\/reflejodemichoacan.com\/index.php\/wp-json\/wp\/v2\/comments?post=10566"}],"version-history":[{"count":1,"href":"https:\/\/reflejodemichoacan.com\/index.php\/wp-json\/wp\/v2\/posts\/10566\/revisions"}],"predecessor-version":[{"id":10568,"href":"https:\/\/reflejodemichoacan.com\/index.php\/wp-json\/wp\/v2\/posts\/10566\/revisions\/10568"}],"wp:featuredmedia":[{"embeddable":true,"href":"https:\/\/reflejodemichoacan.com\/index.php\/wp-json\/wp\/v2\/media\/10567"}],"wp:attachment":[{"href":"https:\/\/reflejodemichoacan.com\/index.php\/wp-json\/wp\/v2\/media?parent=10566"}],"wp:term":[{"taxonomy":"category","embeddable":true,"href":"https:\/\/reflejodemichoacan.com\/index.php\/wp-json\/wp\/v2\/categories?post=10566"},{"taxonomy":"post_tag","embeddable":true,"href":"https:\/\/reflejodemichoacan.com\/index.php\/wp-json\/wp\/v2\/tags?post=10566"}],"curies":[{"name":"wp","href":"https:\/\/api.w.org\/{rel}","templated":true}]}}