{"id":10574,"date":"2022-12-07T01:31:53","date_gmt":"2022-12-07T01:31:53","guid":{"rendered":"https:\/\/reflejodemichoacan.com\/?p=10574"},"modified":"2022-12-07T01:31:55","modified_gmt":"2022-12-07T01:31:55","slug":"garantizar-presupuesto-para-programas-asistenciales-el-compromiso-de-la-75-legislatura-julieta-garcia","status":"publish","type":"post","link":"https:\/\/reflejodemichoacan.com\/index.php\/2022\/12\/07\/garantizar-presupuesto-para-programas-asistenciales-el-compromiso-de-la-75-legislatura-julieta-garcia\/","title":{"rendered":"Garantizar Presupuesto para programas asistenciales, el compromiso de la 75 Legislatura: Julieta Garc\u00eda"},"content":{"rendered":"\n<p>Morelia, Michoac\u00e1n, 06 de diciembre de 2022.- La 75 Legislatura trabaja para generar las condiciones presupuestales que garanticen el financiamiento de programas enfocados a mejorar la calidad de vida de las y los michoacanos, subray\u00f3 la diputada Julieta Garc\u00eda Zepeda, presidenta de la Mesa Directiva del Congreso del Estado.<br>En el marco de la Entrega de Tarjetas de la Pensi\u00f3n Universal para el Bienestar de las Personas con Discapacidad, la legisladora destac\u00f3 que, en el Presupuesto para el Ejercicio Fiscal 2023, ya se trabaja a marchas forzadas para que este tipo de programas y de becas contin\u00faen en favor de la poblaci\u00f3n en general y, sobre todo, de quienes tienen alguna discapacidad.<br>\u201cNecesitamos utilizar los recursos en beneficio de la gente, del pueblo; vamos a trabajar desde nuestra trinchera y desde el \u00e1mbito que a nosotros como diputados nos corresponde para apoyar a las personas con discapacidad y en generar las condiciones para que este tipo de programas persista\u201d, comprometi\u00f3.<br>Por su parte, el diputado Roberto Reyes Cosari, manifest\u00f3 que se insistir\u00e1 para que, desde el Congreso del Estado, se busque que se destinen m\u00e1s recursos para programas con estas caracter\u00edsticas para las personas con discapacidad, \u201ccomo el programa que vamos a aprobar este a\u00f1o para madres cuidadoras de ni\u00f1as y ni\u00f1os con c\u00e1ncer, en donde se les otorgar\u00e1 una beca\u201d, a\u00f1adi\u00f3.<br>Comprometi\u00f3 que desde el Poder Legislativo \u201crespaldaremos este tipo de pol\u00edticas p\u00fablicas, porque es necesario que el dinero sea destinado al pueblo que trabaja, a quienes necesitan d\u00eda con d\u00eda mejores condiciones de vida\u201d, finaliz\u00f3.<\/p>\n","protected":false},"excerpt":{"rendered":"<p>Morelia, Michoac\u00e1n, 06 de diciembre de 2022.- La 75 Legislatura trabaja para generar las condiciones presupuestales que garanticen el financiamiento de programas enfocados a mejorar la calidad de vida de las y los michoacanos, subray\u00f3 la diputada Julieta Garc\u00eda Zepeda, presidenta de la Mesa Directiva del Congreso del Estado.En el marco de la Entrega de [&hellip;]<\/p>\n","protected":false},"author":1,"featured_media":10575,"comment_status":"open","ping_status":"closed","sticky":false,"template":"","format":"standard","meta":[],"categories":[1],"tags":[],"yoast_head":"<!-- This site is optimized with the Yoast SEO plugin v17.9 - https:\/\/yoast.com\/wordpress\/plugins\/seo\/ -->\n<title>Garantizar Presupuesto para programas asistenciales, el compromiso de la 75 Legislatura: Julieta Garc\u00eda - Reflejo de Michoac\u00e1n<\/title>\n<meta name=\"robots\" content=\"index, follow, max-snippet:-1, max-image-preview:large, max-video-preview:-1\" \/>\n<link rel=\"canonical\" href=\"https:\/\/reflejodemichoacan.com\/index.php\/2022\/12\/07\/garantizar-presupuesto-para-programas-asistenciales-el-compromiso-de-la-75-legislatura-julieta-garcia\/\" \/>\n<meta property=\"og:locale\" content=\"es_MX\" \/>\n<meta property=\"og:type\" content=\"article\" \/>\n<meta property=\"og:title\" content=\"Garantizar Presupuesto para programas asistenciales, el compromiso de la 75 Legislatura: Julieta Garc\u00eda - Reflejo de Michoac\u00e1n\" \/>\n<meta property=\"og:description\" content=\"Morelia, Michoac\u00e1n, 06 de diciembre de 2022.- La 75 Legislatura trabaja para generar las condiciones presupuestales que garanticen el financiamiento de programas enfocados a mejorar la calidad de vida de las y los michoacanos, subray\u00f3 la diputada Julieta Garc\u00eda Zepeda, presidenta de la Mesa Directiva del Congreso del Estado.En el marco de la Entrega de [&hellip;]\" \/>\n<meta property=\"og:url\" content=\"https:\/\/reflejodemichoacan.com\/index.php\/2022\/12\/07\/garantizar-presupuesto-para-programas-asistenciales-el-compromiso-de-la-75-legislatura-julieta-garcia\/\" \/>\n<meta property=\"og:site_name\" content=\"Reflejo de Michoac\u00e1n\" \/>\n<meta property=\"article:published_time\" content=\"2022-12-07T01:31:53+00:00\" \/>\n<meta property=\"article:modified_time\" content=\"2022-12-07T01:31:55+00:00\" \/>\n<meta property=\"og:image\" content=\"https:\/\/reflejodemichoacan.com\/wp-content\/uploads\/2022\/12\/garantizar.jpg\" \/>\n\t<meta property=\"og:image:width\" content=\"910\" \/>\n\t<meta property=\"og:image:height\" content=\"606\" \/>\n\t<meta property=\"og:image:type\" content=\"image\/jpeg\" \/>\n<meta name=\"twitter:card\" content=\"summary_large_image\" \/>\n<meta name=\"twitter:label1\" content=\"Escrito por\" \/>\n\t<meta name=\"twitter:data1\" content=\"Aurora\" \/>\n\t<meta name=\"twitter:label2\" content=\"Tiempo de lectura\" \/>\n\t<meta name=\"twitter:data2\" content=\"2 minutos\" \/>\n<script type=\"application\/ld+json\" class=\"yoast-schema-graph\">{\"@context\":\"https:\/\/schema.org\",\"@graph\":[{\"@type\":\"WebSite\",\"@id\":\"https:\/\/reflejodemichoacan.com\/#website\",\"url\":\"https:\/\/reflejodemichoacan.com\/\",\"name\":\"Reflejo de Michoac\\u00e1n\",\"description\":\"Medio de comunicaci\\u00f3n impreso y digital al servicio de la regi\\u00f3n lacustre y Michoac\\u00e1n.\",\"potentialAction\":[{\"@type\":\"SearchAction\",\"target\":{\"@type\":\"EntryPoint\",\"urlTemplate\":\"https:\/\/reflejodemichoacan.com\/?s={search_term_string}\"},\"query-input\":\"required name=search_term_string\"}],\"inLanguage\":\"es-MX\"},{\"@type\":\"ImageObject\",\"@id\":\"https:\/\/reflejodemichoacan.com\/index.php\/2022\/12\/07\/garantizar-presupuesto-para-programas-asistenciales-el-compromiso-de-la-75-legislatura-julieta-garcia\/#primaryimage\",\"inLanguage\":\"es-MX\",\"url\":\"https:\/\/reflejodemichoacan.com\/wp-content\/uploads\/2022\/12\/garantizar.jpg\",\"contentUrl\":\"https:\/\/reflejodemichoacan.com\/wp-content\/uploads\/2022\/12\/garantizar.jpg\",\"width\":910,\"height\":606},{\"@type\":\"WebPage\",\"@id\":\"https:\/\/reflejodemichoacan.com\/index.php\/2022\/12\/07\/garantizar-presupuesto-para-programas-asistenciales-el-compromiso-de-la-75-legislatura-julieta-garcia\/#webpage\",\"url\":\"https:\/\/reflejodemichoacan.com\/index.php\/2022\/12\/07\/garantizar-presupuesto-para-programas-asistenciales-el-compromiso-de-la-75-legislatura-julieta-garcia\/\",\"name\":\"Garantizar Presupuesto para programas asistenciales, el compromiso de la 75 Legislatura: Julieta Garc\\u00eda - Reflejo de Michoac\\u00e1n\",\"isPartOf\":{\"@id\":\"https:\/\/reflejodemichoacan.com\/#website\"},\"primaryImageOfPage\":{\"@id\":\"https:\/\/reflejodemichoacan.com\/index.php\/2022\/12\/07\/garantizar-presupuesto-para-programas-asistenciales-el-compromiso-de-la-75-legislatura-julieta-garcia\/#primaryimage\"},\"datePublished\":\"2022-12-07T01:31:53+00:00\",\"dateModified\":\"2022-12-07T01:31:55+00:00\",\"author\":{\"@id\":\"https:\/\/reflejodemichoacan.com\/#\/schema\/person\/72d921e8fe99bd6e2e39bcde8995046f\"},\"breadcrumb\":{\"@id\":\"https:\/\/reflejodemichoacan.com\/index.php\/2022\/12\/07\/garantizar-presupuesto-para-programas-asistenciales-el-compromiso-de-la-75-legislatura-julieta-garcia\/#breadcrumb\"},\"inLanguage\":\"es-MX\",\"potentialAction\":[{\"@type\":\"ReadAction\",\"target\":[\"https:\/\/reflejodemichoacan.com\/index.php\/2022\/12\/07\/garantizar-presupuesto-para-programas-asistenciales-el-compromiso-de-la-75-legislatura-julieta-garcia\/\"]}]},{\"@type\":\"BreadcrumbList\",\"@id\":\"https:\/\/reflejodemichoacan.com\/index.php\/2022\/12\/07\/garantizar-presupuesto-para-programas-asistenciales-el-compromiso-de-la-75-legislatura-julieta-garcia\/#breadcrumb\",\"itemListElement\":[{\"@type\":\"ListItem\",\"position\":1,\"name\":\"Inicio\",\"item\":\"https:\/\/reflejodemichoacan.com\/\"},{\"@type\":\"ListItem\",\"position\":2,\"name\":\"Garantizar Presupuesto para programas asistenciales, el compromiso de la 75 Legislatura: Julieta Garc\\u00eda\"}]},{\"@type\":\"Person\",\"@id\":\"https:\/\/reflejodemichoacan.com\/#\/schema\/person\/72d921e8fe99bd6e2e39bcde8995046f\",\"name\":\"Aurora\",\"image\":{\"@type\":\"ImageObject\",\"@id\":\"https:\/\/reflejodemichoacan.com\/#personlogo\",\"inLanguage\":\"es-MX\",\"url\":\"https:\/\/secure.gravatar.com\/avatar\/df5ceb9b998be27b25dd258a6b4b0a95?s=96&d=mm&r=g\",\"contentUrl\":\"https:\/\/secure.gravatar.com\/avatar\/df5ceb9b998be27b25dd258a6b4b0a95?s=96&d=mm&r=g\",\"caption\":\"Aurora\"},\"sameAs\":[\"http:\/\/reflejodemichoacan.com\"],\"url\":\"https:\/\/reflejodemichoacan.com\/index.php\/author\/rixwm7qvsq\/\"}]}<\/script>\n<!-- \/ Yoast SEO plugin. -->","yoast_head_json":{"title":"Garantizar Presupuesto para programas asistenciales, el compromiso de la 75 Legislatura: Julieta Garc\u00eda - Reflejo de Michoac\u00e1n","robots":{"index":"index","follow":"follow","max-snippet":"max-snippet:-1","max-image-preview":"max-image-preview:large","max-video-preview":"max-video-preview:-1"},"canonical":"https:\/\/reflejodemichoacan.com\/index.php\/2022\/12\/07\/garantizar-presupuesto-para-programas-asistenciales-el-compromiso-de-la-75-legislatura-julieta-garcia\/","og_locale":"es_MX","og_type":"article","og_title":"Garantizar Presupuesto para programas asistenciales, el compromiso de la 75 Legislatura: Julieta Garc\u00eda - Reflejo de Michoac\u00e1n","og_description":"Morelia, Michoac\u00e1n, 06 de diciembre de 2022.- La 75 Legislatura trabaja para generar las condiciones presupuestales que garanticen el financiamiento de programas enfocados a mejorar la calidad de vida de las y los michoacanos, subray\u00f3 la diputada Julieta Garc\u00eda Zepeda, presidenta de la Mesa Directiva del Congreso del Estado.En el marco de la Entrega de [&hellip;]","og_url":"https:\/\/reflejodemichoacan.com\/index.php\/2022\/12\/07\/garantizar-presupuesto-para-programas-asistenciales-el-compromiso-de-la-75-legislatura-julieta-garcia\/","og_site_name":"Reflejo de Michoac\u00e1n","article_published_time":"2022-12-07T01:31:53+00:00","article_modified_time":"2022-12-07T01:31:55+00:00","og_image":[{"width":910,"height":606,"url":"https:\/\/reflejodemichoacan.com\/wp-content\/uploads\/2022\/12\/garantizar.jpg","type":"image\/jpeg"}],"twitter_card":"summary_large_image","twitter_misc":{"Escrito por":"Aurora","Tiempo de lectura":"2 minutos"},"schema":{"@context":"https:\/\/schema.org","@graph":[{"@type":"WebSite","@id":"https:\/\/reflejodemichoacan.com\/#website","url":"https:\/\/reflejodemichoacan.com\/","name":"Reflejo de Michoac\u00e1n","description":"Medio de comunicaci\u00f3n impreso y digital al servicio de la regi\u00f3n lacustre y Michoac\u00e1n.","potentialAction":[{"@type":"SearchAction","target":{"@type":"EntryPoint","urlTemplate":"https:\/\/reflejodemichoacan.com\/?s={search_term_string}"},"query-input":"required name=search_term_string"}],"inLanguage":"es-MX"},{"@type":"ImageObject","@id":"https:\/\/reflejodemichoacan.com\/index.php\/2022\/12\/07\/garantizar-presupuesto-para-programas-asistenciales-el-compromiso-de-la-75-legislatura-julieta-garcia\/#primaryimage","inLanguage":"es-MX","url":"https:\/\/reflejodemichoacan.com\/wp-content\/uploads\/2022\/12\/garantizar.jpg","contentUrl":"https:\/\/reflejodemichoacan.com\/wp-content\/uploads\/2022\/12\/garantizar.jpg","width":910,"height":606},{"@type":"WebPage","@id":"https:\/\/reflejodemichoacan.com\/index.php\/2022\/12\/07\/garantizar-presupuesto-para-programas-asistenciales-el-compromiso-de-la-75-legislatura-julieta-garcia\/#webpage","url":"https:\/\/reflejodemichoacan.com\/index.php\/2022\/12\/07\/garantizar-presupuesto-para-programas-asistenciales-el-compromiso-de-la-75-legislatura-julieta-garcia\/","name":"Garantizar Presupuesto para programas asistenciales, el compromiso de la 75 Legislatura: Julieta Garc\u00eda - Reflejo de Michoac\u00e1n","isPartOf":{"@id":"https:\/\/reflejodemichoacan.com\/#website"},"primaryImageOfPage":{"@id":"https:\/\/reflejodemichoacan.com\/index.php\/2022\/12\/07\/garantizar-presupuesto-para-programas-asistenciales-el-compromiso-de-la-75-legislatura-julieta-garcia\/#primaryimage"},"datePublished":"2022-12-07T01:31:53+00:00","dateModified":"2022-12-07T01:31:55+00:00","author":{"@id":"https:\/\/reflejodemichoacan.com\/#\/schema\/person\/72d921e8fe99bd6e2e39bcde8995046f"},"breadcrumb":{"@id":"https:\/\/reflejodemichoacan.com\/index.php\/2022\/12\/07\/garantizar-presupuesto-para-programas-asistenciales-el-compromiso-de-la-75-legislatura-julieta-garcia\/#breadcrumb"},"inLanguage":"es-MX","potentialAction":[{"@type":"ReadAction","target":["https:\/\/reflejodemichoacan.com\/index.php\/2022\/12\/07\/garantizar-presupuesto-para-programas-asistenciales-el-compromiso-de-la-75-legislatura-julieta-garcia\/"]}]},{"@type":"BreadcrumbList","@id":"https:\/\/reflejodemichoacan.com\/index.php\/2022\/12\/07\/garantizar-presupuesto-para-programas-asistenciales-el-compromiso-de-la-75-legislatura-julieta-garcia\/#breadcrumb","itemListElement":[{"@type":"ListItem","position":1,"name":"Inicio","item":"https:\/\/reflejodemichoacan.com\/"},{"@type":"ListItem","position":2,"name":"Garantizar Presupuesto para programas asistenciales, el compromiso de la 75 Legislatura: Julieta Garc\u00eda"}]},{"@type":"Person","@id":"https:\/\/reflejodemichoacan.com\/#\/schema\/person\/72d921e8fe99bd6e2e39bcde8995046f","name":"Aurora","image":{"@type":"ImageObject","@id":"https:\/\/reflejodemichoacan.com\/#personlogo","inLanguage":"es-MX","url":"https:\/\/secure.gravatar.com\/avatar\/df5ceb9b998be27b25dd258a6b4b0a95?s=96&d=mm&r=g","contentUrl":"https:\/\/secure.gravatar.com\/avatar\/df5ceb9b998be27b25dd258a6b4b0a95?s=96&d=mm&r=g","caption":"Aurora"},"sameAs":["http:\/\/reflejodemichoacan.com"],"url":"https:\/\/reflejodemichoacan.com\/index.php\/author\/rixwm7qvsq\/"}]}},"_links":{"self":[{"href":"https:\/\/reflejodemichoacan.com\/index.php\/wp-json\/wp\/v2\/posts\/10574"}],"collection":[{"href":"https:\/\/reflejodemichoacan.com\/index.php\/wp-json\/wp\/v2\/posts"}],"about":[{"href":"https:\/\/reflejodemichoacan.com\/index.php\/wp-json\/wp\/v2\/types\/post"}],"author":[{"embeddable":true,"href":"https:\/\/reflejodemichoacan.com\/index.php\/wp-json\/wp\/v2\/users\/1"}],"replies":[{"embeddable":true,"href":"https:\/\/reflejodemichoacan.com\/index.php\/wp-json\/wp\/v2\/comments?post=10574"}],"version-history":[{"count":1,"href":"https:\/\/reflejodemichoacan.com\/index.php\/wp-json\/wp\/v2\/posts\/10574\/revisions"}],"predecessor-version":[{"id":10576,"href":"https:\/\/reflejodemichoacan.com\/index.php\/wp-json\/wp\/v2\/posts\/10574\/revisions\/10576"}],"wp:featuredmedia":[{"embeddable":true,"href":"https:\/\/reflejodemichoacan.com\/index.php\/wp-json\/wp\/v2\/media\/10575"}],"wp:attachment":[{"href":"https:\/\/reflejodemichoacan.com\/index.php\/wp-json\/wp\/v2\/media?parent=10574"}],"wp:term":[{"taxonomy":"category","embeddable":true,"href":"https:\/\/reflejodemichoacan.com\/index.php\/wp-json\/wp\/v2\/categories?post=10574"},{"taxonomy":"post_tag","embeddable":true,"href":"https:\/\/reflejodemichoacan.com\/index.php\/wp-json\/wp\/v2\/tags?post=10574"}],"curies":[{"name":"wp","href":"https:\/\/api.w.org\/{rel}","templated":true}]}}