{"id":10580,"date":"2022-12-07T01:37:14","date_gmt":"2022-12-07T01:37:14","guid":{"rendered":"https:\/\/reflejodemichoacan.com\/?p=10580"},"modified":"2022-12-07T01:37:18","modified_gmt":"2022-12-07T01:37:18","slug":"celebran-diputadas-exitosa-participacion-de-artistas-michoacanos-en-ii-festival-internacional-tomas-luis-de-victoria-en-espana","status":"publish","type":"post","link":"https:\/\/reflejodemichoacan.com\/index.php\/2022\/12\/07\/celebran-diputadas-exitosa-participacion-de-artistas-michoacanos-en-ii-festival-internacional-tomas-luis-de-victoria-en-espana\/","title":{"rendered":"Celebran diputadas exitosa participaci\u00f3n de artistas michoacanos en II Festival Internacional Tom\u00e1s Luis de Victoria en Espa\u00f1a"},"content":{"rendered":"\n<p>Morelia, Michoac\u00e1n, 04 de diciembre de 2022.- Otorgar todo el respaldo necesario para proyectar la cultura michoacana en M\u00e9xico y el resto del mundo, ha sido un eje prioritario para las diputadas integrantes de la Comisi\u00f3n de Cultura y Artes de la 75 legislatura.\u00a0<br>As\u00ed lo expuso la presidenta de esta Comisi\u00f3n la diputada Andrea Villanueva Cano, quien celebr\u00f3 la exitosa participaci\u00f3n del ensamble realizado por Frida Garc\u00eda, Bernardo Ram\u00edrez y Farid Nava, estudiantes del Conservatorio de las Rosas y quienes gracias al respaldo de las legisladoras, participaron en el II Festival Internacional Tom\u00e1s Luis de Victoria en la ciudad de \u00c1vila, Espa\u00f1a.\u00a0<br>&#8220;La presencia de Michoac\u00e1n en este festival, nos llena de orgullo y especialmente la participaci\u00f3n de estos talentosos j\u00f3venes que pusieron en alto el nombre de Michoac\u00e1n, mostr\u00e1ndoles una parte de la enorme riqueza cultural que nos distingue no s\u00f3lo en M\u00e9xico sino en el mundo&#8221;.<br>A su vez, la diputada Mar\u00eda Fernanda \u00c1lvarez Mendoza, expres\u00f3 su reconocimiento al ensamble michoacano, quienes con su destacada participaci\u00f3n en el festival Tom\u00e1s Luis de Victoria, fortalecen los lazos entre las naciones y muestran que en Michoac\u00e1n el talento y la cultura prevalece.<br>&#8220;Respaldar a los talentos michoacanos ha sido un compromiso de nuestra Comisi\u00f3n y creemos que Michoac\u00e1n debe difundir su cultura, sus tradiciones y con ello, contrarrestar las opiniones negativas que muchas veces recobran mayor importancia que todo lo bueno que sucede en nuestro estado&#8221;, consider\u00f3.\u00a0<br>En el mismo tenor, la diputada Mar\u00eda de la Luz N\u00fa\u00f1ez Ramos, asegur\u00f3 que la participaci\u00f3n de los artistas michoacanos en festivales nacionales y extranjeros, resultan oportunos y necesarios para el intercambio cultural entre naciones, especialmente entre dos culturas como la mexicana y la espa\u00f1ola, cuya relaci\u00f3n ancestral debe recobrar un nuevo sentido de respeto y\u00a0 cooperaci\u00f3n.\u00a0<br>&#8220;Tanto la cultura mexicana como la cultura espa\u00f1ola mantienen v\u00ednculos hist\u00f3ricos y por eso decidimos apoyar a estos j\u00f3venes talentosos, para que no s\u00f3lo lleven con orgullo la cultura michoacana a este festival, sino para fortalecer una nueva etapa de relaciones de respeto y cooperaci\u00f3n entre ambas naciones&#8221;, finaliz\u00f3.<\/p>\n","protected":false},"excerpt":{"rendered":"<p>Morelia, Michoac\u00e1n, 04 de diciembre de 2022.- Otorgar todo el respaldo necesario para proyectar la cultura michoacana en M\u00e9xico y el resto del mundo, ha sido un eje prioritario para las diputadas integrantes de la Comisi\u00f3n de Cultura y Artes de la 75 legislatura.\u00a0As\u00ed lo expuso la presidenta de esta Comisi\u00f3n la diputada Andrea Villanueva [&hellip;]<\/p>\n","protected":false},"author":1,"featured_media":10581,"comment_status":"open","ping_status":"closed","sticky":false,"template":"","format":"standard","meta":[],"categories":[1],"tags":[],"yoast_head":"<!-- This site is optimized with the Yoast SEO plugin v17.9 - https:\/\/yoast.com\/wordpress\/plugins\/seo\/ -->\n<title>Celebran diputadas exitosa participaci\u00f3n de artistas michoacanos en II Festival Internacional Tom\u00e1s Luis de Victoria en Espa\u00f1a - Reflejo de Michoac\u00e1n<\/title>\n<meta name=\"robots\" content=\"index, follow, max-snippet:-1, max-image-preview:large, max-video-preview:-1\" \/>\n<link rel=\"canonical\" href=\"https:\/\/reflejodemichoacan.com\/index.php\/2022\/12\/07\/celebran-diputadas-exitosa-participacion-de-artistas-michoacanos-en-ii-festival-internacional-tomas-luis-de-victoria-en-espana\/\" \/>\n<meta property=\"og:locale\" content=\"es_MX\" \/>\n<meta property=\"og:type\" content=\"article\" \/>\n<meta property=\"og:title\" content=\"Celebran diputadas exitosa participaci\u00f3n de artistas michoacanos en II Festival Internacional Tom\u00e1s Luis de Victoria en Espa\u00f1a - Reflejo de Michoac\u00e1n\" \/>\n<meta property=\"og:description\" content=\"Morelia, Michoac\u00e1n, 04 de diciembre de 2022.- Otorgar todo el respaldo necesario para proyectar la cultura michoacana en M\u00e9xico y el resto del mundo, ha sido un eje prioritario para las diputadas integrantes de la Comisi\u00f3n de Cultura y Artes de la 75 legislatura.\u00a0As\u00ed lo expuso la presidenta de esta Comisi\u00f3n la diputada Andrea Villanueva [&hellip;]\" \/>\n<meta property=\"og:url\" content=\"https:\/\/reflejodemichoacan.com\/index.php\/2022\/12\/07\/celebran-diputadas-exitosa-participacion-de-artistas-michoacanos-en-ii-festival-internacional-tomas-luis-de-victoria-en-espana\/\" \/>\n<meta property=\"og:site_name\" content=\"Reflejo de Michoac\u00e1n\" \/>\n<meta property=\"article:published_time\" content=\"2022-12-07T01:37:14+00:00\" \/>\n<meta property=\"article:modified_time\" content=\"2022-12-07T01:37:18+00:00\" \/>\n<meta property=\"og:image\" content=\"https:\/\/reflejodemichoacan.com\/wp-content\/uploads\/2022\/12\/celebran.jpg\" \/>\n\t<meta property=\"og:image:width\" content=\"1280\" \/>\n\t<meta property=\"og:image:height\" content=\"960\" \/>\n\t<meta property=\"og:image:type\" content=\"image\/jpeg\" \/>\n<meta name=\"twitter:card\" content=\"summary_large_image\" \/>\n<meta name=\"twitter:label1\" content=\"Escrito por\" \/>\n\t<meta name=\"twitter:data1\" content=\"Aurora\" \/>\n\t<meta name=\"twitter:label2\" content=\"Tiempo de lectura\" \/>\n\t<meta name=\"twitter:data2\" content=\"2 minutos\" \/>\n<script type=\"application\/ld+json\" class=\"yoast-schema-graph\">{\"@context\":\"https:\/\/schema.org\",\"@graph\":[{\"@type\":\"WebSite\",\"@id\":\"https:\/\/reflejodemichoacan.com\/#website\",\"url\":\"https:\/\/reflejodemichoacan.com\/\",\"name\":\"Reflejo de Michoac\\u00e1n\",\"description\":\"Medio de comunicaci\\u00f3n impreso y digital al servicio de la regi\\u00f3n lacustre y Michoac\\u00e1n.\",\"potentialAction\":[{\"@type\":\"SearchAction\",\"target\":{\"@type\":\"EntryPoint\",\"urlTemplate\":\"https:\/\/reflejodemichoacan.com\/?s={search_term_string}\"},\"query-input\":\"required name=search_term_string\"}],\"inLanguage\":\"es-MX\"},{\"@type\":\"ImageObject\",\"@id\":\"https:\/\/reflejodemichoacan.com\/index.php\/2022\/12\/07\/celebran-diputadas-exitosa-participacion-de-artistas-michoacanos-en-ii-festival-internacional-tomas-luis-de-victoria-en-espana\/#primaryimage\",\"inLanguage\":\"es-MX\",\"url\":\"https:\/\/reflejodemichoacan.com\/wp-content\/uploads\/2022\/12\/celebran.jpg\",\"contentUrl\":\"https:\/\/reflejodemichoacan.com\/wp-content\/uploads\/2022\/12\/celebran.jpg\",\"width\":1280,\"height\":960},{\"@type\":\"WebPage\",\"@id\":\"https:\/\/reflejodemichoacan.com\/index.php\/2022\/12\/07\/celebran-diputadas-exitosa-participacion-de-artistas-michoacanos-en-ii-festival-internacional-tomas-luis-de-victoria-en-espana\/#webpage\",\"url\":\"https:\/\/reflejodemichoacan.com\/index.php\/2022\/12\/07\/celebran-diputadas-exitosa-participacion-de-artistas-michoacanos-en-ii-festival-internacional-tomas-luis-de-victoria-en-espana\/\",\"name\":\"Celebran diputadas exitosa participaci\\u00f3n de artistas michoacanos en II Festival Internacional Tom\\u00e1s Luis de Victoria en Espa\\u00f1a - Reflejo de Michoac\\u00e1n\",\"isPartOf\":{\"@id\":\"https:\/\/reflejodemichoacan.com\/#website\"},\"primaryImageOfPage\":{\"@id\":\"https:\/\/reflejodemichoacan.com\/index.php\/2022\/12\/07\/celebran-diputadas-exitosa-participacion-de-artistas-michoacanos-en-ii-festival-internacional-tomas-luis-de-victoria-en-espana\/#primaryimage\"},\"datePublished\":\"2022-12-07T01:37:14+00:00\",\"dateModified\":\"2022-12-07T01:37:18+00:00\",\"author\":{\"@id\":\"https:\/\/reflejodemichoacan.com\/#\/schema\/person\/72d921e8fe99bd6e2e39bcde8995046f\"},\"breadcrumb\":{\"@id\":\"https:\/\/reflejodemichoacan.com\/index.php\/2022\/12\/07\/celebran-diputadas-exitosa-participacion-de-artistas-michoacanos-en-ii-festival-internacional-tomas-luis-de-victoria-en-espana\/#breadcrumb\"},\"inLanguage\":\"es-MX\",\"potentialAction\":[{\"@type\":\"ReadAction\",\"target\":[\"https:\/\/reflejodemichoacan.com\/index.php\/2022\/12\/07\/celebran-diputadas-exitosa-participacion-de-artistas-michoacanos-en-ii-festival-internacional-tomas-luis-de-victoria-en-espana\/\"]}]},{\"@type\":\"BreadcrumbList\",\"@id\":\"https:\/\/reflejodemichoacan.com\/index.php\/2022\/12\/07\/celebran-diputadas-exitosa-participacion-de-artistas-michoacanos-en-ii-festival-internacional-tomas-luis-de-victoria-en-espana\/#breadcrumb\",\"itemListElement\":[{\"@type\":\"ListItem\",\"position\":1,\"name\":\"Inicio\",\"item\":\"https:\/\/reflejodemichoacan.com\/\"},{\"@type\":\"ListItem\",\"position\":2,\"name\":\"Celebran diputadas exitosa participaci\\u00f3n de artistas michoacanos en II Festival Internacional Tom\\u00e1s Luis de Victoria en Espa\\u00f1a\"}]},{\"@type\":\"Person\",\"@id\":\"https:\/\/reflejodemichoacan.com\/#\/schema\/person\/72d921e8fe99bd6e2e39bcde8995046f\",\"name\":\"Aurora\",\"image\":{\"@type\":\"ImageObject\",\"@id\":\"https:\/\/reflejodemichoacan.com\/#personlogo\",\"inLanguage\":\"es-MX\",\"url\":\"https:\/\/secure.gravatar.com\/avatar\/df5ceb9b998be27b25dd258a6b4b0a95?s=96&d=mm&r=g\",\"contentUrl\":\"https:\/\/secure.gravatar.com\/avatar\/df5ceb9b998be27b25dd258a6b4b0a95?s=96&d=mm&r=g\",\"caption\":\"Aurora\"},\"sameAs\":[\"http:\/\/reflejodemichoacan.com\"],\"url\":\"https:\/\/reflejodemichoacan.com\/index.php\/author\/rixwm7qvsq\/\"}]}<\/script>\n<!-- \/ Yoast SEO plugin. -->","yoast_head_json":{"title":"Celebran diputadas exitosa participaci\u00f3n de artistas michoacanos en II Festival Internacional Tom\u00e1s Luis de Victoria en Espa\u00f1a - Reflejo de Michoac\u00e1n","robots":{"index":"index","follow":"follow","max-snippet":"max-snippet:-1","max-image-preview":"max-image-preview:large","max-video-preview":"max-video-preview:-1"},"canonical":"https:\/\/reflejodemichoacan.com\/index.php\/2022\/12\/07\/celebran-diputadas-exitosa-participacion-de-artistas-michoacanos-en-ii-festival-internacional-tomas-luis-de-victoria-en-espana\/","og_locale":"es_MX","og_type":"article","og_title":"Celebran diputadas exitosa participaci\u00f3n de artistas michoacanos en II Festival Internacional Tom\u00e1s Luis de Victoria en Espa\u00f1a - Reflejo de Michoac\u00e1n","og_description":"Morelia, Michoac\u00e1n, 04 de diciembre de 2022.- Otorgar todo el respaldo necesario para proyectar la cultura michoacana en M\u00e9xico y el resto del mundo, ha sido un eje prioritario para las diputadas integrantes de la Comisi\u00f3n de Cultura y Artes de la 75 legislatura.\u00a0As\u00ed lo expuso la presidenta de esta Comisi\u00f3n la diputada Andrea Villanueva [&hellip;]","og_url":"https:\/\/reflejodemichoacan.com\/index.php\/2022\/12\/07\/celebran-diputadas-exitosa-participacion-de-artistas-michoacanos-en-ii-festival-internacional-tomas-luis-de-victoria-en-espana\/","og_site_name":"Reflejo de Michoac\u00e1n","article_published_time":"2022-12-07T01:37:14+00:00","article_modified_time":"2022-12-07T01:37:18+00:00","og_image":[{"width":1280,"height":960,"url":"https:\/\/reflejodemichoacan.com\/wp-content\/uploads\/2022\/12\/celebran.jpg","type":"image\/jpeg"}],"twitter_card":"summary_large_image","twitter_misc":{"Escrito por":"Aurora","Tiempo de lectura":"2 minutos"},"schema":{"@context":"https:\/\/schema.org","@graph":[{"@type":"WebSite","@id":"https:\/\/reflejodemichoacan.com\/#website","url":"https:\/\/reflejodemichoacan.com\/","name":"Reflejo de Michoac\u00e1n","description":"Medio de comunicaci\u00f3n impreso y digital al servicio de la regi\u00f3n lacustre y Michoac\u00e1n.","potentialAction":[{"@type":"SearchAction","target":{"@type":"EntryPoint","urlTemplate":"https:\/\/reflejodemichoacan.com\/?s={search_term_string}"},"query-input":"required name=search_term_string"}],"inLanguage":"es-MX"},{"@type":"ImageObject","@id":"https:\/\/reflejodemichoacan.com\/index.php\/2022\/12\/07\/celebran-diputadas-exitosa-participacion-de-artistas-michoacanos-en-ii-festival-internacional-tomas-luis-de-victoria-en-espana\/#primaryimage","inLanguage":"es-MX","url":"https:\/\/reflejodemichoacan.com\/wp-content\/uploads\/2022\/12\/celebran.jpg","contentUrl":"https:\/\/reflejodemichoacan.com\/wp-content\/uploads\/2022\/12\/celebran.jpg","width":1280,"height":960},{"@type":"WebPage","@id":"https:\/\/reflejodemichoacan.com\/index.php\/2022\/12\/07\/celebran-diputadas-exitosa-participacion-de-artistas-michoacanos-en-ii-festival-internacional-tomas-luis-de-victoria-en-espana\/#webpage","url":"https:\/\/reflejodemichoacan.com\/index.php\/2022\/12\/07\/celebran-diputadas-exitosa-participacion-de-artistas-michoacanos-en-ii-festival-internacional-tomas-luis-de-victoria-en-espana\/","name":"Celebran diputadas exitosa participaci\u00f3n de artistas michoacanos en II Festival Internacional Tom\u00e1s Luis de Victoria en Espa\u00f1a - Reflejo de Michoac\u00e1n","isPartOf":{"@id":"https:\/\/reflejodemichoacan.com\/#website"},"primaryImageOfPage":{"@id":"https:\/\/reflejodemichoacan.com\/index.php\/2022\/12\/07\/celebran-diputadas-exitosa-participacion-de-artistas-michoacanos-en-ii-festival-internacional-tomas-luis-de-victoria-en-espana\/#primaryimage"},"datePublished":"2022-12-07T01:37:14+00:00","dateModified":"2022-12-07T01:37:18+00:00","author":{"@id":"https:\/\/reflejodemichoacan.com\/#\/schema\/person\/72d921e8fe99bd6e2e39bcde8995046f"},"breadcrumb":{"@id":"https:\/\/reflejodemichoacan.com\/index.php\/2022\/12\/07\/celebran-diputadas-exitosa-participacion-de-artistas-michoacanos-en-ii-festival-internacional-tomas-luis-de-victoria-en-espana\/#breadcrumb"},"inLanguage":"es-MX","potentialAction":[{"@type":"ReadAction","target":["https:\/\/reflejodemichoacan.com\/index.php\/2022\/12\/07\/celebran-diputadas-exitosa-participacion-de-artistas-michoacanos-en-ii-festival-internacional-tomas-luis-de-victoria-en-espana\/"]}]},{"@type":"BreadcrumbList","@id":"https:\/\/reflejodemichoacan.com\/index.php\/2022\/12\/07\/celebran-diputadas-exitosa-participacion-de-artistas-michoacanos-en-ii-festival-internacional-tomas-luis-de-victoria-en-espana\/#breadcrumb","itemListElement":[{"@type":"ListItem","position":1,"name":"Inicio","item":"https:\/\/reflejodemichoacan.com\/"},{"@type":"ListItem","position":2,"name":"Celebran diputadas exitosa participaci\u00f3n de artistas michoacanos en II Festival Internacional Tom\u00e1s Luis de Victoria en Espa\u00f1a"}]},{"@type":"Person","@id":"https:\/\/reflejodemichoacan.com\/#\/schema\/person\/72d921e8fe99bd6e2e39bcde8995046f","name":"Aurora","image":{"@type":"ImageObject","@id":"https:\/\/reflejodemichoacan.com\/#personlogo","inLanguage":"es-MX","url":"https:\/\/secure.gravatar.com\/avatar\/df5ceb9b998be27b25dd258a6b4b0a95?s=96&d=mm&r=g","contentUrl":"https:\/\/secure.gravatar.com\/avatar\/df5ceb9b998be27b25dd258a6b4b0a95?s=96&d=mm&r=g","caption":"Aurora"},"sameAs":["http:\/\/reflejodemichoacan.com"],"url":"https:\/\/reflejodemichoacan.com\/index.php\/author\/rixwm7qvsq\/"}]}},"_links":{"self":[{"href":"https:\/\/reflejodemichoacan.com\/index.php\/wp-json\/wp\/v2\/posts\/10580"}],"collection":[{"href":"https:\/\/reflejodemichoacan.com\/index.php\/wp-json\/wp\/v2\/posts"}],"about":[{"href":"https:\/\/reflejodemichoacan.com\/index.php\/wp-json\/wp\/v2\/types\/post"}],"author":[{"embeddable":true,"href":"https:\/\/reflejodemichoacan.com\/index.php\/wp-json\/wp\/v2\/users\/1"}],"replies":[{"embeddable":true,"href":"https:\/\/reflejodemichoacan.com\/index.php\/wp-json\/wp\/v2\/comments?post=10580"}],"version-history":[{"count":1,"href":"https:\/\/reflejodemichoacan.com\/index.php\/wp-json\/wp\/v2\/posts\/10580\/revisions"}],"predecessor-version":[{"id":10582,"href":"https:\/\/reflejodemichoacan.com\/index.php\/wp-json\/wp\/v2\/posts\/10580\/revisions\/10582"}],"wp:featuredmedia":[{"embeddable":true,"href":"https:\/\/reflejodemichoacan.com\/index.php\/wp-json\/wp\/v2\/media\/10581"}],"wp:attachment":[{"href":"https:\/\/reflejodemichoacan.com\/index.php\/wp-json\/wp\/v2\/media?parent=10580"}],"wp:term":[{"taxonomy":"category","embeddable":true,"href":"https:\/\/reflejodemichoacan.com\/index.php\/wp-json\/wp\/v2\/categories?post=10580"},{"taxonomy":"post_tag","embeddable":true,"href":"https:\/\/reflejodemichoacan.com\/index.php\/wp-json\/wp\/v2\/tags?post=10580"}],"curies":[{"name":"wp","href":"https:\/\/api.w.org\/{rel}","templated":true}]}}