{"id":10583,"date":"2022-12-09T01:46:53","date_gmt":"2022-12-09T01:46:53","guid":{"rendered":"https:\/\/reflejodemichoacan.com\/?p=10583"},"modified":"2022-12-09T01:46:55","modified_gmt":"2022-12-09T01:46:55","slug":"capacitacion-de-policias-linea-prioritaria-para-el-gobernador-alfredo-ramirez-julio-arreola","status":"publish","type":"post","link":"https:\/\/reflejodemichoacan.com\/index.php\/2022\/12\/09\/capacitacion-de-policias-linea-prioritaria-para-el-gobernador-alfredo-ramirez-julio-arreola\/","title":{"rendered":"Capacitaci\u00f3n de polic\u00edas, l\u00ednea prioritaria para el gobernador, Alfredo Ram\u00edrez: Julio Arreola"},"content":{"rendered":"\n<p>*El presidente municipal de P\u00e1tzcuaro, en representaci\u00f3n de las y los alcaldes beneficiados con el Fortapaz, reconoci\u00f3 las bondades del programa que permite no solo el equipamiento en seguridad, sino la formaci\u00f3n de polic\u00edas.<\/p>\n\n\n\n<p>P\u00e1tzcuaro, Mich., A 8 de diciembre de 2022.- El presidente municipal de P\u00e1tzcuaro, Julio Arreola V\u00e1zquez, celebr\u00f3 que la capacitaci\u00f3n a los cuerpos de seguridad p\u00fablica municipal, sea una de las vertientes de importancia estrat\u00e9gica del Fondo para el Fortalecimiento para la Paz (Fortapaz), lo cual significa que la profesionalizaci\u00f3n de las y los polic\u00edas ser\u00e1 una l\u00ednea de alta prioridad para el sexenio del gobernador, Alfredo Ram\u00edrez Bedolla.<br>Durante la conclusi\u00f3n de la formaci\u00f3n acad\u00e9mica del Fortapaz para 25 corporaciones municipales, a trav\u00e9s del Instituto Estatal de Estudios Superiores en Seguridad y Profesionalizaci\u00f3n Policial (IEESSPP), destac\u00f3 que los alcaldes aspiran a que todos los elementos de las polic\u00edas municipales, conozcan sus obligaciones establecidas en los marcos regulatorios de su actividad.<br>En representaci\u00f3n de las y los presidentes municipales beneficiados, el edil, Julio Alberto Arreola V\u00e1zquez, manifest\u00f3 que P\u00e1tzcuaro, al igual que otros municipios, con esta acci\u00f3n dan respuesta a la exigencia social de contar con polic\u00edas municipales preparados, que puedan intervenir oportunamente en un delito, violencia contra la mujer o cualquier situaci\u00f3n que genere desorden.<br>Agreg\u00f3 que la implementaci\u00f3n del programa\u00a0 \u00a0Fortapaz, en su vertiente de formaci\u00f3n continua, ayuda a los municipios para que el estado de fuerza cuente con mayor profesionalizaci\u00f3n en todas las aristas de la actividad policial, pero gracias a sus bondades, los municipios han logrado potencializar los recursos y cuentan con equipamiento nuevo y mejores herramientas de reacci\u00f3n y prevenci\u00f3n para poder combatir, de manera m\u00e1s integral a la delincuencia.<br>Finalmente, el presidente municipal, hizo un justo reconocimiento al papel tan importante que juegan nuestros polic\u00edas en beneficio de la sociedad michoacana, al ser una actividad de alto riesgo, por ello, se sum\u00f3 a la afirmaci\u00f3n de que el Fortapaz es un ejemplo a nivel nacional, en donde el Gobierno de Michoac\u00e1n en coordinaci\u00f3n con los municipios, brinda una atenci\u00f3n prioritaria para mejorar la infraestructura y formaci\u00f3n acad\u00e9mica de las corporaciones.<br>Durante este evento estuvo en representaci\u00f3n del Secretario Ejecutivo del Sistema Estatal de Seguridad P\u00fablica del Estado, C\u00e9sar Erwin S\u00e1nchez Coria, el director de Apoyo T\u00e9cnico, Rafael Ayala Orihuela. As\u00ed como el presidente municipal de Tzitzio, Jos\u00e9 Manuel P\u00e9rez Avil\u00e9s; el alcalde de Tac\u00e1mbaro, Artemio Moriya S\u00e1nchez; la alcaldesa de Ziracuaretiro, Itzel Gaona Bedolla; el edil de Paracho, Eric Ren\u00e9 Padilla Andr\u00e9s; en representaci\u00f3n del Secretario de Seguridad P\u00fablica, Jos\u00e9 Ortega S\u00e1nchez, acudi\u00f3 el subsecretario de Desarrollo Policial y Seguridad Privada, Jes\u00fas Rogelio G\u00e1mez Tamayo.<\/p>\n","protected":false},"excerpt":{"rendered":"<p>*El presidente municipal de P\u00e1tzcuaro, en representaci\u00f3n de las y los alcaldes beneficiados con el Fortapaz, reconoci\u00f3 las bondades del programa que permite no solo el equipamiento en seguridad, sino la formaci\u00f3n de polic\u00edas. P\u00e1tzcuaro, Mich., A 8 de diciembre de 2022.- El presidente municipal de P\u00e1tzcuaro, Julio Arreola V\u00e1zquez, celebr\u00f3 que la capacitaci\u00f3n a [&hellip;]<\/p>\n","protected":false},"author":1,"featured_media":10584,"comment_status":"open","ping_status":"closed","sticky":false,"template":"","format":"standard","meta":[],"categories":[1],"tags":[],"yoast_head":"<!-- This site is optimized with the Yoast SEO plugin v17.9 - https:\/\/yoast.com\/wordpress\/plugins\/seo\/ -->\n<title>Capacitaci\u00f3n de polic\u00edas, l\u00ednea prioritaria para el gobernador, Alfredo Ram\u00edrez: Julio Arreola - Reflejo de Michoac\u00e1n<\/title>\n<meta name=\"robots\" content=\"index, follow, max-snippet:-1, max-image-preview:large, max-video-preview:-1\" \/>\n<link rel=\"canonical\" href=\"https:\/\/reflejodemichoacan.com\/index.php\/2022\/12\/09\/capacitacion-de-policias-linea-prioritaria-para-el-gobernador-alfredo-ramirez-julio-arreola\/\" \/>\n<meta property=\"og:locale\" content=\"es_MX\" \/>\n<meta property=\"og:type\" content=\"article\" \/>\n<meta property=\"og:title\" content=\"Capacitaci\u00f3n de polic\u00edas, l\u00ednea prioritaria para el gobernador, Alfredo Ram\u00edrez: Julio Arreola - Reflejo de Michoac\u00e1n\" \/>\n<meta property=\"og:description\" content=\"*El presidente municipal de P\u00e1tzcuaro, en representaci\u00f3n de las y los alcaldes beneficiados con el Fortapaz, reconoci\u00f3 las bondades del programa que permite no solo el equipamiento en seguridad, sino la formaci\u00f3n de polic\u00edas. P\u00e1tzcuaro, Mich., A 8 de diciembre de 2022.- El presidente municipal de P\u00e1tzcuaro, Julio Arreola V\u00e1zquez, celebr\u00f3 que la capacitaci\u00f3n a [&hellip;]\" \/>\n<meta property=\"og:url\" content=\"https:\/\/reflejodemichoacan.com\/index.php\/2022\/12\/09\/capacitacion-de-policias-linea-prioritaria-para-el-gobernador-alfredo-ramirez-julio-arreola\/\" \/>\n<meta property=\"og:site_name\" content=\"Reflejo de Michoac\u00e1n\" \/>\n<meta property=\"article:published_time\" content=\"2022-12-09T01:46:53+00:00\" \/>\n<meta property=\"article:modified_time\" content=\"2022-12-09T01:46:55+00:00\" \/>\n<meta property=\"og:image\" content=\"https:\/\/reflejodemichoacan.com\/wp-content\/uploads\/2022\/12\/capacitacion.jpg\" \/>\n\t<meta property=\"og:image:width\" content=\"1131\" \/>\n\t<meta property=\"og:image:height\" content=\"783\" \/>\n\t<meta property=\"og:image:type\" content=\"image\/jpeg\" \/>\n<meta name=\"twitter:card\" content=\"summary_large_image\" \/>\n<meta name=\"twitter:label1\" content=\"Escrito por\" \/>\n\t<meta name=\"twitter:data1\" content=\"Aurora\" \/>\n\t<meta name=\"twitter:label2\" content=\"Tiempo de lectura\" \/>\n\t<meta name=\"twitter:data2\" content=\"2 minutos\" \/>\n<script type=\"application\/ld+json\" class=\"yoast-schema-graph\">{\"@context\":\"https:\/\/schema.org\",\"@graph\":[{\"@type\":\"WebSite\",\"@id\":\"https:\/\/reflejodemichoacan.com\/#website\",\"url\":\"https:\/\/reflejodemichoacan.com\/\",\"name\":\"Reflejo de Michoac\\u00e1n\",\"description\":\"Medio de comunicaci\\u00f3n impreso y digital al servicio de la regi\\u00f3n lacustre y Michoac\\u00e1n.\",\"potentialAction\":[{\"@type\":\"SearchAction\",\"target\":{\"@type\":\"EntryPoint\",\"urlTemplate\":\"https:\/\/reflejodemichoacan.com\/?s={search_term_string}\"},\"query-input\":\"required name=search_term_string\"}],\"inLanguage\":\"es-MX\"},{\"@type\":\"ImageObject\",\"@id\":\"https:\/\/reflejodemichoacan.com\/index.php\/2022\/12\/09\/capacitacion-de-policias-linea-prioritaria-para-el-gobernador-alfredo-ramirez-julio-arreola\/#primaryimage\",\"inLanguage\":\"es-MX\",\"url\":\"https:\/\/reflejodemichoacan.com\/wp-content\/uploads\/2022\/12\/capacitacion.jpg\",\"contentUrl\":\"https:\/\/reflejodemichoacan.com\/wp-content\/uploads\/2022\/12\/capacitacion.jpg\",\"width\":1131,\"height\":783},{\"@type\":\"WebPage\",\"@id\":\"https:\/\/reflejodemichoacan.com\/index.php\/2022\/12\/09\/capacitacion-de-policias-linea-prioritaria-para-el-gobernador-alfredo-ramirez-julio-arreola\/#webpage\",\"url\":\"https:\/\/reflejodemichoacan.com\/index.php\/2022\/12\/09\/capacitacion-de-policias-linea-prioritaria-para-el-gobernador-alfredo-ramirez-julio-arreola\/\",\"name\":\"Capacitaci\\u00f3n de polic\\u00edas, l\\u00ednea prioritaria para el gobernador, Alfredo Ram\\u00edrez: Julio Arreola - Reflejo de Michoac\\u00e1n\",\"isPartOf\":{\"@id\":\"https:\/\/reflejodemichoacan.com\/#website\"},\"primaryImageOfPage\":{\"@id\":\"https:\/\/reflejodemichoacan.com\/index.php\/2022\/12\/09\/capacitacion-de-policias-linea-prioritaria-para-el-gobernador-alfredo-ramirez-julio-arreola\/#primaryimage\"},\"datePublished\":\"2022-12-09T01:46:53+00:00\",\"dateModified\":\"2022-12-09T01:46:55+00:00\",\"author\":{\"@id\":\"https:\/\/reflejodemichoacan.com\/#\/schema\/person\/72d921e8fe99bd6e2e39bcde8995046f\"},\"breadcrumb\":{\"@id\":\"https:\/\/reflejodemichoacan.com\/index.php\/2022\/12\/09\/capacitacion-de-policias-linea-prioritaria-para-el-gobernador-alfredo-ramirez-julio-arreola\/#breadcrumb\"},\"inLanguage\":\"es-MX\",\"potentialAction\":[{\"@type\":\"ReadAction\",\"target\":[\"https:\/\/reflejodemichoacan.com\/index.php\/2022\/12\/09\/capacitacion-de-policias-linea-prioritaria-para-el-gobernador-alfredo-ramirez-julio-arreola\/\"]}]},{\"@type\":\"BreadcrumbList\",\"@id\":\"https:\/\/reflejodemichoacan.com\/index.php\/2022\/12\/09\/capacitacion-de-policias-linea-prioritaria-para-el-gobernador-alfredo-ramirez-julio-arreola\/#breadcrumb\",\"itemListElement\":[{\"@type\":\"ListItem\",\"position\":1,\"name\":\"Inicio\",\"item\":\"https:\/\/reflejodemichoacan.com\/\"},{\"@type\":\"ListItem\",\"position\":2,\"name\":\"Capacitaci\\u00f3n de polic\\u00edas, l\\u00ednea prioritaria para el gobernador, Alfredo Ram\\u00edrez: Julio Arreola\"}]},{\"@type\":\"Person\",\"@id\":\"https:\/\/reflejodemichoacan.com\/#\/schema\/person\/72d921e8fe99bd6e2e39bcde8995046f\",\"name\":\"Aurora\",\"image\":{\"@type\":\"ImageObject\",\"@id\":\"https:\/\/reflejodemichoacan.com\/#personlogo\",\"inLanguage\":\"es-MX\",\"url\":\"https:\/\/secure.gravatar.com\/avatar\/df5ceb9b998be27b25dd258a6b4b0a95?s=96&d=mm&r=g\",\"contentUrl\":\"https:\/\/secure.gravatar.com\/avatar\/df5ceb9b998be27b25dd258a6b4b0a95?s=96&d=mm&r=g\",\"caption\":\"Aurora\"},\"sameAs\":[\"http:\/\/reflejodemichoacan.com\"],\"url\":\"https:\/\/reflejodemichoacan.com\/index.php\/author\/rixwm7qvsq\/\"}]}<\/script>\n<!-- \/ Yoast SEO plugin. -->","yoast_head_json":{"title":"Capacitaci\u00f3n de polic\u00edas, l\u00ednea prioritaria para el gobernador, Alfredo Ram\u00edrez: Julio Arreola - Reflejo de Michoac\u00e1n","robots":{"index":"index","follow":"follow","max-snippet":"max-snippet:-1","max-image-preview":"max-image-preview:large","max-video-preview":"max-video-preview:-1"},"canonical":"https:\/\/reflejodemichoacan.com\/index.php\/2022\/12\/09\/capacitacion-de-policias-linea-prioritaria-para-el-gobernador-alfredo-ramirez-julio-arreola\/","og_locale":"es_MX","og_type":"article","og_title":"Capacitaci\u00f3n de polic\u00edas, l\u00ednea prioritaria para el gobernador, Alfredo Ram\u00edrez: Julio Arreola - Reflejo de Michoac\u00e1n","og_description":"*El presidente municipal de P\u00e1tzcuaro, en representaci\u00f3n de las y los alcaldes beneficiados con el Fortapaz, reconoci\u00f3 las bondades del programa que permite no solo el equipamiento en seguridad, sino la formaci\u00f3n de polic\u00edas. P\u00e1tzcuaro, Mich., A 8 de diciembre de 2022.- El presidente municipal de P\u00e1tzcuaro, Julio Arreola V\u00e1zquez, celebr\u00f3 que la capacitaci\u00f3n a [&hellip;]","og_url":"https:\/\/reflejodemichoacan.com\/index.php\/2022\/12\/09\/capacitacion-de-policias-linea-prioritaria-para-el-gobernador-alfredo-ramirez-julio-arreola\/","og_site_name":"Reflejo de Michoac\u00e1n","article_published_time":"2022-12-09T01:46:53+00:00","article_modified_time":"2022-12-09T01:46:55+00:00","og_image":[{"width":1131,"height":783,"url":"https:\/\/reflejodemichoacan.com\/wp-content\/uploads\/2022\/12\/capacitacion.jpg","type":"image\/jpeg"}],"twitter_card":"summary_large_image","twitter_misc":{"Escrito por":"Aurora","Tiempo de lectura":"2 minutos"},"schema":{"@context":"https:\/\/schema.org","@graph":[{"@type":"WebSite","@id":"https:\/\/reflejodemichoacan.com\/#website","url":"https:\/\/reflejodemichoacan.com\/","name":"Reflejo de Michoac\u00e1n","description":"Medio de comunicaci\u00f3n impreso y digital al servicio de la regi\u00f3n lacustre y Michoac\u00e1n.","potentialAction":[{"@type":"SearchAction","target":{"@type":"EntryPoint","urlTemplate":"https:\/\/reflejodemichoacan.com\/?s={search_term_string}"},"query-input":"required name=search_term_string"}],"inLanguage":"es-MX"},{"@type":"ImageObject","@id":"https:\/\/reflejodemichoacan.com\/index.php\/2022\/12\/09\/capacitacion-de-policias-linea-prioritaria-para-el-gobernador-alfredo-ramirez-julio-arreola\/#primaryimage","inLanguage":"es-MX","url":"https:\/\/reflejodemichoacan.com\/wp-content\/uploads\/2022\/12\/capacitacion.jpg","contentUrl":"https:\/\/reflejodemichoacan.com\/wp-content\/uploads\/2022\/12\/capacitacion.jpg","width":1131,"height":783},{"@type":"WebPage","@id":"https:\/\/reflejodemichoacan.com\/index.php\/2022\/12\/09\/capacitacion-de-policias-linea-prioritaria-para-el-gobernador-alfredo-ramirez-julio-arreola\/#webpage","url":"https:\/\/reflejodemichoacan.com\/index.php\/2022\/12\/09\/capacitacion-de-policias-linea-prioritaria-para-el-gobernador-alfredo-ramirez-julio-arreola\/","name":"Capacitaci\u00f3n de polic\u00edas, l\u00ednea prioritaria para el gobernador, Alfredo Ram\u00edrez: Julio Arreola - Reflejo de Michoac\u00e1n","isPartOf":{"@id":"https:\/\/reflejodemichoacan.com\/#website"},"primaryImageOfPage":{"@id":"https:\/\/reflejodemichoacan.com\/index.php\/2022\/12\/09\/capacitacion-de-policias-linea-prioritaria-para-el-gobernador-alfredo-ramirez-julio-arreola\/#primaryimage"},"datePublished":"2022-12-09T01:46:53+00:00","dateModified":"2022-12-09T01:46:55+00:00","author":{"@id":"https:\/\/reflejodemichoacan.com\/#\/schema\/person\/72d921e8fe99bd6e2e39bcde8995046f"},"breadcrumb":{"@id":"https:\/\/reflejodemichoacan.com\/index.php\/2022\/12\/09\/capacitacion-de-policias-linea-prioritaria-para-el-gobernador-alfredo-ramirez-julio-arreola\/#breadcrumb"},"inLanguage":"es-MX","potentialAction":[{"@type":"ReadAction","target":["https:\/\/reflejodemichoacan.com\/index.php\/2022\/12\/09\/capacitacion-de-policias-linea-prioritaria-para-el-gobernador-alfredo-ramirez-julio-arreola\/"]}]},{"@type":"BreadcrumbList","@id":"https:\/\/reflejodemichoacan.com\/index.php\/2022\/12\/09\/capacitacion-de-policias-linea-prioritaria-para-el-gobernador-alfredo-ramirez-julio-arreola\/#breadcrumb","itemListElement":[{"@type":"ListItem","position":1,"name":"Inicio","item":"https:\/\/reflejodemichoacan.com\/"},{"@type":"ListItem","position":2,"name":"Capacitaci\u00f3n de polic\u00edas, l\u00ednea prioritaria para el gobernador, Alfredo Ram\u00edrez: Julio Arreola"}]},{"@type":"Person","@id":"https:\/\/reflejodemichoacan.com\/#\/schema\/person\/72d921e8fe99bd6e2e39bcde8995046f","name":"Aurora","image":{"@type":"ImageObject","@id":"https:\/\/reflejodemichoacan.com\/#personlogo","inLanguage":"es-MX","url":"https:\/\/secure.gravatar.com\/avatar\/df5ceb9b998be27b25dd258a6b4b0a95?s=96&d=mm&r=g","contentUrl":"https:\/\/secure.gravatar.com\/avatar\/df5ceb9b998be27b25dd258a6b4b0a95?s=96&d=mm&r=g","caption":"Aurora"},"sameAs":["http:\/\/reflejodemichoacan.com"],"url":"https:\/\/reflejodemichoacan.com\/index.php\/author\/rixwm7qvsq\/"}]}},"_links":{"self":[{"href":"https:\/\/reflejodemichoacan.com\/index.php\/wp-json\/wp\/v2\/posts\/10583"}],"collection":[{"href":"https:\/\/reflejodemichoacan.com\/index.php\/wp-json\/wp\/v2\/posts"}],"about":[{"href":"https:\/\/reflejodemichoacan.com\/index.php\/wp-json\/wp\/v2\/types\/post"}],"author":[{"embeddable":true,"href":"https:\/\/reflejodemichoacan.com\/index.php\/wp-json\/wp\/v2\/users\/1"}],"replies":[{"embeddable":true,"href":"https:\/\/reflejodemichoacan.com\/index.php\/wp-json\/wp\/v2\/comments?post=10583"}],"version-history":[{"count":1,"href":"https:\/\/reflejodemichoacan.com\/index.php\/wp-json\/wp\/v2\/posts\/10583\/revisions"}],"predecessor-version":[{"id":10585,"href":"https:\/\/reflejodemichoacan.com\/index.php\/wp-json\/wp\/v2\/posts\/10583\/revisions\/10585"}],"wp:featuredmedia":[{"embeddable":true,"href":"https:\/\/reflejodemichoacan.com\/index.php\/wp-json\/wp\/v2\/media\/10584"}],"wp:attachment":[{"href":"https:\/\/reflejodemichoacan.com\/index.php\/wp-json\/wp\/v2\/media?parent=10583"}],"wp:term":[{"taxonomy":"category","embeddable":true,"href":"https:\/\/reflejodemichoacan.com\/index.php\/wp-json\/wp\/v2\/categories?post=10583"},{"taxonomy":"post_tag","embeddable":true,"href":"https:\/\/reflejodemichoacan.com\/index.php\/wp-json\/wp\/v2\/tags?post=10583"}],"curies":[{"name":"wp","href":"https:\/\/api.w.org\/{rel}","templated":true}]}}