{"id":10586,"date":"2022-12-09T01:50:07","date_gmt":"2022-12-09T01:50:07","guid":{"rendered":"https:\/\/reflejodemichoacan.com\/?p=10586"},"modified":"2022-12-09T01:50:11","modified_gmt":"2022-12-09T01:50:11","slug":"arte-y-tradicion-presentes-en-concurso-de-decoracion-de-lacas-organizado-por-el-ayuntamiento-de-patzcuaro","status":"publish","type":"post","link":"https:\/\/reflejodemichoacan.com\/index.php\/2022\/12\/09\/arte-y-tradicion-presentes-en-concurso-de-decoracion-de-lacas-organizado-por-el-ayuntamiento-de-patzcuaro\/","title":{"rendered":"Arte y tradici\u00f3n presentes en Concurso de Decoraci\u00f3n de Lacas, organizado por el Ayuntamiento de P\u00e1tzcuaro\u2022"},"content":{"rendered":"\n<p>*Como parte de las acciones de apoyo y promoci\u00f3n a los artesanos patzcuarenses que impulsa Julio Arreola V\u00e1zquez, se reconoci\u00f3 esta t\u00e9cnica artesanal.*P\u00e1tzcuaro, Michoac\u00e1n, a 8 de diciembre del 2022.-Artesanos plasmaron su arte\u00a0 y tradici\u00f3n durante su participaci\u00f3n en el S\u00e9ptimo Concurso de Decoraci\u00f3n de Lacas Perfiladas en L\u00e1mina de Oro de 23.5 kilates, evento organizado por el Ayuntamiento de P\u00e1tzcuaro, que encabeza el presidente municipal, Julio Arreola V\u00e1zquez.<br>En esta edici\u00f3n se cont\u00f3 con los trabajos de siete artesanos que decoraron platos en la t\u00e9cnica de laca perfilada, piezas que fueron evaluadas por las autoridades municipales, resultando ganadores; V\u00edctor Reyes Ramos, Maximino Tapia Mart\u00ednez y Adri\u00e1n Herrera Ruiz, en el tercer, segundo y primer lugar respectivamente.<br>Durante la premiaci\u00f3n que se celebr\u00f3 en la Plaza principal de P\u00e1tzcuaro, Isidoro Gaona, artesano y uno de los concursantes, agradeci\u00f3 el apoyo por parte de las autoridades locales de fomentar e impulsar la realizaci\u00f3n de artesan\u00edas de lacas perfiladas en l\u00e1mina de oro, t\u00e9cnica que dijo es una herencia de sus antepasados y que prevalece entre las familias de la regi\u00f3n.<br>Sergio Guido Herrera, jefe de la Unidad Administrativa de Artesan\u00edas de Ayuntamiento, reconoci\u00f3 la participaci\u00f3n de hombres y mujeres artesanos.<br>Por su parte, Marina Aguilera G\u00f3mez, secretaria de Fomento Econ\u00f3mico, Cultural, Tur\u00edstico y Artesanal, se\u00f1al\u00f3 que el concurso de laminado es una plataforma que permite que otros puntos del pa\u00eds y del mundo conozcan la cultura de P\u00e1tzcuaro.<br>Claudia Berenice Reyes Ferr\u00e1ez, s\u00edndico de P\u00e1tzcuaro, felicit\u00f3 a los artesanos y destac\u00f3 su talento para decorar las piezas. Finalmente, la regidora, Nalleli Janeth Garrido Monta\u00f1o, se comprometi\u00f3 a seguir apoyando esta rama artesanal.<br>Tambi\u00e9n estuvieron\u00a0 presentes los regidores Paulina Aguilar Monta\u00f1o y Pedro Corral Vel\u00e1zquez.<\/p>\n","protected":false},"excerpt":{"rendered":"<p>*Como parte de las acciones de apoyo y promoci\u00f3n a los artesanos patzcuarenses que impulsa Julio Arreola V\u00e1zquez, se reconoci\u00f3 esta t\u00e9cnica artesanal.*P\u00e1tzcuaro, Michoac\u00e1n, a 8 de diciembre del 2022.-Artesanos plasmaron su arte\u00a0 y tradici\u00f3n durante su participaci\u00f3n en el S\u00e9ptimo Concurso de Decoraci\u00f3n de Lacas Perfiladas en L\u00e1mina de Oro de 23.5 kilates, evento [&hellip;]<\/p>\n","protected":false},"author":1,"featured_media":10587,"comment_status":"open","ping_status":"closed","sticky":false,"template":"","format":"standard","meta":[],"categories":[1],"tags":[],"yoast_head":"<!-- This site is optimized with the Yoast SEO plugin v17.9 - https:\/\/yoast.com\/wordpress\/plugins\/seo\/ -->\n<title>Arte y tradici\u00f3n presentes en Concurso de Decoraci\u00f3n de Lacas, organizado por el Ayuntamiento de P\u00e1tzcuaro\u2022 - Reflejo de Michoac\u00e1n<\/title>\n<meta name=\"robots\" content=\"index, follow, max-snippet:-1, max-image-preview:large, max-video-preview:-1\" \/>\n<link rel=\"canonical\" href=\"https:\/\/reflejodemichoacan.com\/index.php\/2022\/12\/09\/arte-y-tradicion-presentes-en-concurso-de-decoracion-de-lacas-organizado-por-el-ayuntamiento-de-patzcuaro\/\" \/>\n<meta property=\"og:locale\" content=\"es_MX\" \/>\n<meta property=\"og:type\" content=\"article\" \/>\n<meta property=\"og:title\" content=\"Arte y tradici\u00f3n presentes en Concurso de Decoraci\u00f3n de Lacas, organizado por el Ayuntamiento de P\u00e1tzcuaro\u2022 - Reflejo de Michoac\u00e1n\" \/>\n<meta property=\"og:description\" content=\"*Como parte de las acciones de apoyo y promoci\u00f3n a los artesanos patzcuarenses que impulsa Julio Arreola V\u00e1zquez, se reconoci\u00f3 esta t\u00e9cnica artesanal.*P\u00e1tzcuaro, Michoac\u00e1n, a 8 de diciembre del 2022.-Artesanos plasmaron su arte\u00a0 y tradici\u00f3n durante su participaci\u00f3n en el S\u00e9ptimo Concurso de Decoraci\u00f3n de Lacas Perfiladas en L\u00e1mina de Oro de 23.5 kilates, evento [&hellip;]\" \/>\n<meta property=\"og:url\" content=\"https:\/\/reflejodemichoacan.com\/index.php\/2022\/12\/09\/arte-y-tradicion-presentes-en-concurso-de-decoracion-de-lacas-organizado-por-el-ayuntamiento-de-patzcuaro\/\" \/>\n<meta property=\"og:site_name\" content=\"Reflejo de Michoac\u00e1n\" \/>\n<meta property=\"article:published_time\" content=\"2022-12-09T01:50:07+00:00\" \/>\n<meta property=\"article:modified_time\" content=\"2022-12-09T01:50:11+00:00\" \/>\n<meta property=\"og:image\" content=\"https:\/\/reflejodemichoacan.com\/wp-content\/uploads\/2022\/12\/arte.jpg\" \/>\n\t<meta property=\"og:image:width\" content=\"1280\" \/>\n\t<meta property=\"og:image:height\" content=\"853\" \/>\n\t<meta property=\"og:image:type\" content=\"image\/jpeg\" \/>\n<meta name=\"twitter:card\" content=\"summary_large_image\" \/>\n<meta name=\"twitter:label1\" content=\"Escrito por\" \/>\n\t<meta name=\"twitter:data1\" content=\"Aurora\" \/>\n\t<meta name=\"twitter:label2\" content=\"Tiempo de lectura\" \/>\n\t<meta name=\"twitter:data2\" content=\"2 minutos\" \/>\n<script type=\"application\/ld+json\" class=\"yoast-schema-graph\">{\"@context\":\"https:\/\/schema.org\",\"@graph\":[{\"@type\":\"WebSite\",\"@id\":\"https:\/\/reflejodemichoacan.com\/#website\",\"url\":\"https:\/\/reflejodemichoacan.com\/\",\"name\":\"Reflejo de Michoac\\u00e1n\",\"description\":\"Medio de comunicaci\\u00f3n impreso y digital al servicio de la regi\\u00f3n lacustre y Michoac\\u00e1n.\",\"potentialAction\":[{\"@type\":\"SearchAction\",\"target\":{\"@type\":\"EntryPoint\",\"urlTemplate\":\"https:\/\/reflejodemichoacan.com\/?s={search_term_string}\"},\"query-input\":\"required name=search_term_string\"}],\"inLanguage\":\"es-MX\"},{\"@type\":\"ImageObject\",\"@id\":\"https:\/\/reflejodemichoacan.com\/index.php\/2022\/12\/09\/arte-y-tradicion-presentes-en-concurso-de-decoracion-de-lacas-organizado-por-el-ayuntamiento-de-patzcuaro\/#primaryimage\",\"inLanguage\":\"es-MX\",\"url\":\"https:\/\/reflejodemichoacan.com\/wp-content\/uploads\/2022\/12\/arte.jpg\",\"contentUrl\":\"https:\/\/reflejodemichoacan.com\/wp-content\/uploads\/2022\/12\/arte.jpg\",\"width\":1280,\"height\":853},{\"@type\":\"WebPage\",\"@id\":\"https:\/\/reflejodemichoacan.com\/index.php\/2022\/12\/09\/arte-y-tradicion-presentes-en-concurso-de-decoracion-de-lacas-organizado-por-el-ayuntamiento-de-patzcuaro\/#webpage\",\"url\":\"https:\/\/reflejodemichoacan.com\/index.php\/2022\/12\/09\/arte-y-tradicion-presentes-en-concurso-de-decoracion-de-lacas-organizado-por-el-ayuntamiento-de-patzcuaro\/\",\"name\":\"Arte y tradici\\u00f3n presentes en Concurso de Decoraci\\u00f3n de Lacas, organizado por el Ayuntamiento de P\\u00e1tzcuaro\\u2022 - Reflejo de Michoac\\u00e1n\",\"isPartOf\":{\"@id\":\"https:\/\/reflejodemichoacan.com\/#website\"},\"primaryImageOfPage\":{\"@id\":\"https:\/\/reflejodemichoacan.com\/index.php\/2022\/12\/09\/arte-y-tradicion-presentes-en-concurso-de-decoracion-de-lacas-organizado-por-el-ayuntamiento-de-patzcuaro\/#primaryimage\"},\"datePublished\":\"2022-12-09T01:50:07+00:00\",\"dateModified\":\"2022-12-09T01:50:11+00:00\",\"author\":{\"@id\":\"https:\/\/reflejodemichoacan.com\/#\/schema\/person\/72d921e8fe99bd6e2e39bcde8995046f\"},\"breadcrumb\":{\"@id\":\"https:\/\/reflejodemichoacan.com\/index.php\/2022\/12\/09\/arte-y-tradicion-presentes-en-concurso-de-decoracion-de-lacas-organizado-por-el-ayuntamiento-de-patzcuaro\/#breadcrumb\"},\"inLanguage\":\"es-MX\",\"potentialAction\":[{\"@type\":\"ReadAction\",\"target\":[\"https:\/\/reflejodemichoacan.com\/index.php\/2022\/12\/09\/arte-y-tradicion-presentes-en-concurso-de-decoracion-de-lacas-organizado-por-el-ayuntamiento-de-patzcuaro\/\"]}]},{\"@type\":\"BreadcrumbList\",\"@id\":\"https:\/\/reflejodemichoacan.com\/index.php\/2022\/12\/09\/arte-y-tradicion-presentes-en-concurso-de-decoracion-de-lacas-organizado-por-el-ayuntamiento-de-patzcuaro\/#breadcrumb\",\"itemListElement\":[{\"@type\":\"ListItem\",\"position\":1,\"name\":\"Inicio\",\"item\":\"https:\/\/reflejodemichoacan.com\/\"},{\"@type\":\"ListItem\",\"position\":2,\"name\":\"Arte y tradici\\u00f3n presentes en Concurso de Decoraci\\u00f3n de Lacas, organizado por el Ayuntamiento de P\\u00e1tzcuaro\\u2022\"}]},{\"@type\":\"Person\",\"@id\":\"https:\/\/reflejodemichoacan.com\/#\/schema\/person\/72d921e8fe99bd6e2e39bcde8995046f\",\"name\":\"Aurora\",\"image\":{\"@type\":\"ImageObject\",\"@id\":\"https:\/\/reflejodemichoacan.com\/#personlogo\",\"inLanguage\":\"es-MX\",\"url\":\"https:\/\/secure.gravatar.com\/avatar\/df5ceb9b998be27b25dd258a6b4b0a95?s=96&d=mm&r=g\",\"contentUrl\":\"https:\/\/secure.gravatar.com\/avatar\/df5ceb9b998be27b25dd258a6b4b0a95?s=96&d=mm&r=g\",\"caption\":\"Aurora\"},\"sameAs\":[\"http:\/\/reflejodemichoacan.com\"],\"url\":\"https:\/\/reflejodemichoacan.com\/index.php\/author\/rixwm7qvsq\/\"}]}<\/script>\n<!-- \/ Yoast SEO plugin. -->","yoast_head_json":{"title":"Arte y tradici\u00f3n presentes en Concurso de Decoraci\u00f3n de Lacas, organizado por el Ayuntamiento de P\u00e1tzcuaro\u2022 - Reflejo de Michoac\u00e1n","robots":{"index":"index","follow":"follow","max-snippet":"max-snippet:-1","max-image-preview":"max-image-preview:large","max-video-preview":"max-video-preview:-1"},"canonical":"https:\/\/reflejodemichoacan.com\/index.php\/2022\/12\/09\/arte-y-tradicion-presentes-en-concurso-de-decoracion-de-lacas-organizado-por-el-ayuntamiento-de-patzcuaro\/","og_locale":"es_MX","og_type":"article","og_title":"Arte y tradici\u00f3n presentes en Concurso de Decoraci\u00f3n de Lacas, organizado por el Ayuntamiento de P\u00e1tzcuaro\u2022 - Reflejo de Michoac\u00e1n","og_description":"*Como parte de las acciones de apoyo y promoci\u00f3n a los artesanos patzcuarenses que impulsa Julio Arreola V\u00e1zquez, se reconoci\u00f3 esta t\u00e9cnica artesanal.*P\u00e1tzcuaro, Michoac\u00e1n, a 8 de diciembre del 2022.-Artesanos plasmaron su arte\u00a0 y tradici\u00f3n durante su participaci\u00f3n en el S\u00e9ptimo Concurso de Decoraci\u00f3n de Lacas Perfiladas en L\u00e1mina de Oro de 23.5 kilates, evento [&hellip;]","og_url":"https:\/\/reflejodemichoacan.com\/index.php\/2022\/12\/09\/arte-y-tradicion-presentes-en-concurso-de-decoracion-de-lacas-organizado-por-el-ayuntamiento-de-patzcuaro\/","og_site_name":"Reflejo de Michoac\u00e1n","article_published_time":"2022-12-09T01:50:07+00:00","article_modified_time":"2022-12-09T01:50:11+00:00","og_image":[{"width":1280,"height":853,"url":"https:\/\/reflejodemichoacan.com\/wp-content\/uploads\/2022\/12\/arte.jpg","type":"image\/jpeg"}],"twitter_card":"summary_large_image","twitter_misc":{"Escrito por":"Aurora","Tiempo de lectura":"2 minutos"},"schema":{"@context":"https:\/\/schema.org","@graph":[{"@type":"WebSite","@id":"https:\/\/reflejodemichoacan.com\/#website","url":"https:\/\/reflejodemichoacan.com\/","name":"Reflejo de Michoac\u00e1n","description":"Medio de comunicaci\u00f3n impreso y digital al servicio de la regi\u00f3n lacustre y Michoac\u00e1n.","potentialAction":[{"@type":"SearchAction","target":{"@type":"EntryPoint","urlTemplate":"https:\/\/reflejodemichoacan.com\/?s={search_term_string}"},"query-input":"required name=search_term_string"}],"inLanguage":"es-MX"},{"@type":"ImageObject","@id":"https:\/\/reflejodemichoacan.com\/index.php\/2022\/12\/09\/arte-y-tradicion-presentes-en-concurso-de-decoracion-de-lacas-organizado-por-el-ayuntamiento-de-patzcuaro\/#primaryimage","inLanguage":"es-MX","url":"https:\/\/reflejodemichoacan.com\/wp-content\/uploads\/2022\/12\/arte.jpg","contentUrl":"https:\/\/reflejodemichoacan.com\/wp-content\/uploads\/2022\/12\/arte.jpg","width":1280,"height":853},{"@type":"WebPage","@id":"https:\/\/reflejodemichoacan.com\/index.php\/2022\/12\/09\/arte-y-tradicion-presentes-en-concurso-de-decoracion-de-lacas-organizado-por-el-ayuntamiento-de-patzcuaro\/#webpage","url":"https:\/\/reflejodemichoacan.com\/index.php\/2022\/12\/09\/arte-y-tradicion-presentes-en-concurso-de-decoracion-de-lacas-organizado-por-el-ayuntamiento-de-patzcuaro\/","name":"Arte y tradici\u00f3n presentes en Concurso de Decoraci\u00f3n de Lacas, organizado por el Ayuntamiento de P\u00e1tzcuaro\u2022 - Reflejo de Michoac\u00e1n","isPartOf":{"@id":"https:\/\/reflejodemichoacan.com\/#website"},"primaryImageOfPage":{"@id":"https:\/\/reflejodemichoacan.com\/index.php\/2022\/12\/09\/arte-y-tradicion-presentes-en-concurso-de-decoracion-de-lacas-organizado-por-el-ayuntamiento-de-patzcuaro\/#primaryimage"},"datePublished":"2022-12-09T01:50:07+00:00","dateModified":"2022-12-09T01:50:11+00:00","author":{"@id":"https:\/\/reflejodemichoacan.com\/#\/schema\/person\/72d921e8fe99bd6e2e39bcde8995046f"},"breadcrumb":{"@id":"https:\/\/reflejodemichoacan.com\/index.php\/2022\/12\/09\/arte-y-tradicion-presentes-en-concurso-de-decoracion-de-lacas-organizado-por-el-ayuntamiento-de-patzcuaro\/#breadcrumb"},"inLanguage":"es-MX","potentialAction":[{"@type":"ReadAction","target":["https:\/\/reflejodemichoacan.com\/index.php\/2022\/12\/09\/arte-y-tradicion-presentes-en-concurso-de-decoracion-de-lacas-organizado-por-el-ayuntamiento-de-patzcuaro\/"]}]},{"@type":"BreadcrumbList","@id":"https:\/\/reflejodemichoacan.com\/index.php\/2022\/12\/09\/arte-y-tradicion-presentes-en-concurso-de-decoracion-de-lacas-organizado-por-el-ayuntamiento-de-patzcuaro\/#breadcrumb","itemListElement":[{"@type":"ListItem","position":1,"name":"Inicio","item":"https:\/\/reflejodemichoacan.com\/"},{"@type":"ListItem","position":2,"name":"Arte y tradici\u00f3n presentes en Concurso de Decoraci\u00f3n de Lacas, organizado por el Ayuntamiento de P\u00e1tzcuaro\u2022"}]},{"@type":"Person","@id":"https:\/\/reflejodemichoacan.com\/#\/schema\/person\/72d921e8fe99bd6e2e39bcde8995046f","name":"Aurora","image":{"@type":"ImageObject","@id":"https:\/\/reflejodemichoacan.com\/#personlogo","inLanguage":"es-MX","url":"https:\/\/secure.gravatar.com\/avatar\/df5ceb9b998be27b25dd258a6b4b0a95?s=96&d=mm&r=g","contentUrl":"https:\/\/secure.gravatar.com\/avatar\/df5ceb9b998be27b25dd258a6b4b0a95?s=96&d=mm&r=g","caption":"Aurora"},"sameAs":["http:\/\/reflejodemichoacan.com"],"url":"https:\/\/reflejodemichoacan.com\/index.php\/author\/rixwm7qvsq\/"}]}},"_links":{"self":[{"href":"https:\/\/reflejodemichoacan.com\/index.php\/wp-json\/wp\/v2\/posts\/10586"}],"collection":[{"href":"https:\/\/reflejodemichoacan.com\/index.php\/wp-json\/wp\/v2\/posts"}],"about":[{"href":"https:\/\/reflejodemichoacan.com\/index.php\/wp-json\/wp\/v2\/types\/post"}],"author":[{"embeddable":true,"href":"https:\/\/reflejodemichoacan.com\/index.php\/wp-json\/wp\/v2\/users\/1"}],"replies":[{"embeddable":true,"href":"https:\/\/reflejodemichoacan.com\/index.php\/wp-json\/wp\/v2\/comments?post=10586"}],"version-history":[{"count":1,"href":"https:\/\/reflejodemichoacan.com\/index.php\/wp-json\/wp\/v2\/posts\/10586\/revisions"}],"predecessor-version":[{"id":10588,"href":"https:\/\/reflejodemichoacan.com\/index.php\/wp-json\/wp\/v2\/posts\/10586\/revisions\/10588"}],"wp:featuredmedia":[{"embeddable":true,"href":"https:\/\/reflejodemichoacan.com\/index.php\/wp-json\/wp\/v2\/media\/10587"}],"wp:attachment":[{"href":"https:\/\/reflejodemichoacan.com\/index.php\/wp-json\/wp\/v2\/media?parent=10586"}],"wp:term":[{"taxonomy":"category","embeddable":true,"href":"https:\/\/reflejodemichoacan.com\/index.php\/wp-json\/wp\/v2\/categories?post=10586"},{"taxonomy":"post_tag","embeddable":true,"href":"https:\/\/reflejodemichoacan.com\/index.php\/wp-json\/wp\/v2\/tags?post=10586"}],"curies":[{"name":"wp","href":"https:\/\/api.w.org\/{rel}","templated":true}]}}