{"id":10589,"date":"2022-12-09T01:52:50","date_gmt":"2022-12-09T01:52:50","guid":{"rendered":"https:\/\/reflejodemichoacan.com\/?p=10589"},"modified":"2022-12-09T01:52:53","modified_gmt":"2022-12-09T01:52:53","slug":"ieesspp-concluyo-formacion-academica-del-fortapaz-para-25-corporaciones-municipales","status":"publish","type":"post","link":"https:\/\/reflejodemichoacan.com\/index.php\/2022\/12\/09\/ieesspp-concluyo-formacion-academica-del-fortapaz-para-25-corporaciones-municipales\/","title":{"rendered":"IEESSPP concluy\u00f3 formaci\u00f3n acad\u00e9mica del Fortapaz para 25 corporaciones municipales"},"content":{"rendered":"\n<p>\u2022 Durante nueve semanas se impartieron materias sobre perspectiva de g\u00e9nero, proximidad social, detenci\u00f3n, conducci\u00f3n de personas y control de multitudes.<br>Morelia Michoac\u00e1n, 8 de diciembre del 2022.- El Fondo para el Fortalecimiento para la Paz (Fortapaz) concluy\u00f3 la formaci\u00f3n acad\u00e9mica para 25 corporaciones municipales, a trav\u00e9s del Instituto Estatal de Estudios Superiores en Seguridad y Profesionalizaci\u00f3n Policial (IEESSPP), luego de nueve semanas de instrucci\u00f3n en siete sedes al interior de la entidad.\u00a0 \u00a0<br>El Fortapaz es un ejemplo a nivel nacional, en donde el Gobierno de Michoac\u00e1n, en coordinaci\u00f3n con los municipios, brinda una atenci\u00f3n prioritaria para mejorar la infraestructura y formaci\u00f3n acad\u00e9mica de las corporaciones, resalt\u00f3 la directora del IEESSPP, Julisa Su\u00e1rez Bucio, al reconocer tambi\u00e9n el empe\u00f1o de cada una y uno de los agentes municipales, ya que sin descuidar las acciones operativas cursaron clases al finalizar su jornada laboral o en sus horas de descanso.\u00a0En representaci\u00f3n de las y los presidentes municipales beneficiados, el edil de P\u00e1tzcuaro, Julio Alberto Arreola V\u00e1zquez, celebr\u00f3 que la profesionalizaci\u00f3n del actuar policial sea una prioridad del gobernador Alfredo Ram\u00edrez Bedolla, ya que permite brindar una respuesta a la exigencia social de contar con polic\u00edas municipales preparados, que puedan intervenir oportunamente ante un delito, violencia contra la mujer o controlar alg\u00fan disturbio.\u00a0<br>En representaci\u00f3n del Secretario Ejecutivo del Sistema Estatal de Seguridad P\u00fablica del Estado, C\u00e9sar Erwin S\u00e1nchez Coria, el director de Apoyo T\u00e9cnico, Rafael Ayala Orihuela, resalt\u00f3 que con ahorros generados del Fortapaz se lograr\u00e1 que todas y todos los agentes de polic\u00eda cuenten con seguro de vida, avanzando as\u00ed en la mejora de las condiciones laborales.\u00a0<br>Al evento protocolario se dieron cita el presidente municipal de Tzitzio, Jos\u00e9 Nauneli P\u00e9rez Avil\u00e9s; el alcalde de Tac\u00e1mbaro, Artemio Moriya S\u00e1nchez; la alcaldesa de Ziracuaretiro, Itzel Gaona Bedolla; el edil de Paracho, \u00c9ric Ren\u00e9 Padilla Andr\u00e9s; en representaci\u00f3n del Secretario de Seguridad P\u00fablica, Jos\u00e9 Ortega S\u00e1nchez, acudi\u00f3 el subsecretario de Desarrollo Policial y Seguridad Privada, Jes\u00fas Rogelio G\u00e1mez Tamayo.<\/p>\n","protected":false},"excerpt":{"rendered":"<p>\u2022 Durante nueve semanas se impartieron materias sobre perspectiva de g\u00e9nero, proximidad social, detenci\u00f3n, conducci\u00f3n de personas y control de multitudes.Morelia Michoac\u00e1n, 8 de diciembre del 2022.- El Fondo para el Fortalecimiento para la Paz (Fortapaz) concluy\u00f3 la formaci\u00f3n acad\u00e9mica para 25 corporaciones municipales, a trav\u00e9s del Instituto Estatal de Estudios Superiores en Seguridad y [&hellip;]<\/p>\n","protected":false},"author":1,"featured_media":10590,"comment_status":"open","ping_status":"closed","sticky":false,"template":"","format":"standard","meta":[],"categories":[1],"tags":[],"yoast_head":"<!-- This site is optimized with the Yoast SEO plugin v17.9 - https:\/\/yoast.com\/wordpress\/plugins\/seo\/ -->\n<title>IEESSPP concluy\u00f3 formaci\u00f3n acad\u00e9mica del Fortapaz para 25 corporaciones municipales - Reflejo de Michoac\u00e1n<\/title>\n<meta name=\"robots\" content=\"index, follow, max-snippet:-1, max-image-preview:large, max-video-preview:-1\" \/>\n<link rel=\"canonical\" href=\"https:\/\/reflejodemichoacan.com\/index.php\/2022\/12\/09\/ieesspp-concluyo-formacion-academica-del-fortapaz-para-25-corporaciones-municipales\/\" \/>\n<meta property=\"og:locale\" content=\"es_MX\" \/>\n<meta property=\"og:type\" content=\"article\" \/>\n<meta property=\"og:title\" content=\"IEESSPP concluy\u00f3 formaci\u00f3n acad\u00e9mica del Fortapaz para 25 corporaciones municipales - Reflejo de Michoac\u00e1n\" \/>\n<meta property=\"og:description\" content=\"\u2022 Durante nueve semanas se impartieron materias sobre perspectiva de g\u00e9nero, proximidad social, detenci\u00f3n, conducci\u00f3n de personas y control de multitudes.Morelia Michoac\u00e1n, 8 de diciembre del 2022.- El Fondo para el Fortalecimiento para la Paz (Fortapaz) concluy\u00f3 la formaci\u00f3n acad\u00e9mica para 25 corporaciones municipales, a trav\u00e9s del Instituto Estatal de Estudios Superiores en Seguridad y [&hellip;]\" \/>\n<meta property=\"og:url\" content=\"https:\/\/reflejodemichoacan.com\/index.php\/2022\/12\/09\/ieesspp-concluyo-formacion-academica-del-fortapaz-para-25-corporaciones-municipales\/\" \/>\n<meta property=\"og:site_name\" content=\"Reflejo de Michoac\u00e1n\" \/>\n<meta property=\"article:published_time\" content=\"2022-12-09T01:52:50+00:00\" \/>\n<meta property=\"article:modified_time\" content=\"2022-12-09T01:52:53+00:00\" \/>\n<meta property=\"og:image\" content=\"https:\/\/reflejodemichoacan.com\/wp-content\/uploads\/2022\/12\/iessp.jpg\" \/>\n\t<meta property=\"og:image:width\" content=\"1280\" \/>\n\t<meta property=\"og:image:height\" content=\"788\" \/>\n\t<meta property=\"og:image:type\" content=\"image\/jpeg\" \/>\n<meta name=\"twitter:card\" content=\"summary_large_image\" \/>\n<meta name=\"twitter:label1\" content=\"Escrito por\" \/>\n\t<meta name=\"twitter:data1\" content=\"Aurora\" \/>\n\t<meta name=\"twitter:label2\" content=\"Tiempo de lectura\" \/>\n\t<meta name=\"twitter:data2\" content=\"2 minutos\" \/>\n<script type=\"application\/ld+json\" class=\"yoast-schema-graph\">{\"@context\":\"https:\/\/schema.org\",\"@graph\":[{\"@type\":\"WebSite\",\"@id\":\"https:\/\/reflejodemichoacan.com\/#website\",\"url\":\"https:\/\/reflejodemichoacan.com\/\",\"name\":\"Reflejo de Michoac\\u00e1n\",\"description\":\"Medio de comunicaci\\u00f3n impreso y digital al servicio de la regi\\u00f3n lacustre y Michoac\\u00e1n.\",\"potentialAction\":[{\"@type\":\"SearchAction\",\"target\":{\"@type\":\"EntryPoint\",\"urlTemplate\":\"https:\/\/reflejodemichoacan.com\/?s={search_term_string}\"},\"query-input\":\"required name=search_term_string\"}],\"inLanguage\":\"es-MX\"},{\"@type\":\"ImageObject\",\"@id\":\"https:\/\/reflejodemichoacan.com\/index.php\/2022\/12\/09\/ieesspp-concluyo-formacion-academica-del-fortapaz-para-25-corporaciones-municipales\/#primaryimage\",\"inLanguage\":\"es-MX\",\"url\":\"https:\/\/reflejodemichoacan.com\/wp-content\/uploads\/2022\/12\/iessp.jpg\",\"contentUrl\":\"https:\/\/reflejodemichoacan.com\/wp-content\/uploads\/2022\/12\/iessp.jpg\",\"width\":1280,\"height\":788},{\"@type\":\"WebPage\",\"@id\":\"https:\/\/reflejodemichoacan.com\/index.php\/2022\/12\/09\/ieesspp-concluyo-formacion-academica-del-fortapaz-para-25-corporaciones-municipales\/#webpage\",\"url\":\"https:\/\/reflejodemichoacan.com\/index.php\/2022\/12\/09\/ieesspp-concluyo-formacion-academica-del-fortapaz-para-25-corporaciones-municipales\/\",\"name\":\"IEESSPP concluy\\u00f3 formaci\\u00f3n acad\\u00e9mica del Fortapaz para 25 corporaciones municipales - Reflejo de Michoac\\u00e1n\",\"isPartOf\":{\"@id\":\"https:\/\/reflejodemichoacan.com\/#website\"},\"primaryImageOfPage\":{\"@id\":\"https:\/\/reflejodemichoacan.com\/index.php\/2022\/12\/09\/ieesspp-concluyo-formacion-academica-del-fortapaz-para-25-corporaciones-municipales\/#primaryimage\"},\"datePublished\":\"2022-12-09T01:52:50+00:00\",\"dateModified\":\"2022-12-09T01:52:53+00:00\",\"author\":{\"@id\":\"https:\/\/reflejodemichoacan.com\/#\/schema\/person\/72d921e8fe99bd6e2e39bcde8995046f\"},\"breadcrumb\":{\"@id\":\"https:\/\/reflejodemichoacan.com\/index.php\/2022\/12\/09\/ieesspp-concluyo-formacion-academica-del-fortapaz-para-25-corporaciones-municipales\/#breadcrumb\"},\"inLanguage\":\"es-MX\",\"potentialAction\":[{\"@type\":\"ReadAction\",\"target\":[\"https:\/\/reflejodemichoacan.com\/index.php\/2022\/12\/09\/ieesspp-concluyo-formacion-academica-del-fortapaz-para-25-corporaciones-municipales\/\"]}]},{\"@type\":\"BreadcrumbList\",\"@id\":\"https:\/\/reflejodemichoacan.com\/index.php\/2022\/12\/09\/ieesspp-concluyo-formacion-academica-del-fortapaz-para-25-corporaciones-municipales\/#breadcrumb\",\"itemListElement\":[{\"@type\":\"ListItem\",\"position\":1,\"name\":\"Inicio\",\"item\":\"https:\/\/reflejodemichoacan.com\/\"},{\"@type\":\"ListItem\",\"position\":2,\"name\":\"IEESSPP concluy\\u00f3 formaci\\u00f3n acad\\u00e9mica del Fortapaz para 25 corporaciones municipales\"}]},{\"@type\":\"Person\",\"@id\":\"https:\/\/reflejodemichoacan.com\/#\/schema\/person\/72d921e8fe99bd6e2e39bcde8995046f\",\"name\":\"Aurora\",\"image\":{\"@type\":\"ImageObject\",\"@id\":\"https:\/\/reflejodemichoacan.com\/#personlogo\",\"inLanguage\":\"es-MX\",\"url\":\"https:\/\/secure.gravatar.com\/avatar\/df5ceb9b998be27b25dd258a6b4b0a95?s=96&d=mm&r=g\",\"contentUrl\":\"https:\/\/secure.gravatar.com\/avatar\/df5ceb9b998be27b25dd258a6b4b0a95?s=96&d=mm&r=g\",\"caption\":\"Aurora\"},\"sameAs\":[\"http:\/\/reflejodemichoacan.com\"],\"url\":\"https:\/\/reflejodemichoacan.com\/index.php\/author\/rixwm7qvsq\/\"}]}<\/script>\n<!-- \/ Yoast SEO plugin. -->","yoast_head_json":{"title":"IEESSPP concluy\u00f3 formaci\u00f3n acad\u00e9mica del Fortapaz para 25 corporaciones municipales - Reflejo de Michoac\u00e1n","robots":{"index":"index","follow":"follow","max-snippet":"max-snippet:-1","max-image-preview":"max-image-preview:large","max-video-preview":"max-video-preview:-1"},"canonical":"https:\/\/reflejodemichoacan.com\/index.php\/2022\/12\/09\/ieesspp-concluyo-formacion-academica-del-fortapaz-para-25-corporaciones-municipales\/","og_locale":"es_MX","og_type":"article","og_title":"IEESSPP concluy\u00f3 formaci\u00f3n acad\u00e9mica del Fortapaz para 25 corporaciones municipales - Reflejo de Michoac\u00e1n","og_description":"\u2022 Durante nueve semanas se impartieron materias sobre perspectiva de g\u00e9nero, proximidad social, detenci\u00f3n, conducci\u00f3n de personas y control de multitudes.Morelia Michoac\u00e1n, 8 de diciembre del 2022.- El Fondo para el Fortalecimiento para la Paz (Fortapaz) concluy\u00f3 la formaci\u00f3n acad\u00e9mica para 25 corporaciones municipales, a trav\u00e9s del Instituto Estatal de Estudios Superiores en Seguridad y [&hellip;]","og_url":"https:\/\/reflejodemichoacan.com\/index.php\/2022\/12\/09\/ieesspp-concluyo-formacion-academica-del-fortapaz-para-25-corporaciones-municipales\/","og_site_name":"Reflejo de Michoac\u00e1n","article_published_time":"2022-12-09T01:52:50+00:00","article_modified_time":"2022-12-09T01:52:53+00:00","og_image":[{"width":1280,"height":788,"url":"https:\/\/reflejodemichoacan.com\/wp-content\/uploads\/2022\/12\/iessp.jpg","type":"image\/jpeg"}],"twitter_card":"summary_large_image","twitter_misc":{"Escrito por":"Aurora","Tiempo de lectura":"2 minutos"},"schema":{"@context":"https:\/\/schema.org","@graph":[{"@type":"WebSite","@id":"https:\/\/reflejodemichoacan.com\/#website","url":"https:\/\/reflejodemichoacan.com\/","name":"Reflejo de Michoac\u00e1n","description":"Medio de comunicaci\u00f3n impreso y digital al servicio de la regi\u00f3n lacustre y Michoac\u00e1n.","potentialAction":[{"@type":"SearchAction","target":{"@type":"EntryPoint","urlTemplate":"https:\/\/reflejodemichoacan.com\/?s={search_term_string}"},"query-input":"required name=search_term_string"}],"inLanguage":"es-MX"},{"@type":"ImageObject","@id":"https:\/\/reflejodemichoacan.com\/index.php\/2022\/12\/09\/ieesspp-concluyo-formacion-academica-del-fortapaz-para-25-corporaciones-municipales\/#primaryimage","inLanguage":"es-MX","url":"https:\/\/reflejodemichoacan.com\/wp-content\/uploads\/2022\/12\/iessp.jpg","contentUrl":"https:\/\/reflejodemichoacan.com\/wp-content\/uploads\/2022\/12\/iessp.jpg","width":1280,"height":788},{"@type":"WebPage","@id":"https:\/\/reflejodemichoacan.com\/index.php\/2022\/12\/09\/ieesspp-concluyo-formacion-academica-del-fortapaz-para-25-corporaciones-municipales\/#webpage","url":"https:\/\/reflejodemichoacan.com\/index.php\/2022\/12\/09\/ieesspp-concluyo-formacion-academica-del-fortapaz-para-25-corporaciones-municipales\/","name":"IEESSPP concluy\u00f3 formaci\u00f3n acad\u00e9mica del Fortapaz para 25 corporaciones municipales - Reflejo de Michoac\u00e1n","isPartOf":{"@id":"https:\/\/reflejodemichoacan.com\/#website"},"primaryImageOfPage":{"@id":"https:\/\/reflejodemichoacan.com\/index.php\/2022\/12\/09\/ieesspp-concluyo-formacion-academica-del-fortapaz-para-25-corporaciones-municipales\/#primaryimage"},"datePublished":"2022-12-09T01:52:50+00:00","dateModified":"2022-12-09T01:52:53+00:00","author":{"@id":"https:\/\/reflejodemichoacan.com\/#\/schema\/person\/72d921e8fe99bd6e2e39bcde8995046f"},"breadcrumb":{"@id":"https:\/\/reflejodemichoacan.com\/index.php\/2022\/12\/09\/ieesspp-concluyo-formacion-academica-del-fortapaz-para-25-corporaciones-municipales\/#breadcrumb"},"inLanguage":"es-MX","potentialAction":[{"@type":"ReadAction","target":["https:\/\/reflejodemichoacan.com\/index.php\/2022\/12\/09\/ieesspp-concluyo-formacion-academica-del-fortapaz-para-25-corporaciones-municipales\/"]}]},{"@type":"BreadcrumbList","@id":"https:\/\/reflejodemichoacan.com\/index.php\/2022\/12\/09\/ieesspp-concluyo-formacion-academica-del-fortapaz-para-25-corporaciones-municipales\/#breadcrumb","itemListElement":[{"@type":"ListItem","position":1,"name":"Inicio","item":"https:\/\/reflejodemichoacan.com\/"},{"@type":"ListItem","position":2,"name":"IEESSPP concluy\u00f3 formaci\u00f3n acad\u00e9mica del Fortapaz para 25 corporaciones municipales"}]},{"@type":"Person","@id":"https:\/\/reflejodemichoacan.com\/#\/schema\/person\/72d921e8fe99bd6e2e39bcde8995046f","name":"Aurora","image":{"@type":"ImageObject","@id":"https:\/\/reflejodemichoacan.com\/#personlogo","inLanguage":"es-MX","url":"https:\/\/secure.gravatar.com\/avatar\/df5ceb9b998be27b25dd258a6b4b0a95?s=96&d=mm&r=g","contentUrl":"https:\/\/secure.gravatar.com\/avatar\/df5ceb9b998be27b25dd258a6b4b0a95?s=96&d=mm&r=g","caption":"Aurora"},"sameAs":["http:\/\/reflejodemichoacan.com"],"url":"https:\/\/reflejodemichoacan.com\/index.php\/author\/rixwm7qvsq\/"}]}},"_links":{"self":[{"href":"https:\/\/reflejodemichoacan.com\/index.php\/wp-json\/wp\/v2\/posts\/10589"}],"collection":[{"href":"https:\/\/reflejodemichoacan.com\/index.php\/wp-json\/wp\/v2\/posts"}],"about":[{"href":"https:\/\/reflejodemichoacan.com\/index.php\/wp-json\/wp\/v2\/types\/post"}],"author":[{"embeddable":true,"href":"https:\/\/reflejodemichoacan.com\/index.php\/wp-json\/wp\/v2\/users\/1"}],"replies":[{"embeddable":true,"href":"https:\/\/reflejodemichoacan.com\/index.php\/wp-json\/wp\/v2\/comments?post=10589"}],"version-history":[{"count":1,"href":"https:\/\/reflejodemichoacan.com\/index.php\/wp-json\/wp\/v2\/posts\/10589\/revisions"}],"predecessor-version":[{"id":10591,"href":"https:\/\/reflejodemichoacan.com\/index.php\/wp-json\/wp\/v2\/posts\/10589\/revisions\/10591"}],"wp:featuredmedia":[{"embeddable":true,"href":"https:\/\/reflejodemichoacan.com\/index.php\/wp-json\/wp\/v2\/media\/10590"}],"wp:attachment":[{"href":"https:\/\/reflejodemichoacan.com\/index.php\/wp-json\/wp\/v2\/media?parent=10589"}],"wp:term":[{"taxonomy":"category","embeddable":true,"href":"https:\/\/reflejodemichoacan.com\/index.php\/wp-json\/wp\/v2\/categories?post=10589"},{"taxonomy":"post_tag","embeddable":true,"href":"https:\/\/reflejodemichoacan.com\/index.php\/wp-json\/wp\/v2\/tags?post=10589"}],"curies":[{"name":"wp","href":"https:\/\/api.w.org\/{rel}","templated":true}]}}