{"id":10592,"date":"2022-12-09T02:05:52","date_gmt":"2022-12-09T02:05:52","guid":{"rendered":"https:\/\/reflejodemichoacan.com\/?p=10592"},"modified":"2022-12-09T02:05:54","modified_gmt":"2022-12-09T02:05:54","slug":"la-uiim-instalara-un-laboratorio-para-atender-problematicas-del-lago-de-patzcuaro","status":"publish","type":"post","link":"https:\/\/reflejodemichoacan.com\/index.php\/2022\/12\/09\/la-uiim-instalara-un-laboratorio-para-atender-problematicas-del-lago-de-patzcuaro\/","title":{"rendered":"La UIIM instalar\u00e1 un laboratorio para atender problem\u00e1ticas del Lago de P\u00e1tzcuaro"},"content":{"rendered":"\n<p>Alejandro Mart\u00ednez Casta\u00f1eda<\/p>\n\n\n\n<p>P\u00e1tzcuaro, Michoac\u00e1n, 08 de diciembre de 2022. Con recursos del CONACYT (Consejo Nacional de Ciencia y Tecnolog\u00eda), la Universidad Intercultural ind\u00edgena de Michoac\u00e1n (UIIM) instalar\u00e1 un Laboratorio de An\u00e1lisis Socioecol\u00f3gico y de Ejes Estrat\u00e9gicos, que permitir\u00e1 atender las problem\u00e1ticas socioambientales de la cuenca del Lago de P\u00e1tzcuaro.<\/p>\n\n\n\n<p>Con dicho laboratorio se generar\u00e1 &#8220;un \u00f3rgano acad\u00e9mico e institucional multidisciplinario que a diferentes escalas espaciotemporales atienda las problem\u00e1ticas socioambientales de la regi\u00f3n, inicialmente de la cuenca del Lago de P\u00e1tzcuaro como un ejemplo accionario desde el enfoque socio ecol\u00f3gico, a partir de una necesidad de acciones de restauraci\u00f3n y conservaci\u00f3n solicitada por la sociedad civil, especialmente por personas originarias del pueblo pur\u00e9pecha que vive en la regi\u00f3n, quienes han visto de primera mano el deterioro ambiental&#8221;, afirm\u00f3 Laura Alfonsina Chang Mart\u00ednez, acad\u00e9mica de la UIIM y responsable de dicho proyecto.<\/p>\n\n\n\n<p>Expuso que \u201cel prop\u00f3sito es adquirir equipo t\u00e9cnico especializado para el monitoreo del medio ambiente, dentro de las acciones encaminadas al rescate del lago de P\u00e1tzcuaro\u201d, y precis\u00f3 que el recurso que fue autorizado por el CONACYT para el proyecto denominado \u201cFortalecimiento del Laboratorio de An\u00e1lisis Socioecol\u00f3gico y de Ejes Estrat\u00e9gicos UIIM\u201d fue por el orden de $ 1,560,274.95.<\/p>\n\n\n\n<p>Con la adquisici\u00f3n de equipo t\u00e9cnico especializado se espera la compilaci\u00f3n de toda la informaci\u00f3n diagn\u00f3stica de la problem\u00e1tica ambiental de la cuenca del Lago de P\u00e1tzcuaro que permita desarrollar una estrategia integral para la planeaci\u00f3n urbana territorial y gesti\u00f3n ambiental, abund\u00f3.<\/p>\n\n\n\n<p>La acad\u00e9mica destac\u00f3 que este proyecto permitir\u00e1 a la UIIM una comunicaci\u00f3n permanente con actores de la sociedad civil organizada y otras instituciones como GIRA A.C., COPANABIS A.C. y el INPI para entablar un \u00f3rgano permanente e interinstitucional que atienda las principales problem\u00e1ticas ambientales de la regi\u00f3n a largo plazo.<\/p>\n","protected":false},"excerpt":{"rendered":"<p>Alejandro Mart\u00ednez Casta\u00f1eda P\u00e1tzcuaro, Michoac\u00e1n, 08 de diciembre de 2022. Con recursos del CONACYT (Consejo Nacional de Ciencia y Tecnolog\u00eda), la Universidad Intercultural ind\u00edgena de Michoac\u00e1n (UIIM) instalar\u00e1 un Laboratorio de An\u00e1lisis Socioecol\u00f3gico y de Ejes Estrat\u00e9gicos, que permitir\u00e1 atender las problem\u00e1ticas socioambientales de la cuenca del Lago de P\u00e1tzcuaro. Con dicho laboratorio se generar\u00e1 [&hellip;]<\/p>\n","protected":false},"author":1,"featured_media":10593,"comment_status":"open","ping_status":"closed","sticky":false,"template":"","format":"standard","meta":[],"categories":[1],"tags":[],"yoast_head":"<!-- This site is optimized with the Yoast SEO plugin v17.9 - https:\/\/yoast.com\/wordpress\/plugins\/seo\/ -->\n<title>La UIIM instalar\u00e1 un laboratorio para atender problem\u00e1ticas del Lago de P\u00e1tzcuaro - Reflejo de Michoac\u00e1n<\/title>\n<meta name=\"robots\" content=\"index, follow, max-snippet:-1, max-image-preview:large, max-video-preview:-1\" \/>\n<link rel=\"canonical\" href=\"https:\/\/reflejodemichoacan.com\/index.php\/2022\/12\/09\/la-uiim-instalara-un-laboratorio-para-atender-problematicas-del-lago-de-patzcuaro\/\" \/>\n<meta property=\"og:locale\" content=\"es_MX\" \/>\n<meta property=\"og:type\" content=\"article\" \/>\n<meta property=\"og:title\" content=\"La UIIM instalar\u00e1 un laboratorio para atender problem\u00e1ticas del Lago de P\u00e1tzcuaro - Reflejo de Michoac\u00e1n\" \/>\n<meta property=\"og:description\" content=\"Alejandro Mart\u00ednez Casta\u00f1eda P\u00e1tzcuaro, Michoac\u00e1n, 08 de diciembre de 2022. Con recursos del CONACYT (Consejo Nacional de Ciencia y Tecnolog\u00eda), la Universidad Intercultural ind\u00edgena de Michoac\u00e1n (UIIM) instalar\u00e1 un Laboratorio de An\u00e1lisis Socioecol\u00f3gico y de Ejes Estrat\u00e9gicos, que permitir\u00e1 atender las problem\u00e1ticas socioambientales de la cuenca del Lago de P\u00e1tzcuaro. Con dicho laboratorio se generar\u00e1 [&hellip;]\" \/>\n<meta property=\"og:url\" content=\"https:\/\/reflejodemichoacan.com\/index.php\/2022\/12\/09\/la-uiim-instalara-un-laboratorio-para-atender-problematicas-del-lago-de-patzcuaro\/\" \/>\n<meta property=\"og:site_name\" content=\"Reflejo de Michoac\u00e1n\" \/>\n<meta property=\"article:published_time\" content=\"2022-12-09T02:05:52+00:00\" \/>\n<meta property=\"article:modified_time\" content=\"2022-12-09T02:05:54+00:00\" \/>\n<meta property=\"og:image\" content=\"https:\/\/reflejodemichoacan.com\/wp-content\/uploads\/2022\/12\/lago.jpg\" \/>\n\t<meta property=\"og:image:width\" content=\"960\" \/>\n\t<meta property=\"og:image:height\" content=\"640\" \/>\n\t<meta property=\"og:image:type\" content=\"image\/jpeg\" \/>\n<meta name=\"twitter:card\" content=\"summary_large_image\" \/>\n<meta name=\"twitter:label1\" content=\"Escrito por\" \/>\n\t<meta name=\"twitter:data1\" content=\"Aurora\" \/>\n\t<meta name=\"twitter:label2\" content=\"Tiempo de lectura\" \/>\n\t<meta name=\"twitter:data2\" content=\"2 minutos\" \/>\n<script type=\"application\/ld+json\" class=\"yoast-schema-graph\">{\"@context\":\"https:\/\/schema.org\",\"@graph\":[{\"@type\":\"WebSite\",\"@id\":\"https:\/\/reflejodemichoacan.com\/#website\",\"url\":\"https:\/\/reflejodemichoacan.com\/\",\"name\":\"Reflejo de Michoac\\u00e1n\",\"description\":\"Medio de comunicaci\\u00f3n impreso y digital al servicio de la regi\\u00f3n lacustre y Michoac\\u00e1n.\",\"potentialAction\":[{\"@type\":\"SearchAction\",\"target\":{\"@type\":\"EntryPoint\",\"urlTemplate\":\"https:\/\/reflejodemichoacan.com\/?s={search_term_string}\"},\"query-input\":\"required name=search_term_string\"}],\"inLanguage\":\"es-MX\"},{\"@type\":\"ImageObject\",\"@id\":\"https:\/\/reflejodemichoacan.com\/index.php\/2022\/12\/09\/la-uiim-instalara-un-laboratorio-para-atender-problematicas-del-lago-de-patzcuaro\/#primaryimage\",\"inLanguage\":\"es-MX\",\"url\":\"https:\/\/reflejodemichoacan.com\/wp-content\/uploads\/2022\/12\/lago.jpg\",\"contentUrl\":\"https:\/\/reflejodemichoacan.com\/wp-content\/uploads\/2022\/12\/lago.jpg\",\"width\":960,\"height\":640},{\"@type\":\"WebPage\",\"@id\":\"https:\/\/reflejodemichoacan.com\/index.php\/2022\/12\/09\/la-uiim-instalara-un-laboratorio-para-atender-problematicas-del-lago-de-patzcuaro\/#webpage\",\"url\":\"https:\/\/reflejodemichoacan.com\/index.php\/2022\/12\/09\/la-uiim-instalara-un-laboratorio-para-atender-problematicas-del-lago-de-patzcuaro\/\",\"name\":\"La UIIM instalar\\u00e1 un laboratorio para atender problem\\u00e1ticas del Lago de P\\u00e1tzcuaro - Reflejo de Michoac\\u00e1n\",\"isPartOf\":{\"@id\":\"https:\/\/reflejodemichoacan.com\/#website\"},\"primaryImageOfPage\":{\"@id\":\"https:\/\/reflejodemichoacan.com\/index.php\/2022\/12\/09\/la-uiim-instalara-un-laboratorio-para-atender-problematicas-del-lago-de-patzcuaro\/#primaryimage\"},\"datePublished\":\"2022-12-09T02:05:52+00:00\",\"dateModified\":\"2022-12-09T02:05:54+00:00\",\"author\":{\"@id\":\"https:\/\/reflejodemichoacan.com\/#\/schema\/person\/72d921e8fe99bd6e2e39bcde8995046f\"},\"breadcrumb\":{\"@id\":\"https:\/\/reflejodemichoacan.com\/index.php\/2022\/12\/09\/la-uiim-instalara-un-laboratorio-para-atender-problematicas-del-lago-de-patzcuaro\/#breadcrumb\"},\"inLanguage\":\"es-MX\",\"potentialAction\":[{\"@type\":\"ReadAction\",\"target\":[\"https:\/\/reflejodemichoacan.com\/index.php\/2022\/12\/09\/la-uiim-instalara-un-laboratorio-para-atender-problematicas-del-lago-de-patzcuaro\/\"]}]},{\"@type\":\"BreadcrumbList\",\"@id\":\"https:\/\/reflejodemichoacan.com\/index.php\/2022\/12\/09\/la-uiim-instalara-un-laboratorio-para-atender-problematicas-del-lago-de-patzcuaro\/#breadcrumb\",\"itemListElement\":[{\"@type\":\"ListItem\",\"position\":1,\"name\":\"Inicio\",\"item\":\"https:\/\/reflejodemichoacan.com\/\"},{\"@type\":\"ListItem\",\"position\":2,\"name\":\"La UIIM instalar\\u00e1 un laboratorio para atender problem\\u00e1ticas del Lago de P\\u00e1tzcuaro\"}]},{\"@type\":\"Person\",\"@id\":\"https:\/\/reflejodemichoacan.com\/#\/schema\/person\/72d921e8fe99bd6e2e39bcde8995046f\",\"name\":\"Aurora\",\"image\":{\"@type\":\"ImageObject\",\"@id\":\"https:\/\/reflejodemichoacan.com\/#personlogo\",\"inLanguage\":\"es-MX\",\"url\":\"https:\/\/secure.gravatar.com\/avatar\/df5ceb9b998be27b25dd258a6b4b0a95?s=96&d=mm&r=g\",\"contentUrl\":\"https:\/\/secure.gravatar.com\/avatar\/df5ceb9b998be27b25dd258a6b4b0a95?s=96&d=mm&r=g\",\"caption\":\"Aurora\"},\"sameAs\":[\"http:\/\/reflejodemichoacan.com\"],\"url\":\"https:\/\/reflejodemichoacan.com\/index.php\/author\/rixwm7qvsq\/\"}]}<\/script>\n<!-- \/ Yoast SEO plugin. -->","yoast_head_json":{"title":"La UIIM instalar\u00e1 un laboratorio para atender problem\u00e1ticas del Lago de P\u00e1tzcuaro - Reflejo de Michoac\u00e1n","robots":{"index":"index","follow":"follow","max-snippet":"max-snippet:-1","max-image-preview":"max-image-preview:large","max-video-preview":"max-video-preview:-1"},"canonical":"https:\/\/reflejodemichoacan.com\/index.php\/2022\/12\/09\/la-uiim-instalara-un-laboratorio-para-atender-problematicas-del-lago-de-patzcuaro\/","og_locale":"es_MX","og_type":"article","og_title":"La UIIM instalar\u00e1 un laboratorio para atender problem\u00e1ticas del Lago de P\u00e1tzcuaro - Reflejo de Michoac\u00e1n","og_description":"Alejandro Mart\u00ednez Casta\u00f1eda P\u00e1tzcuaro, Michoac\u00e1n, 08 de diciembre de 2022. Con recursos del CONACYT (Consejo Nacional de Ciencia y Tecnolog\u00eda), la Universidad Intercultural ind\u00edgena de Michoac\u00e1n (UIIM) instalar\u00e1 un Laboratorio de An\u00e1lisis Socioecol\u00f3gico y de Ejes Estrat\u00e9gicos, que permitir\u00e1 atender las problem\u00e1ticas socioambientales de la cuenca del Lago de P\u00e1tzcuaro. Con dicho laboratorio se generar\u00e1 [&hellip;]","og_url":"https:\/\/reflejodemichoacan.com\/index.php\/2022\/12\/09\/la-uiim-instalara-un-laboratorio-para-atender-problematicas-del-lago-de-patzcuaro\/","og_site_name":"Reflejo de Michoac\u00e1n","article_published_time":"2022-12-09T02:05:52+00:00","article_modified_time":"2022-12-09T02:05:54+00:00","og_image":[{"width":960,"height":640,"url":"https:\/\/reflejodemichoacan.com\/wp-content\/uploads\/2022\/12\/lago.jpg","type":"image\/jpeg"}],"twitter_card":"summary_large_image","twitter_misc":{"Escrito por":"Aurora","Tiempo de lectura":"2 minutos"},"schema":{"@context":"https:\/\/schema.org","@graph":[{"@type":"WebSite","@id":"https:\/\/reflejodemichoacan.com\/#website","url":"https:\/\/reflejodemichoacan.com\/","name":"Reflejo de Michoac\u00e1n","description":"Medio de comunicaci\u00f3n impreso y digital al servicio de la regi\u00f3n lacustre y Michoac\u00e1n.","potentialAction":[{"@type":"SearchAction","target":{"@type":"EntryPoint","urlTemplate":"https:\/\/reflejodemichoacan.com\/?s={search_term_string}"},"query-input":"required name=search_term_string"}],"inLanguage":"es-MX"},{"@type":"ImageObject","@id":"https:\/\/reflejodemichoacan.com\/index.php\/2022\/12\/09\/la-uiim-instalara-un-laboratorio-para-atender-problematicas-del-lago-de-patzcuaro\/#primaryimage","inLanguage":"es-MX","url":"https:\/\/reflejodemichoacan.com\/wp-content\/uploads\/2022\/12\/lago.jpg","contentUrl":"https:\/\/reflejodemichoacan.com\/wp-content\/uploads\/2022\/12\/lago.jpg","width":960,"height":640},{"@type":"WebPage","@id":"https:\/\/reflejodemichoacan.com\/index.php\/2022\/12\/09\/la-uiim-instalara-un-laboratorio-para-atender-problematicas-del-lago-de-patzcuaro\/#webpage","url":"https:\/\/reflejodemichoacan.com\/index.php\/2022\/12\/09\/la-uiim-instalara-un-laboratorio-para-atender-problematicas-del-lago-de-patzcuaro\/","name":"La UIIM instalar\u00e1 un laboratorio para atender problem\u00e1ticas del Lago de P\u00e1tzcuaro - Reflejo de Michoac\u00e1n","isPartOf":{"@id":"https:\/\/reflejodemichoacan.com\/#website"},"primaryImageOfPage":{"@id":"https:\/\/reflejodemichoacan.com\/index.php\/2022\/12\/09\/la-uiim-instalara-un-laboratorio-para-atender-problematicas-del-lago-de-patzcuaro\/#primaryimage"},"datePublished":"2022-12-09T02:05:52+00:00","dateModified":"2022-12-09T02:05:54+00:00","author":{"@id":"https:\/\/reflejodemichoacan.com\/#\/schema\/person\/72d921e8fe99bd6e2e39bcde8995046f"},"breadcrumb":{"@id":"https:\/\/reflejodemichoacan.com\/index.php\/2022\/12\/09\/la-uiim-instalara-un-laboratorio-para-atender-problematicas-del-lago-de-patzcuaro\/#breadcrumb"},"inLanguage":"es-MX","potentialAction":[{"@type":"ReadAction","target":["https:\/\/reflejodemichoacan.com\/index.php\/2022\/12\/09\/la-uiim-instalara-un-laboratorio-para-atender-problematicas-del-lago-de-patzcuaro\/"]}]},{"@type":"BreadcrumbList","@id":"https:\/\/reflejodemichoacan.com\/index.php\/2022\/12\/09\/la-uiim-instalara-un-laboratorio-para-atender-problematicas-del-lago-de-patzcuaro\/#breadcrumb","itemListElement":[{"@type":"ListItem","position":1,"name":"Inicio","item":"https:\/\/reflejodemichoacan.com\/"},{"@type":"ListItem","position":2,"name":"La UIIM instalar\u00e1 un laboratorio para atender problem\u00e1ticas del Lago de P\u00e1tzcuaro"}]},{"@type":"Person","@id":"https:\/\/reflejodemichoacan.com\/#\/schema\/person\/72d921e8fe99bd6e2e39bcde8995046f","name":"Aurora","image":{"@type":"ImageObject","@id":"https:\/\/reflejodemichoacan.com\/#personlogo","inLanguage":"es-MX","url":"https:\/\/secure.gravatar.com\/avatar\/df5ceb9b998be27b25dd258a6b4b0a95?s=96&d=mm&r=g","contentUrl":"https:\/\/secure.gravatar.com\/avatar\/df5ceb9b998be27b25dd258a6b4b0a95?s=96&d=mm&r=g","caption":"Aurora"},"sameAs":["http:\/\/reflejodemichoacan.com"],"url":"https:\/\/reflejodemichoacan.com\/index.php\/author\/rixwm7qvsq\/"}]}},"_links":{"self":[{"href":"https:\/\/reflejodemichoacan.com\/index.php\/wp-json\/wp\/v2\/posts\/10592"}],"collection":[{"href":"https:\/\/reflejodemichoacan.com\/index.php\/wp-json\/wp\/v2\/posts"}],"about":[{"href":"https:\/\/reflejodemichoacan.com\/index.php\/wp-json\/wp\/v2\/types\/post"}],"author":[{"embeddable":true,"href":"https:\/\/reflejodemichoacan.com\/index.php\/wp-json\/wp\/v2\/users\/1"}],"replies":[{"embeddable":true,"href":"https:\/\/reflejodemichoacan.com\/index.php\/wp-json\/wp\/v2\/comments?post=10592"}],"version-history":[{"count":1,"href":"https:\/\/reflejodemichoacan.com\/index.php\/wp-json\/wp\/v2\/posts\/10592\/revisions"}],"predecessor-version":[{"id":10594,"href":"https:\/\/reflejodemichoacan.com\/index.php\/wp-json\/wp\/v2\/posts\/10592\/revisions\/10594"}],"wp:featuredmedia":[{"embeddable":true,"href":"https:\/\/reflejodemichoacan.com\/index.php\/wp-json\/wp\/v2\/media\/10593"}],"wp:attachment":[{"href":"https:\/\/reflejodemichoacan.com\/index.php\/wp-json\/wp\/v2\/media?parent=10592"}],"wp:term":[{"taxonomy":"category","embeddable":true,"href":"https:\/\/reflejodemichoacan.com\/index.php\/wp-json\/wp\/v2\/categories?post=10592"},{"taxonomy":"post_tag","embeddable":true,"href":"https:\/\/reflejodemichoacan.com\/index.php\/wp-json\/wp\/v2\/tags?post=10592"}],"curies":[{"name":"wp","href":"https:\/\/api.w.org\/{rel}","templated":true}]}}