{"id":10595,"date":"2022-12-09T02:25:37","date_gmt":"2022-12-09T02:25:37","guid":{"rendered":"https:\/\/reflejodemichoacan.com\/?p=10595"},"modified":"2022-12-09T02:25:40","modified_gmt":"2022-12-09T02:25:40","slug":"negocios-como-no-van-a-estar-enojados-con-obrador","status":"publish","type":"post","link":"https:\/\/reflejodemichoacan.com\/index.php\/2022\/12\/09\/negocios-como-no-van-a-estar-enojados-con-obrador\/","title":{"rendered":"Negocios: Como no van a estar enojados con Obrador"},"content":{"rendered":"\n<p>Fidel Rodr\u00edguez Ramos <\/p>\n\n\n\n<p>&nbsp;&nbsp; En el a\u00f1o 2012, cuando gobernaba al pa\u00eds Felipe Calder\u00f3n Hinojosa, se dise\u00f1a un fabuloso \u201cnegocio\u201d para beneficiar durante largo tiempo a los cuatachos Hip\u00f3lito Gerard Rivero (cu\u00f1ado de Carlos Salinas de Gortari), Carlos Slim (uno de los hombres m\u00e1s ricos del pa\u00eds), Manuel Arroyo (due\u00f1o del peri\u00f3dico El Financiero), Francisco Gil D\u00edaz (secretario de hacienda con Vicente Fox), mediante una h\u00e1bil maniobra como lo fue entregarles el manejo de ocho centros penitenciarios de la naci\u00f3n hasta el a\u00f1o del 2032, d\u00e1ndoles el costo total de lo que implicar\u00eda atender a los reclusos diariamente, sin importar que no estuvieran llenas las c\u00e1rceles, por ejemplo si&nbsp; un penal ten\u00eda cupo para cien reclusos, aunque hubiera treinta, se deb\u00eda pagar el total, as\u00ed en Sonora el pago promedio era de 2 mil 640 pesos diarios por cada sentenciado, pero en la c\u00e1rcel femenil de Morelos el costo ascend\u00eda a 6 mil 634, a pesar de que el costo real ronda los 230 pesos. Algo que ni siquiera se paga en un hotel de cinco estrellas, o restaurant de lujo.<\/p>\n\n\n\n<p>&nbsp;&nbsp; Total que hasta el 2021, se les entregaron por el manejo de tales centros, la cantidad, nada despreciable de 75 mil millones de pesos, quedando por otorgarles hasta el 2032 casi 191 mil millones, y en algunos casos el \u201ccompromiso\u201d terminaba hasta el 2037, fecha en que nuevamente los \u201cempresarios\u201d regresaran al gobierno federal los penales que privadamente administran, para que recuperen su car\u00e1cter p\u00fablico. Mayor atropello, saqueo, s\u00f3lo pudo imaginarse, realizarse en este atropellado pa\u00eds. Ese esquema fue el mismo para entregar, privatizar, subrogar, las guarder\u00edas que atend\u00eda el IMSS.<\/p>\n\n\n\n<p>&nbsp; El absurdo por supuesto oblig\u00f3 a una revisi\u00f3n, a una negociaci\u00f3n con quienes sin arriesgar&nbsp; ning\u00fan centavo, sin ning\u00fan esfuerzo o preparaci\u00f3n profesional, obtienen carretadas de dinero, se llega a un nuevo acuerdo sobre \u00e9ste arbitrario modo de robar a la naci\u00f3n, a nosotros pues, logrando el que se obtenga una reducci\u00f3n, un \u201cdescuento\u201d hasta el t\u00e9rmino del leonino contrato \u00a1legal!, por cuarenta mil millones de pesos.<\/p>\n\n\n\n<p>&nbsp;&nbsp; Como sab\u00edamos, desde hace tiempo los empresarios mov\u00edan cielo y tierra, para que nunca dejaran de ganar las elecciones sus partidos favoritos, pues los gobernadores, mandatarios obligadamente les ofrec\u00edan contratos para realizar autopistas, hospitales, escuelas que en el caso de los segundos dejaban sin terminar, y en el primero, tercero los reasignaban, vend\u00edan a otros empresarios o constructoras, que realizaban obras defectuosas. Abiertamente, violando las disposiciones electorales, grupos empresariales destinaban enormes cantidades de dinero para que se realizaran campa\u00f1as denigrantes, ofensivas contra quien cre\u00edan que era un peligro para M\u00e9xico, para sus sucios negocios.<\/p>\n\n\n\n<p>\u00a0\u00a0 Todav\u00eda, gentes que en un tiempo se cre\u00edan progresistas, de izquierda como H\u00e9ctor Aguilar Cam\u00edn quien fuera fundador del diario La Jornada se quejan diariamente del actual gobierno que consideran dictatorial, funesto, fallido, enemigo de la libertad de expresi\u00f3n, de las instituciones como el INE donde hasta se les paga la tintorer\u00eda, entrega motos Harley Davison. Esas personas, voces a\u00fan lamentan la suspensi\u00f3n del nuevo aeropuerto de Texcoco, donde el verdadero negocio empresarial que se persegu\u00eda era darle mantenimiento cada a\u00f1o para evitar su hundimiento. Lo dicho el enojo no es por el gobierno, sino por el fin de seguir obteniendo altas ganancias, dinero f\u00e1cilmente de la manera m\u00e1s abusiva o fraudulenta. <\/p>\n","protected":false},"excerpt":{"rendered":"<p>Fidel Rodr\u00edguez Ramos &nbsp;&nbsp; En el a\u00f1o 2012, cuando gobernaba al pa\u00eds Felipe Calder\u00f3n Hinojosa, se dise\u00f1a un fabuloso \u201cnegocio\u201d para beneficiar durante largo tiempo a los cuatachos Hip\u00f3lito Gerard Rivero (cu\u00f1ado de Carlos Salinas de Gortari), Carlos Slim (uno de los hombres m\u00e1s ricos del pa\u00eds), Manuel Arroyo (due\u00f1o del peri\u00f3dico El Financiero), Francisco [&hellip;]<\/p>\n","protected":false},"author":1,"featured_media":10596,"comment_status":"open","ping_status":"closed","sticky":false,"template":"","format":"standard","meta":[],"categories":[1],"tags":[],"yoast_head":"<!-- This site is optimized with the Yoast SEO plugin v17.9 - https:\/\/yoast.com\/wordpress\/plugins\/seo\/ -->\n<title>Negocios: Como no van a estar enojados con Obrador - Reflejo de Michoac\u00e1n<\/title>\n<meta name=\"robots\" content=\"index, follow, max-snippet:-1, max-image-preview:large, max-video-preview:-1\" \/>\n<link rel=\"canonical\" href=\"https:\/\/reflejodemichoacan.com\/index.php\/2022\/12\/09\/negocios-como-no-van-a-estar-enojados-con-obrador\/\" \/>\n<meta property=\"og:locale\" content=\"es_MX\" \/>\n<meta property=\"og:type\" content=\"article\" \/>\n<meta property=\"og:title\" content=\"Negocios: Como no van a estar enojados con Obrador - Reflejo de Michoac\u00e1n\" \/>\n<meta property=\"og:description\" content=\"Fidel Rodr\u00edguez Ramos &nbsp;&nbsp; En el a\u00f1o 2012, cuando gobernaba al pa\u00eds Felipe Calder\u00f3n Hinojosa, se dise\u00f1a un fabuloso \u201cnegocio\u201d para beneficiar durante largo tiempo a los cuatachos Hip\u00f3lito Gerard Rivero (cu\u00f1ado de Carlos Salinas de Gortari), Carlos Slim (uno de los hombres m\u00e1s ricos del pa\u00eds), Manuel Arroyo (due\u00f1o del peri\u00f3dico El Financiero), Francisco [&hellip;]\" \/>\n<meta property=\"og:url\" content=\"https:\/\/reflejodemichoacan.com\/index.php\/2022\/12\/09\/negocios-como-no-van-a-estar-enojados-con-obrador\/\" \/>\n<meta property=\"og:site_name\" content=\"Reflejo de Michoac\u00e1n\" \/>\n<meta property=\"article:published_time\" content=\"2022-12-09T02:25:37+00:00\" \/>\n<meta property=\"article:modified_time\" content=\"2022-12-09T02:25:40+00:00\" \/>\n<meta name=\"twitter:card\" content=\"summary_large_image\" \/>\n<meta name=\"twitter:image\" content=\"https:\/\/reflejodemichoacan.com\/wp-content\/uploads\/2022\/12\/amlo.webp\" \/>\n<meta name=\"twitter:label1\" content=\"Escrito por\" \/>\n\t<meta name=\"twitter:data1\" content=\"Aurora\" \/>\n\t<meta name=\"twitter:label2\" content=\"Tiempo de lectura\" \/>\n\t<meta name=\"twitter:data2\" content=\"3 minutos\" \/>\n<script type=\"application\/ld+json\" class=\"yoast-schema-graph\">{\"@context\":\"https:\/\/schema.org\",\"@graph\":[{\"@type\":\"WebSite\",\"@id\":\"https:\/\/reflejodemichoacan.com\/#website\",\"url\":\"https:\/\/reflejodemichoacan.com\/\",\"name\":\"Reflejo de Michoac\\u00e1n\",\"description\":\"Medio de comunicaci\\u00f3n impreso y digital al servicio de la regi\\u00f3n lacustre y Michoac\\u00e1n.\",\"potentialAction\":[{\"@type\":\"SearchAction\",\"target\":{\"@type\":\"EntryPoint\",\"urlTemplate\":\"https:\/\/reflejodemichoacan.com\/?s={search_term_string}\"},\"query-input\":\"required name=search_term_string\"}],\"inLanguage\":\"es-MX\"},{\"@type\":\"ImageObject\",\"@id\":\"https:\/\/reflejodemichoacan.com\/index.php\/2022\/12\/09\/negocios-como-no-van-a-estar-enojados-con-obrador\/#primaryimage\",\"inLanguage\":\"es-MX\",\"url\":\"https:\/\/reflejodemichoacan.com\/wp-content\/uploads\/2022\/12\/amlo.webp\",\"contentUrl\":\"https:\/\/reflejodemichoacan.com\/wp-content\/uploads\/2022\/12\/amlo.webp\",\"width\":1200,\"height\":900},{\"@type\":\"WebPage\",\"@id\":\"https:\/\/reflejodemichoacan.com\/index.php\/2022\/12\/09\/negocios-como-no-van-a-estar-enojados-con-obrador\/#webpage\",\"url\":\"https:\/\/reflejodemichoacan.com\/index.php\/2022\/12\/09\/negocios-como-no-van-a-estar-enojados-con-obrador\/\",\"name\":\"Negocios: Como no van a estar enojados con Obrador - Reflejo de Michoac\\u00e1n\",\"isPartOf\":{\"@id\":\"https:\/\/reflejodemichoacan.com\/#website\"},\"primaryImageOfPage\":{\"@id\":\"https:\/\/reflejodemichoacan.com\/index.php\/2022\/12\/09\/negocios-como-no-van-a-estar-enojados-con-obrador\/#primaryimage\"},\"datePublished\":\"2022-12-09T02:25:37+00:00\",\"dateModified\":\"2022-12-09T02:25:40+00:00\",\"author\":{\"@id\":\"https:\/\/reflejodemichoacan.com\/#\/schema\/person\/72d921e8fe99bd6e2e39bcde8995046f\"},\"breadcrumb\":{\"@id\":\"https:\/\/reflejodemichoacan.com\/index.php\/2022\/12\/09\/negocios-como-no-van-a-estar-enojados-con-obrador\/#breadcrumb\"},\"inLanguage\":\"es-MX\",\"potentialAction\":[{\"@type\":\"ReadAction\",\"target\":[\"https:\/\/reflejodemichoacan.com\/index.php\/2022\/12\/09\/negocios-como-no-van-a-estar-enojados-con-obrador\/\"]}]},{\"@type\":\"BreadcrumbList\",\"@id\":\"https:\/\/reflejodemichoacan.com\/index.php\/2022\/12\/09\/negocios-como-no-van-a-estar-enojados-con-obrador\/#breadcrumb\",\"itemListElement\":[{\"@type\":\"ListItem\",\"position\":1,\"name\":\"Inicio\",\"item\":\"https:\/\/reflejodemichoacan.com\/\"},{\"@type\":\"ListItem\",\"position\":2,\"name\":\"Negocios: Como no van a estar enojados con Obrador\"}]},{\"@type\":\"Person\",\"@id\":\"https:\/\/reflejodemichoacan.com\/#\/schema\/person\/72d921e8fe99bd6e2e39bcde8995046f\",\"name\":\"Aurora\",\"image\":{\"@type\":\"ImageObject\",\"@id\":\"https:\/\/reflejodemichoacan.com\/#personlogo\",\"inLanguage\":\"es-MX\",\"url\":\"https:\/\/secure.gravatar.com\/avatar\/df5ceb9b998be27b25dd258a6b4b0a95?s=96&d=mm&r=g\",\"contentUrl\":\"https:\/\/secure.gravatar.com\/avatar\/df5ceb9b998be27b25dd258a6b4b0a95?s=96&d=mm&r=g\",\"caption\":\"Aurora\"},\"sameAs\":[\"http:\/\/reflejodemichoacan.com\"],\"url\":\"https:\/\/reflejodemichoacan.com\/index.php\/author\/rixwm7qvsq\/\"}]}<\/script>\n<!-- \/ Yoast SEO plugin. -->","yoast_head_json":{"title":"Negocios: Como no van a estar enojados con Obrador - Reflejo de Michoac\u00e1n","robots":{"index":"index","follow":"follow","max-snippet":"max-snippet:-1","max-image-preview":"max-image-preview:large","max-video-preview":"max-video-preview:-1"},"canonical":"https:\/\/reflejodemichoacan.com\/index.php\/2022\/12\/09\/negocios-como-no-van-a-estar-enojados-con-obrador\/","og_locale":"es_MX","og_type":"article","og_title":"Negocios: Como no van a estar enojados con Obrador - Reflejo de Michoac\u00e1n","og_description":"Fidel Rodr\u00edguez Ramos &nbsp;&nbsp; En el a\u00f1o 2012, cuando gobernaba al pa\u00eds Felipe Calder\u00f3n Hinojosa, se dise\u00f1a un fabuloso \u201cnegocio\u201d para beneficiar durante largo tiempo a los cuatachos Hip\u00f3lito Gerard Rivero (cu\u00f1ado de Carlos Salinas de Gortari), Carlos Slim (uno de los hombres m\u00e1s ricos del pa\u00eds), Manuel Arroyo (due\u00f1o del peri\u00f3dico El Financiero), Francisco [&hellip;]","og_url":"https:\/\/reflejodemichoacan.com\/index.php\/2022\/12\/09\/negocios-como-no-van-a-estar-enojados-con-obrador\/","og_site_name":"Reflejo de Michoac\u00e1n","article_published_time":"2022-12-09T02:25:37+00:00","article_modified_time":"2022-12-09T02:25:40+00:00","twitter_card":"summary_large_image","twitter_image":"https:\/\/reflejodemichoacan.com\/wp-content\/uploads\/2022\/12\/amlo.webp","twitter_misc":{"Escrito por":"Aurora","Tiempo de lectura":"3 minutos"},"schema":{"@context":"https:\/\/schema.org","@graph":[{"@type":"WebSite","@id":"https:\/\/reflejodemichoacan.com\/#website","url":"https:\/\/reflejodemichoacan.com\/","name":"Reflejo de Michoac\u00e1n","description":"Medio de comunicaci\u00f3n impreso y digital al servicio de la regi\u00f3n lacustre y Michoac\u00e1n.","potentialAction":[{"@type":"SearchAction","target":{"@type":"EntryPoint","urlTemplate":"https:\/\/reflejodemichoacan.com\/?s={search_term_string}"},"query-input":"required name=search_term_string"}],"inLanguage":"es-MX"},{"@type":"ImageObject","@id":"https:\/\/reflejodemichoacan.com\/index.php\/2022\/12\/09\/negocios-como-no-van-a-estar-enojados-con-obrador\/#primaryimage","inLanguage":"es-MX","url":"https:\/\/reflejodemichoacan.com\/wp-content\/uploads\/2022\/12\/amlo.webp","contentUrl":"https:\/\/reflejodemichoacan.com\/wp-content\/uploads\/2022\/12\/amlo.webp","width":1200,"height":900},{"@type":"WebPage","@id":"https:\/\/reflejodemichoacan.com\/index.php\/2022\/12\/09\/negocios-como-no-van-a-estar-enojados-con-obrador\/#webpage","url":"https:\/\/reflejodemichoacan.com\/index.php\/2022\/12\/09\/negocios-como-no-van-a-estar-enojados-con-obrador\/","name":"Negocios: Como no van a estar enojados con Obrador - Reflejo de Michoac\u00e1n","isPartOf":{"@id":"https:\/\/reflejodemichoacan.com\/#website"},"primaryImageOfPage":{"@id":"https:\/\/reflejodemichoacan.com\/index.php\/2022\/12\/09\/negocios-como-no-van-a-estar-enojados-con-obrador\/#primaryimage"},"datePublished":"2022-12-09T02:25:37+00:00","dateModified":"2022-12-09T02:25:40+00:00","author":{"@id":"https:\/\/reflejodemichoacan.com\/#\/schema\/person\/72d921e8fe99bd6e2e39bcde8995046f"},"breadcrumb":{"@id":"https:\/\/reflejodemichoacan.com\/index.php\/2022\/12\/09\/negocios-como-no-van-a-estar-enojados-con-obrador\/#breadcrumb"},"inLanguage":"es-MX","potentialAction":[{"@type":"ReadAction","target":["https:\/\/reflejodemichoacan.com\/index.php\/2022\/12\/09\/negocios-como-no-van-a-estar-enojados-con-obrador\/"]}]},{"@type":"BreadcrumbList","@id":"https:\/\/reflejodemichoacan.com\/index.php\/2022\/12\/09\/negocios-como-no-van-a-estar-enojados-con-obrador\/#breadcrumb","itemListElement":[{"@type":"ListItem","position":1,"name":"Inicio","item":"https:\/\/reflejodemichoacan.com\/"},{"@type":"ListItem","position":2,"name":"Negocios: Como no van a estar enojados con Obrador"}]},{"@type":"Person","@id":"https:\/\/reflejodemichoacan.com\/#\/schema\/person\/72d921e8fe99bd6e2e39bcde8995046f","name":"Aurora","image":{"@type":"ImageObject","@id":"https:\/\/reflejodemichoacan.com\/#personlogo","inLanguage":"es-MX","url":"https:\/\/secure.gravatar.com\/avatar\/df5ceb9b998be27b25dd258a6b4b0a95?s=96&d=mm&r=g","contentUrl":"https:\/\/secure.gravatar.com\/avatar\/df5ceb9b998be27b25dd258a6b4b0a95?s=96&d=mm&r=g","caption":"Aurora"},"sameAs":["http:\/\/reflejodemichoacan.com"],"url":"https:\/\/reflejodemichoacan.com\/index.php\/author\/rixwm7qvsq\/"}]}},"_links":{"self":[{"href":"https:\/\/reflejodemichoacan.com\/index.php\/wp-json\/wp\/v2\/posts\/10595"}],"collection":[{"href":"https:\/\/reflejodemichoacan.com\/index.php\/wp-json\/wp\/v2\/posts"}],"about":[{"href":"https:\/\/reflejodemichoacan.com\/index.php\/wp-json\/wp\/v2\/types\/post"}],"author":[{"embeddable":true,"href":"https:\/\/reflejodemichoacan.com\/index.php\/wp-json\/wp\/v2\/users\/1"}],"replies":[{"embeddable":true,"href":"https:\/\/reflejodemichoacan.com\/index.php\/wp-json\/wp\/v2\/comments?post=10595"}],"version-history":[{"count":1,"href":"https:\/\/reflejodemichoacan.com\/index.php\/wp-json\/wp\/v2\/posts\/10595\/revisions"}],"predecessor-version":[{"id":10597,"href":"https:\/\/reflejodemichoacan.com\/index.php\/wp-json\/wp\/v2\/posts\/10595\/revisions\/10597"}],"wp:featuredmedia":[{"embeddable":true,"href":"https:\/\/reflejodemichoacan.com\/index.php\/wp-json\/wp\/v2\/media\/10596"}],"wp:attachment":[{"href":"https:\/\/reflejodemichoacan.com\/index.php\/wp-json\/wp\/v2\/media?parent=10595"}],"wp:term":[{"taxonomy":"category","embeddable":true,"href":"https:\/\/reflejodemichoacan.com\/index.php\/wp-json\/wp\/v2\/categories?post=10595"},{"taxonomy":"post_tag","embeddable":true,"href":"https:\/\/reflejodemichoacan.com\/index.php\/wp-json\/wp\/v2\/tags?post=10595"}],"curies":[{"name":"wp","href":"https:\/\/api.w.org\/{rel}","templated":true}]}}