{"id":10598,"date":"2022-12-10T02:22:45","date_gmt":"2022-12-10T02:22:45","guid":{"rendered":"https:\/\/reflejodemichoacan.com\/?p=10598"},"modified":"2022-12-10T02:22:48","modified_gmt":"2022-12-10T02:22:48","slug":"reconoce-75-legislatura-valor-y-trabajo-de-migrantes-michoacanos","status":"publish","type":"post","link":"https:\/\/reflejodemichoacan.com\/index.php\/2022\/12\/10\/reconoce-75-legislatura-valor-y-trabajo-de-migrantes-michoacanos\/","title":{"rendered":"Reconoce 75 Legislatura valor y trabajo de migrantes michoacanos"},"content":{"rendered":"\n<p>Morelia, Michoac\u00e1n, a 09 de diciembre de 2022.- Al reconocer el valor y la importancia de sus aportaciones al Estado, la 75 Legislatura de Michoac\u00e1n reiter\u00f3 su compromiso de impulsar las acciones necesarias que garanticen el respeto de los derechos de las y los migrantes michoacanos.<br>Desde el Foro para la Construcci\u00f3n de la Diputaci\u00f3n Migrante, el Poder Legislativo ponder\u00f3 la necesidad de trabajar por los michoacanos que radican en el extranjero y por sus familias; en reciprocidad y reconocimiento a lo que aportan a la vida econ\u00f3mica y social de Michoac\u00e1n.<br>El foro tiene adem\u00e1s el objetivo de fortalecer las iniciativas encaminadas a construir las bases para garantizar la participaci\u00f3n de un representante popular de ese sector, al interior del Congreso del Estado.<br>El Presidente de la Comisi\u00f3n de Migraci\u00f3n, V\u00edctor Manuel Manr\u00edquez Gonz\u00e1lez, acompa\u00f1ado de sus compa\u00f1eros integrantes de la misma: Er\u00e9ndira Isauro Hern\u00e1ndez y J. Jes\u00fas Hern\u00e1ndez Pe\u00f1a, dio la bienvenida de manera presencial y virtual a grupos, asociaciones y clubes migrantes.<br>Ante ellos, precis\u00f3 que la figura del diputado migrante se ha visualizado a trav\u00e9s de diversas iniciativas que no han prosperado, por lo que ahora se trabajar\u00e1 de manera integral para presentar y defender una sola propuesta que pasar\u00e1 al Instituto Electoral de Michoac\u00e1n para que emita una opini\u00f3n sobre ello, con la finalidad de que se pueda aplicar en el siguiente proceso electoral.<br>\u201cEl sector migrante se ha vuelto una importante fuente de ingresos para las familias michoacanas con el env\u00edo de remesas, superando incluso el presupuesto destinado para el funcionamiento del Estado\u201d, detall\u00f3.<br>Por su parte, la legisladora Er\u00e9ndira Isauro, en representaci\u00f3n de la Mesa Directiva del Congreso del Estado, asegur\u00f3 que la lucha por los derechos pol\u00edtico-electorales de este sector, ha sido ardua; a la vez que se pronunci\u00f3 porque nunca un muro sea \u201cla divisi\u00f3n de nuestras ra\u00edces, origen o ideales\u201d.<br>La secretaria del Migrante en el estado, Brenda Fraga Guti\u00e9rrez, destac\u00f3 la importancia de la realizaci\u00f3n del foro que le da voz a esos 4 millones de michoacanos que actualmente radican en Estados Unidos y que representan una derrama econ\u00f3mica por el orden de los 21 mil millones de pesos por concepto de remesas. Ellos, dijo, requieren mayores garant\u00edas de sus derechos y la generaci\u00f3n de programas de reunificaci\u00f3n familiar.<br>En el evento, tambi\u00e9n se cont\u00f3 con la presencia de las legisladoras Mar\u00eda Guadalupe D\u00edaz Chagolla, Roc\u00edo Beamonte Romero y Mar\u00eda de la Luz N\u00fa\u00f1ez Ramos. Adem\u00e1s participaron el Vocal Ejecutivo del Instituto Nacional Electoral (INE) en Michoac\u00e1n, David Alejandro Delgado Arroyo, Ignacio Hurtado G\u00f3mez y Juan Adolfo Montiel, presidente e integrante, respectivamente, del Instituto Electoral de Michoac\u00e1n (IEM).<\/p>\n","protected":false},"excerpt":{"rendered":"<p>Morelia, Michoac\u00e1n, a 09 de diciembre de 2022.- Al reconocer el valor y la importancia de sus aportaciones al Estado, la 75 Legislatura de Michoac\u00e1n reiter\u00f3 su compromiso de impulsar las acciones necesarias que garanticen el respeto de los derechos de las y los migrantes michoacanos.Desde el Foro para la Construcci\u00f3n de la Diputaci\u00f3n Migrante, [&hellip;]<\/p>\n","protected":false},"author":1,"featured_media":10599,"comment_status":"open","ping_status":"closed","sticky":false,"template":"","format":"standard","meta":[],"categories":[1],"tags":[],"yoast_head":"<!-- This site is optimized with the Yoast SEO plugin v17.9 - https:\/\/yoast.com\/wordpress\/plugins\/seo\/ -->\n<title>Reconoce 75 Legislatura valor y trabajo de migrantes michoacanos - Reflejo de Michoac\u00e1n<\/title>\n<meta name=\"robots\" content=\"index, follow, max-snippet:-1, max-image-preview:large, max-video-preview:-1\" \/>\n<link rel=\"canonical\" href=\"https:\/\/reflejodemichoacan.com\/index.php\/2022\/12\/10\/reconoce-75-legislatura-valor-y-trabajo-de-migrantes-michoacanos\/\" \/>\n<meta property=\"og:locale\" content=\"es_MX\" \/>\n<meta property=\"og:type\" content=\"article\" \/>\n<meta property=\"og:title\" content=\"Reconoce 75 Legislatura valor y trabajo de migrantes michoacanos - Reflejo de Michoac\u00e1n\" \/>\n<meta property=\"og:description\" content=\"Morelia, Michoac\u00e1n, a 09 de diciembre de 2022.- Al reconocer el valor y la importancia de sus aportaciones al Estado, la 75 Legislatura de Michoac\u00e1n reiter\u00f3 su compromiso de impulsar las acciones necesarias que garanticen el respeto de los derechos de las y los migrantes michoacanos.Desde el Foro para la Construcci\u00f3n de la Diputaci\u00f3n Migrante, [&hellip;]\" \/>\n<meta property=\"og:url\" content=\"https:\/\/reflejodemichoacan.com\/index.php\/2022\/12\/10\/reconoce-75-legislatura-valor-y-trabajo-de-migrantes-michoacanos\/\" \/>\n<meta property=\"og:site_name\" content=\"Reflejo de Michoac\u00e1n\" \/>\n<meta property=\"article:published_time\" content=\"2022-12-10T02:22:45+00:00\" \/>\n<meta property=\"article:modified_time\" content=\"2022-12-10T02:22:48+00:00\" \/>\n<meta property=\"og:image\" content=\"https:\/\/reflejodemichoacan.com\/wp-content\/uploads\/2022\/12\/reconoce.jpg\" \/>\n\t<meta property=\"og:image:width\" content=\"1280\" \/>\n\t<meta property=\"og:image:height\" content=\"784\" \/>\n\t<meta property=\"og:image:type\" content=\"image\/jpeg\" \/>\n<meta name=\"twitter:card\" content=\"summary_large_image\" \/>\n<meta name=\"twitter:label1\" content=\"Escrito por\" \/>\n\t<meta name=\"twitter:data1\" content=\"Aurora\" \/>\n\t<meta name=\"twitter:label2\" content=\"Tiempo de lectura\" \/>\n\t<meta name=\"twitter:data2\" content=\"3 minutos\" \/>\n<script type=\"application\/ld+json\" class=\"yoast-schema-graph\">{\"@context\":\"https:\/\/schema.org\",\"@graph\":[{\"@type\":\"WebSite\",\"@id\":\"https:\/\/reflejodemichoacan.com\/#website\",\"url\":\"https:\/\/reflejodemichoacan.com\/\",\"name\":\"Reflejo de Michoac\\u00e1n\",\"description\":\"Medio de comunicaci\\u00f3n impreso y digital al servicio de la regi\\u00f3n lacustre y Michoac\\u00e1n.\",\"potentialAction\":[{\"@type\":\"SearchAction\",\"target\":{\"@type\":\"EntryPoint\",\"urlTemplate\":\"https:\/\/reflejodemichoacan.com\/?s={search_term_string}\"},\"query-input\":\"required name=search_term_string\"}],\"inLanguage\":\"es-MX\"},{\"@type\":\"ImageObject\",\"@id\":\"https:\/\/reflejodemichoacan.com\/index.php\/2022\/12\/10\/reconoce-75-legislatura-valor-y-trabajo-de-migrantes-michoacanos\/#primaryimage\",\"inLanguage\":\"es-MX\",\"url\":\"https:\/\/reflejodemichoacan.com\/wp-content\/uploads\/2022\/12\/reconoce.jpg\",\"contentUrl\":\"https:\/\/reflejodemichoacan.com\/wp-content\/uploads\/2022\/12\/reconoce.jpg\",\"width\":1280,\"height\":784},{\"@type\":\"WebPage\",\"@id\":\"https:\/\/reflejodemichoacan.com\/index.php\/2022\/12\/10\/reconoce-75-legislatura-valor-y-trabajo-de-migrantes-michoacanos\/#webpage\",\"url\":\"https:\/\/reflejodemichoacan.com\/index.php\/2022\/12\/10\/reconoce-75-legislatura-valor-y-trabajo-de-migrantes-michoacanos\/\",\"name\":\"Reconoce 75 Legislatura valor y trabajo de migrantes michoacanos - Reflejo de Michoac\\u00e1n\",\"isPartOf\":{\"@id\":\"https:\/\/reflejodemichoacan.com\/#website\"},\"primaryImageOfPage\":{\"@id\":\"https:\/\/reflejodemichoacan.com\/index.php\/2022\/12\/10\/reconoce-75-legislatura-valor-y-trabajo-de-migrantes-michoacanos\/#primaryimage\"},\"datePublished\":\"2022-12-10T02:22:45+00:00\",\"dateModified\":\"2022-12-10T02:22:48+00:00\",\"author\":{\"@id\":\"https:\/\/reflejodemichoacan.com\/#\/schema\/person\/72d921e8fe99bd6e2e39bcde8995046f\"},\"breadcrumb\":{\"@id\":\"https:\/\/reflejodemichoacan.com\/index.php\/2022\/12\/10\/reconoce-75-legislatura-valor-y-trabajo-de-migrantes-michoacanos\/#breadcrumb\"},\"inLanguage\":\"es-MX\",\"potentialAction\":[{\"@type\":\"ReadAction\",\"target\":[\"https:\/\/reflejodemichoacan.com\/index.php\/2022\/12\/10\/reconoce-75-legislatura-valor-y-trabajo-de-migrantes-michoacanos\/\"]}]},{\"@type\":\"BreadcrumbList\",\"@id\":\"https:\/\/reflejodemichoacan.com\/index.php\/2022\/12\/10\/reconoce-75-legislatura-valor-y-trabajo-de-migrantes-michoacanos\/#breadcrumb\",\"itemListElement\":[{\"@type\":\"ListItem\",\"position\":1,\"name\":\"Inicio\",\"item\":\"https:\/\/reflejodemichoacan.com\/\"},{\"@type\":\"ListItem\",\"position\":2,\"name\":\"Reconoce 75 Legislatura valor y trabajo de migrantes michoacanos\"}]},{\"@type\":\"Person\",\"@id\":\"https:\/\/reflejodemichoacan.com\/#\/schema\/person\/72d921e8fe99bd6e2e39bcde8995046f\",\"name\":\"Aurora\",\"image\":{\"@type\":\"ImageObject\",\"@id\":\"https:\/\/reflejodemichoacan.com\/#personlogo\",\"inLanguage\":\"es-MX\",\"url\":\"https:\/\/secure.gravatar.com\/avatar\/df5ceb9b998be27b25dd258a6b4b0a95?s=96&d=mm&r=g\",\"contentUrl\":\"https:\/\/secure.gravatar.com\/avatar\/df5ceb9b998be27b25dd258a6b4b0a95?s=96&d=mm&r=g\",\"caption\":\"Aurora\"},\"sameAs\":[\"http:\/\/reflejodemichoacan.com\"],\"url\":\"https:\/\/reflejodemichoacan.com\/index.php\/author\/rixwm7qvsq\/\"}]}<\/script>\n<!-- \/ Yoast SEO plugin. -->","yoast_head_json":{"title":"Reconoce 75 Legislatura valor y trabajo de migrantes michoacanos - Reflejo de Michoac\u00e1n","robots":{"index":"index","follow":"follow","max-snippet":"max-snippet:-1","max-image-preview":"max-image-preview:large","max-video-preview":"max-video-preview:-1"},"canonical":"https:\/\/reflejodemichoacan.com\/index.php\/2022\/12\/10\/reconoce-75-legislatura-valor-y-trabajo-de-migrantes-michoacanos\/","og_locale":"es_MX","og_type":"article","og_title":"Reconoce 75 Legislatura valor y trabajo de migrantes michoacanos - Reflejo de Michoac\u00e1n","og_description":"Morelia, Michoac\u00e1n, a 09 de diciembre de 2022.- Al reconocer el valor y la importancia de sus aportaciones al Estado, la 75 Legislatura de Michoac\u00e1n reiter\u00f3 su compromiso de impulsar las acciones necesarias que garanticen el respeto de los derechos de las y los migrantes michoacanos.Desde el Foro para la Construcci\u00f3n de la Diputaci\u00f3n Migrante, [&hellip;]","og_url":"https:\/\/reflejodemichoacan.com\/index.php\/2022\/12\/10\/reconoce-75-legislatura-valor-y-trabajo-de-migrantes-michoacanos\/","og_site_name":"Reflejo de Michoac\u00e1n","article_published_time":"2022-12-10T02:22:45+00:00","article_modified_time":"2022-12-10T02:22:48+00:00","og_image":[{"width":1280,"height":784,"url":"https:\/\/reflejodemichoacan.com\/wp-content\/uploads\/2022\/12\/reconoce.jpg","type":"image\/jpeg"}],"twitter_card":"summary_large_image","twitter_misc":{"Escrito por":"Aurora","Tiempo de lectura":"3 minutos"},"schema":{"@context":"https:\/\/schema.org","@graph":[{"@type":"WebSite","@id":"https:\/\/reflejodemichoacan.com\/#website","url":"https:\/\/reflejodemichoacan.com\/","name":"Reflejo de Michoac\u00e1n","description":"Medio de comunicaci\u00f3n impreso y digital al servicio de la regi\u00f3n lacustre y Michoac\u00e1n.","potentialAction":[{"@type":"SearchAction","target":{"@type":"EntryPoint","urlTemplate":"https:\/\/reflejodemichoacan.com\/?s={search_term_string}"},"query-input":"required name=search_term_string"}],"inLanguage":"es-MX"},{"@type":"ImageObject","@id":"https:\/\/reflejodemichoacan.com\/index.php\/2022\/12\/10\/reconoce-75-legislatura-valor-y-trabajo-de-migrantes-michoacanos\/#primaryimage","inLanguage":"es-MX","url":"https:\/\/reflejodemichoacan.com\/wp-content\/uploads\/2022\/12\/reconoce.jpg","contentUrl":"https:\/\/reflejodemichoacan.com\/wp-content\/uploads\/2022\/12\/reconoce.jpg","width":1280,"height":784},{"@type":"WebPage","@id":"https:\/\/reflejodemichoacan.com\/index.php\/2022\/12\/10\/reconoce-75-legislatura-valor-y-trabajo-de-migrantes-michoacanos\/#webpage","url":"https:\/\/reflejodemichoacan.com\/index.php\/2022\/12\/10\/reconoce-75-legislatura-valor-y-trabajo-de-migrantes-michoacanos\/","name":"Reconoce 75 Legislatura valor y trabajo de migrantes michoacanos - Reflejo de Michoac\u00e1n","isPartOf":{"@id":"https:\/\/reflejodemichoacan.com\/#website"},"primaryImageOfPage":{"@id":"https:\/\/reflejodemichoacan.com\/index.php\/2022\/12\/10\/reconoce-75-legislatura-valor-y-trabajo-de-migrantes-michoacanos\/#primaryimage"},"datePublished":"2022-12-10T02:22:45+00:00","dateModified":"2022-12-10T02:22:48+00:00","author":{"@id":"https:\/\/reflejodemichoacan.com\/#\/schema\/person\/72d921e8fe99bd6e2e39bcde8995046f"},"breadcrumb":{"@id":"https:\/\/reflejodemichoacan.com\/index.php\/2022\/12\/10\/reconoce-75-legislatura-valor-y-trabajo-de-migrantes-michoacanos\/#breadcrumb"},"inLanguage":"es-MX","potentialAction":[{"@type":"ReadAction","target":["https:\/\/reflejodemichoacan.com\/index.php\/2022\/12\/10\/reconoce-75-legislatura-valor-y-trabajo-de-migrantes-michoacanos\/"]}]},{"@type":"BreadcrumbList","@id":"https:\/\/reflejodemichoacan.com\/index.php\/2022\/12\/10\/reconoce-75-legislatura-valor-y-trabajo-de-migrantes-michoacanos\/#breadcrumb","itemListElement":[{"@type":"ListItem","position":1,"name":"Inicio","item":"https:\/\/reflejodemichoacan.com\/"},{"@type":"ListItem","position":2,"name":"Reconoce 75 Legislatura valor y trabajo de migrantes michoacanos"}]},{"@type":"Person","@id":"https:\/\/reflejodemichoacan.com\/#\/schema\/person\/72d921e8fe99bd6e2e39bcde8995046f","name":"Aurora","image":{"@type":"ImageObject","@id":"https:\/\/reflejodemichoacan.com\/#personlogo","inLanguage":"es-MX","url":"https:\/\/secure.gravatar.com\/avatar\/df5ceb9b998be27b25dd258a6b4b0a95?s=96&d=mm&r=g","contentUrl":"https:\/\/secure.gravatar.com\/avatar\/df5ceb9b998be27b25dd258a6b4b0a95?s=96&d=mm&r=g","caption":"Aurora"},"sameAs":["http:\/\/reflejodemichoacan.com"],"url":"https:\/\/reflejodemichoacan.com\/index.php\/author\/rixwm7qvsq\/"}]}},"_links":{"self":[{"href":"https:\/\/reflejodemichoacan.com\/index.php\/wp-json\/wp\/v2\/posts\/10598"}],"collection":[{"href":"https:\/\/reflejodemichoacan.com\/index.php\/wp-json\/wp\/v2\/posts"}],"about":[{"href":"https:\/\/reflejodemichoacan.com\/index.php\/wp-json\/wp\/v2\/types\/post"}],"author":[{"embeddable":true,"href":"https:\/\/reflejodemichoacan.com\/index.php\/wp-json\/wp\/v2\/users\/1"}],"replies":[{"embeddable":true,"href":"https:\/\/reflejodemichoacan.com\/index.php\/wp-json\/wp\/v2\/comments?post=10598"}],"version-history":[{"count":1,"href":"https:\/\/reflejodemichoacan.com\/index.php\/wp-json\/wp\/v2\/posts\/10598\/revisions"}],"predecessor-version":[{"id":10600,"href":"https:\/\/reflejodemichoacan.com\/index.php\/wp-json\/wp\/v2\/posts\/10598\/revisions\/10600"}],"wp:featuredmedia":[{"embeddable":true,"href":"https:\/\/reflejodemichoacan.com\/index.php\/wp-json\/wp\/v2\/media\/10599"}],"wp:attachment":[{"href":"https:\/\/reflejodemichoacan.com\/index.php\/wp-json\/wp\/v2\/media?parent=10598"}],"wp:term":[{"taxonomy":"category","embeddable":true,"href":"https:\/\/reflejodemichoacan.com\/index.php\/wp-json\/wp\/v2\/categories?post=10598"},{"taxonomy":"post_tag","embeddable":true,"href":"https:\/\/reflejodemichoacan.com\/index.php\/wp-json\/wp\/v2\/tags?post=10598"}],"curies":[{"name":"wp","href":"https:\/\/api.w.org\/{rel}","templated":true}]}}