{"id":12103,"date":"2023-06-26T19:40:28","date_gmt":"2023-06-26T19:40:28","guid":{"rendered":"https:\/\/reflejodemichoacan.com\/?p=12103"},"modified":"2023-06-26T19:40:30","modified_gmt":"2023-06-26T19:40:30","slug":"beatriz-paredes-en-patzcuaro-con-dip-samanta-flores-para-fortalecer-rescate-del-lago","status":"publish","type":"post","link":"https:\/\/reflejodemichoacan.com\/index.php\/2023\/06\/26\/beatriz-paredes-en-patzcuaro-con-dip-samanta-flores-para-fortalecer-rescate-del-lago\/","title":{"rendered":"BEATRIZ PAREDES EN P\u00c1TZCUARO CON DIP SAMANTA FLORES PARA FORTALECER RESCATE DEL LAGO"},"content":{"rendered":"\n<p>P\u00e1tzcuaro, Michoac\u00e1n, 26 de junio de 2023.- Durante su gira por Michoac\u00e1n, la Senadora lleg\u00f3 a P\u00e1tzcuaro con la Dip. Samanta Flores para llevar a cabo un foro sobre el medio ambiente; previo a ese encuentro fueron a saludar respetuosamente a la autoridad municipal que encabeza Julio Arreola quien las acompa\u00f1\u00f3 a hacer entrega de una ofrenda a Gertrudis Bocanegra en el Centro de P\u00e1tzcuaro.<br>En el Centro de Interpretaci\u00f3n Ruta Don Vasco, se realiz\u00f3 el Foro para lo que se dio cita en el Pueblo M\u00e1gico, la senadora Beatriz Paredes Rangel, en este, se comprometi\u00f3 a presentar un punto de acuerdo a la SEMARNAT para fortalecer el exhorto que la diputada Samanta Flores present\u00f3 en diciembre de 2021, con el fin de priorizar los recursos suficientes para el rescate del Lago de P\u00e1tzcuaro.\u00a0<br>\u201cP\u00e1tzcuaro y Janitzio tienen en el imaginario mexicano much\u00edsima magia. El lago de P\u00e1tzcuaro requiere una visi\u00f3n integral, analizar los proyectos de acuacultura. Me comprometo a presentar un punto de acuerdo para exhortar a la SEMARNAT para que presente un plan integral para el Lago\u201d, asegur\u00f3 la senadora priista.<br>La senadora detall\u00f3 que todos los trabajos y esfuerzos est\u00e1n destinados a que toda la ciudadan\u00eda, las mujeres, los ni\u00f1os, y cada michoacano pueda vivir en paz.<br>Por su parte Samanta Flores resalt\u00f3 que los problemas del lago ya tienen tiempo, no son actuales.\u00a0\u201cEl problema de nuestro lago no es por situaciones de la actualidad, sino consecuencia de a\u00f1os en los que se dejaron de realizar acciones de manera emergente para su rescate. En Michoac\u00e1n se requiere de un proyecto alternativo urgente que garantice a nuestros productores agropecuarios condiciones dignas, de trabajo y soberan\u00eda alimentaria. Nuestro estado es l\u00edder en exportaci\u00f3n agropecuaria, de esta actividad dependen al menos 1.4 millones de personas, sin embargo, el sector se enfrenta a problemas que deben ser atacados, uno de ellos, muy doloroso, la inseguridad\u201d.<br>Ante esto la senadora Paredes reconoci\u00f3 la gran labor de los pescadores y de los artesanos de P\u00e1tzcuaro y resalt\u00f3 su preocupaci\u00f3n por la crisis del Lago y la naturaleza en s\u00ed del pa\u00eds y Michoac\u00e1n.\u00a0<br>\u201cNuestro comportamiento ha sido muy equivocado en relaci\u00f3n con la naturaleza. Estoy convencida de la importancia de la restauraci\u00f3n de nuestro medio ambiente, de los recursos hidrol\u00f3gicos de nuestro pa\u00eds\u201d, asever\u00f3 la senadora.<br>Durante el foro, los ambientalistas, ciudadanos y productores compartieron la situaci\u00f3n que atraviesa el campo mexicano y la crisis que padece el lago de P\u00e1tzcuaro, por lo que la Senadora Beatriz Paredes expres\u00f3 su preocupaci\u00f3n ante esta situaci\u00f3n que vive el lago, \u201ces necesario actuar\u201d, mencion\u00f3.\u00a0<br>La diputada local celebr\u00f3 y agradeci\u00f3 que una mujer con la trayectoria y experiencia de servicio y visi\u00f3n como la de Beatriz Paredes, entable un di\u00e1logo para ayudar a generar soluciones y\u00a0 estrategias. \u201cTenemos en usted un gran referente y fortaleza, conocedora del tema y respetada a nivel nacional. Estoy segura que con su voz en el Senado, se atender\u00e1n las demandas que aqu\u00ed se escuchen, y que tendremos el reforzamiento que el tema merece\u201d concluy\u00f3.<\/p>\n","protected":false},"excerpt":{"rendered":"<p>P\u00e1tzcuaro, Michoac\u00e1n, 26 de junio de 2023.- Durante su gira por Michoac\u00e1n, la Senadora lleg\u00f3 a P\u00e1tzcuaro con la Dip. Samanta Flores para llevar a cabo un foro sobre el medio ambiente; previo a ese encuentro fueron a saludar respetuosamente a la autoridad municipal que encabeza Julio Arreola quien las acompa\u00f1\u00f3 a hacer entrega de [&hellip;]<\/p>\n","protected":false},"author":1,"featured_media":12104,"comment_status":"open","ping_status":"closed","sticky":false,"template":"","format":"standard","meta":[],"categories":[23],"tags":[],"yoast_head":"<!-- This site is optimized with the Yoast SEO plugin v17.9 - https:\/\/yoast.com\/wordpress\/plugins\/seo\/ -->\n<title>BEATRIZ PAREDES EN P\u00c1TZCUARO CON DIP SAMANTA FLORES PARA FORTALECER RESCATE DEL LAGO - Reflejo de Michoac\u00e1n<\/title>\n<meta name=\"robots\" content=\"index, follow, max-snippet:-1, max-image-preview:large, max-video-preview:-1\" \/>\n<link rel=\"canonical\" href=\"https:\/\/reflejodemichoacan.com\/index.php\/2023\/06\/26\/beatriz-paredes-en-patzcuaro-con-dip-samanta-flores-para-fortalecer-rescate-del-lago\/\" \/>\n<meta property=\"og:locale\" content=\"es_MX\" \/>\n<meta property=\"og:type\" content=\"article\" \/>\n<meta property=\"og:title\" content=\"BEATRIZ PAREDES EN P\u00c1TZCUARO CON DIP SAMANTA FLORES PARA FORTALECER RESCATE DEL LAGO - Reflejo de Michoac\u00e1n\" \/>\n<meta property=\"og:description\" content=\"P\u00e1tzcuaro, Michoac\u00e1n, 26 de junio de 2023.- Durante su gira por Michoac\u00e1n, la Senadora lleg\u00f3 a P\u00e1tzcuaro con la Dip. Samanta Flores para llevar a cabo un foro sobre el medio ambiente; previo a ese encuentro fueron a saludar respetuosamente a la autoridad municipal que encabeza Julio Arreola quien las acompa\u00f1\u00f3 a hacer entrega de [&hellip;]\" \/>\n<meta property=\"og:url\" content=\"https:\/\/reflejodemichoacan.com\/index.php\/2023\/06\/26\/beatriz-paredes-en-patzcuaro-con-dip-samanta-flores-para-fortalecer-rescate-del-lago\/\" \/>\n<meta property=\"og:site_name\" content=\"Reflejo de Michoac\u00e1n\" \/>\n<meta property=\"article:published_time\" content=\"2023-06-26T19:40:28+00:00\" \/>\n<meta property=\"article:modified_time\" content=\"2023-06-26T19:40:30+00:00\" \/>\n<meta property=\"og:image\" content=\"https:\/\/reflejodemichoacan.com\/wp-content\/uploads\/2023\/06\/sami.jpg\" \/>\n\t<meta property=\"og:image:width\" content=\"595\" \/>\n\t<meta property=\"og:image:height\" content=\"595\" \/>\n\t<meta property=\"og:image:type\" content=\"image\/jpeg\" \/>\n<meta name=\"twitter:card\" content=\"summary_large_image\" \/>\n<meta name=\"twitter:label1\" content=\"Escrito por\" \/>\n\t<meta name=\"twitter:data1\" content=\"Aurora\" \/>\n\t<meta name=\"twitter:label2\" content=\"Tiempo de lectura\" \/>\n\t<meta name=\"twitter:data2\" content=\"3 minutos\" \/>\n<script type=\"application\/ld+json\" class=\"yoast-schema-graph\">{\"@context\":\"https:\/\/schema.org\",\"@graph\":[{\"@type\":\"WebSite\",\"@id\":\"https:\/\/reflejodemichoacan.com\/#website\",\"url\":\"https:\/\/reflejodemichoacan.com\/\",\"name\":\"Reflejo de Michoac\\u00e1n\",\"description\":\"Medio de comunicaci\\u00f3n impreso y digital al servicio de la regi\\u00f3n lacustre y Michoac\\u00e1n.\",\"potentialAction\":[{\"@type\":\"SearchAction\",\"target\":{\"@type\":\"EntryPoint\",\"urlTemplate\":\"https:\/\/reflejodemichoacan.com\/?s={search_term_string}\"},\"query-input\":\"required name=search_term_string\"}],\"inLanguage\":\"es-MX\"},{\"@type\":\"ImageObject\",\"@id\":\"https:\/\/reflejodemichoacan.com\/index.php\/2023\/06\/26\/beatriz-paredes-en-patzcuaro-con-dip-samanta-flores-para-fortalecer-rescate-del-lago\/#primaryimage\",\"inLanguage\":\"es-MX\",\"url\":\"https:\/\/reflejodemichoacan.com\/wp-content\/uploads\/2023\/06\/sami.jpg\",\"contentUrl\":\"https:\/\/reflejodemichoacan.com\/wp-content\/uploads\/2023\/06\/sami.jpg\",\"width\":595,\"height\":595},{\"@type\":\"WebPage\",\"@id\":\"https:\/\/reflejodemichoacan.com\/index.php\/2023\/06\/26\/beatriz-paredes-en-patzcuaro-con-dip-samanta-flores-para-fortalecer-rescate-del-lago\/#webpage\",\"url\":\"https:\/\/reflejodemichoacan.com\/index.php\/2023\/06\/26\/beatriz-paredes-en-patzcuaro-con-dip-samanta-flores-para-fortalecer-rescate-del-lago\/\",\"name\":\"BEATRIZ PAREDES EN P\\u00c1TZCUARO CON DIP SAMANTA FLORES PARA FORTALECER RESCATE DEL LAGO - Reflejo de Michoac\\u00e1n\",\"isPartOf\":{\"@id\":\"https:\/\/reflejodemichoacan.com\/#website\"},\"primaryImageOfPage\":{\"@id\":\"https:\/\/reflejodemichoacan.com\/index.php\/2023\/06\/26\/beatriz-paredes-en-patzcuaro-con-dip-samanta-flores-para-fortalecer-rescate-del-lago\/#primaryimage\"},\"datePublished\":\"2023-06-26T19:40:28+00:00\",\"dateModified\":\"2023-06-26T19:40:30+00:00\",\"author\":{\"@id\":\"https:\/\/reflejodemichoacan.com\/#\/schema\/person\/72d921e8fe99bd6e2e39bcde8995046f\"},\"breadcrumb\":{\"@id\":\"https:\/\/reflejodemichoacan.com\/index.php\/2023\/06\/26\/beatriz-paredes-en-patzcuaro-con-dip-samanta-flores-para-fortalecer-rescate-del-lago\/#breadcrumb\"},\"inLanguage\":\"es-MX\",\"potentialAction\":[{\"@type\":\"ReadAction\",\"target\":[\"https:\/\/reflejodemichoacan.com\/index.php\/2023\/06\/26\/beatriz-paredes-en-patzcuaro-con-dip-samanta-flores-para-fortalecer-rescate-del-lago\/\"]}]},{\"@type\":\"BreadcrumbList\",\"@id\":\"https:\/\/reflejodemichoacan.com\/index.php\/2023\/06\/26\/beatriz-paredes-en-patzcuaro-con-dip-samanta-flores-para-fortalecer-rescate-del-lago\/#breadcrumb\",\"itemListElement\":[{\"@type\":\"ListItem\",\"position\":1,\"name\":\"Inicio\",\"item\":\"https:\/\/reflejodemichoacan.com\/\"},{\"@type\":\"ListItem\",\"position\":2,\"name\":\"BEATRIZ PAREDES EN P\\u00c1TZCUARO CON DIP SAMANTA FLORES PARA FORTALECER RESCATE DEL LAGO\"}]},{\"@type\":\"Person\",\"@id\":\"https:\/\/reflejodemichoacan.com\/#\/schema\/person\/72d921e8fe99bd6e2e39bcde8995046f\",\"name\":\"Aurora\",\"image\":{\"@type\":\"ImageObject\",\"@id\":\"https:\/\/reflejodemichoacan.com\/#personlogo\",\"inLanguage\":\"es-MX\",\"url\":\"https:\/\/secure.gravatar.com\/avatar\/df5ceb9b998be27b25dd258a6b4b0a95?s=96&d=mm&r=g\",\"contentUrl\":\"https:\/\/secure.gravatar.com\/avatar\/df5ceb9b998be27b25dd258a6b4b0a95?s=96&d=mm&r=g\",\"caption\":\"Aurora\"},\"sameAs\":[\"http:\/\/reflejodemichoacan.com\"],\"url\":\"https:\/\/reflejodemichoacan.com\/index.php\/author\/rixwm7qvsq\/\"}]}<\/script>\n<!-- \/ Yoast SEO plugin. -->","yoast_head_json":{"title":"BEATRIZ PAREDES EN P\u00c1TZCUARO CON DIP SAMANTA FLORES PARA FORTALECER RESCATE DEL LAGO - Reflejo de Michoac\u00e1n","robots":{"index":"index","follow":"follow","max-snippet":"max-snippet:-1","max-image-preview":"max-image-preview:large","max-video-preview":"max-video-preview:-1"},"canonical":"https:\/\/reflejodemichoacan.com\/index.php\/2023\/06\/26\/beatriz-paredes-en-patzcuaro-con-dip-samanta-flores-para-fortalecer-rescate-del-lago\/","og_locale":"es_MX","og_type":"article","og_title":"BEATRIZ PAREDES EN P\u00c1TZCUARO CON DIP SAMANTA FLORES PARA FORTALECER RESCATE DEL LAGO - Reflejo de Michoac\u00e1n","og_description":"P\u00e1tzcuaro, Michoac\u00e1n, 26 de junio de 2023.- Durante su gira por Michoac\u00e1n, la Senadora lleg\u00f3 a P\u00e1tzcuaro con la Dip. Samanta Flores para llevar a cabo un foro sobre el medio ambiente; previo a ese encuentro fueron a saludar respetuosamente a la autoridad municipal que encabeza Julio Arreola quien las acompa\u00f1\u00f3 a hacer entrega de [&hellip;]","og_url":"https:\/\/reflejodemichoacan.com\/index.php\/2023\/06\/26\/beatriz-paredes-en-patzcuaro-con-dip-samanta-flores-para-fortalecer-rescate-del-lago\/","og_site_name":"Reflejo de Michoac\u00e1n","article_published_time":"2023-06-26T19:40:28+00:00","article_modified_time":"2023-06-26T19:40:30+00:00","og_image":[{"width":595,"height":595,"url":"https:\/\/reflejodemichoacan.com\/wp-content\/uploads\/2023\/06\/sami.jpg","type":"image\/jpeg"}],"twitter_card":"summary_large_image","twitter_misc":{"Escrito por":"Aurora","Tiempo de lectura":"3 minutos"},"schema":{"@context":"https:\/\/schema.org","@graph":[{"@type":"WebSite","@id":"https:\/\/reflejodemichoacan.com\/#website","url":"https:\/\/reflejodemichoacan.com\/","name":"Reflejo de Michoac\u00e1n","description":"Medio de comunicaci\u00f3n impreso y digital al servicio de la regi\u00f3n lacustre y Michoac\u00e1n.","potentialAction":[{"@type":"SearchAction","target":{"@type":"EntryPoint","urlTemplate":"https:\/\/reflejodemichoacan.com\/?s={search_term_string}"},"query-input":"required name=search_term_string"}],"inLanguage":"es-MX"},{"@type":"ImageObject","@id":"https:\/\/reflejodemichoacan.com\/index.php\/2023\/06\/26\/beatriz-paredes-en-patzcuaro-con-dip-samanta-flores-para-fortalecer-rescate-del-lago\/#primaryimage","inLanguage":"es-MX","url":"https:\/\/reflejodemichoacan.com\/wp-content\/uploads\/2023\/06\/sami.jpg","contentUrl":"https:\/\/reflejodemichoacan.com\/wp-content\/uploads\/2023\/06\/sami.jpg","width":595,"height":595},{"@type":"WebPage","@id":"https:\/\/reflejodemichoacan.com\/index.php\/2023\/06\/26\/beatriz-paredes-en-patzcuaro-con-dip-samanta-flores-para-fortalecer-rescate-del-lago\/#webpage","url":"https:\/\/reflejodemichoacan.com\/index.php\/2023\/06\/26\/beatriz-paredes-en-patzcuaro-con-dip-samanta-flores-para-fortalecer-rescate-del-lago\/","name":"BEATRIZ PAREDES EN P\u00c1TZCUARO CON DIP SAMANTA FLORES PARA FORTALECER RESCATE DEL LAGO - Reflejo de Michoac\u00e1n","isPartOf":{"@id":"https:\/\/reflejodemichoacan.com\/#website"},"primaryImageOfPage":{"@id":"https:\/\/reflejodemichoacan.com\/index.php\/2023\/06\/26\/beatriz-paredes-en-patzcuaro-con-dip-samanta-flores-para-fortalecer-rescate-del-lago\/#primaryimage"},"datePublished":"2023-06-26T19:40:28+00:00","dateModified":"2023-06-26T19:40:30+00:00","author":{"@id":"https:\/\/reflejodemichoacan.com\/#\/schema\/person\/72d921e8fe99bd6e2e39bcde8995046f"},"breadcrumb":{"@id":"https:\/\/reflejodemichoacan.com\/index.php\/2023\/06\/26\/beatriz-paredes-en-patzcuaro-con-dip-samanta-flores-para-fortalecer-rescate-del-lago\/#breadcrumb"},"inLanguage":"es-MX","potentialAction":[{"@type":"ReadAction","target":["https:\/\/reflejodemichoacan.com\/index.php\/2023\/06\/26\/beatriz-paredes-en-patzcuaro-con-dip-samanta-flores-para-fortalecer-rescate-del-lago\/"]}]},{"@type":"BreadcrumbList","@id":"https:\/\/reflejodemichoacan.com\/index.php\/2023\/06\/26\/beatriz-paredes-en-patzcuaro-con-dip-samanta-flores-para-fortalecer-rescate-del-lago\/#breadcrumb","itemListElement":[{"@type":"ListItem","position":1,"name":"Inicio","item":"https:\/\/reflejodemichoacan.com\/"},{"@type":"ListItem","position":2,"name":"BEATRIZ PAREDES EN P\u00c1TZCUARO CON DIP SAMANTA FLORES PARA FORTALECER RESCATE DEL LAGO"}]},{"@type":"Person","@id":"https:\/\/reflejodemichoacan.com\/#\/schema\/person\/72d921e8fe99bd6e2e39bcde8995046f","name":"Aurora","image":{"@type":"ImageObject","@id":"https:\/\/reflejodemichoacan.com\/#personlogo","inLanguage":"es-MX","url":"https:\/\/secure.gravatar.com\/avatar\/df5ceb9b998be27b25dd258a6b4b0a95?s=96&d=mm&r=g","contentUrl":"https:\/\/secure.gravatar.com\/avatar\/df5ceb9b998be27b25dd258a6b4b0a95?s=96&d=mm&r=g","caption":"Aurora"},"sameAs":["http:\/\/reflejodemichoacan.com"],"url":"https:\/\/reflejodemichoacan.com\/index.php\/author\/rixwm7qvsq\/"}]}},"_links":{"self":[{"href":"https:\/\/reflejodemichoacan.com\/index.php\/wp-json\/wp\/v2\/posts\/12103"}],"collection":[{"href":"https:\/\/reflejodemichoacan.com\/index.php\/wp-json\/wp\/v2\/posts"}],"about":[{"href":"https:\/\/reflejodemichoacan.com\/index.php\/wp-json\/wp\/v2\/types\/post"}],"author":[{"embeddable":true,"href":"https:\/\/reflejodemichoacan.com\/index.php\/wp-json\/wp\/v2\/users\/1"}],"replies":[{"embeddable":true,"href":"https:\/\/reflejodemichoacan.com\/index.php\/wp-json\/wp\/v2\/comments?post=12103"}],"version-history":[{"count":1,"href":"https:\/\/reflejodemichoacan.com\/index.php\/wp-json\/wp\/v2\/posts\/12103\/revisions"}],"predecessor-version":[{"id":12105,"href":"https:\/\/reflejodemichoacan.com\/index.php\/wp-json\/wp\/v2\/posts\/12103\/revisions\/12105"}],"wp:featuredmedia":[{"embeddable":true,"href":"https:\/\/reflejodemichoacan.com\/index.php\/wp-json\/wp\/v2\/media\/12104"}],"wp:attachment":[{"href":"https:\/\/reflejodemichoacan.com\/index.php\/wp-json\/wp\/v2\/media?parent=12103"}],"wp:term":[{"taxonomy":"category","embeddable":true,"href":"https:\/\/reflejodemichoacan.com\/index.php\/wp-json\/wp\/v2\/categories?post=12103"},{"taxonomy":"post_tag","embeddable":true,"href":"https:\/\/reflejodemichoacan.com\/index.php\/wp-json\/wp\/v2\/tags?post=12103"}],"curies":[{"name":"wp","href":"https:\/\/api.w.org\/{rel}","templated":true}]}}