{"id":12124,"date":"2023-06-29T00:49:13","date_gmt":"2023-06-29T00:49:13","guid":{"rendered":"https:\/\/reflejodemichoacan.com\/?p=12124"},"modified":"2023-06-29T00:49:15","modified_gmt":"2023-06-29T00:49:15","slug":"celebra-samanta-flores-certificacion-para-garantizar-igualdad-en-cpladem","status":"publish","type":"post","link":"https:\/\/reflejodemichoacan.com\/index.php\/2023\/06\/29\/celebra-samanta-flores-certificacion-para-garantizar-igualdad-en-cpladem\/","title":{"rendered":"CELEBRA SAMANTA FLORES CERTIFICACI\u00d3N PARA  GARANTIZAR IGUALDAD EN CPLADEM"},"content":{"rendered":"\n<p>Morelia, Michoac\u00e1n, 28 de junio de 2023.- Las mujeres llevamos a\u00f1os de lucha por la conquista de nuestros derechos laborales, seguiremos avanzando con paso firme hasta lograr el total reconocimiento y las condiciones verdaderas de equidad, afirm\u00f3\u00a0Samanta Flores Adame, diputada por P\u00e1tzcuaro.\u00a0<br>En su discurso durante la entrega de certificados en Igualdad Laboral y No Discriminaci\u00f3n para la Coordinaci\u00f3n de Planeaci\u00f3n para el Desarrollo del Estado de Michoac\u00e1n (CPLADEM), Flores Adame celebr\u00f3 que existan dependencias interesadas en alcanzar la igualdad laboral y erradicar la discriminaci\u00f3n, que tanta falta hace en elestado y el pa\u00eds.\u00a0<br>\u201cEl compromiso de las dependencias se demuestra con estas acciones, generando condiciones para que exista una verdadera equidad en los centros laborales y con ello combatir la discriminaci\u00f3n por raz\u00f3n de g\u00e9nero. CPLADEM se convierte en ejemplo para muchas dependencias. Esperamos pronto sean todas las secretar\u00edas, coordinaciones y\u00a0 direcciones que cumplan con esta norma\u201d.\u00a0<br>Detall\u00f3 que la dependencia recibi\u00f3 el distintivo plata al cumplir con 3 de las 5 medidas que indica la norma, convirti\u00e9ndose en la primera dependencia estatal certificada, con mayor n\u00famero de trabajadores.<br>\u201cEsta certificaci\u00f3n est\u00e1 dirigida a todos los centros de trabajo p\u00fablicos y privados, en la que a trav\u00e9s de una auditor\u00eda se verifica que sus pol\u00edticas y pr\u00e1cticas cumplen con los requisitos de igualdad laboral y no discriminaci\u00f3n\u201d.\u00a0<br>La legisladora patzcuarense explic\u00f3 que esta norma eval\u00faa que se cumpla el incorporar la perspectiva de g\u00e9nero y no discriminaci\u00f3n en los procesos de reclutamiento, selecci\u00f3n, movilidad y capacitaci\u00f3n; garantizar la igualdad salarial; implementar acciones para prevenir y atender la violencia laboral; y realizar acciones de corresponsabilidad entre la vida laboral, familiar y personal de sus trabajadoras y trabajadores, con igualdad de trato y de oportunidades.<\/p>\n","protected":false},"excerpt":{"rendered":"<p>Morelia, Michoac\u00e1n, 28 de junio de 2023.- Las mujeres llevamos a\u00f1os de lucha por la conquista de nuestros derechos laborales, seguiremos avanzando con paso firme hasta lograr el total reconocimiento y las condiciones verdaderas de equidad, afirm\u00f3\u00a0Samanta Flores Adame, diputada por P\u00e1tzcuaro.\u00a0En su discurso durante la entrega de certificados en Igualdad Laboral y No Discriminaci\u00f3n [&hellip;]<\/p>\n","protected":false},"author":1,"featured_media":12125,"comment_status":"open","ping_status":"closed","sticky":false,"template":"","format":"standard","meta":[],"categories":[23],"tags":[],"yoast_head":"<!-- This site is optimized with the Yoast SEO plugin v17.9 - https:\/\/yoast.com\/wordpress\/plugins\/seo\/ -->\n<title>CELEBRA SAMANTA FLORES CERTIFICACI\u00d3N PARA GARANTIZAR IGUALDAD EN CPLADEM - Reflejo de Michoac\u00e1n<\/title>\n<meta name=\"robots\" content=\"index, follow, max-snippet:-1, max-image-preview:large, max-video-preview:-1\" \/>\n<link rel=\"canonical\" href=\"https:\/\/reflejodemichoacan.com\/index.php\/2023\/06\/29\/celebra-samanta-flores-certificacion-para-garantizar-igualdad-en-cpladem\/\" \/>\n<meta property=\"og:locale\" content=\"es_MX\" \/>\n<meta property=\"og:type\" content=\"article\" \/>\n<meta property=\"og:title\" content=\"CELEBRA SAMANTA FLORES CERTIFICACI\u00d3N PARA GARANTIZAR IGUALDAD EN CPLADEM - Reflejo de Michoac\u00e1n\" \/>\n<meta property=\"og:description\" content=\"Morelia, Michoac\u00e1n, 28 de junio de 2023.- Las mujeres llevamos a\u00f1os de lucha por la conquista de nuestros derechos laborales, seguiremos avanzando con paso firme hasta lograr el total reconocimiento y las condiciones verdaderas de equidad, afirm\u00f3\u00a0Samanta Flores Adame, diputada por P\u00e1tzcuaro.\u00a0En su discurso durante la entrega de certificados en Igualdad Laboral y No Discriminaci\u00f3n [&hellip;]\" \/>\n<meta property=\"og:url\" content=\"https:\/\/reflejodemichoacan.com\/index.php\/2023\/06\/29\/celebra-samanta-flores-certificacion-para-garantizar-igualdad-en-cpladem\/\" \/>\n<meta property=\"og:site_name\" content=\"Reflejo de Michoac\u00e1n\" \/>\n<meta property=\"article:published_time\" content=\"2023-06-29T00:49:13+00:00\" \/>\n<meta property=\"article:modified_time\" content=\"2023-06-29T00:49:15+00:00\" \/>\n<meta property=\"og:image\" content=\"https:\/\/reflejodemichoacan.com\/wp-content\/uploads\/2023\/06\/celebra-1.jpg\" \/>\n\t<meta property=\"og:image:width\" content=\"1280\" \/>\n\t<meta property=\"og:image:height\" content=\"960\" \/>\n\t<meta property=\"og:image:type\" content=\"image\/jpeg\" \/>\n<meta name=\"twitter:card\" content=\"summary_large_image\" \/>\n<meta name=\"twitter:label1\" content=\"Escrito por\" \/>\n\t<meta name=\"twitter:data1\" content=\"Aurora\" \/>\n\t<meta name=\"twitter:label2\" content=\"Tiempo de lectura\" \/>\n\t<meta name=\"twitter:data2\" content=\"2 minutos\" \/>\n<script type=\"application\/ld+json\" class=\"yoast-schema-graph\">{\"@context\":\"https:\/\/schema.org\",\"@graph\":[{\"@type\":\"WebSite\",\"@id\":\"https:\/\/reflejodemichoacan.com\/#website\",\"url\":\"https:\/\/reflejodemichoacan.com\/\",\"name\":\"Reflejo de Michoac\\u00e1n\",\"description\":\"Medio de comunicaci\\u00f3n impreso y digital al servicio de la regi\\u00f3n lacustre y Michoac\\u00e1n.\",\"potentialAction\":[{\"@type\":\"SearchAction\",\"target\":{\"@type\":\"EntryPoint\",\"urlTemplate\":\"https:\/\/reflejodemichoacan.com\/?s={search_term_string}\"},\"query-input\":\"required name=search_term_string\"}],\"inLanguage\":\"es-MX\"},{\"@type\":\"ImageObject\",\"@id\":\"https:\/\/reflejodemichoacan.com\/index.php\/2023\/06\/29\/celebra-samanta-flores-certificacion-para-garantizar-igualdad-en-cpladem\/#primaryimage\",\"inLanguage\":\"es-MX\",\"url\":\"https:\/\/reflejodemichoacan.com\/wp-content\/uploads\/2023\/06\/celebra-1.jpg\",\"contentUrl\":\"https:\/\/reflejodemichoacan.com\/wp-content\/uploads\/2023\/06\/celebra-1.jpg\",\"width\":1280,\"height\":960},{\"@type\":\"WebPage\",\"@id\":\"https:\/\/reflejodemichoacan.com\/index.php\/2023\/06\/29\/celebra-samanta-flores-certificacion-para-garantizar-igualdad-en-cpladem\/#webpage\",\"url\":\"https:\/\/reflejodemichoacan.com\/index.php\/2023\/06\/29\/celebra-samanta-flores-certificacion-para-garantizar-igualdad-en-cpladem\/\",\"name\":\"CELEBRA SAMANTA FLORES CERTIFICACI\\u00d3N PARA GARANTIZAR IGUALDAD EN CPLADEM - Reflejo de Michoac\\u00e1n\",\"isPartOf\":{\"@id\":\"https:\/\/reflejodemichoacan.com\/#website\"},\"primaryImageOfPage\":{\"@id\":\"https:\/\/reflejodemichoacan.com\/index.php\/2023\/06\/29\/celebra-samanta-flores-certificacion-para-garantizar-igualdad-en-cpladem\/#primaryimage\"},\"datePublished\":\"2023-06-29T00:49:13+00:00\",\"dateModified\":\"2023-06-29T00:49:15+00:00\",\"author\":{\"@id\":\"https:\/\/reflejodemichoacan.com\/#\/schema\/person\/72d921e8fe99bd6e2e39bcde8995046f\"},\"breadcrumb\":{\"@id\":\"https:\/\/reflejodemichoacan.com\/index.php\/2023\/06\/29\/celebra-samanta-flores-certificacion-para-garantizar-igualdad-en-cpladem\/#breadcrumb\"},\"inLanguage\":\"es-MX\",\"potentialAction\":[{\"@type\":\"ReadAction\",\"target\":[\"https:\/\/reflejodemichoacan.com\/index.php\/2023\/06\/29\/celebra-samanta-flores-certificacion-para-garantizar-igualdad-en-cpladem\/\"]}]},{\"@type\":\"BreadcrumbList\",\"@id\":\"https:\/\/reflejodemichoacan.com\/index.php\/2023\/06\/29\/celebra-samanta-flores-certificacion-para-garantizar-igualdad-en-cpladem\/#breadcrumb\",\"itemListElement\":[{\"@type\":\"ListItem\",\"position\":1,\"name\":\"Inicio\",\"item\":\"https:\/\/reflejodemichoacan.com\/\"},{\"@type\":\"ListItem\",\"position\":2,\"name\":\"CELEBRA SAMANTA FLORES CERTIFICACI\\u00d3N PARA GARANTIZAR IGUALDAD EN CPLADEM\"}]},{\"@type\":\"Person\",\"@id\":\"https:\/\/reflejodemichoacan.com\/#\/schema\/person\/72d921e8fe99bd6e2e39bcde8995046f\",\"name\":\"Aurora\",\"image\":{\"@type\":\"ImageObject\",\"@id\":\"https:\/\/reflejodemichoacan.com\/#personlogo\",\"inLanguage\":\"es-MX\",\"url\":\"https:\/\/secure.gravatar.com\/avatar\/df5ceb9b998be27b25dd258a6b4b0a95?s=96&d=mm&r=g\",\"contentUrl\":\"https:\/\/secure.gravatar.com\/avatar\/df5ceb9b998be27b25dd258a6b4b0a95?s=96&d=mm&r=g\",\"caption\":\"Aurora\"},\"sameAs\":[\"http:\/\/reflejodemichoacan.com\"],\"url\":\"https:\/\/reflejodemichoacan.com\/index.php\/author\/rixwm7qvsq\/\"}]}<\/script>\n<!-- \/ Yoast SEO plugin. -->","yoast_head_json":{"title":"CELEBRA SAMANTA FLORES CERTIFICACI\u00d3N PARA GARANTIZAR IGUALDAD EN CPLADEM - Reflejo de Michoac\u00e1n","robots":{"index":"index","follow":"follow","max-snippet":"max-snippet:-1","max-image-preview":"max-image-preview:large","max-video-preview":"max-video-preview:-1"},"canonical":"https:\/\/reflejodemichoacan.com\/index.php\/2023\/06\/29\/celebra-samanta-flores-certificacion-para-garantizar-igualdad-en-cpladem\/","og_locale":"es_MX","og_type":"article","og_title":"CELEBRA SAMANTA FLORES CERTIFICACI\u00d3N PARA GARANTIZAR IGUALDAD EN CPLADEM - Reflejo de Michoac\u00e1n","og_description":"Morelia, Michoac\u00e1n, 28 de junio de 2023.- Las mujeres llevamos a\u00f1os de lucha por la conquista de nuestros derechos laborales, seguiremos avanzando con paso firme hasta lograr el total reconocimiento y las condiciones verdaderas de equidad, afirm\u00f3\u00a0Samanta Flores Adame, diputada por P\u00e1tzcuaro.\u00a0En su discurso durante la entrega de certificados en Igualdad Laboral y No Discriminaci\u00f3n [&hellip;]","og_url":"https:\/\/reflejodemichoacan.com\/index.php\/2023\/06\/29\/celebra-samanta-flores-certificacion-para-garantizar-igualdad-en-cpladem\/","og_site_name":"Reflejo de Michoac\u00e1n","article_published_time":"2023-06-29T00:49:13+00:00","article_modified_time":"2023-06-29T00:49:15+00:00","og_image":[{"width":1280,"height":960,"url":"https:\/\/reflejodemichoacan.com\/wp-content\/uploads\/2023\/06\/celebra-1.jpg","type":"image\/jpeg"}],"twitter_card":"summary_large_image","twitter_misc":{"Escrito por":"Aurora","Tiempo de lectura":"2 minutos"},"schema":{"@context":"https:\/\/schema.org","@graph":[{"@type":"WebSite","@id":"https:\/\/reflejodemichoacan.com\/#website","url":"https:\/\/reflejodemichoacan.com\/","name":"Reflejo de Michoac\u00e1n","description":"Medio de comunicaci\u00f3n impreso y digital al servicio de la regi\u00f3n lacustre y Michoac\u00e1n.","potentialAction":[{"@type":"SearchAction","target":{"@type":"EntryPoint","urlTemplate":"https:\/\/reflejodemichoacan.com\/?s={search_term_string}"},"query-input":"required name=search_term_string"}],"inLanguage":"es-MX"},{"@type":"ImageObject","@id":"https:\/\/reflejodemichoacan.com\/index.php\/2023\/06\/29\/celebra-samanta-flores-certificacion-para-garantizar-igualdad-en-cpladem\/#primaryimage","inLanguage":"es-MX","url":"https:\/\/reflejodemichoacan.com\/wp-content\/uploads\/2023\/06\/celebra-1.jpg","contentUrl":"https:\/\/reflejodemichoacan.com\/wp-content\/uploads\/2023\/06\/celebra-1.jpg","width":1280,"height":960},{"@type":"WebPage","@id":"https:\/\/reflejodemichoacan.com\/index.php\/2023\/06\/29\/celebra-samanta-flores-certificacion-para-garantizar-igualdad-en-cpladem\/#webpage","url":"https:\/\/reflejodemichoacan.com\/index.php\/2023\/06\/29\/celebra-samanta-flores-certificacion-para-garantizar-igualdad-en-cpladem\/","name":"CELEBRA SAMANTA FLORES CERTIFICACI\u00d3N PARA GARANTIZAR IGUALDAD EN CPLADEM - Reflejo de Michoac\u00e1n","isPartOf":{"@id":"https:\/\/reflejodemichoacan.com\/#website"},"primaryImageOfPage":{"@id":"https:\/\/reflejodemichoacan.com\/index.php\/2023\/06\/29\/celebra-samanta-flores-certificacion-para-garantizar-igualdad-en-cpladem\/#primaryimage"},"datePublished":"2023-06-29T00:49:13+00:00","dateModified":"2023-06-29T00:49:15+00:00","author":{"@id":"https:\/\/reflejodemichoacan.com\/#\/schema\/person\/72d921e8fe99bd6e2e39bcde8995046f"},"breadcrumb":{"@id":"https:\/\/reflejodemichoacan.com\/index.php\/2023\/06\/29\/celebra-samanta-flores-certificacion-para-garantizar-igualdad-en-cpladem\/#breadcrumb"},"inLanguage":"es-MX","potentialAction":[{"@type":"ReadAction","target":["https:\/\/reflejodemichoacan.com\/index.php\/2023\/06\/29\/celebra-samanta-flores-certificacion-para-garantizar-igualdad-en-cpladem\/"]}]},{"@type":"BreadcrumbList","@id":"https:\/\/reflejodemichoacan.com\/index.php\/2023\/06\/29\/celebra-samanta-flores-certificacion-para-garantizar-igualdad-en-cpladem\/#breadcrumb","itemListElement":[{"@type":"ListItem","position":1,"name":"Inicio","item":"https:\/\/reflejodemichoacan.com\/"},{"@type":"ListItem","position":2,"name":"CELEBRA SAMANTA FLORES CERTIFICACI\u00d3N PARA GARANTIZAR IGUALDAD EN CPLADEM"}]},{"@type":"Person","@id":"https:\/\/reflejodemichoacan.com\/#\/schema\/person\/72d921e8fe99bd6e2e39bcde8995046f","name":"Aurora","image":{"@type":"ImageObject","@id":"https:\/\/reflejodemichoacan.com\/#personlogo","inLanguage":"es-MX","url":"https:\/\/secure.gravatar.com\/avatar\/df5ceb9b998be27b25dd258a6b4b0a95?s=96&d=mm&r=g","contentUrl":"https:\/\/secure.gravatar.com\/avatar\/df5ceb9b998be27b25dd258a6b4b0a95?s=96&d=mm&r=g","caption":"Aurora"},"sameAs":["http:\/\/reflejodemichoacan.com"],"url":"https:\/\/reflejodemichoacan.com\/index.php\/author\/rixwm7qvsq\/"}]}},"_links":{"self":[{"href":"https:\/\/reflejodemichoacan.com\/index.php\/wp-json\/wp\/v2\/posts\/12124"}],"collection":[{"href":"https:\/\/reflejodemichoacan.com\/index.php\/wp-json\/wp\/v2\/posts"}],"about":[{"href":"https:\/\/reflejodemichoacan.com\/index.php\/wp-json\/wp\/v2\/types\/post"}],"author":[{"embeddable":true,"href":"https:\/\/reflejodemichoacan.com\/index.php\/wp-json\/wp\/v2\/users\/1"}],"replies":[{"embeddable":true,"href":"https:\/\/reflejodemichoacan.com\/index.php\/wp-json\/wp\/v2\/comments?post=12124"}],"version-history":[{"count":1,"href":"https:\/\/reflejodemichoacan.com\/index.php\/wp-json\/wp\/v2\/posts\/12124\/revisions"}],"predecessor-version":[{"id":12126,"href":"https:\/\/reflejodemichoacan.com\/index.php\/wp-json\/wp\/v2\/posts\/12124\/revisions\/12126"}],"wp:featuredmedia":[{"embeddable":true,"href":"https:\/\/reflejodemichoacan.com\/index.php\/wp-json\/wp\/v2\/media\/12125"}],"wp:attachment":[{"href":"https:\/\/reflejodemichoacan.com\/index.php\/wp-json\/wp\/v2\/media?parent=12124"}],"wp:term":[{"taxonomy":"category","embeddable":true,"href":"https:\/\/reflejodemichoacan.com\/index.php\/wp-json\/wp\/v2\/categories?post=12124"},{"taxonomy":"post_tag","embeddable":true,"href":"https:\/\/reflejodemichoacan.com\/index.php\/wp-json\/wp\/v2\/tags?post=12124"}],"curies":[{"name":"wp","href":"https:\/\/api.w.org\/{rel}","templated":true}]}}