{"id":12130,"date":"2023-06-29T00:56:58","date_gmt":"2023-06-29T00:56:58","guid":{"rendered":"https:\/\/reflejodemichoacan.com\/?p=12130"},"modified":"2023-06-29T00:57:00","modified_gmt":"2023-06-29T00:57:00","slug":"patzcuaro-reune-requisitos-necesarios-para-ser-patrimonio-de-la-humanidad-julieta-garcia","status":"publish","type":"post","link":"https:\/\/reflejodemichoacan.com\/index.php\/2023\/06\/29\/patzcuaro-reune-requisitos-necesarios-para-ser-patrimonio-de-la-humanidad-julieta-garcia\/","title":{"rendered":"P\u00e1tzcuaro re\u00fane requisitos necesarios para ser Patrimonio de la Humanidad: Julieta Garc\u00eda"},"content":{"rendered":"\n<p>Morelia, Michoac\u00e1n; a 27 de junio de 2023.- P\u00e1tzcuaro re\u00fane los requisitos necesarios para ser considerado Patrimonio Cultural de la Humanidad, consider\u00f3 la presidenta de la Mesa Directiva del Congreso del Estado, Julieta Garc\u00eda Zepeda, quien aplaudi\u00f3 que dicho Pueblo M\u00e1gico haya ingresado a la Lista Indicativa de M\u00e9xico para obtener tal reconocimiento por parte de la Unesco.<br>Garc\u00eda Zepeda dijo que la ciudad del lago es uno de los pueblos m\u00e1gicos m\u00e1s emblem\u00e1ticos de M\u00e9xico, ya que posee una belleza arquitect\u00f3nica inigualable, adem\u00e1s de su riqueza cultural e hist\u00f3rica.\u00a0<br>Destac\u00f3 que ingresar a la lista de la UNESCO ser\u00eda un avance muy significativo para la conservaci\u00f3n del Centro Hist\u00f3rico de P\u00e1tzcuaro, ya que, de acuerdo con informaci\u00f3n difundida en diferentes foros, \u201cson 284 obras civiles relevantes en la zona de monumentos hist\u00f3ricos, 11 obras monumentales, 5 monumentos a prominentes h\u00e9roes nacionales y locales, 2 bustos al m\u00e9rito, 7 murales y 1 museo, los que podr\u00edan quedar protegidos bajo la declaratoria de Patrimonio Cultural de la Humanidad\u201d.<br>Luego de que la secretaria de Cultura del gobierno estatal, Tamara Sosa, diera a conocer los avances que se tienen para la integraci\u00f3n del expediente correspondiente, Garc\u00eda Zepeda confi\u00f3 en que se habr\u00e1 de lograr que P\u00e1tzcuaro obtenga la mencionada distinci\u00f3n.\u00a0<br>Asegur\u00f3 que desde el Congreso del Estado estar\u00e1n pendientes de las gestiones que se est\u00e1n realizando para respaldar la iniciativa en cuesti\u00f3n, considerando los beneficios colectivos que la misma conlleva, no solamente para P\u00e1tzcuaro sino para Michoac\u00e1n.<\/p>\n","protected":false},"excerpt":{"rendered":"<p>Morelia, Michoac\u00e1n; a 27 de junio de 2023.- P\u00e1tzcuaro re\u00fane los requisitos necesarios para ser considerado Patrimonio Cultural de la Humanidad, consider\u00f3 la presidenta de la Mesa Directiva del Congreso del Estado, Julieta Garc\u00eda Zepeda, quien aplaudi\u00f3 que dicho Pueblo M\u00e1gico haya ingresado a la Lista Indicativa de M\u00e9xico para obtener tal reconocimiento por parte [&hellip;]<\/p>\n","protected":false},"author":1,"featured_media":12131,"comment_status":"open","ping_status":"closed","sticky":false,"template":"","format":"standard","meta":[],"categories":[23],"tags":[],"yoast_head":"<!-- This site is optimized with the Yoast SEO plugin v17.9 - https:\/\/yoast.com\/wordpress\/plugins\/seo\/ -->\n<title>P\u00e1tzcuaro re\u00fane requisitos necesarios para ser Patrimonio de la Humanidad: Julieta Garc\u00eda - Reflejo de Michoac\u00e1n<\/title>\n<meta name=\"robots\" content=\"index, follow, max-snippet:-1, max-image-preview:large, max-video-preview:-1\" \/>\n<link rel=\"canonical\" href=\"https:\/\/reflejodemichoacan.com\/index.php\/2023\/06\/29\/patzcuaro-reune-requisitos-necesarios-para-ser-patrimonio-de-la-humanidad-julieta-garcia\/\" \/>\n<meta property=\"og:locale\" content=\"es_MX\" \/>\n<meta property=\"og:type\" content=\"article\" \/>\n<meta property=\"og:title\" content=\"P\u00e1tzcuaro re\u00fane requisitos necesarios para ser Patrimonio de la Humanidad: Julieta Garc\u00eda - Reflejo de Michoac\u00e1n\" \/>\n<meta property=\"og:description\" content=\"Morelia, Michoac\u00e1n; a 27 de junio de 2023.- P\u00e1tzcuaro re\u00fane los requisitos necesarios para ser considerado Patrimonio Cultural de la Humanidad, consider\u00f3 la presidenta de la Mesa Directiva del Congreso del Estado, Julieta Garc\u00eda Zepeda, quien aplaudi\u00f3 que dicho Pueblo M\u00e1gico haya ingresado a la Lista Indicativa de M\u00e9xico para obtener tal reconocimiento por parte [&hellip;]\" \/>\n<meta property=\"og:url\" content=\"https:\/\/reflejodemichoacan.com\/index.php\/2023\/06\/29\/patzcuaro-reune-requisitos-necesarios-para-ser-patrimonio-de-la-humanidad-julieta-garcia\/\" \/>\n<meta property=\"og:site_name\" content=\"Reflejo de Michoac\u00e1n\" \/>\n<meta property=\"article:published_time\" content=\"2023-06-29T00:56:58+00:00\" \/>\n<meta property=\"article:modified_time\" content=\"2023-06-29T00:57:00+00:00\" \/>\n<meta property=\"og:image\" content=\"https:\/\/reflejodemichoacan.com\/wp-content\/uploads\/2023\/06\/Patzcuaro-reun.jpg\" \/>\n\t<meta property=\"og:image:width\" content=\"1200\" \/>\n\t<meta property=\"og:image:height\" content=\"800\" \/>\n\t<meta property=\"og:image:type\" content=\"image\/jpeg\" \/>\n<meta name=\"twitter:card\" content=\"summary_large_image\" \/>\n<meta name=\"twitter:label1\" content=\"Escrito por\" \/>\n\t<meta name=\"twitter:data1\" content=\"Aurora\" \/>\n\t<meta name=\"twitter:label2\" content=\"Tiempo de lectura\" \/>\n\t<meta name=\"twitter:data2\" content=\"2 minutos\" \/>\n<script type=\"application\/ld+json\" class=\"yoast-schema-graph\">{\"@context\":\"https:\/\/schema.org\",\"@graph\":[{\"@type\":\"WebSite\",\"@id\":\"https:\/\/reflejodemichoacan.com\/#website\",\"url\":\"https:\/\/reflejodemichoacan.com\/\",\"name\":\"Reflejo de Michoac\\u00e1n\",\"description\":\"Medio de comunicaci\\u00f3n impreso y digital al servicio de la regi\\u00f3n lacustre y Michoac\\u00e1n.\",\"potentialAction\":[{\"@type\":\"SearchAction\",\"target\":{\"@type\":\"EntryPoint\",\"urlTemplate\":\"https:\/\/reflejodemichoacan.com\/?s={search_term_string}\"},\"query-input\":\"required name=search_term_string\"}],\"inLanguage\":\"es-MX\"},{\"@type\":\"ImageObject\",\"@id\":\"https:\/\/reflejodemichoacan.com\/index.php\/2023\/06\/29\/patzcuaro-reune-requisitos-necesarios-para-ser-patrimonio-de-la-humanidad-julieta-garcia\/#primaryimage\",\"inLanguage\":\"es-MX\",\"url\":\"https:\/\/reflejodemichoacan.com\/wp-content\/uploads\/2023\/06\/Patzcuaro-reun.jpg\",\"contentUrl\":\"https:\/\/reflejodemichoacan.com\/wp-content\/uploads\/2023\/06\/Patzcuaro-reun.jpg\",\"width\":1200,\"height\":800},{\"@type\":\"WebPage\",\"@id\":\"https:\/\/reflejodemichoacan.com\/index.php\/2023\/06\/29\/patzcuaro-reune-requisitos-necesarios-para-ser-patrimonio-de-la-humanidad-julieta-garcia\/#webpage\",\"url\":\"https:\/\/reflejodemichoacan.com\/index.php\/2023\/06\/29\/patzcuaro-reune-requisitos-necesarios-para-ser-patrimonio-de-la-humanidad-julieta-garcia\/\",\"name\":\"P\\u00e1tzcuaro re\\u00fane requisitos necesarios para ser Patrimonio de la Humanidad: Julieta Garc\\u00eda - Reflejo de Michoac\\u00e1n\",\"isPartOf\":{\"@id\":\"https:\/\/reflejodemichoacan.com\/#website\"},\"primaryImageOfPage\":{\"@id\":\"https:\/\/reflejodemichoacan.com\/index.php\/2023\/06\/29\/patzcuaro-reune-requisitos-necesarios-para-ser-patrimonio-de-la-humanidad-julieta-garcia\/#primaryimage\"},\"datePublished\":\"2023-06-29T00:56:58+00:00\",\"dateModified\":\"2023-06-29T00:57:00+00:00\",\"author\":{\"@id\":\"https:\/\/reflejodemichoacan.com\/#\/schema\/person\/72d921e8fe99bd6e2e39bcde8995046f\"},\"breadcrumb\":{\"@id\":\"https:\/\/reflejodemichoacan.com\/index.php\/2023\/06\/29\/patzcuaro-reune-requisitos-necesarios-para-ser-patrimonio-de-la-humanidad-julieta-garcia\/#breadcrumb\"},\"inLanguage\":\"es-MX\",\"potentialAction\":[{\"@type\":\"ReadAction\",\"target\":[\"https:\/\/reflejodemichoacan.com\/index.php\/2023\/06\/29\/patzcuaro-reune-requisitos-necesarios-para-ser-patrimonio-de-la-humanidad-julieta-garcia\/\"]}]},{\"@type\":\"BreadcrumbList\",\"@id\":\"https:\/\/reflejodemichoacan.com\/index.php\/2023\/06\/29\/patzcuaro-reune-requisitos-necesarios-para-ser-patrimonio-de-la-humanidad-julieta-garcia\/#breadcrumb\",\"itemListElement\":[{\"@type\":\"ListItem\",\"position\":1,\"name\":\"Inicio\",\"item\":\"https:\/\/reflejodemichoacan.com\/\"},{\"@type\":\"ListItem\",\"position\":2,\"name\":\"P\\u00e1tzcuaro re\\u00fane requisitos necesarios para ser Patrimonio de la Humanidad: Julieta Garc\\u00eda\"}]},{\"@type\":\"Person\",\"@id\":\"https:\/\/reflejodemichoacan.com\/#\/schema\/person\/72d921e8fe99bd6e2e39bcde8995046f\",\"name\":\"Aurora\",\"image\":{\"@type\":\"ImageObject\",\"@id\":\"https:\/\/reflejodemichoacan.com\/#personlogo\",\"inLanguage\":\"es-MX\",\"url\":\"https:\/\/secure.gravatar.com\/avatar\/df5ceb9b998be27b25dd258a6b4b0a95?s=96&d=mm&r=g\",\"contentUrl\":\"https:\/\/secure.gravatar.com\/avatar\/df5ceb9b998be27b25dd258a6b4b0a95?s=96&d=mm&r=g\",\"caption\":\"Aurora\"},\"sameAs\":[\"http:\/\/reflejodemichoacan.com\"],\"url\":\"https:\/\/reflejodemichoacan.com\/index.php\/author\/rixwm7qvsq\/\"}]}<\/script>\n<!-- \/ Yoast SEO plugin. -->","yoast_head_json":{"title":"P\u00e1tzcuaro re\u00fane requisitos necesarios para ser Patrimonio de la Humanidad: Julieta Garc\u00eda - Reflejo de Michoac\u00e1n","robots":{"index":"index","follow":"follow","max-snippet":"max-snippet:-1","max-image-preview":"max-image-preview:large","max-video-preview":"max-video-preview:-1"},"canonical":"https:\/\/reflejodemichoacan.com\/index.php\/2023\/06\/29\/patzcuaro-reune-requisitos-necesarios-para-ser-patrimonio-de-la-humanidad-julieta-garcia\/","og_locale":"es_MX","og_type":"article","og_title":"P\u00e1tzcuaro re\u00fane requisitos necesarios para ser Patrimonio de la Humanidad: Julieta Garc\u00eda - Reflejo de Michoac\u00e1n","og_description":"Morelia, Michoac\u00e1n; a 27 de junio de 2023.- P\u00e1tzcuaro re\u00fane los requisitos necesarios para ser considerado Patrimonio Cultural de la Humanidad, consider\u00f3 la presidenta de la Mesa Directiva del Congreso del Estado, Julieta Garc\u00eda Zepeda, quien aplaudi\u00f3 que dicho Pueblo M\u00e1gico haya ingresado a la Lista Indicativa de M\u00e9xico para obtener tal reconocimiento por parte [&hellip;]","og_url":"https:\/\/reflejodemichoacan.com\/index.php\/2023\/06\/29\/patzcuaro-reune-requisitos-necesarios-para-ser-patrimonio-de-la-humanidad-julieta-garcia\/","og_site_name":"Reflejo de Michoac\u00e1n","article_published_time":"2023-06-29T00:56:58+00:00","article_modified_time":"2023-06-29T00:57:00+00:00","og_image":[{"width":1200,"height":800,"url":"https:\/\/reflejodemichoacan.com\/wp-content\/uploads\/2023\/06\/Patzcuaro-reun.jpg","type":"image\/jpeg"}],"twitter_card":"summary_large_image","twitter_misc":{"Escrito por":"Aurora","Tiempo de lectura":"2 minutos"},"schema":{"@context":"https:\/\/schema.org","@graph":[{"@type":"WebSite","@id":"https:\/\/reflejodemichoacan.com\/#website","url":"https:\/\/reflejodemichoacan.com\/","name":"Reflejo de Michoac\u00e1n","description":"Medio de comunicaci\u00f3n impreso y digital al servicio de la regi\u00f3n lacustre y Michoac\u00e1n.","potentialAction":[{"@type":"SearchAction","target":{"@type":"EntryPoint","urlTemplate":"https:\/\/reflejodemichoacan.com\/?s={search_term_string}"},"query-input":"required name=search_term_string"}],"inLanguage":"es-MX"},{"@type":"ImageObject","@id":"https:\/\/reflejodemichoacan.com\/index.php\/2023\/06\/29\/patzcuaro-reune-requisitos-necesarios-para-ser-patrimonio-de-la-humanidad-julieta-garcia\/#primaryimage","inLanguage":"es-MX","url":"https:\/\/reflejodemichoacan.com\/wp-content\/uploads\/2023\/06\/Patzcuaro-reun.jpg","contentUrl":"https:\/\/reflejodemichoacan.com\/wp-content\/uploads\/2023\/06\/Patzcuaro-reun.jpg","width":1200,"height":800},{"@type":"WebPage","@id":"https:\/\/reflejodemichoacan.com\/index.php\/2023\/06\/29\/patzcuaro-reune-requisitos-necesarios-para-ser-patrimonio-de-la-humanidad-julieta-garcia\/#webpage","url":"https:\/\/reflejodemichoacan.com\/index.php\/2023\/06\/29\/patzcuaro-reune-requisitos-necesarios-para-ser-patrimonio-de-la-humanidad-julieta-garcia\/","name":"P\u00e1tzcuaro re\u00fane requisitos necesarios para ser Patrimonio de la Humanidad: Julieta Garc\u00eda - Reflejo de Michoac\u00e1n","isPartOf":{"@id":"https:\/\/reflejodemichoacan.com\/#website"},"primaryImageOfPage":{"@id":"https:\/\/reflejodemichoacan.com\/index.php\/2023\/06\/29\/patzcuaro-reune-requisitos-necesarios-para-ser-patrimonio-de-la-humanidad-julieta-garcia\/#primaryimage"},"datePublished":"2023-06-29T00:56:58+00:00","dateModified":"2023-06-29T00:57:00+00:00","author":{"@id":"https:\/\/reflejodemichoacan.com\/#\/schema\/person\/72d921e8fe99bd6e2e39bcde8995046f"},"breadcrumb":{"@id":"https:\/\/reflejodemichoacan.com\/index.php\/2023\/06\/29\/patzcuaro-reune-requisitos-necesarios-para-ser-patrimonio-de-la-humanidad-julieta-garcia\/#breadcrumb"},"inLanguage":"es-MX","potentialAction":[{"@type":"ReadAction","target":["https:\/\/reflejodemichoacan.com\/index.php\/2023\/06\/29\/patzcuaro-reune-requisitos-necesarios-para-ser-patrimonio-de-la-humanidad-julieta-garcia\/"]}]},{"@type":"BreadcrumbList","@id":"https:\/\/reflejodemichoacan.com\/index.php\/2023\/06\/29\/patzcuaro-reune-requisitos-necesarios-para-ser-patrimonio-de-la-humanidad-julieta-garcia\/#breadcrumb","itemListElement":[{"@type":"ListItem","position":1,"name":"Inicio","item":"https:\/\/reflejodemichoacan.com\/"},{"@type":"ListItem","position":2,"name":"P\u00e1tzcuaro re\u00fane requisitos necesarios para ser Patrimonio de la Humanidad: Julieta Garc\u00eda"}]},{"@type":"Person","@id":"https:\/\/reflejodemichoacan.com\/#\/schema\/person\/72d921e8fe99bd6e2e39bcde8995046f","name":"Aurora","image":{"@type":"ImageObject","@id":"https:\/\/reflejodemichoacan.com\/#personlogo","inLanguage":"es-MX","url":"https:\/\/secure.gravatar.com\/avatar\/df5ceb9b998be27b25dd258a6b4b0a95?s=96&d=mm&r=g","contentUrl":"https:\/\/secure.gravatar.com\/avatar\/df5ceb9b998be27b25dd258a6b4b0a95?s=96&d=mm&r=g","caption":"Aurora"},"sameAs":["http:\/\/reflejodemichoacan.com"],"url":"https:\/\/reflejodemichoacan.com\/index.php\/author\/rixwm7qvsq\/"}]}},"_links":{"self":[{"href":"https:\/\/reflejodemichoacan.com\/index.php\/wp-json\/wp\/v2\/posts\/12130"}],"collection":[{"href":"https:\/\/reflejodemichoacan.com\/index.php\/wp-json\/wp\/v2\/posts"}],"about":[{"href":"https:\/\/reflejodemichoacan.com\/index.php\/wp-json\/wp\/v2\/types\/post"}],"author":[{"embeddable":true,"href":"https:\/\/reflejodemichoacan.com\/index.php\/wp-json\/wp\/v2\/users\/1"}],"replies":[{"embeddable":true,"href":"https:\/\/reflejodemichoacan.com\/index.php\/wp-json\/wp\/v2\/comments?post=12130"}],"version-history":[{"count":1,"href":"https:\/\/reflejodemichoacan.com\/index.php\/wp-json\/wp\/v2\/posts\/12130\/revisions"}],"predecessor-version":[{"id":12132,"href":"https:\/\/reflejodemichoacan.com\/index.php\/wp-json\/wp\/v2\/posts\/12130\/revisions\/12132"}],"wp:featuredmedia":[{"embeddable":true,"href":"https:\/\/reflejodemichoacan.com\/index.php\/wp-json\/wp\/v2\/media\/12131"}],"wp:attachment":[{"href":"https:\/\/reflejodemichoacan.com\/index.php\/wp-json\/wp\/v2\/media?parent=12130"}],"wp:term":[{"taxonomy":"category","embeddable":true,"href":"https:\/\/reflejodemichoacan.com\/index.php\/wp-json\/wp\/v2\/categories?post=12130"},{"taxonomy":"post_tag","embeddable":true,"href":"https:\/\/reflejodemichoacan.com\/index.php\/wp-json\/wp\/v2\/tags?post=12130"}],"curies":[{"name":"wp","href":"https:\/\/api.w.org\/{rel}","templated":true}]}}