{"id":12133,"date":"2023-06-29T01:00:25","date_gmt":"2023-06-29T01:00:25","guid":{"rendered":"https:\/\/reflejodemichoacan.com\/?p=12133"},"modified":"2023-06-29T01:00:38","modified_gmt":"2023-06-29T01:00:38","slug":"diputados-acompanaran-a-pobladores-de-uruapan-inconformes-con-invasion-de-predios","status":"publish","type":"post","link":"https:\/\/reflejodemichoacan.com\/index.php\/2023\/06\/29\/diputados-acompanaran-a-pobladores-de-uruapan-inconformes-con-invasion-de-predios\/","title":{"rendered":"Diputados acompa\u00f1ar\u00e1n a pobladores de Uruapan inconformes con invasi\u00f3n de predios"},"content":{"rendered":"\n<p>M<em>orelia, Michoac\u00e1n, a 28 de junio de junio de 2023.-<\/em> Diputados del Congreso del Estado anunciaron su acompa\u00f1amiento a habitantes del municipio de Uruapan, inconformes con la sobre-explotaci\u00f3n de los bosques y la invasi\u00f3n ilegal de terrenos con vocaci\u00f3n forestal, a quienes atendieron hoy en audiencia.La diputada Brenda Fraga Guti\u00e9rrez y los legisladores Fidel Calder\u00f3n Torreblanca, Felipe de Jes\u00fas Contreras Correa y Baltazar Gaona Garc\u00eda, este \u00faltimo presidente de la Comisi\u00f3n de Desarrollo Sustentable y Medio Ambiente, escucharon las demandas de los uruapenses que arribaron a la sede de la 75 Legislatura.<\/p>\n\n\n\n<p>En esta reuni\u00f3n, los ciudadanos se\u00f1alaron que en los \u00faltimos a\u00f1os se ha permitido la invasi\u00f3n indiscriminada de predios en la zona norponiente del Uruapan, una \u00e1rea con vocaci\u00f3n forestal; es el caso del terreno conocido como \u201cEl Zapien\u201d, declarado Zona de Protecci\u00f3n Ambiental en julio de 2010.<\/p>\n\n\n\n<p>Puntualizaron que dicha situaci\u00f3n est\u00e1 afectando de manera dram\u00e1tica el ecosistema de la regi\u00f3n, que est\u00e1 considerada como uno de los principales pulmones del estado. Adem\u00e1s, agregaron que dicha situaci\u00f3n ha provocado una venta ilegal de terrenos que, a su vez, ha generado que pseudo l\u00edderes sociales ingresen recursos de manera ilegal.<\/p>\n\n\n\n<p>Ante estas demandas, la legisladora y los diputados establecieron una serie de compromisos a fin de apoyar su causa. Entre dichos acuerdos destaca la b\u00fasqueda de la intervenci\u00f3n de la Secretar\u00eda del Medio Ambiente de Michoac\u00e1n, de la Comisi\u00f3n Estatal de Derecho Humanos, la Procuradur\u00eda del Medio Ambiente del Estado de Michoac\u00e1n y el Consejo Estatal de Ecolog\u00eda.<\/p>\n\n\n\n<p>Adem\u00e1s, se estableci\u00f3 el compromiso de generar un encuentro con el titular de la Fiscal\u00eda Especializada en Combate a los Delitos Contra el Ambiente y la Fauna, Jos\u00e9 Jes\u00fas Reyes Mozqueda. De igual forma, se acord\u00f3 dar seguimiento y acompa\u00f1amiento en todas y cada una de las instancias involucradas con la soluci\u00f3n de este conflicto.<\/p>\n\n\n\n<p>Los legisladores invitaron a la poblaci\u00f3n de Uruapan a evitar la compra venta de predios, cuyo estatus legal es incierto y que en determinado momento podr\u00eda considerarse un delito, e incluso, generar p\u00e9rdidas econ\u00f3micas y de patrimonio a las familias que puedan caer en esta pr\u00e1ctica.<\/p>\n","protected":false},"excerpt":{"rendered":"<p>Morelia, Michoac\u00e1n, a 28 de junio de junio de 2023.- Diputados del Congreso del Estado anunciaron su acompa\u00f1amiento a habitantes del municipio de Uruapan, inconformes con la sobre-explotaci\u00f3n de los bosques y la invasi\u00f3n ilegal de terrenos con vocaci\u00f3n forestal, a quienes atendieron hoy en audiencia.La diputada Brenda Fraga Guti\u00e9rrez y los legisladores Fidel Calder\u00f3n [&hellip;]<\/p>\n","protected":false},"author":1,"featured_media":12134,"comment_status":"open","ping_status":"closed","sticky":false,"template":"","format":"standard","meta":[],"categories":[23],"tags":[],"yoast_head":"<!-- This site is optimized with the Yoast SEO plugin v17.9 - https:\/\/yoast.com\/wordpress\/plugins\/seo\/ -->\n<title>Diputados acompa\u00f1ar\u00e1n a pobladores de Uruapan inconformes con invasi\u00f3n de predios - Reflejo de Michoac\u00e1n<\/title>\n<meta name=\"robots\" content=\"index, follow, max-snippet:-1, max-image-preview:large, max-video-preview:-1\" \/>\n<link rel=\"canonical\" href=\"https:\/\/reflejodemichoacan.com\/index.php\/2023\/06\/29\/diputados-acompanaran-a-pobladores-de-uruapan-inconformes-con-invasion-de-predios\/\" \/>\n<meta property=\"og:locale\" content=\"es_MX\" \/>\n<meta property=\"og:type\" content=\"article\" \/>\n<meta property=\"og:title\" content=\"Diputados acompa\u00f1ar\u00e1n a pobladores de Uruapan inconformes con invasi\u00f3n de predios - Reflejo de Michoac\u00e1n\" \/>\n<meta property=\"og:description\" content=\"Morelia, Michoac\u00e1n, a 28 de junio de junio de 2023.- Diputados del Congreso del Estado anunciaron su acompa\u00f1amiento a habitantes del municipio de Uruapan, inconformes con la sobre-explotaci\u00f3n de los bosques y la invasi\u00f3n ilegal de terrenos con vocaci\u00f3n forestal, a quienes atendieron hoy en audiencia.La diputada Brenda Fraga Guti\u00e9rrez y los legisladores Fidel Calder\u00f3n [&hellip;]\" \/>\n<meta property=\"og:url\" content=\"https:\/\/reflejodemichoacan.com\/index.php\/2023\/06\/29\/diputados-acompanaran-a-pobladores-de-uruapan-inconformes-con-invasion-de-predios\/\" \/>\n<meta property=\"og:site_name\" content=\"Reflejo de Michoac\u00e1n\" \/>\n<meta property=\"article:published_time\" content=\"2023-06-29T01:00:25+00:00\" \/>\n<meta property=\"article:modified_time\" content=\"2023-06-29T01:00:38+00:00\" \/>\n<meta property=\"og:image\" content=\"https:\/\/reflejodemichoacan.com\/wp-content\/uploads\/2023\/06\/fidel.jpg\" \/>\n\t<meta property=\"og:image:width\" content=\"1024\" \/>\n\t<meta property=\"og:image:height\" content=\"683\" \/>\n\t<meta property=\"og:image:type\" content=\"image\/jpeg\" \/>\n<meta name=\"twitter:card\" content=\"summary_large_image\" \/>\n<meta name=\"twitter:label1\" content=\"Escrito por\" \/>\n\t<meta name=\"twitter:data1\" content=\"Aurora\" \/>\n\t<meta name=\"twitter:label2\" content=\"Tiempo de lectura\" \/>\n\t<meta name=\"twitter:data2\" content=\"2 minutos\" \/>\n<script type=\"application\/ld+json\" class=\"yoast-schema-graph\">{\"@context\":\"https:\/\/schema.org\",\"@graph\":[{\"@type\":\"WebSite\",\"@id\":\"https:\/\/reflejodemichoacan.com\/#website\",\"url\":\"https:\/\/reflejodemichoacan.com\/\",\"name\":\"Reflejo de Michoac\\u00e1n\",\"description\":\"Medio de comunicaci\\u00f3n impreso y digital al servicio de la regi\\u00f3n lacustre y Michoac\\u00e1n.\",\"potentialAction\":[{\"@type\":\"SearchAction\",\"target\":{\"@type\":\"EntryPoint\",\"urlTemplate\":\"https:\/\/reflejodemichoacan.com\/?s={search_term_string}\"},\"query-input\":\"required name=search_term_string\"}],\"inLanguage\":\"es-MX\"},{\"@type\":\"ImageObject\",\"@id\":\"https:\/\/reflejodemichoacan.com\/index.php\/2023\/06\/29\/diputados-acompanaran-a-pobladores-de-uruapan-inconformes-con-invasion-de-predios\/#primaryimage\",\"inLanguage\":\"es-MX\",\"url\":\"https:\/\/reflejodemichoacan.com\/wp-content\/uploads\/2023\/06\/fidel.jpg\",\"contentUrl\":\"https:\/\/reflejodemichoacan.com\/wp-content\/uploads\/2023\/06\/fidel.jpg\",\"width\":1024,\"height\":683},{\"@type\":\"WebPage\",\"@id\":\"https:\/\/reflejodemichoacan.com\/index.php\/2023\/06\/29\/diputados-acompanaran-a-pobladores-de-uruapan-inconformes-con-invasion-de-predios\/#webpage\",\"url\":\"https:\/\/reflejodemichoacan.com\/index.php\/2023\/06\/29\/diputados-acompanaran-a-pobladores-de-uruapan-inconformes-con-invasion-de-predios\/\",\"name\":\"Diputados acompa\\u00f1ar\\u00e1n a pobladores de Uruapan inconformes con invasi\\u00f3n de predios - Reflejo de Michoac\\u00e1n\",\"isPartOf\":{\"@id\":\"https:\/\/reflejodemichoacan.com\/#website\"},\"primaryImageOfPage\":{\"@id\":\"https:\/\/reflejodemichoacan.com\/index.php\/2023\/06\/29\/diputados-acompanaran-a-pobladores-de-uruapan-inconformes-con-invasion-de-predios\/#primaryimage\"},\"datePublished\":\"2023-06-29T01:00:25+00:00\",\"dateModified\":\"2023-06-29T01:00:38+00:00\",\"author\":{\"@id\":\"https:\/\/reflejodemichoacan.com\/#\/schema\/person\/72d921e8fe99bd6e2e39bcde8995046f\"},\"breadcrumb\":{\"@id\":\"https:\/\/reflejodemichoacan.com\/index.php\/2023\/06\/29\/diputados-acompanaran-a-pobladores-de-uruapan-inconformes-con-invasion-de-predios\/#breadcrumb\"},\"inLanguage\":\"es-MX\",\"potentialAction\":[{\"@type\":\"ReadAction\",\"target\":[\"https:\/\/reflejodemichoacan.com\/index.php\/2023\/06\/29\/diputados-acompanaran-a-pobladores-de-uruapan-inconformes-con-invasion-de-predios\/\"]}]},{\"@type\":\"BreadcrumbList\",\"@id\":\"https:\/\/reflejodemichoacan.com\/index.php\/2023\/06\/29\/diputados-acompanaran-a-pobladores-de-uruapan-inconformes-con-invasion-de-predios\/#breadcrumb\",\"itemListElement\":[{\"@type\":\"ListItem\",\"position\":1,\"name\":\"Inicio\",\"item\":\"https:\/\/reflejodemichoacan.com\/\"},{\"@type\":\"ListItem\",\"position\":2,\"name\":\"Diputados acompa\\u00f1ar\\u00e1n a pobladores de Uruapan inconformes con invasi\\u00f3n de predios\"}]},{\"@type\":\"Person\",\"@id\":\"https:\/\/reflejodemichoacan.com\/#\/schema\/person\/72d921e8fe99bd6e2e39bcde8995046f\",\"name\":\"Aurora\",\"image\":{\"@type\":\"ImageObject\",\"@id\":\"https:\/\/reflejodemichoacan.com\/#personlogo\",\"inLanguage\":\"es-MX\",\"url\":\"https:\/\/secure.gravatar.com\/avatar\/df5ceb9b998be27b25dd258a6b4b0a95?s=96&d=mm&r=g\",\"contentUrl\":\"https:\/\/secure.gravatar.com\/avatar\/df5ceb9b998be27b25dd258a6b4b0a95?s=96&d=mm&r=g\",\"caption\":\"Aurora\"},\"sameAs\":[\"http:\/\/reflejodemichoacan.com\"],\"url\":\"https:\/\/reflejodemichoacan.com\/index.php\/author\/rixwm7qvsq\/\"}]}<\/script>\n<!-- \/ Yoast SEO plugin. -->","yoast_head_json":{"title":"Diputados acompa\u00f1ar\u00e1n a pobladores de Uruapan inconformes con invasi\u00f3n de predios - Reflejo de Michoac\u00e1n","robots":{"index":"index","follow":"follow","max-snippet":"max-snippet:-1","max-image-preview":"max-image-preview:large","max-video-preview":"max-video-preview:-1"},"canonical":"https:\/\/reflejodemichoacan.com\/index.php\/2023\/06\/29\/diputados-acompanaran-a-pobladores-de-uruapan-inconformes-con-invasion-de-predios\/","og_locale":"es_MX","og_type":"article","og_title":"Diputados acompa\u00f1ar\u00e1n a pobladores de Uruapan inconformes con invasi\u00f3n de predios - Reflejo de Michoac\u00e1n","og_description":"Morelia, Michoac\u00e1n, a 28 de junio de junio de 2023.- Diputados del Congreso del Estado anunciaron su acompa\u00f1amiento a habitantes del municipio de Uruapan, inconformes con la sobre-explotaci\u00f3n de los bosques y la invasi\u00f3n ilegal de terrenos con vocaci\u00f3n forestal, a quienes atendieron hoy en audiencia.La diputada Brenda Fraga Guti\u00e9rrez y los legisladores Fidel Calder\u00f3n [&hellip;]","og_url":"https:\/\/reflejodemichoacan.com\/index.php\/2023\/06\/29\/diputados-acompanaran-a-pobladores-de-uruapan-inconformes-con-invasion-de-predios\/","og_site_name":"Reflejo de Michoac\u00e1n","article_published_time":"2023-06-29T01:00:25+00:00","article_modified_time":"2023-06-29T01:00:38+00:00","og_image":[{"width":1024,"height":683,"url":"https:\/\/reflejodemichoacan.com\/wp-content\/uploads\/2023\/06\/fidel.jpg","type":"image\/jpeg"}],"twitter_card":"summary_large_image","twitter_misc":{"Escrito por":"Aurora","Tiempo de lectura":"2 minutos"},"schema":{"@context":"https:\/\/schema.org","@graph":[{"@type":"WebSite","@id":"https:\/\/reflejodemichoacan.com\/#website","url":"https:\/\/reflejodemichoacan.com\/","name":"Reflejo de Michoac\u00e1n","description":"Medio de comunicaci\u00f3n impreso y digital al servicio de la regi\u00f3n lacustre y Michoac\u00e1n.","potentialAction":[{"@type":"SearchAction","target":{"@type":"EntryPoint","urlTemplate":"https:\/\/reflejodemichoacan.com\/?s={search_term_string}"},"query-input":"required name=search_term_string"}],"inLanguage":"es-MX"},{"@type":"ImageObject","@id":"https:\/\/reflejodemichoacan.com\/index.php\/2023\/06\/29\/diputados-acompanaran-a-pobladores-de-uruapan-inconformes-con-invasion-de-predios\/#primaryimage","inLanguage":"es-MX","url":"https:\/\/reflejodemichoacan.com\/wp-content\/uploads\/2023\/06\/fidel.jpg","contentUrl":"https:\/\/reflejodemichoacan.com\/wp-content\/uploads\/2023\/06\/fidel.jpg","width":1024,"height":683},{"@type":"WebPage","@id":"https:\/\/reflejodemichoacan.com\/index.php\/2023\/06\/29\/diputados-acompanaran-a-pobladores-de-uruapan-inconformes-con-invasion-de-predios\/#webpage","url":"https:\/\/reflejodemichoacan.com\/index.php\/2023\/06\/29\/diputados-acompanaran-a-pobladores-de-uruapan-inconformes-con-invasion-de-predios\/","name":"Diputados acompa\u00f1ar\u00e1n a pobladores de Uruapan inconformes con invasi\u00f3n de predios - Reflejo de Michoac\u00e1n","isPartOf":{"@id":"https:\/\/reflejodemichoacan.com\/#website"},"primaryImageOfPage":{"@id":"https:\/\/reflejodemichoacan.com\/index.php\/2023\/06\/29\/diputados-acompanaran-a-pobladores-de-uruapan-inconformes-con-invasion-de-predios\/#primaryimage"},"datePublished":"2023-06-29T01:00:25+00:00","dateModified":"2023-06-29T01:00:38+00:00","author":{"@id":"https:\/\/reflejodemichoacan.com\/#\/schema\/person\/72d921e8fe99bd6e2e39bcde8995046f"},"breadcrumb":{"@id":"https:\/\/reflejodemichoacan.com\/index.php\/2023\/06\/29\/diputados-acompanaran-a-pobladores-de-uruapan-inconformes-con-invasion-de-predios\/#breadcrumb"},"inLanguage":"es-MX","potentialAction":[{"@type":"ReadAction","target":["https:\/\/reflejodemichoacan.com\/index.php\/2023\/06\/29\/diputados-acompanaran-a-pobladores-de-uruapan-inconformes-con-invasion-de-predios\/"]}]},{"@type":"BreadcrumbList","@id":"https:\/\/reflejodemichoacan.com\/index.php\/2023\/06\/29\/diputados-acompanaran-a-pobladores-de-uruapan-inconformes-con-invasion-de-predios\/#breadcrumb","itemListElement":[{"@type":"ListItem","position":1,"name":"Inicio","item":"https:\/\/reflejodemichoacan.com\/"},{"@type":"ListItem","position":2,"name":"Diputados acompa\u00f1ar\u00e1n a pobladores de Uruapan inconformes con invasi\u00f3n de predios"}]},{"@type":"Person","@id":"https:\/\/reflejodemichoacan.com\/#\/schema\/person\/72d921e8fe99bd6e2e39bcde8995046f","name":"Aurora","image":{"@type":"ImageObject","@id":"https:\/\/reflejodemichoacan.com\/#personlogo","inLanguage":"es-MX","url":"https:\/\/secure.gravatar.com\/avatar\/df5ceb9b998be27b25dd258a6b4b0a95?s=96&d=mm&r=g","contentUrl":"https:\/\/secure.gravatar.com\/avatar\/df5ceb9b998be27b25dd258a6b4b0a95?s=96&d=mm&r=g","caption":"Aurora"},"sameAs":["http:\/\/reflejodemichoacan.com"],"url":"https:\/\/reflejodemichoacan.com\/index.php\/author\/rixwm7qvsq\/"}]}},"_links":{"self":[{"href":"https:\/\/reflejodemichoacan.com\/index.php\/wp-json\/wp\/v2\/posts\/12133"}],"collection":[{"href":"https:\/\/reflejodemichoacan.com\/index.php\/wp-json\/wp\/v2\/posts"}],"about":[{"href":"https:\/\/reflejodemichoacan.com\/index.php\/wp-json\/wp\/v2\/types\/post"}],"author":[{"embeddable":true,"href":"https:\/\/reflejodemichoacan.com\/index.php\/wp-json\/wp\/v2\/users\/1"}],"replies":[{"embeddable":true,"href":"https:\/\/reflejodemichoacan.com\/index.php\/wp-json\/wp\/v2\/comments?post=12133"}],"version-history":[{"count":1,"href":"https:\/\/reflejodemichoacan.com\/index.php\/wp-json\/wp\/v2\/posts\/12133\/revisions"}],"predecessor-version":[{"id":12135,"href":"https:\/\/reflejodemichoacan.com\/index.php\/wp-json\/wp\/v2\/posts\/12133\/revisions\/12135"}],"wp:featuredmedia":[{"embeddable":true,"href":"https:\/\/reflejodemichoacan.com\/index.php\/wp-json\/wp\/v2\/media\/12134"}],"wp:attachment":[{"href":"https:\/\/reflejodemichoacan.com\/index.php\/wp-json\/wp\/v2\/media?parent=12133"}],"wp:term":[{"taxonomy":"category","embeddable":true,"href":"https:\/\/reflejodemichoacan.com\/index.php\/wp-json\/wp\/v2\/categories?post=12133"},{"taxonomy":"post_tag","embeddable":true,"href":"https:\/\/reflejodemichoacan.com\/index.php\/wp-json\/wp\/v2\/tags?post=12133"}],"curies":[{"name":"wp","href":"https:\/\/api.w.org\/{rel}","templated":true}]}}