{"id":12136,"date":"2023-06-29T01:02:15","date_gmt":"2023-06-29T01:02:15","guid":{"rendered":"https:\/\/reflejodemichoacan.com\/?p=12136"},"modified":"2023-06-29T01:02:17","modified_gmt":"2023-06-29T01:02:17","slug":"urge-contar-con-datos-actualizados-sobre-el-consumo-de-drogas","status":"publish","type":"post","link":"https:\/\/reflejodemichoacan.com\/index.php\/2023\/06\/29\/urge-contar-con-datos-actualizados-sobre-el-consumo-de-drogas\/","title":{"rendered":"Urge contar con datos actualizados sobre el consumo de drogas"},"content":{"rendered":"\n<p>Morelia, Michoac\u00e1n a 28 de junio de 2023.*En M\u00e9xico no se cuenta con estad\u00edsticas actuales sobre el consumo de drogas, lo cual impide que este problema de salud se atienda de forma oportuna y especializada, asever\u00f3 la diputada del Partido Encuentro Solidario Michoac\u00e1n (PES) Luz Mar\u00eda Garc\u00eda.\u00a0<br>Desde la m\u00e1xima tribuna del Congreso del Estado de Michoac\u00e1n, la representante del PES, detall\u00f3 que la Comisi\u00f3n Nacional contra las Adicciones (Conadic) no ha realizado la encuesta nacional de adicciones, la cual debe realizarse cada cuatro a\u00f1os, pero la ultima se gener\u00f3 en el a\u00f1o 2016.<br>\u201cNo hay cifras precisas, hay una discordancia de datos al no tener una fuente oficial actualizada\u201d, coment\u00f3.<br>Sin embargo, la congresista refiri\u00f3 que de acuerdo con el Observatorio de Salud Mental y Consumo de Drogas, en los \u00faltimos 5 a\u00f1os se triplic\u00f3 la demanda de servicios de atenci\u00f3n de personas que tienen problemas por el consumo de estimulantes.\u00a0<br>En el marco del D\u00eda Internacional de la Lucha contra el Uso Indebido y el Tr\u00e1fico Il\u00edcito de Drogas, la legisladora advirti\u00f3 que el consumo de drogas tambi\u00e9n deriva en otro tipo de situaciones que ponen en riesgo la salud, la seguridad y el bienestar de las familias.\u00a0<br>\u201cLo problem\u00e1tico y complejo de las drogas ilicitas es que no pasan por ningun tipo de control sanitario ni de calidad en su producci\u00f3n, desencadenando que los consumidores no sepan qu\u00e9 estan consumiendo ni el da\u00f1o que les genera\u201d, se\u00f1al\u00f3.<br>Luz Garc\u00eda, dijo que un informe de Naciones Unidas contra la Droga y el Delito, establece que a nivel global son 11.2 millones de personas se inyectan drogas, de las cuales la mitad vive con hepatitis C; 1.4 millones con VIH y 1.2 millones, con ambos, volviendo un problema de salud p\u00fablica no s\u00f3lo el consumo sino sus consecuencias colaterales.<br>Dicho informe establece que son 284 millones de personas de entre 15 y 64 a\u00f1os consumieron drogas en todo el mundo durante 2020, lo que supone un aumento del 26% respecto a la d\u00e9cada anterior.<\/p>\n","protected":false},"excerpt":{"rendered":"<p>Morelia, Michoac\u00e1n a 28 de junio de 2023.*En M\u00e9xico no se cuenta con estad\u00edsticas actuales sobre el consumo de drogas, lo cual impide que este problema de salud se atienda de forma oportuna y especializada, asever\u00f3 la diputada del Partido Encuentro Solidario Michoac\u00e1n (PES) Luz Mar\u00eda Garc\u00eda.\u00a0Desde la m\u00e1xima tribuna del Congreso del Estado de [&hellip;]<\/p>\n","protected":false},"author":1,"featured_media":12137,"comment_status":"open","ping_status":"closed","sticky":false,"template":"","format":"standard","meta":[],"categories":[23],"tags":[],"yoast_head":"<!-- This site is optimized with the Yoast SEO plugin v17.9 - https:\/\/yoast.com\/wordpress\/plugins\/seo\/ -->\n<title>Urge contar con datos actualizados sobre el consumo de drogas - Reflejo de Michoac\u00e1n<\/title>\n<meta name=\"robots\" content=\"index, follow, max-snippet:-1, max-image-preview:large, max-video-preview:-1\" \/>\n<link rel=\"canonical\" href=\"https:\/\/reflejodemichoacan.com\/index.php\/2023\/06\/29\/urge-contar-con-datos-actualizados-sobre-el-consumo-de-drogas\/\" \/>\n<meta property=\"og:locale\" content=\"es_MX\" \/>\n<meta property=\"og:type\" content=\"article\" \/>\n<meta property=\"og:title\" content=\"Urge contar con datos actualizados sobre el consumo de drogas - Reflejo de Michoac\u00e1n\" \/>\n<meta property=\"og:description\" content=\"Morelia, Michoac\u00e1n a 28 de junio de 2023.*En M\u00e9xico no se cuenta con estad\u00edsticas actuales sobre el consumo de drogas, lo cual impide que este problema de salud se atienda de forma oportuna y especializada, asever\u00f3 la diputada del Partido Encuentro Solidario Michoac\u00e1n (PES) Luz Mar\u00eda Garc\u00eda.\u00a0Desde la m\u00e1xima tribuna del Congreso del Estado de [&hellip;]\" \/>\n<meta property=\"og:url\" content=\"https:\/\/reflejodemichoacan.com\/index.php\/2023\/06\/29\/urge-contar-con-datos-actualizados-sobre-el-consumo-de-drogas\/\" \/>\n<meta property=\"og:site_name\" content=\"Reflejo de Michoac\u00e1n\" \/>\n<meta property=\"article:published_time\" content=\"2023-06-29T01:02:15+00:00\" \/>\n<meta property=\"article:modified_time\" content=\"2023-06-29T01:02:17+00:00\" \/>\n<meta property=\"og:image\" content=\"https:\/\/reflejodemichoacan.com\/wp-content\/uploads\/2023\/06\/urge.jpg\" \/>\n\t<meta property=\"og:image:width\" content=\"1600\" \/>\n\t<meta property=\"og:image:height\" content=\"1069\" \/>\n\t<meta property=\"og:image:type\" content=\"image\/jpeg\" \/>\n<meta name=\"twitter:card\" content=\"summary_large_image\" \/>\n<meta name=\"twitter:label1\" content=\"Escrito por\" \/>\n\t<meta name=\"twitter:data1\" content=\"Aurora\" \/>\n\t<meta name=\"twitter:label2\" content=\"Tiempo de lectura\" \/>\n\t<meta name=\"twitter:data2\" content=\"2 minutos\" \/>\n<script type=\"application\/ld+json\" class=\"yoast-schema-graph\">{\"@context\":\"https:\/\/schema.org\",\"@graph\":[{\"@type\":\"WebSite\",\"@id\":\"https:\/\/reflejodemichoacan.com\/#website\",\"url\":\"https:\/\/reflejodemichoacan.com\/\",\"name\":\"Reflejo de Michoac\\u00e1n\",\"description\":\"Medio de comunicaci\\u00f3n impreso y digital al servicio de la regi\\u00f3n lacustre y Michoac\\u00e1n.\",\"potentialAction\":[{\"@type\":\"SearchAction\",\"target\":{\"@type\":\"EntryPoint\",\"urlTemplate\":\"https:\/\/reflejodemichoacan.com\/?s={search_term_string}\"},\"query-input\":\"required name=search_term_string\"}],\"inLanguage\":\"es-MX\"},{\"@type\":\"ImageObject\",\"@id\":\"https:\/\/reflejodemichoacan.com\/index.php\/2023\/06\/29\/urge-contar-con-datos-actualizados-sobre-el-consumo-de-drogas\/#primaryimage\",\"inLanguage\":\"es-MX\",\"url\":\"https:\/\/reflejodemichoacan.com\/wp-content\/uploads\/2023\/06\/urge.jpg\",\"contentUrl\":\"https:\/\/reflejodemichoacan.com\/wp-content\/uploads\/2023\/06\/urge.jpg\",\"width\":1600,\"height\":1069},{\"@type\":\"WebPage\",\"@id\":\"https:\/\/reflejodemichoacan.com\/index.php\/2023\/06\/29\/urge-contar-con-datos-actualizados-sobre-el-consumo-de-drogas\/#webpage\",\"url\":\"https:\/\/reflejodemichoacan.com\/index.php\/2023\/06\/29\/urge-contar-con-datos-actualizados-sobre-el-consumo-de-drogas\/\",\"name\":\"Urge contar con datos actualizados sobre el consumo de drogas - Reflejo de Michoac\\u00e1n\",\"isPartOf\":{\"@id\":\"https:\/\/reflejodemichoacan.com\/#website\"},\"primaryImageOfPage\":{\"@id\":\"https:\/\/reflejodemichoacan.com\/index.php\/2023\/06\/29\/urge-contar-con-datos-actualizados-sobre-el-consumo-de-drogas\/#primaryimage\"},\"datePublished\":\"2023-06-29T01:02:15+00:00\",\"dateModified\":\"2023-06-29T01:02:17+00:00\",\"author\":{\"@id\":\"https:\/\/reflejodemichoacan.com\/#\/schema\/person\/72d921e8fe99bd6e2e39bcde8995046f\"},\"breadcrumb\":{\"@id\":\"https:\/\/reflejodemichoacan.com\/index.php\/2023\/06\/29\/urge-contar-con-datos-actualizados-sobre-el-consumo-de-drogas\/#breadcrumb\"},\"inLanguage\":\"es-MX\",\"potentialAction\":[{\"@type\":\"ReadAction\",\"target\":[\"https:\/\/reflejodemichoacan.com\/index.php\/2023\/06\/29\/urge-contar-con-datos-actualizados-sobre-el-consumo-de-drogas\/\"]}]},{\"@type\":\"BreadcrumbList\",\"@id\":\"https:\/\/reflejodemichoacan.com\/index.php\/2023\/06\/29\/urge-contar-con-datos-actualizados-sobre-el-consumo-de-drogas\/#breadcrumb\",\"itemListElement\":[{\"@type\":\"ListItem\",\"position\":1,\"name\":\"Inicio\",\"item\":\"https:\/\/reflejodemichoacan.com\/\"},{\"@type\":\"ListItem\",\"position\":2,\"name\":\"Urge contar con datos actualizados sobre el consumo de drogas\"}]},{\"@type\":\"Person\",\"@id\":\"https:\/\/reflejodemichoacan.com\/#\/schema\/person\/72d921e8fe99bd6e2e39bcde8995046f\",\"name\":\"Aurora\",\"image\":{\"@type\":\"ImageObject\",\"@id\":\"https:\/\/reflejodemichoacan.com\/#personlogo\",\"inLanguage\":\"es-MX\",\"url\":\"https:\/\/secure.gravatar.com\/avatar\/df5ceb9b998be27b25dd258a6b4b0a95?s=96&d=mm&r=g\",\"contentUrl\":\"https:\/\/secure.gravatar.com\/avatar\/df5ceb9b998be27b25dd258a6b4b0a95?s=96&d=mm&r=g\",\"caption\":\"Aurora\"},\"sameAs\":[\"http:\/\/reflejodemichoacan.com\"],\"url\":\"https:\/\/reflejodemichoacan.com\/index.php\/author\/rixwm7qvsq\/\"}]}<\/script>\n<!-- \/ Yoast SEO plugin. -->","yoast_head_json":{"title":"Urge contar con datos actualizados sobre el consumo de drogas - Reflejo de Michoac\u00e1n","robots":{"index":"index","follow":"follow","max-snippet":"max-snippet:-1","max-image-preview":"max-image-preview:large","max-video-preview":"max-video-preview:-1"},"canonical":"https:\/\/reflejodemichoacan.com\/index.php\/2023\/06\/29\/urge-contar-con-datos-actualizados-sobre-el-consumo-de-drogas\/","og_locale":"es_MX","og_type":"article","og_title":"Urge contar con datos actualizados sobre el consumo de drogas - Reflejo de Michoac\u00e1n","og_description":"Morelia, Michoac\u00e1n a 28 de junio de 2023.*En M\u00e9xico no se cuenta con estad\u00edsticas actuales sobre el consumo de drogas, lo cual impide que este problema de salud se atienda de forma oportuna y especializada, asever\u00f3 la diputada del Partido Encuentro Solidario Michoac\u00e1n (PES) Luz Mar\u00eda Garc\u00eda.\u00a0Desde la m\u00e1xima tribuna del Congreso del Estado de [&hellip;]","og_url":"https:\/\/reflejodemichoacan.com\/index.php\/2023\/06\/29\/urge-contar-con-datos-actualizados-sobre-el-consumo-de-drogas\/","og_site_name":"Reflejo de Michoac\u00e1n","article_published_time":"2023-06-29T01:02:15+00:00","article_modified_time":"2023-06-29T01:02:17+00:00","og_image":[{"width":1600,"height":1069,"url":"https:\/\/reflejodemichoacan.com\/wp-content\/uploads\/2023\/06\/urge.jpg","type":"image\/jpeg"}],"twitter_card":"summary_large_image","twitter_misc":{"Escrito por":"Aurora","Tiempo de lectura":"2 minutos"},"schema":{"@context":"https:\/\/schema.org","@graph":[{"@type":"WebSite","@id":"https:\/\/reflejodemichoacan.com\/#website","url":"https:\/\/reflejodemichoacan.com\/","name":"Reflejo de Michoac\u00e1n","description":"Medio de comunicaci\u00f3n impreso y digital al servicio de la regi\u00f3n lacustre y Michoac\u00e1n.","potentialAction":[{"@type":"SearchAction","target":{"@type":"EntryPoint","urlTemplate":"https:\/\/reflejodemichoacan.com\/?s={search_term_string}"},"query-input":"required name=search_term_string"}],"inLanguage":"es-MX"},{"@type":"ImageObject","@id":"https:\/\/reflejodemichoacan.com\/index.php\/2023\/06\/29\/urge-contar-con-datos-actualizados-sobre-el-consumo-de-drogas\/#primaryimage","inLanguage":"es-MX","url":"https:\/\/reflejodemichoacan.com\/wp-content\/uploads\/2023\/06\/urge.jpg","contentUrl":"https:\/\/reflejodemichoacan.com\/wp-content\/uploads\/2023\/06\/urge.jpg","width":1600,"height":1069},{"@type":"WebPage","@id":"https:\/\/reflejodemichoacan.com\/index.php\/2023\/06\/29\/urge-contar-con-datos-actualizados-sobre-el-consumo-de-drogas\/#webpage","url":"https:\/\/reflejodemichoacan.com\/index.php\/2023\/06\/29\/urge-contar-con-datos-actualizados-sobre-el-consumo-de-drogas\/","name":"Urge contar con datos actualizados sobre el consumo de drogas - Reflejo de Michoac\u00e1n","isPartOf":{"@id":"https:\/\/reflejodemichoacan.com\/#website"},"primaryImageOfPage":{"@id":"https:\/\/reflejodemichoacan.com\/index.php\/2023\/06\/29\/urge-contar-con-datos-actualizados-sobre-el-consumo-de-drogas\/#primaryimage"},"datePublished":"2023-06-29T01:02:15+00:00","dateModified":"2023-06-29T01:02:17+00:00","author":{"@id":"https:\/\/reflejodemichoacan.com\/#\/schema\/person\/72d921e8fe99bd6e2e39bcde8995046f"},"breadcrumb":{"@id":"https:\/\/reflejodemichoacan.com\/index.php\/2023\/06\/29\/urge-contar-con-datos-actualizados-sobre-el-consumo-de-drogas\/#breadcrumb"},"inLanguage":"es-MX","potentialAction":[{"@type":"ReadAction","target":["https:\/\/reflejodemichoacan.com\/index.php\/2023\/06\/29\/urge-contar-con-datos-actualizados-sobre-el-consumo-de-drogas\/"]}]},{"@type":"BreadcrumbList","@id":"https:\/\/reflejodemichoacan.com\/index.php\/2023\/06\/29\/urge-contar-con-datos-actualizados-sobre-el-consumo-de-drogas\/#breadcrumb","itemListElement":[{"@type":"ListItem","position":1,"name":"Inicio","item":"https:\/\/reflejodemichoacan.com\/"},{"@type":"ListItem","position":2,"name":"Urge contar con datos actualizados sobre el consumo de drogas"}]},{"@type":"Person","@id":"https:\/\/reflejodemichoacan.com\/#\/schema\/person\/72d921e8fe99bd6e2e39bcde8995046f","name":"Aurora","image":{"@type":"ImageObject","@id":"https:\/\/reflejodemichoacan.com\/#personlogo","inLanguage":"es-MX","url":"https:\/\/secure.gravatar.com\/avatar\/df5ceb9b998be27b25dd258a6b4b0a95?s=96&d=mm&r=g","contentUrl":"https:\/\/secure.gravatar.com\/avatar\/df5ceb9b998be27b25dd258a6b4b0a95?s=96&d=mm&r=g","caption":"Aurora"},"sameAs":["http:\/\/reflejodemichoacan.com"],"url":"https:\/\/reflejodemichoacan.com\/index.php\/author\/rixwm7qvsq\/"}]}},"_links":{"self":[{"href":"https:\/\/reflejodemichoacan.com\/index.php\/wp-json\/wp\/v2\/posts\/12136"}],"collection":[{"href":"https:\/\/reflejodemichoacan.com\/index.php\/wp-json\/wp\/v2\/posts"}],"about":[{"href":"https:\/\/reflejodemichoacan.com\/index.php\/wp-json\/wp\/v2\/types\/post"}],"author":[{"embeddable":true,"href":"https:\/\/reflejodemichoacan.com\/index.php\/wp-json\/wp\/v2\/users\/1"}],"replies":[{"embeddable":true,"href":"https:\/\/reflejodemichoacan.com\/index.php\/wp-json\/wp\/v2\/comments?post=12136"}],"version-history":[{"count":1,"href":"https:\/\/reflejodemichoacan.com\/index.php\/wp-json\/wp\/v2\/posts\/12136\/revisions"}],"predecessor-version":[{"id":12138,"href":"https:\/\/reflejodemichoacan.com\/index.php\/wp-json\/wp\/v2\/posts\/12136\/revisions\/12138"}],"wp:featuredmedia":[{"embeddable":true,"href":"https:\/\/reflejodemichoacan.com\/index.php\/wp-json\/wp\/v2\/media\/12137"}],"wp:attachment":[{"href":"https:\/\/reflejodemichoacan.com\/index.php\/wp-json\/wp\/v2\/media?parent=12136"}],"wp:term":[{"taxonomy":"category","embeddable":true,"href":"https:\/\/reflejodemichoacan.com\/index.php\/wp-json\/wp\/v2\/categories?post=12136"},{"taxonomy":"post_tag","embeddable":true,"href":"https:\/\/reflejodemichoacan.com\/index.php\/wp-json\/wp\/v2\/tags?post=12136"}],"curies":[{"name":"wp","href":"https:\/\/api.w.org\/{rel}","templated":true}]}}