{"id":12148,"date":"2023-06-29T01:18:08","date_gmt":"2023-06-29T01:18:08","guid":{"rendered":"https:\/\/reflejodemichoacan.com\/?p=12148"},"modified":"2023-06-29T01:18:10","modified_gmt":"2023-06-29T01:18:10","slug":"gran-expectativa-despierta-la-visita-de-sheinbaum-a-michoacan-destaca-reyes-cosari","status":"publish","type":"post","link":"https:\/\/reflejodemichoacan.com\/index.php\/2023\/06\/29\/gran-expectativa-despierta-la-visita-de-sheinbaum-a-michoacan-destaca-reyes-cosari\/","title":{"rendered":"Gran expectativa despierta la visita de Sheinbaum a Michoac\u00e1n, destaca Reyes Cosari"},"content":{"rendered":"\n<p>Morelia, Mich., a 27 de junio de 2023.- Al ser la que encabeza las encuestas para dirigir los esfuerzos de los Comit\u00e9s en Defensa de la Cuarta Transformaci\u00f3n, en Michoac\u00e1n existe una enorme expectativa para recibir este jueves a Claudia Sheinbaum, quien estar\u00e1 visitando los municipios de L\u00e1zaro C\u00e1rdenas y Morelia.<\/p>\n\n\n\n<p>As\u00ed lo manifest\u00f3 el diputado local, Roberto Reyes Cosari, al destacar que se percibe un buen \u00e1nimo entre los simpatizantes y militantes de Morena y de la ciudadan\u00eda en general para ver y escuchar a la ex jefa de Gobierno de la Ciudad de M\u00e9xico.&nbsp;<\/p>\n\n\n\n<p>Sheinbaum arribar\u00e1 por la ma\u00f1ana del pr\u00f3ximo jueves al puerto L\u00e1zaro C\u00e1rdenas, donde ser\u00e1 recibida en la explanada de la presidencia municipal, lugar caracter\u00edstico para grandes actos pol\u00edticos y culturales de la regi\u00f3n coste\u00f1a.&nbsp;<\/p>\n\n\n\n<p>Por la tarde, detall\u00f3 Reyes Cosari, estar\u00e1 en Morelia a las 6:00 de la tarde en la plaza Valladolid, Centro Hist\u00f3rico, para celebrar una asamblea informativa sobre los logros de la Cuarta transformaci\u00f3n.<\/p>\n\n\n\n<p>Reyes Cosari remarc\u00f3 que en Michoac\u00e1n ser\u00e1 bien recibida Claudia Sheinbaum, ya que durante los recorridos que hemos realizado se percibe el apoyo hacia una mujer congruente y comprometida con el proyecto que encabeza el presidente, Andr\u00e9s Manuel L\u00f3pez Obrador, adem\u00e1s de que realiz\u00f3 una excelente gesti\u00f3n como Jefa de Gobierno.&nbsp;<br>Asimismo, resalt\u00f3, desde hace varios meses Sheinbaum encabeza las preferencias en todas las encuestas serias que se han dado a conocer, y en Michoac\u00e1n aventaja con alrededor de 20 puntos porcentuales a Marcelo Ebrard.<\/p>\n","protected":false},"excerpt":{"rendered":"<p>Morelia, Mich., a 27 de junio de 2023.- Al ser la que encabeza las encuestas para dirigir los esfuerzos de los Comit\u00e9s en Defensa de la Cuarta Transformaci\u00f3n, en Michoac\u00e1n existe una enorme expectativa para recibir este jueves a Claudia Sheinbaum, quien estar\u00e1 visitando los municipios de L\u00e1zaro C\u00e1rdenas y Morelia. As\u00ed lo manifest\u00f3 el [&hellip;]<\/p>\n","protected":false},"author":1,"featured_media":12149,"comment_status":"open","ping_status":"closed","sticky":false,"template":"","format":"standard","meta":[],"categories":[23],"tags":[],"yoast_head":"<!-- This site is optimized with the Yoast SEO plugin v17.9 - https:\/\/yoast.com\/wordpress\/plugins\/seo\/ -->\n<title>Gran expectativa despierta la visita de Sheinbaum a Michoac\u00e1n, destaca Reyes Cosari - Reflejo de Michoac\u00e1n<\/title>\n<meta name=\"robots\" content=\"index, follow, max-snippet:-1, max-image-preview:large, max-video-preview:-1\" \/>\n<link rel=\"canonical\" href=\"https:\/\/reflejodemichoacan.com\/index.php\/2023\/06\/29\/gran-expectativa-despierta-la-visita-de-sheinbaum-a-michoacan-destaca-reyes-cosari\/\" \/>\n<meta property=\"og:locale\" content=\"es_MX\" \/>\n<meta property=\"og:type\" content=\"article\" \/>\n<meta property=\"og:title\" content=\"Gran expectativa despierta la visita de Sheinbaum a Michoac\u00e1n, destaca Reyes Cosari - Reflejo de Michoac\u00e1n\" \/>\n<meta property=\"og:description\" content=\"Morelia, Mich., a 27 de junio de 2023.- Al ser la que encabeza las encuestas para dirigir los esfuerzos de los Comit\u00e9s en Defensa de la Cuarta Transformaci\u00f3n, en Michoac\u00e1n existe una enorme expectativa para recibir este jueves a Claudia Sheinbaum, quien estar\u00e1 visitando los municipios de L\u00e1zaro C\u00e1rdenas y Morelia. As\u00ed lo manifest\u00f3 el [&hellip;]\" \/>\n<meta property=\"og:url\" content=\"https:\/\/reflejodemichoacan.com\/index.php\/2023\/06\/29\/gran-expectativa-despierta-la-visita-de-sheinbaum-a-michoacan-destaca-reyes-cosari\/\" \/>\n<meta property=\"og:site_name\" content=\"Reflejo de Michoac\u00e1n\" \/>\n<meta property=\"article:published_time\" content=\"2023-06-29T01:18:08+00:00\" \/>\n<meta property=\"article:modified_time\" content=\"2023-06-29T01:18:10+00:00\" \/>\n<meta property=\"og:image\" content=\"https:\/\/reflejodemichoacan.com\/wp-content\/uploads\/2023\/06\/gran.jpg\" \/>\n\t<meta property=\"og:image:width\" content=\"1600\" \/>\n\t<meta property=\"og:image:height\" content=\"1115\" \/>\n\t<meta property=\"og:image:type\" content=\"image\/jpeg\" \/>\n<meta name=\"twitter:card\" content=\"summary_large_image\" \/>\n<meta name=\"twitter:label1\" content=\"Escrito por\" \/>\n\t<meta name=\"twitter:data1\" content=\"Aurora\" \/>\n\t<meta name=\"twitter:label2\" content=\"Tiempo de lectura\" \/>\n\t<meta name=\"twitter:data2\" content=\"2 minutos\" \/>\n<script type=\"application\/ld+json\" class=\"yoast-schema-graph\">{\"@context\":\"https:\/\/schema.org\",\"@graph\":[{\"@type\":\"WebSite\",\"@id\":\"https:\/\/reflejodemichoacan.com\/#website\",\"url\":\"https:\/\/reflejodemichoacan.com\/\",\"name\":\"Reflejo de Michoac\\u00e1n\",\"description\":\"Medio de comunicaci\\u00f3n impreso y digital al servicio de la regi\\u00f3n lacustre y Michoac\\u00e1n.\",\"potentialAction\":[{\"@type\":\"SearchAction\",\"target\":{\"@type\":\"EntryPoint\",\"urlTemplate\":\"https:\/\/reflejodemichoacan.com\/?s={search_term_string}\"},\"query-input\":\"required name=search_term_string\"}],\"inLanguage\":\"es-MX\"},{\"@type\":\"ImageObject\",\"@id\":\"https:\/\/reflejodemichoacan.com\/index.php\/2023\/06\/29\/gran-expectativa-despierta-la-visita-de-sheinbaum-a-michoacan-destaca-reyes-cosari\/#primaryimage\",\"inLanguage\":\"es-MX\",\"url\":\"https:\/\/reflejodemichoacan.com\/wp-content\/uploads\/2023\/06\/gran.jpg\",\"contentUrl\":\"https:\/\/reflejodemichoacan.com\/wp-content\/uploads\/2023\/06\/gran.jpg\",\"width\":1600,\"height\":1115},{\"@type\":\"WebPage\",\"@id\":\"https:\/\/reflejodemichoacan.com\/index.php\/2023\/06\/29\/gran-expectativa-despierta-la-visita-de-sheinbaum-a-michoacan-destaca-reyes-cosari\/#webpage\",\"url\":\"https:\/\/reflejodemichoacan.com\/index.php\/2023\/06\/29\/gran-expectativa-despierta-la-visita-de-sheinbaum-a-michoacan-destaca-reyes-cosari\/\",\"name\":\"Gran expectativa despierta la visita de Sheinbaum a Michoac\\u00e1n, destaca Reyes Cosari - Reflejo de Michoac\\u00e1n\",\"isPartOf\":{\"@id\":\"https:\/\/reflejodemichoacan.com\/#website\"},\"primaryImageOfPage\":{\"@id\":\"https:\/\/reflejodemichoacan.com\/index.php\/2023\/06\/29\/gran-expectativa-despierta-la-visita-de-sheinbaum-a-michoacan-destaca-reyes-cosari\/#primaryimage\"},\"datePublished\":\"2023-06-29T01:18:08+00:00\",\"dateModified\":\"2023-06-29T01:18:10+00:00\",\"author\":{\"@id\":\"https:\/\/reflejodemichoacan.com\/#\/schema\/person\/72d921e8fe99bd6e2e39bcde8995046f\"},\"breadcrumb\":{\"@id\":\"https:\/\/reflejodemichoacan.com\/index.php\/2023\/06\/29\/gran-expectativa-despierta-la-visita-de-sheinbaum-a-michoacan-destaca-reyes-cosari\/#breadcrumb\"},\"inLanguage\":\"es-MX\",\"potentialAction\":[{\"@type\":\"ReadAction\",\"target\":[\"https:\/\/reflejodemichoacan.com\/index.php\/2023\/06\/29\/gran-expectativa-despierta-la-visita-de-sheinbaum-a-michoacan-destaca-reyes-cosari\/\"]}]},{\"@type\":\"BreadcrumbList\",\"@id\":\"https:\/\/reflejodemichoacan.com\/index.php\/2023\/06\/29\/gran-expectativa-despierta-la-visita-de-sheinbaum-a-michoacan-destaca-reyes-cosari\/#breadcrumb\",\"itemListElement\":[{\"@type\":\"ListItem\",\"position\":1,\"name\":\"Inicio\",\"item\":\"https:\/\/reflejodemichoacan.com\/\"},{\"@type\":\"ListItem\",\"position\":2,\"name\":\"Gran expectativa despierta la visita de Sheinbaum a Michoac\\u00e1n, destaca Reyes Cosari\"}]},{\"@type\":\"Person\",\"@id\":\"https:\/\/reflejodemichoacan.com\/#\/schema\/person\/72d921e8fe99bd6e2e39bcde8995046f\",\"name\":\"Aurora\",\"image\":{\"@type\":\"ImageObject\",\"@id\":\"https:\/\/reflejodemichoacan.com\/#personlogo\",\"inLanguage\":\"es-MX\",\"url\":\"https:\/\/secure.gravatar.com\/avatar\/df5ceb9b998be27b25dd258a6b4b0a95?s=96&d=mm&r=g\",\"contentUrl\":\"https:\/\/secure.gravatar.com\/avatar\/df5ceb9b998be27b25dd258a6b4b0a95?s=96&d=mm&r=g\",\"caption\":\"Aurora\"},\"sameAs\":[\"http:\/\/reflejodemichoacan.com\"],\"url\":\"https:\/\/reflejodemichoacan.com\/index.php\/author\/rixwm7qvsq\/\"}]}<\/script>\n<!-- \/ Yoast SEO plugin. -->","yoast_head_json":{"title":"Gran expectativa despierta la visita de Sheinbaum a Michoac\u00e1n, destaca Reyes Cosari - Reflejo de Michoac\u00e1n","robots":{"index":"index","follow":"follow","max-snippet":"max-snippet:-1","max-image-preview":"max-image-preview:large","max-video-preview":"max-video-preview:-1"},"canonical":"https:\/\/reflejodemichoacan.com\/index.php\/2023\/06\/29\/gran-expectativa-despierta-la-visita-de-sheinbaum-a-michoacan-destaca-reyes-cosari\/","og_locale":"es_MX","og_type":"article","og_title":"Gran expectativa despierta la visita de Sheinbaum a Michoac\u00e1n, destaca Reyes Cosari - Reflejo de Michoac\u00e1n","og_description":"Morelia, Mich., a 27 de junio de 2023.- Al ser la que encabeza las encuestas para dirigir los esfuerzos de los Comit\u00e9s en Defensa de la Cuarta Transformaci\u00f3n, en Michoac\u00e1n existe una enorme expectativa para recibir este jueves a Claudia Sheinbaum, quien estar\u00e1 visitando los municipios de L\u00e1zaro C\u00e1rdenas y Morelia. As\u00ed lo manifest\u00f3 el [&hellip;]","og_url":"https:\/\/reflejodemichoacan.com\/index.php\/2023\/06\/29\/gran-expectativa-despierta-la-visita-de-sheinbaum-a-michoacan-destaca-reyes-cosari\/","og_site_name":"Reflejo de Michoac\u00e1n","article_published_time":"2023-06-29T01:18:08+00:00","article_modified_time":"2023-06-29T01:18:10+00:00","og_image":[{"width":1600,"height":1115,"url":"https:\/\/reflejodemichoacan.com\/wp-content\/uploads\/2023\/06\/gran.jpg","type":"image\/jpeg"}],"twitter_card":"summary_large_image","twitter_misc":{"Escrito por":"Aurora","Tiempo de lectura":"2 minutos"},"schema":{"@context":"https:\/\/schema.org","@graph":[{"@type":"WebSite","@id":"https:\/\/reflejodemichoacan.com\/#website","url":"https:\/\/reflejodemichoacan.com\/","name":"Reflejo de Michoac\u00e1n","description":"Medio de comunicaci\u00f3n impreso y digital al servicio de la regi\u00f3n lacustre y Michoac\u00e1n.","potentialAction":[{"@type":"SearchAction","target":{"@type":"EntryPoint","urlTemplate":"https:\/\/reflejodemichoacan.com\/?s={search_term_string}"},"query-input":"required name=search_term_string"}],"inLanguage":"es-MX"},{"@type":"ImageObject","@id":"https:\/\/reflejodemichoacan.com\/index.php\/2023\/06\/29\/gran-expectativa-despierta-la-visita-de-sheinbaum-a-michoacan-destaca-reyes-cosari\/#primaryimage","inLanguage":"es-MX","url":"https:\/\/reflejodemichoacan.com\/wp-content\/uploads\/2023\/06\/gran.jpg","contentUrl":"https:\/\/reflejodemichoacan.com\/wp-content\/uploads\/2023\/06\/gran.jpg","width":1600,"height":1115},{"@type":"WebPage","@id":"https:\/\/reflejodemichoacan.com\/index.php\/2023\/06\/29\/gran-expectativa-despierta-la-visita-de-sheinbaum-a-michoacan-destaca-reyes-cosari\/#webpage","url":"https:\/\/reflejodemichoacan.com\/index.php\/2023\/06\/29\/gran-expectativa-despierta-la-visita-de-sheinbaum-a-michoacan-destaca-reyes-cosari\/","name":"Gran expectativa despierta la visita de Sheinbaum a Michoac\u00e1n, destaca Reyes Cosari - Reflejo de Michoac\u00e1n","isPartOf":{"@id":"https:\/\/reflejodemichoacan.com\/#website"},"primaryImageOfPage":{"@id":"https:\/\/reflejodemichoacan.com\/index.php\/2023\/06\/29\/gran-expectativa-despierta-la-visita-de-sheinbaum-a-michoacan-destaca-reyes-cosari\/#primaryimage"},"datePublished":"2023-06-29T01:18:08+00:00","dateModified":"2023-06-29T01:18:10+00:00","author":{"@id":"https:\/\/reflejodemichoacan.com\/#\/schema\/person\/72d921e8fe99bd6e2e39bcde8995046f"},"breadcrumb":{"@id":"https:\/\/reflejodemichoacan.com\/index.php\/2023\/06\/29\/gran-expectativa-despierta-la-visita-de-sheinbaum-a-michoacan-destaca-reyes-cosari\/#breadcrumb"},"inLanguage":"es-MX","potentialAction":[{"@type":"ReadAction","target":["https:\/\/reflejodemichoacan.com\/index.php\/2023\/06\/29\/gran-expectativa-despierta-la-visita-de-sheinbaum-a-michoacan-destaca-reyes-cosari\/"]}]},{"@type":"BreadcrumbList","@id":"https:\/\/reflejodemichoacan.com\/index.php\/2023\/06\/29\/gran-expectativa-despierta-la-visita-de-sheinbaum-a-michoacan-destaca-reyes-cosari\/#breadcrumb","itemListElement":[{"@type":"ListItem","position":1,"name":"Inicio","item":"https:\/\/reflejodemichoacan.com\/"},{"@type":"ListItem","position":2,"name":"Gran expectativa despierta la visita de Sheinbaum a Michoac\u00e1n, destaca Reyes Cosari"}]},{"@type":"Person","@id":"https:\/\/reflejodemichoacan.com\/#\/schema\/person\/72d921e8fe99bd6e2e39bcde8995046f","name":"Aurora","image":{"@type":"ImageObject","@id":"https:\/\/reflejodemichoacan.com\/#personlogo","inLanguage":"es-MX","url":"https:\/\/secure.gravatar.com\/avatar\/df5ceb9b998be27b25dd258a6b4b0a95?s=96&d=mm&r=g","contentUrl":"https:\/\/secure.gravatar.com\/avatar\/df5ceb9b998be27b25dd258a6b4b0a95?s=96&d=mm&r=g","caption":"Aurora"},"sameAs":["http:\/\/reflejodemichoacan.com"],"url":"https:\/\/reflejodemichoacan.com\/index.php\/author\/rixwm7qvsq\/"}]}},"_links":{"self":[{"href":"https:\/\/reflejodemichoacan.com\/index.php\/wp-json\/wp\/v2\/posts\/12148"}],"collection":[{"href":"https:\/\/reflejodemichoacan.com\/index.php\/wp-json\/wp\/v2\/posts"}],"about":[{"href":"https:\/\/reflejodemichoacan.com\/index.php\/wp-json\/wp\/v2\/types\/post"}],"author":[{"embeddable":true,"href":"https:\/\/reflejodemichoacan.com\/index.php\/wp-json\/wp\/v2\/users\/1"}],"replies":[{"embeddable":true,"href":"https:\/\/reflejodemichoacan.com\/index.php\/wp-json\/wp\/v2\/comments?post=12148"}],"version-history":[{"count":1,"href":"https:\/\/reflejodemichoacan.com\/index.php\/wp-json\/wp\/v2\/posts\/12148\/revisions"}],"predecessor-version":[{"id":12150,"href":"https:\/\/reflejodemichoacan.com\/index.php\/wp-json\/wp\/v2\/posts\/12148\/revisions\/12150"}],"wp:featuredmedia":[{"embeddable":true,"href":"https:\/\/reflejodemichoacan.com\/index.php\/wp-json\/wp\/v2\/media\/12149"}],"wp:attachment":[{"href":"https:\/\/reflejodemichoacan.com\/index.php\/wp-json\/wp\/v2\/media?parent=12148"}],"wp:term":[{"taxonomy":"category","embeddable":true,"href":"https:\/\/reflejodemichoacan.com\/index.php\/wp-json\/wp\/v2\/categories?post=12148"},{"taxonomy":"post_tag","embeddable":true,"href":"https:\/\/reflejodemichoacan.com\/index.php\/wp-json\/wp\/v2\/tags?post=12148"}],"curies":[{"name":"wp","href":"https:\/\/api.w.org\/{rel}","templated":true}]}}