{"id":12158,"date":"2023-06-30T20:30:24","date_gmt":"2023-06-30T20:30:24","guid":{"rendered":"https:\/\/reflejodemichoacan.com\/?p=12158"},"modified":"2023-06-30T20:30:27","modified_gmt":"2023-06-30T20:30:27","slug":"cobaem-huiramangaro-elige-a-samanta-flores-como-madrina-de-generacion","status":"publish","type":"post","link":"https:\/\/reflejodemichoacan.com\/index.php\/2023\/06\/30\/cobaem-huiramangaro-elige-a-samanta-flores-como-madrina-de-generacion\/","title":{"rendered":"COBAEM HUIRAMANGARO ELIGE A SAMANTA FLORES COMO MADRINA DE GENERACI\u00d3N."},"content":{"rendered":"\n<p>P\u00e1tzcuaro, Michoac\u00e1n, 30 de junio de 2023.- Al ser elegida por las y los alumnos como madrina de graduaci\u00f3n de la generaci\u00f3n 2022-2023 del Cobaem Plantel Santa Mar\u00eda Huiramangaro, Flores Adame se\u00f1al\u00f3 que enfocar los esfuerzos en mejorar las condiciones de los centros educativos, brindar los materiales, equipos e instalaciones es apostar al desarrollo integral de los j\u00f3venes.\u00a0<br>\u201cEstoy muy contenta por ser la madrina de esta generaci\u00f3n de j\u00f3venes, que tiene todo un futuro pr\u00f3spero por delante. Hoy en esta tierra nos sentimos orgullosos de las y los j\u00f3venes valientes, capaces y talentosos que egresan de esta instituci\u00f3n que tanto les ha dado y a la que hoy le dan ustedes la satisfacci\u00f3n y el orgullo de graduarse.Todos desde nuestra trinchera debemos comprometernos con m\u00e1s responsabilidad y pasi\u00f3n para acercar las condiciones y herramientas necesarias a las generaciones de j\u00f3venes, pues al hacerlo, estaremos abriendo m\u00e1s caminos para que alcancen sus metas y con ello se genere el desarrollo de su comunidad\u201d.\u00a0<br>Ante el alumnado, padres de familia y directivos, la legisladora patzcuarense reconoci\u00f3 la gran labor que hacen los padres de familia para apoyar a sus hijos a seguir con sus estudios y los motiv\u00f3 para seguir haci\u00e9ndolo. As\u00ed como tambi\u00e9n la gran labor de los maestros bajo la direcci\u00f3n de Ver\u00f3nica Campos, quienes han sido importantes formadores de ciudadanos \u00e9ticos, y de bien, se\u00f1al\u00f3.<br>\u201cLa educaci\u00f3n de calidad es fundamental para el progreso de la sociedad, en manos de los j\u00f3venes est\u00e1 nuestro presente y futuro. Apoyemos a estos j\u00f3venes talentosos a la construcci\u00f3n de un mejor Michoac\u00e1n\u201d.\u00a0<br>Flores Adame se\u00f1al\u00f3 que desde el Congreso ha impulsado iniciativas para apoyar y proteger a los j\u00f3venes y lo seguir\u00e1 haciendo de manera imparable; al igual que de manera directa en su distrito, ya que ha visitado y apoyado a escuelas para mejorar las condiciones en las que estudian, siendo COBAEM Huiramangaro una de estas.<\/p>\n","protected":false},"excerpt":{"rendered":"<p>P\u00e1tzcuaro, Michoac\u00e1n, 30 de junio de 2023.- Al ser elegida por las y los alumnos como madrina de graduaci\u00f3n de la generaci\u00f3n 2022-2023 del Cobaem Plantel Santa Mar\u00eda Huiramangaro, Flores Adame se\u00f1al\u00f3 que enfocar los esfuerzos en mejorar las condiciones de los centros educativos, brindar los materiales, equipos e instalaciones es apostar al desarrollo integral [&hellip;]<\/p>\n","protected":false},"author":1,"featured_media":12159,"comment_status":"open","ping_status":"closed","sticky":false,"template":"","format":"standard","meta":[],"categories":[23],"tags":[],"yoast_head":"<!-- This site is optimized with the Yoast SEO plugin v17.9 - https:\/\/yoast.com\/wordpress\/plugins\/seo\/ -->\n<title>COBAEM HUIRAMANGARO ELIGE A SAMANTA FLORES COMO MADRINA DE GENERACI\u00d3N. - Reflejo de Michoac\u00e1n<\/title>\n<meta name=\"robots\" content=\"index, follow, max-snippet:-1, max-image-preview:large, max-video-preview:-1\" \/>\n<link rel=\"canonical\" href=\"https:\/\/reflejodemichoacan.com\/index.php\/2023\/06\/30\/cobaem-huiramangaro-elige-a-samanta-flores-como-madrina-de-generacion\/\" \/>\n<meta property=\"og:locale\" content=\"es_MX\" \/>\n<meta property=\"og:type\" content=\"article\" \/>\n<meta property=\"og:title\" content=\"COBAEM HUIRAMANGARO ELIGE A SAMANTA FLORES COMO MADRINA DE GENERACI\u00d3N. - Reflejo de Michoac\u00e1n\" \/>\n<meta property=\"og:description\" content=\"P\u00e1tzcuaro, Michoac\u00e1n, 30 de junio de 2023.- Al ser elegida por las y los alumnos como madrina de graduaci\u00f3n de la generaci\u00f3n 2022-2023 del Cobaem Plantel Santa Mar\u00eda Huiramangaro, Flores Adame se\u00f1al\u00f3 que enfocar los esfuerzos en mejorar las condiciones de los centros educativos, brindar los materiales, equipos e instalaciones es apostar al desarrollo integral [&hellip;]\" \/>\n<meta property=\"og:url\" content=\"https:\/\/reflejodemichoacan.com\/index.php\/2023\/06\/30\/cobaem-huiramangaro-elige-a-samanta-flores-como-madrina-de-generacion\/\" \/>\n<meta property=\"og:site_name\" content=\"Reflejo de Michoac\u00e1n\" \/>\n<meta property=\"article:published_time\" content=\"2023-06-30T20:30:24+00:00\" \/>\n<meta property=\"article:modified_time\" content=\"2023-06-30T20:30:27+00:00\" \/>\n<meta property=\"og:image\" content=\"https:\/\/reflejodemichoacan.com\/wp-content\/uploads\/2023\/06\/samanta.jpg\" \/>\n\t<meta property=\"og:image:width\" content=\"1024\" \/>\n\t<meta property=\"og:image:height\" content=\"683\" \/>\n\t<meta property=\"og:image:type\" content=\"image\/jpeg\" \/>\n<meta name=\"twitter:card\" content=\"summary_large_image\" \/>\n<meta name=\"twitter:label1\" content=\"Escrito por\" \/>\n\t<meta name=\"twitter:data1\" content=\"Aurora\" \/>\n\t<meta name=\"twitter:label2\" content=\"Tiempo de lectura\" \/>\n\t<meta name=\"twitter:data2\" content=\"2 minutos\" \/>\n<script type=\"application\/ld+json\" class=\"yoast-schema-graph\">{\"@context\":\"https:\/\/schema.org\",\"@graph\":[{\"@type\":\"WebSite\",\"@id\":\"https:\/\/reflejodemichoacan.com\/#website\",\"url\":\"https:\/\/reflejodemichoacan.com\/\",\"name\":\"Reflejo de Michoac\\u00e1n\",\"description\":\"Medio de comunicaci\\u00f3n impreso y digital al servicio de la regi\\u00f3n lacustre y Michoac\\u00e1n.\",\"potentialAction\":[{\"@type\":\"SearchAction\",\"target\":{\"@type\":\"EntryPoint\",\"urlTemplate\":\"https:\/\/reflejodemichoacan.com\/?s={search_term_string}\"},\"query-input\":\"required name=search_term_string\"}],\"inLanguage\":\"es-MX\"},{\"@type\":\"ImageObject\",\"@id\":\"https:\/\/reflejodemichoacan.com\/index.php\/2023\/06\/30\/cobaem-huiramangaro-elige-a-samanta-flores-como-madrina-de-generacion\/#primaryimage\",\"inLanguage\":\"es-MX\",\"url\":\"https:\/\/reflejodemichoacan.com\/wp-content\/uploads\/2023\/06\/samanta.jpg\",\"contentUrl\":\"https:\/\/reflejodemichoacan.com\/wp-content\/uploads\/2023\/06\/samanta.jpg\",\"width\":1024,\"height\":683},{\"@type\":\"WebPage\",\"@id\":\"https:\/\/reflejodemichoacan.com\/index.php\/2023\/06\/30\/cobaem-huiramangaro-elige-a-samanta-flores-como-madrina-de-generacion\/#webpage\",\"url\":\"https:\/\/reflejodemichoacan.com\/index.php\/2023\/06\/30\/cobaem-huiramangaro-elige-a-samanta-flores-como-madrina-de-generacion\/\",\"name\":\"COBAEM HUIRAMANGARO ELIGE A SAMANTA FLORES COMO MADRINA DE GENERACI\\u00d3N. - Reflejo de Michoac\\u00e1n\",\"isPartOf\":{\"@id\":\"https:\/\/reflejodemichoacan.com\/#website\"},\"primaryImageOfPage\":{\"@id\":\"https:\/\/reflejodemichoacan.com\/index.php\/2023\/06\/30\/cobaem-huiramangaro-elige-a-samanta-flores-como-madrina-de-generacion\/#primaryimage\"},\"datePublished\":\"2023-06-30T20:30:24+00:00\",\"dateModified\":\"2023-06-30T20:30:27+00:00\",\"author\":{\"@id\":\"https:\/\/reflejodemichoacan.com\/#\/schema\/person\/72d921e8fe99bd6e2e39bcde8995046f\"},\"breadcrumb\":{\"@id\":\"https:\/\/reflejodemichoacan.com\/index.php\/2023\/06\/30\/cobaem-huiramangaro-elige-a-samanta-flores-como-madrina-de-generacion\/#breadcrumb\"},\"inLanguage\":\"es-MX\",\"potentialAction\":[{\"@type\":\"ReadAction\",\"target\":[\"https:\/\/reflejodemichoacan.com\/index.php\/2023\/06\/30\/cobaem-huiramangaro-elige-a-samanta-flores-como-madrina-de-generacion\/\"]}]},{\"@type\":\"BreadcrumbList\",\"@id\":\"https:\/\/reflejodemichoacan.com\/index.php\/2023\/06\/30\/cobaem-huiramangaro-elige-a-samanta-flores-como-madrina-de-generacion\/#breadcrumb\",\"itemListElement\":[{\"@type\":\"ListItem\",\"position\":1,\"name\":\"Inicio\",\"item\":\"https:\/\/reflejodemichoacan.com\/\"},{\"@type\":\"ListItem\",\"position\":2,\"name\":\"COBAEM HUIRAMANGARO ELIGE A SAMANTA FLORES COMO MADRINA DE GENERACI\\u00d3N.\"}]},{\"@type\":\"Person\",\"@id\":\"https:\/\/reflejodemichoacan.com\/#\/schema\/person\/72d921e8fe99bd6e2e39bcde8995046f\",\"name\":\"Aurora\",\"image\":{\"@type\":\"ImageObject\",\"@id\":\"https:\/\/reflejodemichoacan.com\/#personlogo\",\"inLanguage\":\"es-MX\",\"url\":\"https:\/\/secure.gravatar.com\/avatar\/df5ceb9b998be27b25dd258a6b4b0a95?s=96&d=mm&r=g\",\"contentUrl\":\"https:\/\/secure.gravatar.com\/avatar\/df5ceb9b998be27b25dd258a6b4b0a95?s=96&d=mm&r=g\",\"caption\":\"Aurora\"},\"sameAs\":[\"http:\/\/reflejodemichoacan.com\"],\"url\":\"https:\/\/reflejodemichoacan.com\/index.php\/author\/rixwm7qvsq\/\"}]}<\/script>\n<!-- \/ Yoast SEO plugin. -->","yoast_head_json":{"title":"COBAEM HUIRAMANGARO ELIGE A SAMANTA FLORES COMO MADRINA DE GENERACI\u00d3N. - Reflejo de Michoac\u00e1n","robots":{"index":"index","follow":"follow","max-snippet":"max-snippet:-1","max-image-preview":"max-image-preview:large","max-video-preview":"max-video-preview:-1"},"canonical":"https:\/\/reflejodemichoacan.com\/index.php\/2023\/06\/30\/cobaem-huiramangaro-elige-a-samanta-flores-como-madrina-de-generacion\/","og_locale":"es_MX","og_type":"article","og_title":"COBAEM HUIRAMANGARO ELIGE A SAMANTA FLORES COMO MADRINA DE GENERACI\u00d3N. - Reflejo de Michoac\u00e1n","og_description":"P\u00e1tzcuaro, Michoac\u00e1n, 30 de junio de 2023.- Al ser elegida por las y los alumnos como madrina de graduaci\u00f3n de la generaci\u00f3n 2022-2023 del Cobaem Plantel Santa Mar\u00eda Huiramangaro, Flores Adame se\u00f1al\u00f3 que enfocar los esfuerzos en mejorar las condiciones de los centros educativos, brindar los materiales, equipos e instalaciones es apostar al desarrollo integral [&hellip;]","og_url":"https:\/\/reflejodemichoacan.com\/index.php\/2023\/06\/30\/cobaem-huiramangaro-elige-a-samanta-flores-como-madrina-de-generacion\/","og_site_name":"Reflejo de Michoac\u00e1n","article_published_time":"2023-06-30T20:30:24+00:00","article_modified_time":"2023-06-30T20:30:27+00:00","og_image":[{"width":1024,"height":683,"url":"https:\/\/reflejodemichoacan.com\/wp-content\/uploads\/2023\/06\/samanta.jpg","type":"image\/jpeg"}],"twitter_card":"summary_large_image","twitter_misc":{"Escrito por":"Aurora","Tiempo de lectura":"2 minutos"},"schema":{"@context":"https:\/\/schema.org","@graph":[{"@type":"WebSite","@id":"https:\/\/reflejodemichoacan.com\/#website","url":"https:\/\/reflejodemichoacan.com\/","name":"Reflejo de Michoac\u00e1n","description":"Medio de comunicaci\u00f3n impreso y digital al servicio de la regi\u00f3n lacustre y Michoac\u00e1n.","potentialAction":[{"@type":"SearchAction","target":{"@type":"EntryPoint","urlTemplate":"https:\/\/reflejodemichoacan.com\/?s={search_term_string}"},"query-input":"required name=search_term_string"}],"inLanguage":"es-MX"},{"@type":"ImageObject","@id":"https:\/\/reflejodemichoacan.com\/index.php\/2023\/06\/30\/cobaem-huiramangaro-elige-a-samanta-flores-como-madrina-de-generacion\/#primaryimage","inLanguage":"es-MX","url":"https:\/\/reflejodemichoacan.com\/wp-content\/uploads\/2023\/06\/samanta.jpg","contentUrl":"https:\/\/reflejodemichoacan.com\/wp-content\/uploads\/2023\/06\/samanta.jpg","width":1024,"height":683},{"@type":"WebPage","@id":"https:\/\/reflejodemichoacan.com\/index.php\/2023\/06\/30\/cobaem-huiramangaro-elige-a-samanta-flores-como-madrina-de-generacion\/#webpage","url":"https:\/\/reflejodemichoacan.com\/index.php\/2023\/06\/30\/cobaem-huiramangaro-elige-a-samanta-flores-como-madrina-de-generacion\/","name":"COBAEM HUIRAMANGARO ELIGE A SAMANTA FLORES COMO MADRINA DE GENERACI\u00d3N. - Reflejo de Michoac\u00e1n","isPartOf":{"@id":"https:\/\/reflejodemichoacan.com\/#website"},"primaryImageOfPage":{"@id":"https:\/\/reflejodemichoacan.com\/index.php\/2023\/06\/30\/cobaem-huiramangaro-elige-a-samanta-flores-como-madrina-de-generacion\/#primaryimage"},"datePublished":"2023-06-30T20:30:24+00:00","dateModified":"2023-06-30T20:30:27+00:00","author":{"@id":"https:\/\/reflejodemichoacan.com\/#\/schema\/person\/72d921e8fe99bd6e2e39bcde8995046f"},"breadcrumb":{"@id":"https:\/\/reflejodemichoacan.com\/index.php\/2023\/06\/30\/cobaem-huiramangaro-elige-a-samanta-flores-como-madrina-de-generacion\/#breadcrumb"},"inLanguage":"es-MX","potentialAction":[{"@type":"ReadAction","target":["https:\/\/reflejodemichoacan.com\/index.php\/2023\/06\/30\/cobaem-huiramangaro-elige-a-samanta-flores-como-madrina-de-generacion\/"]}]},{"@type":"BreadcrumbList","@id":"https:\/\/reflejodemichoacan.com\/index.php\/2023\/06\/30\/cobaem-huiramangaro-elige-a-samanta-flores-como-madrina-de-generacion\/#breadcrumb","itemListElement":[{"@type":"ListItem","position":1,"name":"Inicio","item":"https:\/\/reflejodemichoacan.com\/"},{"@type":"ListItem","position":2,"name":"COBAEM HUIRAMANGARO ELIGE A SAMANTA FLORES COMO MADRINA DE GENERACI\u00d3N."}]},{"@type":"Person","@id":"https:\/\/reflejodemichoacan.com\/#\/schema\/person\/72d921e8fe99bd6e2e39bcde8995046f","name":"Aurora","image":{"@type":"ImageObject","@id":"https:\/\/reflejodemichoacan.com\/#personlogo","inLanguage":"es-MX","url":"https:\/\/secure.gravatar.com\/avatar\/df5ceb9b998be27b25dd258a6b4b0a95?s=96&d=mm&r=g","contentUrl":"https:\/\/secure.gravatar.com\/avatar\/df5ceb9b998be27b25dd258a6b4b0a95?s=96&d=mm&r=g","caption":"Aurora"},"sameAs":["http:\/\/reflejodemichoacan.com"],"url":"https:\/\/reflejodemichoacan.com\/index.php\/author\/rixwm7qvsq\/"}]}},"_links":{"self":[{"href":"https:\/\/reflejodemichoacan.com\/index.php\/wp-json\/wp\/v2\/posts\/12158"}],"collection":[{"href":"https:\/\/reflejodemichoacan.com\/index.php\/wp-json\/wp\/v2\/posts"}],"about":[{"href":"https:\/\/reflejodemichoacan.com\/index.php\/wp-json\/wp\/v2\/types\/post"}],"author":[{"embeddable":true,"href":"https:\/\/reflejodemichoacan.com\/index.php\/wp-json\/wp\/v2\/users\/1"}],"replies":[{"embeddable":true,"href":"https:\/\/reflejodemichoacan.com\/index.php\/wp-json\/wp\/v2\/comments?post=12158"}],"version-history":[{"count":1,"href":"https:\/\/reflejodemichoacan.com\/index.php\/wp-json\/wp\/v2\/posts\/12158\/revisions"}],"predecessor-version":[{"id":12160,"href":"https:\/\/reflejodemichoacan.com\/index.php\/wp-json\/wp\/v2\/posts\/12158\/revisions\/12160"}],"wp:featuredmedia":[{"embeddable":true,"href":"https:\/\/reflejodemichoacan.com\/index.php\/wp-json\/wp\/v2\/media\/12159"}],"wp:attachment":[{"href":"https:\/\/reflejodemichoacan.com\/index.php\/wp-json\/wp\/v2\/media?parent=12158"}],"wp:term":[{"taxonomy":"category","embeddable":true,"href":"https:\/\/reflejodemichoacan.com\/index.php\/wp-json\/wp\/v2\/categories?post=12158"},{"taxonomy":"post_tag","embeddable":true,"href":"https:\/\/reflejodemichoacan.com\/index.php\/wp-json\/wp\/v2\/tags?post=12158"}],"curies":[{"name":"wp","href":"https:\/\/api.w.org\/{rel}","templated":true}]}}