{"id":12180,"date":"2023-07-01T01:03:56","date_gmt":"2023-07-01T01:03:56","guid":{"rendered":"https:\/\/reflejodemichoacan.com\/?p=12180"},"modified":"2023-07-01T01:03:58","modified_gmt":"2023-07-01T01:03:58","slug":"reyes-cosari-se-pronuncia-por-impulsar-cooperativas-como-alternativa-de-desarrollo-social","status":"publish","type":"post","link":"https:\/\/reflejodemichoacan.com\/index.php\/2023\/07\/01\/reyes-cosari-se-pronuncia-por-impulsar-cooperativas-como-alternativa-de-desarrollo-social\/","title":{"rendered":"Reyes Cosari se pronuncia por impulsar cooperativas como alternativa de desarrollo social"},"content":{"rendered":"\n<p>Morelia, Michoac\u00e1n, 30 de junio de 2023.- La promoci\u00f3n de las cooperativas debe ser una pol\u00edtica p\u00fablica que impulse de forma decidida la conformaci\u00f3n de este tipo de emprendimientos sociales, como alternativa para generar fuentes de empleo y promover los valores de la solidaridad, el bien com\u00fan y la organizaci\u00f3n comunitaria, enfatiz\u00f3 el diputado local, Roberto Reyes Cosari.\u00a0<br>En el marco del D\u00eda Internacional de las Cooperativas que se celebra este 1 de julio, Reyes Cosari record\u00f3 que en febrero pasado present\u00f3 ante el pleno legislativo una iniciativa que busca expedir la Ley de la Econom\u00eda Social y Solidaria del Estado de Michoac\u00e1n de Ocampo.<br>Tal dicha iniciativa, remarc\u00f3, pretende impulsar las sociedades cooperativas y otras empresas sociales para generar econom\u00edas en aquellas regiones del estado donde abunda el desempleo, la desigualdad social y el abandono de las pol\u00edticas p\u00fablicas.\u00a0<br>En Michoac\u00e1n es necesario fortalecer aquellas organizaciones productivas que buscan el bienestar colectivo, como es la naturaleza de los principios y valores en que se basa el cooperativismo universal, indic\u00f3 Reyes Cosari.<br>La filosof\u00eda y la pr\u00e1ctica cooperativa son la ant\u00edtesis de los valores asociados al modelo neoliberal (individualismo, consumismo, competencia desenfrenada, entre otros), por lo que las cooperativas son fuente de una nueva sociedad m\u00e1s igualitaria y justa, enfatiz\u00f3.<br>En ese sentido, un gobierno de izquierda debe establecer las normas y las pol\u00edticas para promover los emprendimientos sociales, y as\u00ed lograr mejores condiciones de vida para numerosas familias que hoy viven agobiadas por un sistema econ\u00f3mico injusto, que deja en segundo plano las necesidades m\u00e1s b\u00e1sicas de las personas, finaliz\u00f3 Reyes Cosari.<\/p>\n","protected":false},"excerpt":{"rendered":"<p>Morelia, Michoac\u00e1n, 30 de junio de 2023.- La promoci\u00f3n de las cooperativas debe ser una pol\u00edtica p\u00fablica que impulse de forma decidida la conformaci\u00f3n de este tipo de emprendimientos sociales, como alternativa para generar fuentes de empleo y promover los valores de la solidaridad, el bien com\u00fan y la organizaci\u00f3n comunitaria, enfatiz\u00f3 el diputado local, [&hellip;]<\/p>\n","protected":false},"author":1,"featured_media":12181,"comment_status":"open","ping_status":"closed","sticky":false,"template":"","format":"standard","meta":[],"categories":[23],"tags":[],"yoast_head":"<!-- This site is optimized with the Yoast SEO plugin v17.9 - https:\/\/yoast.com\/wordpress\/plugins\/seo\/ -->\n<title>Reyes Cosari se pronuncia por impulsar cooperativas como alternativa de desarrollo social - Reflejo de Michoac\u00e1n<\/title>\n<meta name=\"robots\" content=\"index, follow, max-snippet:-1, max-image-preview:large, max-video-preview:-1\" \/>\n<link rel=\"canonical\" href=\"https:\/\/reflejodemichoacan.com\/index.php\/2023\/07\/01\/reyes-cosari-se-pronuncia-por-impulsar-cooperativas-como-alternativa-de-desarrollo-social\/\" \/>\n<meta property=\"og:locale\" content=\"es_MX\" \/>\n<meta property=\"og:type\" content=\"article\" \/>\n<meta property=\"og:title\" content=\"Reyes Cosari se pronuncia por impulsar cooperativas como alternativa de desarrollo social - Reflejo de Michoac\u00e1n\" \/>\n<meta property=\"og:description\" content=\"Morelia, Michoac\u00e1n, 30 de junio de 2023.- La promoci\u00f3n de las cooperativas debe ser una pol\u00edtica p\u00fablica que impulse de forma decidida la conformaci\u00f3n de este tipo de emprendimientos sociales, como alternativa para generar fuentes de empleo y promover los valores de la solidaridad, el bien com\u00fan y la organizaci\u00f3n comunitaria, enfatiz\u00f3 el diputado local, [&hellip;]\" \/>\n<meta property=\"og:url\" content=\"https:\/\/reflejodemichoacan.com\/index.php\/2023\/07\/01\/reyes-cosari-se-pronuncia-por-impulsar-cooperativas-como-alternativa-de-desarrollo-social\/\" \/>\n<meta property=\"og:site_name\" content=\"Reflejo de Michoac\u00e1n\" \/>\n<meta property=\"article:published_time\" content=\"2023-07-01T01:03:56+00:00\" \/>\n<meta property=\"article:modified_time\" content=\"2023-07-01T01:03:58+00:00\" \/>\n<meta property=\"og:image\" content=\"https:\/\/reflejodemichoacan.com\/wp-content\/uploads\/2023\/07\/reyes.jpg\" \/>\n\t<meta property=\"og:image:width\" content=\"1562\" \/>\n\t<meta property=\"og:image:height\" content=\"1127\" \/>\n\t<meta property=\"og:image:type\" content=\"image\/jpeg\" \/>\n<meta name=\"twitter:card\" content=\"summary_large_image\" \/>\n<meta name=\"twitter:label1\" content=\"Escrito por\" \/>\n\t<meta name=\"twitter:data1\" content=\"Aurora\" \/>\n\t<meta name=\"twitter:label2\" content=\"Tiempo de lectura\" \/>\n\t<meta name=\"twitter:data2\" content=\"2 minutos\" \/>\n<script type=\"application\/ld+json\" class=\"yoast-schema-graph\">{\"@context\":\"https:\/\/schema.org\",\"@graph\":[{\"@type\":\"WebSite\",\"@id\":\"https:\/\/reflejodemichoacan.com\/#website\",\"url\":\"https:\/\/reflejodemichoacan.com\/\",\"name\":\"Reflejo de Michoac\\u00e1n\",\"description\":\"Medio de comunicaci\\u00f3n impreso y digital al servicio de la regi\\u00f3n lacustre y Michoac\\u00e1n.\",\"potentialAction\":[{\"@type\":\"SearchAction\",\"target\":{\"@type\":\"EntryPoint\",\"urlTemplate\":\"https:\/\/reflejodemichoacan.com\/?s={search_term_string}\"},\"query-input\":\"required name=search_term_string\"}],\"inLanguage\":\"es-MX\"},{\"@type\":\"ImageObject\",\"@id\":\"https:\/\/reflejodemichoacan.com\/index.php\/2023\/07\/01\/reyes-cosari-se-pronuncia-por-impulsar-cooperativas-como-alternativa-de-desarrollo-social\/#primaryimage\",\"inLanguage\":\"es-MX\",\"url\":\"https:\/\/reflejodemichoacan.com\/wp-content\/uploads\/2023\/07\/reyes.jpg\",\"contentUrl\":\"https:\/\/reflejodemichoacan.com\/wp-content\/uploads\/2023\/07\/reyes.jpg\",\"width\":1562,\"height\":1127},{\"@type\":\"WebPage\",\"@id\":\"https:\/\/reflejodemichoacan.com\/index.php\/2023\/07\/01\/reyes-cosari-se-pronuncia-por-impulsar-cooperativas-como-alternativa-de-desarrollo-social\/#webpage\",\"url\":\"https:\/\/reflejodemichoacan.com\/index.php\/2023\/07\/01\/reyes-cosari-se-pronuncia-por-impulsar-cooperativas-como-alternativa-de-desarrollo-social\/\",\"name\":\"Reyes Cosari se pronuncia por impulsar cooperativas como alternativa de desarrollo social - Reflejo de Michoac\\u00e1n\",\"isPartOf\":{\"@id\":\"https:\/\/reflejodemichoacan.com\/#website\"},\"primaryImageOfPage\":{\"@id\":\"https:\/\/reflejodemichoacan.com\/index.php\/2023\/07\/01\/reyes-cosari-se-pronuncia-por-impulsar-cooperativas-como-alternativa-de-desarrollo-social\/#primaryimage\"},\"datePublished\":\"2023-07-01T01:03:56+00:00\",\"dateModified\":\"2023-07-01T01:03:58+00:00\",\"author\":{\"@id\":\"https:\/\/reflejodemichoacan.com\/#\/schema\/person\/72d921e8fe99bd6e2e39bcde8995046f\"},\"breadcrumb\":{\"@id\":\"https:\/\/reflejodemichoacan.com\/index.php\/2023\/07\/01\/reyes-cosari-se-pronuncia-por-impulsar-cooperativas-como-alternativa-de-desarrollo-social\/#breadcrumb\"},\"inLanguage\":\"es-MX\",\"potentialAction\":[{\"@type\":\"ReadAction\",\"target\":[\"https:\/\/reflejodemichoacan.com\/index.php\/2023\/07\/01\/reyes-cosari-se-pronuncia-por-impulsar-cooperativas-como-alternativa-de-desarrollo-social\/\"]}]},{\"@type\":\"BreadcrumbList\",\"@id\":\"https:\/\/reflejodemichoacan.com\/index.php\/2023\/07\/01\/reyes-cosari-se-pronuncia-por-impulsar-cooperativas-como-alternativa-de-desarrollo-social\/#breadcrumb\",\"itemListElement\":[{\"@type\":\"ListItem\",\"position\":1,\"name\":\"Inicio\",\"item\":\"https:\/\/reflejodemichoacan.com\/\"},{\"@type\":\"ListItem\",\"position\":2,\"name\":\"Reyes Cosari se pronuncia por impulsar cooperativas como alternativa de desarrollo social\"}]},{\"@type\":\"Person\",\"@id\":\"https:\/\/reflejodemichoacan.com\/#\/schema\/person\/72d921e8fe99bd6e2e39bcde8995046f\",\"name\":\"Aurora\",\"image\":{\"@type\":\"ImageObject\",\"@id\":\"https:\/\/reflejodemichoacan.com\/#personlogo\",\"inLanguage\":\"es-MX\",\"url\":\"https:\/\/secure.gravatar.com\/avatar\/df5ceb9b998be27b25dd258a6b4b0a95?s=96&d=mm&r=g\",\"contentUrl\":\"https:\/\/secure.gravatar.com\/avatar\/df5ceb9b998be27b25dd258a6b4b0a95?s=96&d=mm&r=g\",\"caption\":\"Aurora\"},\"sameAs\":[\"http:\/\/reflejodemichoacan.com\"],\"url\":\"https:\/\/reflejodemichoacan.com\/index.php\/author\/rixwm7qvsq\/\"}]}<\/script>\n<!-- \/ Yoast SEO plugin. -->","yoast_head_json":{"title":"Reyes Cosari se pronuncia por impulsar cooperativas como alternativa de desarrollo social - Reflejo de Michoac\u00e1n","robots":{"index":"index","follow":"follow","max-snippet":"max-snippet:-1","max-image-preview":"max-image-preview:large","max-video-preview":"max-video-preview:-1"},"canonical":"https:\/\/reflejodemichoacan.com\/index.php\/2023\/07\/01\/reyes-cosari-se-pronuncia-por-impulsar-cooperativas-como-alternativa-de-desarrollo-social\/","og_locale":"es_MX","og_type":"article","og_title":"Reyes Cosari se pronuncia por impulsar cooperativas como alternativa de desarrollo social - Reflejo de Michoac\u00e1n","og_description":"Morelia, Michoac\u00e1n, 30 de junio de 2023.- La promoci\u00f3n de las cooperativas debe ser una pol\u00edtica p\u00fablica que impulse de forma decidida la conformaci\u00f3n de este tipo de emprendimientos sociales, como alternativa para generar fuentes de empleo y promover los valores de la solidaridad, el bien com\u00fan y la organizaci\u00f3n comunitaria, enfatiz\u00f3 el diputado local, [&hellip;]","og_url":"https:\/\/reflejodemichoacan.com\/index.php\/2023\/07\/01\/reyes-cosari-se-pronuncia-por-impulsar-cooperativas-como-alternativa-de-desarrollo-social\/","og_site_name":"Reflejo de Michoac\u00e1n","article_published_time":"2023-07-01T01:03:56+00:00","article_modified_time":"2023-07-01T01:03:58+00:00","og_image":[{"width":1562,"height":1127,"url":"https:\/\/reflejodemichoacan.com\/wp-content\/uploads\/2023\/07\/reyes.jpg","type":"image\/jpeg"}],"twitter_card":"summary_large_image","twitter_misc":{"Escrito por":"Aurora","Tiempo de lectura":"2 minutos"},"schema":{"@context":"https:\/\/schema.org","@graph":[{"@type":"WebSite","@id":"https:\/\/reflejodemichoacan.com\/#website","url":"https:\/\/reflejodemichoacan.com\/","name":"Reflejo de Michoac\u00e1n","description":"Medio de comunicaci\u00f3n impreso y digital al servicio de la regi\u00f3n lacustre y Michoac\u00e1n.","potentialAction":[{"@type":"SearchAction","target":{"@type":"EntryPoint","urlTemplate":"https:\/\/reflejodemichoacan.com\/?s={search_term_string}"},"query-input":"required name=search_term_string"}],"inLanguage":"es-MX"},{"@type":"ImageObject","@id":"https:\/\/reflejodemichoacan.com\/index.php\/2023\/07\/01\/reyes-cosari-se-pronuncia-por-impulsar-cooperativas-como-alternativa-de-desarrollo-social\/#primaryimage","inLanguage":"es-MX","url":"https:\/\/reflejodemichoacan.com\/wp-content\/uploads\/2023\/07\/reyes.jpg","contentUrl":"https:\/\/reflejodemichoacan.com\/wp-content\/uploads\/2023\/07\/reyes.jpg","width":1562,"height":1127},{"@type":"WebPage","@id":"https:\/\/reflejodemichoacan.com\/index.php\/2023\/07\/01\/reyes-cosari-se-pronuncia-por-impulsar-cooperativas-como-alternativa-de-desarrollo-social\/#webpage","url":"https:\/\/reflejodemichoacan.com\/index.php\/2023\/07\/01\/reyes-cosari-se-pronuncia-por-impulsar-cooperativas-como-alternativa-de-desarrollo-social\/","name":"Reyes Cosari se pronuncia por impulsar cooperativas como alternativa de desarrollo social - Reflejo de Michoac\u00e1n","isPartOf":{"@id":"https:\/\/reflejodemichoacan.com\/#website"},"primaryImageOfPage":{"@id":"https:\/\/reflejodemichoacan.com\/index.php\/2023\/07\/01\/reyes-cosari-se-pronuncia-por-impulsar-cooperativas-como-alternativa-de-desarrollo-social\/#primaryimage"},"datePublished":"2023-07-01T01:03:56+00:00","dateModified":"2023-07-01T01:03:58+00:00","author":{"@id":"https:\/\/reflejodemichoacan.com\/#\/schema\/person\/72d921e8fe99bd6e2e39bcde8995046f"},"breadcrumb":{"@id":"https:\/\/reflejodemichoacan.com\/index.php\/2023\/07\/01\/reyes-cosari-se-pronuncia-por-impulsar-cooperativas-como-alternativa-de-desarrollo-social\/#breadcrumb"},"inLanguage":"es-MX","potentialAction":[{"@type":"ReadAction","target":["https:\/\/reflejodemichoacan.com\/index.php\/2023\/07\/01\/reyes-cosari-se-pronuncia-por-impulsar-cooperativas-como-alternativa-de-desarrollo-social\/"]}]},{"@type":"BreadcrumbList","@id":"https:\/\/reflejodemichoacan.com\/index.php\/2023\/07\/01\/reyes-cosari-se-pronuncia-por-impulsar-cooperativas-como-alternativa-de-desarrollo-social\/#breadcrumb","itemListElement":[{"@type":"ListItem","position":1,"name":"Inicio","item":"https:\/\/reflejodemichoacan.com\/"},{"@type":"ListItem","position":2,"name":"Reyes Cosari se pronuncia por impulsar cooperativas como alternativa de desarrollo social"}]},{"@type":"Person","@id":"https:\/\/reflejodemichoacan.com\/#\/schema\/person\/72d921e8fe99bd6e2e39bcde8995046f","name":"Aurora","image":{"@type":"ImageObject","@id":"https:\/\/reflejodemichoacan.com\/#personlogo","inLanguage":"es-MX","url":"https:\/\/secure.gravatar.com\/avatar\/df5ceb9b998be27b25dd258a6b4b0a95?s=96&d=mm&r=g","contentUrl":"https:\/\/secure.gravatar.com\/avatar\/df5ceb9b998be27b25dd258a6b4b0a95?s=96&d=mm&r=g","caption":"Aurora"},"sameAs":["http:\/\/reflejodemichoacan.com"],"url":"https:\/\/reflejodemichoacan.com\/index.php\/author\/rixwm7qvsq\/"}]}},"_links":{"self":[{"href":"https:\/\/reflejodemichoacan.com\/index.php\/wp-json\/wp\/v2\/posts\/12180"}],"collection":[{"href":"https:\/\/reflejodemichoacan.com\/index.php\/wp-json\/wp\/v2\/posts"}],"about":[{"href":"https:\/\/reflejodemichoacan.com\/index.php\/wp-json\/wp\/v2\/types\/post"}],"author":[{"embeddable":true,"href":"https:\/\/reflejodemichoacan.com\/index.php\/wp-json\/wp\/v2\/users\/1"}],"replies":[{"embeddable":true,"href":"https:\/\/reflejodemichoacan.com\/index.php\/wp-json\/wp\/v2\/comments?post=12180"}],"version-history":[{"count":1,"href":"https:\/\/reflejodemichoacan.com\/index.php\/wp-json\/wp\/v2\/posts\/12180\/revisions"}],"predecessor-version":[{"id":12182,"href":"https:\/\/reflejodemichoacan.com\/index.php\/wp-json\/wp\/v2\/posts\/12180\/revisions\/12182"}],"wp:featuredmedia":[{"embeddable":true,"href":"https:\/\/reflejodemichoacan.com\/index.php\/wp-json\/wp\/v2\/media\/12181"}],"wp:attachment":[{"href":"https:\/\/reflejodemichoacan.com\/index.php\/wp-json\/wp\/v2\/media?parent=12180"}],"wp:term":[{"taxonomy":"category","embeddable":true,"href":"https:\/\/reflejodemichoacan.com\/index.php\/wp-json\/wp\/v2\/categories?post=12180"},{"taxonomy":"post_tag","embeddable":true,"href":"https:\/\/reflejodemichoacan.com\/index.php\/wp-json\/wp\/v2\/tags?post=12180"}],"curies":[{"name":"wp","href":"https:\/\/api.w.org\/{rel}","templated":true}]}}