{"id":12207,"date":"2023-07-04T00:47:17","date_gmt":"2023-07-04T00:47:17","guid":{"rendered":"https:\/\/reflejodemichoacan.com\/?p=12207"},"modified":"2023-07-04T00:47:20","modified_gmt":"2023-07-04T00:47:20","slug":"congreso-de-michoacan-aliado-en-las-causas-de-las-mujeres-erendira-isauro","status":"publish","type":"post","link":"https:\/\/reflejodemichoacan.com\/index.php\/2023\/07\/04\/congreso-de-michoacan-aliado-en-las-causas-de-las-mujeres-erendira-isauro\/","title":{"rendered":"Congreso de Michoac\u00e1n aliado en las causas de las mujeres; Erendira Isauro"},"content":{"rendered":"\n<p>Morelia, Mich.; a 3 de julio de 2023.- Es tiempo de las mujeres y la 75 Legislatura ser\u00e1 su aliado para que tengan\u00a0 presencia en los espacios p\u00fablicos y de toma de decisiones, afirm\u00f3 la vicepresidenta del Congreso del Estado de Michoac\u00e1n, la diputada, Erendira Isauro Hern\u00e1ndez, al asistir al Encuentro Estatal de las Instancias de las Mujeres.<br>Durante el encuentro organizado por Secretar\u00eda de Igualdad Sustantiva y Desarrollo de las Mujeres Michoacanas, la diputada se\u00f1al\u00f3 que no se puede transformar a nuestro\u00a0 pa\u00eds sin la visi\u00f3n de la mujer. &#8220;Es nuestro tiempo y en un pa\u00eds que busca equidad, no se puede dar la transformaci\u00f3n sin la presencia de la mujer, porque seguro es que alg\u00fan d\u00eda muchas m\u00e1s mujeres encabezar\u00e1n el destino de comunidades, del municipio, de nuestro estado y porque no decirlo de nuestro querido M\u00e9xico&#8221;, indic\u00f3.<br>Al asistir en\u00a0 representaci\u00f3n del Congreso del Estado de Michoac\u00e1n, la legisladora se\u00f1al\u00f3 que en la 75 Legislatura se ha caracterizado por su integraci\u00f3n y por primera vez en su historia la conforman en su mayor\u00eda mujeres y marca un precedente, donde las mujeres est\u00e1n ganando d\u00eda a d\u00eda m\u00e1s espacios en los \u00f3rganos de gobierno.<br>Agreg\u00f3 que ha sido un proceso largo y complejo deconstruir y reconocer en las mujeres su capacidad y empoderamiento, pero conforme se han desarrollado los trabajos se ha avanzado, se ha logrado recuperar esos espacios de direcci\u00f3n para ser encabezados por mujeres, un claro ejemplo es el Congreso.<br>&#8220;La Junta de Coordinaci\u00f3n Pol\u00edtica la preside una mujer y la presidencia de la Mesa Directiva es una mujer,\u00a0 la Secretar\u00eda de Finanzas del Congreso del Estado, solo por mencionar algunos de los espacios del Poder Legislativo&#8221;, manifest\u00f3 al se\u00f1alar que es una muestra palpable que ejemplificando en el trabajo las mujeres tienen m\u00e1s o la misma capacidad que los hombres, est\u00e1n rompiendo tab\u00faes que limitaban esta participaci\u00f3n en espacios de representaci\u00f3n popular o como funcionarias p\u00fablicas.<br>Expres\u00f3 que en esta Legislatura\u00a0 trabajan para que esa brecha que limita su participaci\u00f3n de una vez por todas sea erradicada y transite a una verdadera equidad, mientras desde el Congreso se ha hecho lo propio en aprobar ordenamientos que protegen a la mujer y a grupos vulnerables.<\/p>\n","protected":false},"excerpt":{"rendered":"<p>Morelia, Mich.; a 3 de julio de 2023.- Es tiempo de las mujeres y la 75 Legislatura ser\u00e1 su aliado para que tengan\u00a0 presencia en los espacios p\u00fablicos y de toma de decisiones, afirm\u00f3 la vicepresidenta del Congreso del Estado de Michoac\u00e1n, la diputada, Erendira Isauro Hern\u00e1ndez, al asistir al Encuentro Estatal de las Instancias [&hellip;]<\/p>\n","protected":false},"author":1,"featured_media":12208,"comment_status":"open","ping_status":"closed","sticky":false,"template":"","format":"standard","meta":[],"categories":[23],"tags":[],"yoast_head":"<!-- This site is optimized with the Yoast SEO plugin v17.9 - https:\/\/yoast.com\/wordpress\/plugins\/seo\/ -->\n<title>Congreso de Michoac\u00e1n aliado en las causas de las mujeres; Erendira Isauro - Reflejo de Michoac\u00e1n<\/title>\n<meta name=\"robots\" content=\"index, follow, max-snippet:-1, max-image-preview:large, max-video-preview:-1\" \/>\n<link rel=\"canonical\" href=\"https:\/\/reflejodemichoacan.com\/index.php\/2023\/07\/04\/congreso-de-michoacan-aliado-en-las-causas-de-las-mujeres-erendira-isauro\/\" \/>\n<meta property=\"og:locale\" content=\"es_MX\" \/>\n<meta property=\"og:type\" content=\"article\" \/>\n<meta property=\"og:title\" content=\"Congreso de Michoac\u00e1n aliado en las causas de las mujeres; Erendira Isauro - Reflejo de Michoac\u00e1n\" \/>\n<meta property=\"og:description\" content=\"Morelia, Mich.; a 3 de julio de 2023.- Es tiempo de las mujeres y la 75 Legislatura ser\u00e1 su aliado para que tengan\u00a0 presencia en los espacios p\u00fablicos y de toma de decisiones, afirm\u00f3 la vicepresidenta del Congreso del Estado de Michoac\u00e1n, la diputada, Erendira Isauro Hern\u00e1ndez, al asistir al Encuentro Estatal de las Instancias [&hellip;]\" \/>\n<meta property=\"og:url\" content=\"https:\/\/reflejodemichoacan.com\/index.php\/2023\/07\/04\/congreso-de-michoacan-aliado-en-las-causas-de-las-mujeres-erendira-isauro\/\" \/>\n<meta property=\"og:site_name\" content=\"Reflejo de Michoac\u00e1n\" \/>\n<meta property=\"article:published_time\" content=\"2023-07-04T00:47:17+00:00\" \/>\n<meta property=\"article:modified_time\" content=\"2023-07-04T00:47:20+00:00\" \/>\n<meta property=\"og:image\" content=\"https:\/\/reflejodemichoacan.com\/wp-content\/uploads\/2023\/07\/MUJERES.jpg\" \/>\n\t<meta property=\"og:image:width\" content=\"1600\" \/>\n\t<meta property=\"og:image:height\" content=\"1067\" \/>\n\t<meta property=\"og:image:type\" content=\"image\/jpeg\" \/>\n<meta name=\"twitter:card\" content=\"summary_large_image\" \/>\n<meta name=\"twitter:label1\" content=\"Escrito por\" \/>\n\t<meta name=\"twitter:data1\" content=\"Aurora\" \/>\n\t<meta name=\"twitter:label2\" content=\"Tiempo de lectura\" \/>\n\t<meta name=\"twitter:data2\" content=\"2 minutos\" \/>\n<script type=\"application\/ld+json\" class=\"yoast-schema-graph\">{\"@context\":\"https:\/\/schema.org\",\"@graph\":[{\"@type\":\"WebSite\",\"@id\":\"https:\/\/reflejodemichoacan.com\/#website\",\"url\":\"https:\/\/reflejodemichoacan.com\/\",\"name\":\"Reflejo de Michoac\\u00e1n\",\"description\":\"Medio de comunicaci\\u00f3n impreso y digital al servicio de la regi\\u00f3n lacustre y Michoac\\u00e1n.\",\"potentialAction\":[{\"@type\":\"SearchAction\",\"target\":{\"@type\":\"EntryPoint\",\"urlTemplate\":\"https:\/\/reflejodemichoacan.com\/?s={search_term_string}\"},\"query-input\":\"required name=search_term_string\"}],\"inLanguage\":\"es-MX\"},{\"@type\":\"ImageObject\",\"@id\":\"https:\/\/reflejodemichoacan.com\/index.php\/2023\/07\/04\/congreso-de-michoacan-aliado-en-las-causas-de-las-mujeres-erendira-isauro\/#primaryimage\",\"inLanguage\":\"es-MX\",\"url\":\"https:\/\/reflejodemichoacan.com\/wp-content\/uploads\/2023\/07\/MUJERES.jpg\",\"contentUrl\":\"https:\/\/reflejodemichoacan.com\/wp-content\/uploads\/2023\/07\/MUJERES.jpg\",\"width\":1600,\"height\":1067},{\"@type\":\"WebPage\",\"@id\":\"https:\/\/reflejodemichoacan.com\/index.php\/2023\/07\/04\/congreso-de-michoacan-aliado-en-las-causas-de-las-mujeres-erendira-isauro\/#webpage\",\"url\":\"https:\/\/reflejodemichoacan.com\/index.php\/2023\/07\/04\/congreso-de-michoacan-aliado-en-las-causas-de-las-mujeres-erendira-isauro\/\",\"name\":\"Congreso de Michoac\\u00e1n aliado en las causas de las mujeres; Erendira Isauro - Reflejo de Michoac\\u00e1n\",\"isPartOf\":{\"@id\":\"https:\/\/reflejodemichoacan.com\/#website\"},\"primaryImageOfPage\":{\"@id\":\"https:\/\/reflejodemichoacan.com\/index.php\/2023\/07\/04\/congreso-de-michoacan-aliado-en-las-causas-de-las-mujeres-erendira-isauro\/#primaryimage\"},\"datePublished\":\"2023-07-04T00:47:17+00:00\",\"dateModified\":\"2023-07-04T00:47:20+00:00\",\"author\":{\"@id\":\"https:\/\/reflejodemichoacan.com\/#\/schema\/person\/72d921e8fe99bd6e2e39bcde8995046f\"},\"breadcrumb\":{\"@id\":\"https:\/\/reflejodemichoacan.com\/index.php\/2023\/07\/04\/congreso-de-michoacan-aliado-en-las-causas-de-las-mujeres-erendira-isauro\/#breadcrumb\"},\"inLanguage\":\"es-MX\",\"potentialAction\":[{\"@type\":\"ReadAction\",\"target\":[\"https:\/\/reflejodemichoacan.com\/index.php\/2023\/07\/04\/congreso-de-michoacan-aliado-en-las-causas-de-las-mujeres-erendira-isauro\/\"]}]},{\"@type\":\"BreadcrumbList\",\"@id\":\"https:\/\/reflejodemichoacan.com\/index.php\/2023\/07\/04\/congreso-de-michoacan-aliado-en-las-causas-de-las-mujeres-erendira-isauro\/#breadcrumb\",\"itemListElement\":[{\"@type\":\"ListItem\",\"position\":1,\"name\":\"Inicio\",\"item\":\"https:\/\/reflejodemichoacan.com\/\"},{\"@type\":\"ListItem\",\"position\":2,\"name\":\"Congreso de Michoac\\u00e1n aliado en las causas de las mujeres; Erendira Isauro\"}]},{\"@type\":\"Person\",\"@id\":\"https:\/\/reflejodemichoacan.com\/#\/schema\/person\/72d921e8fe99bd6e2e39bcde8995046f\",\"name\":\"Aurora\",\"image\":{\"@type\":\"ImageObject\",\"@id\":\"https:\/\/reflejodemichoacan.com\/#personlogo\",\"inLanguage\":\"es-MX\",\"url\":\"https:\/\/secure.gravatar.com\/avatar\/df5ceb9b998be27b25dd258a6b4b0a95?s=96&d=mm&r=g\",\"contentUrl\":\"https:\/\/secure.gravatar.com\/avatar\/df5ceb9b998be27b25dd258a6b4b0a95?s=96&d=mm&r=g\",\"caption\":\"Aurora\"},\"sameAs\":[\"http:\/\/reflejodemichoacan.com\"],\"url\":\"https:\/\/reflejodemichoacan.com\/index.php\/author\/rixwm7qvsq\/\"}]}<\/script>\n<!-- \/ Yoast SEO plugin. -->","yoast_head_json":{"title":"Congreso de Michoac\u00e1n aliado en las causas de las mujeres; Erendira Isauro - Reflejo de Michoac\u00e1n","robots":{"index":"index","follow":"follow","max-snippet":"max-snippet:-1","max-image-preview":"max-image-preview:large","max-video-preview":"max-video-preview:-1"},"canonical":"https:\/\/reflejodemichoacan.com\/index.php\/2023\/07\/04\/congreso-de-michoacan-aliado-en-las-causas-de-las-mujeres-erendira-isauro\/","og_locale":"es_MX","og_type":"article","og_title":"Congreso de Michoac\u00e1n aliado en las causas de las mujeres; Erendira Isauro - Reflejo de Michoac\u00e1n","og_description":"Morelia, Mich.; a 3 de julio de 2023.- Es tiempo de las mujeres y la 75 Legislatura ser\u00e1 su aliado para que tengan\u00a0 presencia en los espacios p\u00fablicos y de toma de decisiones, afirm\u00f3 la vicepresidenta del Congreso del Estado de Michoac\u00e1n, la diputada, Erendira Isauro Hern\u00e1ndez, al asistir al Encuentro Estatal de las Instancias [&hellip;]","og_url":"https:\/\/reflejodemichoacan.com\/index.php\/2023\/07\/04\/congreso-de-michoacan-aliado-en-las-causas-de-las-mujeres-erendira-isauro\/","og_site_name":"Reflejo de Michoac\u00e1n","article_published_time":"2023-07-04T00:47:17+00:00","article_modified_time":"2023-07-04T00:47:20+00:00","og_image":[{"width":1600,"height":1067,"url":"https:\/\/reflejodemichoacan.com\/wp-content\/uploads\/2023\/07\/MUJERES.jpg","type":"image\/jpeg"}],"twitter_card":"summary_large_image","twitter_misc":{"Escrito por":"Aurora","Tiempo de lectura":"2 minutos"},"schema":{"@context":"https:\/\/schema.org","@graph":[{"@type":"WebSite","@id":"https:\/\/reflejodemichoacan.com\/#website","url":"https:\/\/reflejodemichoacan.com\/","name":"Reflejo de Michoac\u00e1n","description":"Medio de comunicaci\u00f3n impreso y digital al servicio de la regi\u00f3n lacustre y Michoac\u00e1n.","potentialAction":[{"@type":"SearchAction","target":{"@type":"EntryPoint","urlTemplate":"https:\/\/reflejodemichoacan.com\/?s={search_term_string}"},"query-input":"required name=search_term_string"}],"inLanguage":"es-MX"},{"@type":"ImageObject","@id":"https:\/\/reflejodemichoacan.com\/index.php\/2023\/07\/04\/congreso-de-michoacan-aliado-en-las-causas-de-las-mujeres-erendira-isauro\/#primaryimage","inLanguage":"es-MX","url":"https:\/\/reflejodemichoacan.com\/wp-content\/uploads\/2023\/07\/MUJERES.jpg","contentUrl":"https:\/\/reflejodemichoacan.com\/wp-content\/uploads\/2023\/07\/MUJERES.jpg","width":1600,"height":1067},{"@type":"WebPage","@id":"https:\/\/reflejodemichoacan.com\/index.php\/2023\/07\/04\/congreso-de-michoacan-aliado-en-las-causas-de-las-mujeres-erendira-isauro\/#webpage","url":"https:\/\/reflejodemichoacan.com\/index.php\/2023\/07\/04\/congreso-de-michoacan-aliado-en-las-causas-de-las-mujeres-erendira-isauro\/","name":"Congreso de Michoac\u00e1n aliado en las causas de las mujeres; Erendira Isauro - Reflejo de Michoac\u00e1n","isPartOf":{"@id":"https:\/\/reflejodemichoacan.com\/#website"},"primaryImageOfPage":{"@id":"https:\/\/reflejodemichoacan.com\/index.php\/2023\/07\/04\/congreso-de-michoacan-aliado-en-las-causas-de-las-mujeres-erendira-isauro\/#primaryimage"},"datePublished":"2023-07-04T00:47:17+00:00","dateModified":"2023-07-04T00:47:20+00:00","author":{"@id":"https:\/\/reflejodemichoacan.com\/#\/schema\/person\/72d921e8fe99bd6e2e39bcde8995046f"},"breadcrumb":{"@id":"https:\/\/reflejodemichoacan.com\/index.php\/2023\/07\/04\/congreso-de-michoacan-aliado-en-las-causas-de-las-mujeres-erendira-isauro\/#breadcrumb"},"inLanguage":"es-MX","potentialAction":[{"@type":"ReadAction","target":["https:\/\/reflejodemichoacan.com\/index.php\/2023\/07\/04\/congreso-de-michoacan-aliado-en-las-causas-de-las-mujeres-erendira-isauro\/"]}]},{"@type":"BreadcrumbList","@id":"https:\/\/reflejodemichoacan.com\/index.php\/2023\/07\/04\/congreso-de-michoacan-aliado-en-las-causas-de-las-mujeres-erendira-isauro\/#breadcrumb","itemListElement":[{"@type":"ListItem","position":1,"name":"Inicio","item":"https:\/\/reflejodemichoacan.com\/"},{"@type":"ListItem","position":2,"name":"Congreso de Michoac\u00e1n aliado en las causas de las mujeres; Erendira Isauro"}]},{"@type":"Person","@id":"https:\/\/reflejodemichoacan.com\/#\/schema\/person\/72d921e8fe99bd6e2e39bcde8995046f","name":"Aurora","image":{"@type":"ImageObject","@id":"https:\/\/reflejodemichoacan.com\/#personlogo","inLanguage":"es-MX","url":"https:\/\/secure.gravatar.com\/avatar\/df5ceb9b998be27b25dd258a6b4b0a95?s=96&d=mm&r=g","contentUrl":"https:\/\/secure.gravatar.com\/avatar\/df5ceb9b998be27b25dd258a6b4b0a95?s=96&d=mm&r=g","caption":"Aurora"},"sameAs":["http:\/\/reflejodemichoacan.com"],"url":"https:\/\/reflejodemichoacan.com\/index.php\/author\/rixwm7qvsq\/"}]}},"_links":{"self":[{"href":"https:\/\/reflejodemichoacan.com\/index.php\/wp-json\/wp\/v2\/posts\/12207"}],"collection":[{"href":"https:\/\/reflejodemichoacan.com\/index.php\/wp-json\/wp\/v2\/posts"}],"about":[{"href":"https:\/\/reflejodemichoacan.com\/index.php\/wp-json\/wp\/v2\/types\/post"}],"author":[{"embeddable":true,"href":"https:\/\/reflejodemichoacan.com\/index.php\/wp-json\/wp\/v2\/users\/1"}],"replies":[{"embeddable":true,"href":"https:\/\/reflejodemichoacan.com\/index.php\/wp-json\/wp\/v2\/comments?post=12207"}],"version-history":[{"count":1,"href":"https:\/\/reflejodemichoacan.com\/index.php\/wp-json\/wp\/v2\/posts\/12207\/revisions"}],"predecessor-version":[{"id":12209,"href":"https:\/\/reflejodemichoacan.com\/index.php\/wp-json\/wp\/v2\/posts\/12207\/revisions\/12209"}],"wp:featuredmedia":[{"embeddable":true,"href":"https:\/\/reflejodemichoacan.com\/index.php\/wp-json\/wp\/v2\/media\/12208"}],"wp:attachment":[{"href":"https:\/\/reflejodemichoacan.com\/index.php\/wp-json\/wp\/v2\/media?parent=12207"}],"wp:term":[{"taxonomy":"category","embeddable":true,"href":"https:\/\/reflejodemichoacan.com\/index.php\/wp-json\/wp\/v2\/categories?post=12207"},{"taxonomy":"post_tag","embeddable":true,"href":"https:\/\/reflejodemichoacan.com\/index.php\/wp-json\/wp\/v2\/tags?post=12207"}],"curies":[{"name":"wp","href":"https:\/\/api.w.org\/{rel}","templated":true}]}}