{"id":12210,"date":"2023-07-04T00:49:52","date_gmt":"2023-07-04T00:49:52","guid":{"rendered":"https:\/\/reflejodemichoacan.com\/?p=12210"},"modified":"2023-07-04T00:49:55","modified_gmt":"2023-07-04T00:49:55","slug":"75-legislatura-traza-ruta-de-trabajo-con-el-cesmich","status":"publish","type":"post","link":"https:\/\/reflejodemichoacan.com\/index.php\/2023\/07\/04\/75-legislatura-traza-ruta-de-trabajo-con-el-cesmich\/","title":{"rendered":"75 Legislatura traza ruta de trabajo con el Cesmich"},"content":{"rendered":"\n<p>Morelia, Michoac\u00e1n, a 3 de julio del 2023.-* El Congreso del Estado refrend\u00f3 su compromiso de trabajar por un mejor Michoac\u00e1n de la mano de la sociedad civil y, en este contexto, la diputada Julieta Garc\u00eda Zepeda, presidenta de la Mesa Directiva del Congreso del Estado, recibi\u00f3 a integrantes del Consejo Econ\u00f3mico y Social de Michoac\u00e1n (Cesmich) para establecer una ruta de acci\u00f3n conjunta.\u00a0Al encuentro asisti\u00f3 el presidente del Consejo, Eduardo Orihuela Estefan, as\u00ed como consejeros e integrantes de la estructura que integra este \u00f3rgano, a quienes la diputada Garc\u00eda Zepeda ofreci\u00f3 atender todo aquello que sea de beneficio para la poblaci\u00f3n.<br>Record\u00f3 que el Cesmich es un \u00f3rgano encargado de encaminar propuestas de la sociedad civil en torno a diferentes temas, labor que \u201ces de suma importancia, pues, de la mano con la sociedad, construyen y presentan propuestas de diferentes temas y muchos de ellos son relacionados a la modificaci\u00f3n de leyes\u201d, dijo.<br>De ah\u00ed que \u201ctrazaremos una ruta de trabajo entre las comisiones de este \u00f3rgano aut\u00f3nomo y las comisiones dictaminadoras de este Congreso del Estado, a fin de que se puedan lograr sacar las iniciativas y reformas que se presenten\u201d, agreg\u00f3.\u00a0En esta reuni\u00f3n tambi\u00e9n estuvo presente el diputado Jes\u00fas Hern\u00e1ndez Pe\u00f1a, quien destac\u00f3 la importancia de trabajar en conjunto con este \u00f3rgano, pues dijo que las propuestas e ideas que presenta est\u00e1n fuera del inter\u00e9s politico o partidista y \u00fanicamente son a favor de la ciudadan\u00eda.\u00a0\u201cEs grato ver que este organismo que aqu\u00ed aprobamos, haga bien y de buena forma su labor, para lo que fue creado, ahora necesitamos sumar esfuerzos; tenemos muchos retos y necesitamos cumplir compromisos con las y los michoacanos y solo juntos vamos a abonar a la sociedad\u201d, asever\u00f3 la legisladora.<\/p>\n","protected":false},"excerpt":{"rendered":"<p>Morelia, Michoac\u00e1n, a 3 de julio del 2023.-* El Congreso del Estado refrend\u00f3 su compromiso de trabajar por un mejor Michoac\u00e1n de la mano de la sociedad civil y, en este contexto, la diputada Julieta Garc\u00eda Zepeda, presidenta de la Mesa Directiva del Congreso del Estado, recibi\u00f3 a integrantes del Consejo Econ\u00f3mico y Social de [&hellip;]<\/p>\n","protected":false},"author":1,"featured_media":12211,"comment_status":"open","ping_status":"closed","sticky":false,"template":"","format":"standard","meta":[],"categories":[23],"tags":[],"yoast_head":"<!-- This site is optimized with the Yoast SEO plugin v17.9 - https:\/\/yoast.com\/wordpress\/plugins\/seo\/ -->\n<title>75 Legislatura traza ruta de trabajo con el Cesmich - Reflejo de Michoac\u00e1n<\/title>\n<meta name=\"robots\" content=\"index, follow, max-snippet:-1, max-image-preview:large, max-video-preview:-1\" \/>\n<link rel=\"canonical\" href=\"https:\/\/reflejodemichoacan.com\/index.php\/2023\/07\/04\/75-legislatura-traza-ruta-de-trabajo-con-el-cesmich\/\" \/>\n<meta property=\"og:locale\" content=\"es_MX\" \/>\n<meta property=\"og:type\" content=\"article\" \/>\n<meta property=\"og:title\" content=\"75 Legislatura traza ruta de trabajo con el Cesmich - Reflejo de Michoac\u00e1n\" \/>\n<meta property=\"og:description\" content=\"Morelia, Michoac\u00e1n, a 3 de julio del 2023.-* El Congreso del Estado refrend\u00f3 su compromiso de trabajar por un mejor Michoac\u00e1n de la mano de la sociedad civil y, en este contexto, la diputada Julieta Garc\u00eda Zepeda, presidenta de la Mesa Directiva del Congreso del Estado, recibi\u00f3 a integrantes del Consejo Econ\u00f3mico y Social de [&hellip;]\" \/>\n<meta property=\"og:url\" content=\"https:\/\/reflejodemichoacan.com\/index.php\/2023\/07\/04\/75-legislatura-traza-ruta-de-trabajo-con-el-cesmich\/\" \/>\n<meta property=\"og:site_name\" content=\"Reflejo de Michoac\u00e1n\" \/>\n<meta property=\"article:published_time\" content=\"2023-07-04T00:49:52+00:00\" \/>\n<meta property=\"article:modified_time\" content=\"2023-07-04T00:49:55+00:00\" \/>\n<meta property=\"og:image\" content=\"https:\/\/reflejodemichoacan.com\/wp-content\/uploads\/2023\/07\/LEGIS.jpg\" \/>\n\t<meta property=\"og:image:width\" content=\"1600\" \/>\n\t<meta property=\"og:image:height\" content=\"1066\" \/>\n\t<meta property=\"og:image:type\" content=\"image\/jpeg\" \/>\n<meta name=\"twitter:card\" content=\"summary_large_image\" \/>\n<meta name=\"twitter:label1\" content=\"Escrito por\" \/>\n\t<meta name=\"twitter:data1\" content=\"Aurora\" \/>\n\t<meta name=\"twitter:label2\" content=\"Tiempo de lectura\" \/>\n\t<meta name=\"twitter:data2\" content=\"2 minutos\" \/>\n<script type=\"application\/ld+json\" class=\"yoast-schema-graph\">{\"@context\":\"https:\/\/schema.org\",\"@graph\":[{\"@type\":\"WebSite\",\"@id\":\"https:\/\/reflejodemichoacan.com\/#website\",\"url\":\"https:\/\/reflejodemichoacan.com\/\",\"name\":\"Reflejo de Michoac\\u00e1n\",\"description\":\"Medio de comunicaci\\u00f3n impreso y digital al servicio de la regi\\u00f3n lacustre y Michoac\\u00e1n.\",\"potentialAction\":[{\"@type\":\"SearchAction\",\"target\":{\"@type\":\"EntryPoint\",\"urlTemplate\":\"https:\/\/reflejodemichoacan.com\/?s={search_term_string}\"},\"query-input\":\"required name=search_term_string\"}],\"inLanguage\":\"es-MX\"},{\"@type\":\"ImageObject\",\"@id\":\"https:\/\/reflejodemichoacan.com\/index.php\/2023\/07\/04\/75-legislatura-traza-ruta-de-trabajo-con-el-cesmich\/#primaryimage\",\"inLanguage\":\"es-MX\",\"url\":\"https:\/\/reflejodemichoacan.com\/wp-content\/uploads\/2023\/07\/LEGIS.jpg\",\"contentUrl\":\"https:\/\/reflejodemichoacan.com\/wp-content\/uploads\/2023\/07\/LEGIS.jpg\",\"width\":1600,\"height\":1066},{\"@type\":\"WebPage\",\"@id\":\"https:\/\/reflejodemichoacan.com\/index.php\/2023\/07\/04\/75-legislatura-traza-ruta-de-trabajo-con-el-cesmich\/#webpage\",\"url\":\"https:\/\/reflejodemichoacan.com\/index.php\/2023\/07\/04\/75-legislatura-traza-ruta-de-trabajo-con-el-cesmich\/\",\"name\":\"75 Legislatura traza ruta de trabajo con el Cesmich - Reflejo de Michoac\\u00e1n\",\"isPartOf\":{\"@id\":\"https:\/\/reflejodemichoacan.com\/#website\"},\"primaryImageOfPage\":{\"@id\":\"https:\/\/reflejodemichoacan.com\/index.php\/2023\/07\/04\/75-legislatura-traza-ruta-de-trabajo-con-el-cesmich\/#primaryimage\"},\"datePublished\":\"2023-07-04T00:49:52+00:00\",\"dateModified\":\"2023-07-04T00:49:55+00:00\",\"author\":{\"@id\":\"https:\/\/reflejodemichoacan.com\/#\/schema\/person\/72d921e8fe99bd6e2e39bcde8995046f\"},\"breadcrumb\":{\"@id\":\"https:\/\/reflejodemichoacan.com\/index.php\/2023\/07\/04\/75-legislatura-traza-ruta-de-trabajo-con-el-cesmich\/#breadcrumb\"},\"inLanguage\":\"es-MX\",\"potentialAction\":[{\"@type\":\"ReadAction\",\"target\":[\"https:\/\/reflejodemichoacan.com\/index.php\/2023\/07\/04\/75-legislatura-traza-ruta-de-trabajo-con-el-cesmich\/\"]}]},{\"@type\":\"BreadcrumbList\",\"@id\":\"https:\/\/reflejodemichoacan.com\/index.php\/2023\/07\/04\/75-legislatura-traza-ruta-de-trabajo-con-el-cesmich\/#breadcrumb\",\"itemListElement\":[{\"@type\":\"ListItem\",\"position\":1,\"name\":\"Inicio\",\"item\":\"https:\/\/reflejodemichoacan.com\/\"},{\"@type\":\"ListItem\",\"position\":2,\"name\":\"75 Legislatura traza ruta de trabajo con el Cesmich\"}]},{\"@type\":\"Person\",\"@id\":\"https:\/\/reflejodemichoacan.com\/#\/schema\/person\/72d921e8fe99bd6e2e39bcde8995046f\",\"name\":\"Aurora\",\"image\":{\"@type\":\"ImageObject\",\"@id\":\"https:\/\/reflejodemichoacan.com\/#personlogo\",\"inLanguage\":\"es-MX\",\"url\":\"https:\/\/secure.gravatar.com\/avatar\/df5ceb9b998be27b25dd258a6b4b0a95?s=96&d=mm&r=g\",\"contentUrl\":\"https:\/\/secure.gravatar.com\/avatar\/df5ceb9b998be27b25dd258a6b4b0a95?s=96&d=mm&r=g\",\"caption\":\"Aurora\"},\"sameAs\":[\"http:\/\/reflejodemichoacan.com\"],\"url\":\"https:\/\/reflejodemichoacan.com\/index.php\/author\/rixwm7qvsq\/\"}]}<\/script>\n<!-- \/ Yoast SEO plugin. -->","yoast_head_json":{"title":"75 Legislatura traza ruta de trabajo con el Cesmich - Reflejo de Michoac\u00e1n","robots":{"index":"index","follow":"follow","max-snippet":"max-snippet:-1","max-image-preview":"max-image-preview:large","max-video-preview":"max-video-preview:-1"},"canonical":"https:\/\/reflejodemichoacan.com\/index.php\/2023\/07\/04\/75-legislatura-traza-ruta-de-trabajo-con-el-cesmich\/","og_locale":"es_MX","og_type":"article","og_title":"75 Legislatura traza ruta de trabajo con el Cesmich - Reflejo de Michoac\u00e1n","og_description":"Morelia, Michoac\u00e1n, a 3 de julio del 2023.-* El Congreso del Estado refrend\u00f3 su compromiso de trabajar por un mejor Michoac\u00e1n de la mano de la sociedad civil y, en este contexto, la diputada Julieta Garc\u00eda Zepeda, presidenta de la Mesa Directiva del Congreso del Estado, recibi\u00f3 a integrantes del Consejo Econ\u00f3mico y Social de [&hellip;]","og_url":"https:\/\/reflejodemichoacan.com\/index.php\/2023\/07\/04\/75-legislatura-traza-ruta-de-trabajo-con-el-cesmich\/","og_site_name":"Reflejo de Michoac\u00e1n","article_published_time":"2023-07-04T00:49:52+00:00","article_modified_time":"2023-07-04T00:49:55+00:00","og_image":[{"width":1600,"height":1066,"url":"https:\/\/reflejodemichoacan.com\/wp-content\/uploads\/2023\/07\/LEGIS.jpg","type":"image\/jpeg"}],"twitter_card":"summary_large_image","twitter_misc":{"Escrito por":"Aurora","Tiempo de lectura":"2 minutos"},"schema":{"@context":"https:\/\/schema.org","@graph":[{"@type":"WebSite","@id":"https:\/\/reflejodemichoacan.com\/#website","url":"https:\/\/reflejodemichoacan.com\/","name":"Reflejo de Michoac\u00e1n","description":"Medio de comunicaci\u00f3n impreso y digital al servicio de la regi\u00f3n lacustre y Michoac\u00e1n.","potentialAction":[{"@type":"SearchAction","target":{"@type":"EntryPoint","urlTemplate":"https:\/\/reflejodemichoacan.com\/?s={search_term_string}"},"query-input":"required name=search_term_string"}],"inLanguage":"es-MX"},{"@type":"ImageObject","@id":"https:\/\/reflejodemichoacan.com\/index.php\/2023\/07\/04\/75-legislatura-traza-ruta-de-trabajo-con-el-cesmich\/#primaryimage","inLanguage":"es-MX","url":"https:\/\/reflejodemichoacan.com\/wp-content\/uploads\/2023\/07\/LEGIS.jpg","contentUrl":"https:\/\/reflejodemichoacan.com\/wp-content\/uploads\/2023\/07\/LEGIS.jpg","width":1600,"height":1066},{"@type":"WebPage","@id":"https:\/\/reflejodemichoacan.com\/index.php\/2023\/07\/04\/75-legislatura-traza-ruta-de-trabajo-con-el-cesmich\/#webpage","url":"https:\/\/reflejodemichoacan.com\/index.php\/2023\/07\/04\/75-legislatura-traza-ruta-de-trabajo-con-el-cesmich\/","name":"75 Legislatura traza ruta de trabajo con el Cesmich - Reflejo de Michoac\u00e1n","isPartOf":{"@id":"https:\/\/reflejodemichoacan.com\/#website"},"primaryImageOfPage":{"@id":"https:\/\/reflejodemichoacan.com\/index.php\/2023\/07\/04\/75-legislatura-traza-ruta-de-trabajo-con-el-cesmich\/#primaryimage"},"datePublished":"2023-07-04T00:49:52+00:00","dateModified":"2023-07-04T00:49:55+00:00","author":{"@id":"https:\/\/reflejodemichoacan.com\/#\/schema\/person\/72d921e8fe99bd6e2e39bcde8995046f"},"breadcrumb":{"@id":"https:\/\/reflejodemichoacan.com\/index.php\/2023\/07\/04\/75-legislatura-traza-ruta-de-trabajo-con-el-cesmich\/#breadcrumb"},"inLanguage":"es-MX","potentialAction":[{"@type":"ReadAction","target":["https:\/\/reflejodemichoacan.com\/index.php\/2023\/07\/04\/75-legislatura-traza-ruta-de-trabajo-con-el-cesmich\/"]}]},{"@type":"BreadcrumbList","@id":"https:\/\/reflejodemichoacan.com\/index.php\/2023\/07\/04\/75-legislatura-traza-ruta-de-trabajo-con-el-cesmich\/#breadcrumb","itemListElement":[{"@type":"ListItem","position":1,"name":"Inicio","item":"https:\/\/reflejodemichoacan.com\/"},{"@type":"ListItem","position":2,"name":"75 Legislatura traza ruta de trabajo con el Cesmich"}]},{"@type":"Person","@id":"https:\/\/reflejodemichoacan.com\/#\/schema\/person\/72d921e8fe99bd6e2e39bcde8995046f","name":"Aurora","image":{"@type":"ImageObject","@id":"https:\/\/reflejodemichoacan.com\/#personlogo","inLanguage":"es-MX","url":"https:\/\/secure.gravatar.com\/avatar\/df5ceb9b998be27b25dd258a6b4b0a95?s=96&d=mm&r=g","contentUrl":"https:\/\/secure.gravatar.com\/avatar\/df5ceb9b998be27b25dd258a6b4b0a95?s=96&d=mm&r=g","caption":"Aurora"},"sameAs":["http:\/\/reflejodemichoacan.com"],"url":"https:\/\/reflejodemichoacan.com\/index.php\/author\/rixwm7qvsq\/"}]}},"_links":{"self":[{"href":"https:\/\/reflejodemichoacan.com\/index.php\/wp-json\/wp\/v2\/posts\/12210"}],"collection":[{"href":"https:\/\/reflejodemichoacan.com\/index.php\/wp-json\/wp\/v2\/posts"}],"about":[{"href":"https:\/\/reflejodemichoacan.com\/index.php\/wp-json\/wp\/v2\/types\/post"}],"author":[{"embeddable":true,"href":"https:\/\/reflejodemichoacan.com\/index.php\/wp-json\/wp\/v2\/users\/1"}],"replies":[{"embeddable":true,"href":"https:\/\/reflejodemichoacan.com\/index.php\/wp-json\/wp\/v2\/comments?post=12210"}],"version-history":[{"count":1,"href":"https:\/\/reflejodemichoacan.com\/index.php\/wp-json\/wp\/v2\/posts\/12210\/revisions"}],"predecessor-version":[{"id":12212,"href":"https:\/\/reflejodemichoacan.com\/index.php\/wp-json\/wp\/v2\/posts\/12210\/revisions\/12212"}],"wp:featuredmedia":[{"embeddable":true,"href":"https:\/\/reflejodemichoacan.com\/index.php\/wp-json\/wp\/v2\/media\/12211"}],"wp:attachment":[{"href":"https:\/\/reflejodemichoacan.com\/index.php\/wp-json\/wp\/v2\/media?parent=12210"}],"wp:term":[{"taxonomy":"category","embeddable":true,"href":"https:\/\/reflejodemichoacan.com\/index.php\/wp-json\/wp\/v2\/categories?post=12210"},{"taxonomy":"post_tag","embeddable":true,"href":"https:\/\/reflejodemichoacan.com\/index.php\/wp-json\/wp\/v2\/tags?post=12210"}],"curies":[{"name":"wp","href":"https:\/\/api.w.org\/{rel}","templated":true}]}}